{"id":10151,"date":"2019-12-11T10:19:12","date_gmt":"2019-12-11T16:19:12","guid":{"rendered":"https:\/\/soy.usac.edu.gt\/?p=10151"},"modified":"2019-12-11T10:38:49","modified_gmt":"2019-12-11T16:38:49","slug":"mas-de-4-mil-maestros-de-preprimaria-y-primaria-se-graduaron-en-interculturalidad","status":"publish","type":"post","link":"https:\/\/soy.usac.edu.gt\/?p=10151","title":{"rendered":"M\u00e1s de 4 mil maestros de preprimaria y primaria se graduaron en interculturalidad"},"content":{"rendered":"\n<h4 style=\"text-align: justify;\"><em><b>La Sexta Cohorte del Programa Acad\u00e9mico de Desarrollo Profesional Docente, est\u00e1 integrada por maestros de todo el pa\u00eds.\u00a0<\/b><\/em><\/h4>\n<p><strong><i>Por Paula Agust\u00edn \/ Comunicaci\u00f3n de la EFPEM<\/i><\/strong><\/p>\n<p style=\"text-align: justify;\">M\u00e1s de cuatro mil maestros de 99 municipios de los 22 departamentos del pa\u00eds, se titularon a nivel universitario como profesores en las especialidades de: Preprimaria Intercultural, Primaria Intercultural, Preprimaria Biling\u00fce Intercultural y Primaria Biling\u00fce Intercultural; del Programa Acad\u00e9mico de Desarrollo Profesional Docente -PADEP\/D.<\/p>\n<p style=\"text-align: justify;\">El acto de graduaci\u00f3n se realiz\u00f3 en el Domo Polideportivo de la zona 13, este 10 de diciembre, y estuvieron presentes: el Presidente de la Rep\u00fablica, Jimmy Morales; el Vicepresidente de la Rep\u00fablica, Jafeth Cabrera; el Ministro de Educaci\u00f3n, Oscar Hugo L\u00f3pez, el Viceministro T\u00e9cnico de Educaci\u00f3n, H\u00e9ctor Canto; y en representaci\u00f3n de la USAC y el Consejo Superior Universitario, Gustavo Bonilla; la Secretaria Acad\u00e9mica de la EFPEM, Haydee Lucrecia Crisp\u00edn; y el Secretario General del Sindicato de Trabajadores de la Educaci\u00f3n de Guatemala (STEG), Joviel Acevedo.\u00a0\u00a0<\/p>\n<div id='gallery-1' class='gallery galleryid-10151 gallery-columns-3 gallery-size-thumbnail'><figure class='gallery-item'>\n\t\t\t<div class='gallery-icon landscape'>\n\t\t\t\t<a href='https:\/\/soy.usac.edu.gt\/?attachment_id=10159'><img loading=\"lazy\" decoding=\"async\" width=\"150\" height=\"150\" src=\"https:\/\/soy.usac.edu.gt\/wp-content\/uploads\/2019\/12\/IMG_9070-150x150.jpg\" class=\"attachment-thumbnail size-thumbnail\" alt=\"\" \/><\/a>\n\t\t\t<\/div><\/figure><figure class='gallery-item'>\n\t\t\t<div class='gallery-icon landscape'>\n\t\t\t\t<a href='https:\/\/soy.usac.edu.gt\/?attachment_id=10154'><img loading=\"lazy\" decoding=\"async\" width=\"150\" height=\"150\" src=\"https:\/\/soy.usac.edu.gt\/wp-content\/uploads\/2019\/12\/IMG_88731-150x150.jpg\" class=\"attachment-thumbnail size-thumbnail\" alt=\"\" \/><\/a>\n\t\t\t<\/div><\/figure><figure class='gallery-item'>\n\t\t\t<div class='gallery-icon landscape'>\n\t\t\t\t<a href='https:\/\/soy.usac.edu.gt\/?attachment_id=10158'><img loading=\"lazy\" decoding=\"async\" width=\"150\" height=\"150\" src=\"https:\/\/soy.usac.edu.gt\/wp-content\/uploads\/2019\/12\/IMG_8926-150x150.jpg\" class=\"attachment-thumbnail size-thumbnail\" alt=\"\" \/><\/a>\n\t\t\t<\/div><\/figure><figure class='gallery-item'>\n\t\t\t<div class='gallery-icon landscape'>\n\t\t\t\t<a href='https:\/\/soy.usac.edu.gt\/?attachment_id=10156'><img loading=\"lazy\" decoding=\"async\" width=\"150\" height=\"150\" src=\"https:\/\/soy.usac.edu.gt\/wp-content\/uploads\/2019\/12\/IMG_8901-150x150.jpg\" class=\"attachment-thumbnail size-thumbnail\" alt=\"\" \/><\/a>\n\t\t\t<\/div><\/figure><figure class='gallery-item'>\n\t\t\t<div class='gallery-icon landscape'>\n\t\t\t\t<a href='https:\/\/soy.usac.edu.gt\/?attachment_id=10155'><img loading=\"lazy\" decoding=\"async\" width=\"150\" height=\"150\" src=\"https:\/\/soy.usac.edu.gt\/wp-content\/uploads\/2019\/12\/IMG_8873-150x150.jpg\" class=\"attachment-thumbnail size-thumbnail\" alt=\"\" \/><\/a>\n\t\t\t<\/div><\/figure>\n\t\t<\/div>\n\n<p style=\"text-align: justify;\">Con esta cohorte, se suman un total de 25,133 maestros de nivel inicial y primario del sector oficial, que se han profesionalizado gracias al PADEP\/D, programa a cargo del Ministerio de Educaci\u00f3n y la Universidad de San Carlos de Guatemala, a trav\u00e9s de la Escuela de Formaci\u00f3n de Profesores de Ense\u00f1anza Media -EFPEM-.<\/p>\n<p style=\"text-align: justify;\">El PADEP\/D es un programa que ha funcionado exitosamente durante diez a\u00f1os, que ha dado cobertura a todos los departamentos del pa\u00eds; llevando formaci\u00f3n de calidad a personal docente, en servicio, en el Ministerio de Educaci\u00f3n, para mejorar las pr\u00e1cticas docentes en el aula y contribuir con una mejor educaci\u00f3n para la ni\u00f1ez guatemalteca.\u00a0\u00a0<\/p>\n<p style=\"text-align: justify;\">\u201cHoy, ustedes hombres y mujeres de la 6ta. cohorte, se enlistan entre los garantes que tienen la m\u00e1s noble visi\u00f3n de las misiones, esparcir el conocimiento y las artes en la sociedad guatemalteca\u201d., expres\u00f3 a los graduandos, Carlos Bonilla, representante de la USAC y el Consejo Superior Universitario.\u00a0<\/p>\n<p style=\"text-align: justify;\">\u00a0<\/p>\n","protected":false},"excerpt":{"rendered":"<p>La Sexta Cohorte del Programa Acad\u00e9mico de Desarrollo Profesional Docente, est\u00e1 integrada por maestros de todo el pa\u00eds.\u00a0<\/p>\n","protected":false},"author":1,"featured_media":10153,"comment_status":"closed","ping_status":"open","sticky":false,"template":"","format":"standard","meta":{"_exactmetrics_skip_tracking":false,"_exactmetrics_sitenote_active":false,"_exactmetrics_sitenote_note":"","_exactmetrics_sitenote_category":0,"_jetpack_memberships_contains_paid_content":false,"footnotes":""},"categories":[29],"tags":[171,244],"class_list":["post-10151","post","type-post","status-publish","format-standard","has-post-thumbnail","hentry","category-noticias","tag-efpem","tag-graduaciones"],"aioseo_notices":[],"jetpack_featured_media_url":"https:\/\/soy.usac.edu.gt\/wp-content\/uploads\/2019\/12\/IMG_8849.jpg","views":"","jetpack-related-posts":[{"id":8479,"url":"https:\/\/soy.usac.edu.gt\/?p=8479","url_meta":{"origin":10151,"position":0},"title":"Realizan 2do. Seminario Intercultural de Matem\u00e1tica Educativa en San Miguel Petapa","author":"Divisi\u00f3n de Publicidad","date":"2 octubre, 2019","format":false,"excerpt":"Con el fin de brindar herramientas pedag\u00f3gicas para una ense\u00f1anza l\u00fadica de la matem\u00e1tica. Por Paula Agust\u00edn \/ Comunicaci\u00f3n de la EFPEM El Club de Matem\u00e1tica Educativa de la Escuela de Formaci\u00f3n de Profesores de Ense\u00f1anza Media (EFPEM), con el apoyo de la Direcci\u00f3n Departamental de Educaci\u00f3n Guatemala Sur, realiz\u00f3\u2026","rel":"","context":"En \u00abCiencia y Tecnolog\u00eda\u00bb","block_context":{"text":"Ciencia y Tecnolog\u00eda","link":"https:\/\/soy.usac.edu.gt\/?cat=122"},"img":{"alt_text":"","src":"https:\/\/i0.wp.com\/soy.usac.edu.gt\/wp-content\/uploads\/2019\/10\/simatepetapa201922.jpg?resize=350%2C200&ssl=1","width":350,"height":200,"srcset":"https:\/\/i0.wp.com\/soy.usac.edu.gt\/wp-content\/uploads\/2019\/10\/simatepetapa201922.jpg?resize=350%2C200&ssl=1 1x, https:\/\/i0.wp.com\/soy.usac.edu.gt\/wp-content\/uploads\/2019\/10\/simatepetapa201922.jpg?resize=525%2C300&ssl=1 1.5x, https:\/\/i0.wp.com\/soy.usac.edu.gt\/wp-content\/uploads\/2019\/10\/simatepetapa201922.jpg?resize=700%2C400&ssl=1 2x, https:\/\/i0.wp.com\/soy.usac.edu.gt\/wp-content\/uploads\/2019\/10\/simatepetapa201922.jpg?resize=1050%2C600&ssl=1 3x, https:\/\/i0.wp.com\/soy.usac.edu.gt\/wp-content\/uploads\/2019\/10\/simatepetapa201922.jpg?resize=1400%2C800&ssl=1 4x"},"classes":[]},{"id":7773,"url":"https:\/\/soy.usac.edu.gt\/?p=7773","url_meta":{"origin":10151,"position":1},"title":"EFPEM celebr\u00f3 su 21 aniversario de ser escuela no facultativa","author":"Divisi\u00f3n de Publicidad","date":"26 julio, 2019","format":false,"excerpt":"El pasado 22 de julio la Escuela de Formaci\u00f3n de Profesores de Ense\u00f1anza Media (EFPEM) conmemor\u00f3 su 21 aniversario con una serie de actividades acad\u00e9micas y culturales, donde se uni\u00f3 la participaci\u00f3n de estudiantes, docentes y personal administrativo.","rel":"","context":"En \u00abNoticias\u00bb","block_context":{"text":"Noticias","link":"https:\/\/soy.usac.edu.gt\/?cat=29"},"img":{"alt_text":"","src":"https:\/\/i0.wp.com\/soy.usac.edu.gt\/wp-content\/uploads\/2019\/07\/aniversario11_1.jpg?resize=350%2C200&ssl=1","width":350,"height":200,"srcset":"https:\/\/i0.wp.com\/soy.usac.edu.gt\/wp-content\/uploads\/2019\/07\/aniversario11_1.jpg?resize=350%2C200&ssl=1 1x, https:\/\/i0.wp.com\/soy.usac.edu.gt\/wp-content\/uploads\/2019\/07\/aniversario11_1.jpg?resize=525%2C300&ssl=1 1.5x, https:\/\/i0.wp.com\/soy.usac.edu.gt\/wp-content\/uploads\/2019\/07\/aniversario11_1.jpg?resize=700%2C400&ssl=1 2x, https:\/\/i0.wp.com\/soy.usac.edu.gt\/wp-content\/uploads\/2019\/07\/aniversario11_1.jpg?resize=1050%2C600&ssl=1 3x, https:\/\/i0.wp.com\/soy.usac.edu.gt\/wp-content\/uploads\/2019\/07\/aniversario11_1.jpg?resize=1400%2C800&ssl=1 4x"},"classes":[]},{"id":16275,"url":"https:\/\/soy.usac.edu.gt\/?p=16275","url_meta":{"origin":10151,"position":2},"title":"USAC pausa formaci\u00f3n universitaria de maestros de primaria ante incumplimiento del gobierno","author":"Divisi\u00f3n de Publicidad","date":"16 enero, 2022","format":false,"excerpt":"A la fecha, el MINEDUC no ha contratado a ninguno de los profesores graduados de dicho programa, lo cual ha incidido negativamente en el inter\u00e9s de la juventud guatemalteca por formarse como docentes.","rel":"","context":"En \u00abNoticias\u00bb","block_context":{"text":"Noticias","link":"https:\/\/soy.usac.edu.gt\/?cat=29"},"img":{"alt_text":"","src":"https:\/\/i0.wp.com\/soy.usac.edu.gt\/wp-content\/uploads\/2021\/02\/COMUNICADO-IMAGEN-WEB.jpeg?resize=350%2C200&ssl=1","width":350,"height":200,"srcset":"https:\/\/i0.wp.com\/soy.usac.edu.gt\/wp-content\/uploads\/2021\/02\/COMUNICADO-IMAGEN-WEB.jpeg?resize=350%2C200&ssl=1 1x, https:\/\/i0.wp.com\/soy.usac.edu.gt\/wp-content\/uploads\/2021\/02\/COMUNICADO-IMAGEN-WEB.jpeg?resize=525%2C300&ssl=1 1.5x, https:\/\/i0.wp.com\/soy.usac.edu.gt\/wp-content\/uploads\/2021\/02\/COMUNICADO-IMAGEN-WEB.jpeg?resize=700%2C400&ssl=1 2x"},"classes":[]},{"id":3147,"url":"https:\/\/soy.usac.edu.gt\/?p=3147","url_meta":{"origin":10151,"position":3},"title":"Danilo L\u00f3pez fue juramentado para su segundo periodo a cargo del Efpem","author":"Erick Iv\u00e1n de Le\u00f3n","date":"14 noviembre, 2018","format":false,"excerpt":"El Consejo Superior Universitario jurament\u00f3 al M. Sc. Danilo L\u00f3pez P\u00e9rez, para ejercer el cargo de director, por reelecci\u00f3n, de la Escuela de Formaci\u00f3n de Profesores de Ense\u00f1anza Media, Efpem, para el periodo 2018-2022, en un acto solemne realizado en el Aula Magna Igl\u00fa, al que asistieron profesionales, catedr\u00e1ticos, alumnos\u2026","rel":"","context":"En \u00abNoticias\u00bb","block_context":{"text":"Noticias","link":"https:\/\/soy.usac.edu.gt\/?cat=29"},"img":{"alt_text":"","src":"https:\/\/i0.wp.com\/soy.usac.edu.gt\/wp-content\/uploads\/2018\/11\/Juramentaci%C3%B3n-EFPEM-3.jpg?resize=350%2C200&ssl=1","width":350,"height":200,"srcset":"https:\/\/i0.wp.com\/soy.usac.edu.gt\/wp-content\/uploads\/2018\/11\/Juramentaci%C3%B3n-EFPEM-3.jpg?resize=350%2C200&ssl=1 1x, https:\/\/i0.wp.com\/soy.usac.edu.gt\/wp-content\/uploads\/2018\/11\/Juramentaci%C3%B3n-EFPEM-3.jpg?resize=525%2C300&ssl=1 1.5x, https:\/\/i0.wp.com\/soy.usac.edu.gt\/wp-content\/uploads\/2018\/11\/Juramentaci%C3%B3n-EFPEM-3.jpg?resize=700%2C400&ssl=1 2x, https:\/\/i0.wp.com\/soy.usac.edu.gt\/wp-content\/uploads\/2018\/11\/Juramentaci%C3%B3n-EFPEM-3.jpg?resize=1050%2C600&ssl=1 3x, https:\/\/i0.wp.com\/soy.usac.edu.gt\/wp-content\/uploads\/2018\/11\/Juramentaci%C3%B3n-EFPEM-3.jpg?resize=1400%2C800&ssl=1 4x"},"classes":[]},{"id":7694,"url":"https:\/\/soy.usac.edu.gt\/?p=7694","url_meta":{"origin":10151,"position":4},"title":"M\u00e1s de 4 mil maestros de primaria est\u00e1n siendo evaluados por la USAC","author":"Divisi\u00f3n de Publicidad","date":"24 julio, 2019","format":false,"excerpt":"Durante dos semanas, veinte ternas examinar\u00e1n a los maestros de escuelas p\u00fablicas de nueve departamentos para que opten a un t\u00edtulo universitario en la Escuela de Formaci\u00f3n de Profesores de Ense\u00f1anza Media (EFPEM).\u00a0","rel":"","context":"En \u00abNoticias\u00bb","block_context":{"text":"Noticias","link":"https:\/\/soy.usac.edu.gt\/?cat=29"},"img":{"alt_text":"","src":"https:\/\/i0.wp.com\/soy.usac.edu.gt\/wp-content\/uploads\/2019\/07\/DSC_0005.jpg?resize=350%2C200&ssl=1","width":350,"height":200,"srcset":"https:\/\/i0.wp.com\/soy.usac.edu.gt\/wp-content\/uploads\/2019\/07\/DSC_0005.jpg?resize=350%2C200&ssl=1 1x, https:\/\/i0.wp.com\/soy.usac.edu.gt\/wp-content\/uploads\/2019\/07\/DSC_0005.jpg?resize=525%2C300&ssl=1 1.5x, https:\/\/i0.wp.com\/soy.usac.edu.gt\/wp-content\/uploads\/2019\/07\/DSC_0005.jpg?resize=700%2C400&ssl=1 2x, https:\/\/i0.wp.com\/soy.usac.edu.gt\/wp-content\/uploads\/2019\/07\/DSC_0005.jpg?resize=1050%2C600&ssl=1 3x, https:\/\/i0.wp.com\/soy.usac.edu.gt\/wp-content\/uploads\/2019\/07\/DSC_0005.jpg?resize=1400%2C800&ssl=1 4x"},"classes":[]},{"id":12789,"url":"https:\/\/soy.usac.edu.gt\/?p=12789","url_meta":{"origin":10151,"position":5},"title":"Jard\u00edn Infantil y Colegio Rey Carlos Segundo termina ciclo escolar at\u00edpico","author":"Divisi\u00f3n de Publicidad","date":"4 noviembre, 2020","format":false,"excerpt":"La instituci\u00f3n educativa para hijos de estudiantes y trabajadores de la universidad concluy\u00f3 sus actividades sin novedad, pese a la coyuntura de la pandemia.\u00a0","rel":"","context":"En \u00abEstudiantes\u00bb","block_context":{"text":"Estudiantes","link":"https:\/\/soy.usac.edu.gt\/?cat=585"},"img":{"alt_text":"","src":"https:\/\/i0.wp.com\/soy.usac.edu.gt\/wp-content\/uploads\/2020\/11\/DSC_4784-scaled.jpg?resize=350%2C200&ssl=1","width":350,"height":200,"srcset":"https:\/\/i0.wp.com\/soy.usac.edu.gt\/wp-content\/uploads\/2020\/11\/DSC_4784-scaled.jpg?resize=350%2C200&ssl=1 1x, https:\/\/i0.wp.com\/soy.usac.edu.gt\/wp-content\/uploads\/2020\/11\/DSC_4784-scaled.jpg?resize=525%2C300&ssl=1 1.5x, https:\/\/i0.wp.com\/soy.usac.edu.gt\/wp-content\/uploads\/2020\/11\/DSC_4784-scaled.jpg?resize=700%2C400&ssl=1 2x, https:\/\/i0.wp.com\/soy.usac.edu.gt\/wp-content\/uploads\/2020\/11\/DSC_4784-scaled.jpg?resize=1050%2C600&ssl=1 3x, https:\/\/i0.wp.com\/soy.usac.edu.gt\/wp-content\/uploads\/2020\/11\/DSC_4784-scaled.jpg?resize=1400%2C800&ssl=1 4x"},"classes":[]}],"jetpack_sharing_enabled":true,"_links":{"self":[{"href":"https:\/\/soy.usac.edu.gt\/index.php?rest_route=\/wp\/v2\/posts\/10151","targetHints":{"allow":["GET"]}}],"collection":[{"href":"https:\/\/soy.usac.edu.gt\/index.php?rest_route=\/wp\/v2\/posts"}],"about":[{"href":"https:\/\/soy.usac.edu.gt\/index.php?rest_route=\/wp\/v2\/types\/post"}],"author":[{"embeddable":true,"href":"https:\/\/soy.usac.edu.gt\/index.php?rest_route=\/wp\/v2\/users\/1"}],"replies":[{"embeddable":true,"href":"https:\/\/soy.usac.edu.gt\/index.php?rest_route=%2Fwp%2Fv2%2Fcomments&post=10151"}],"version-history":[{"count":0,"href":"https:\/\/soy.usac.edu.gt\/index.php?rest_route=\/wp\/v2\/posts\/10151\/revisions"}],"wp:featuredmedia":[{"embeddable":true,"href":"https:\/\/soy.usac.edu.gt\/index.php?rest_route=\/wp\/v2\/media\/10153"}],"wp:attachment":[{"href":"https:\/\/soy.usac.edu.gt\/index.php?rest_route=%2Fwp%2Fv2%2Fmedia&parent=10151"}],"wp:term":[{"taxonomy":"category","embeddable":true,"href":"https:\/\/soy.usac.edu.gt\/index.php?rest_route=%2Fwp%2Fv2%2Fcategories&post=10151"},{"taxonomy":"post_tag","embeddable":true,"href":"https:\/\/soy.usac.edu.gt\/index.php?rest_route=%2Fwp%2Fv2%2Ftags&post=10151"}],"curies":[{"name":"wp","href":"https:\/\/api.w.org\/{rel}","templated":true}]}}