{"id":10162,"date":"2019-12-12T22:41:36","date_gmt":"2019-12-13T04:41:36","guid":{"rendered":"https:\/\/soy.usac.edu.gt\/?p=10162"},"modified":"2019-12-13T07:48:23","modified_gmt":"2019-12-13T13:48:23","slug":"usac-firma-acuerdo-para-promover-investigacion-y-ensenanza-de-recursos-renovables","status":"publish","type":"post","link":"https:\/\/soy.usac.edu.gt\/?p=10162","title":{"rendered":"USAC firma acuerdo para promover investigaci\u00f3n y ense\u00f1anza de recursos renovables"},"content":{"rendered":"\n<p style=\"text-align: justify;\"><b><i>La Universidad de San Carlos de Guatemala y la Escuela Nacional Central de Agricultura (ENCA) trabajar\u00e1n en conjunto para promover la educaci\u00f3n e investigaci\u00f3n en agricultura y manejo de recursos renovables.\u00a0<\/i><\/b><\/p>\n<p style=\"text-align: justify;\">El convenio marco de cooperaci\u00f3n interinstitucional para promover la investigaci\u00f3n y ense\u00f1anza en agricultura y manejo de recursos naturales renovables fue firmado por el Rector de la universidad, Ing. Murphy Paiz; y C\u00e9sar Vinicio Arreaga Morales, director de ENCA.<\/p>\n<p style=\"text-align: justify;\">Mediante este convenio se establecieron los mecanismos para la cooperaci\u00f3n t\u00e9cnica, acad\u00e9mica y cient\u00edfica de ambas instituciones. Entre las actividades que plantea el convenio est\u00e1 el desarrollo de programas y proyectos relacionados con la educaci\u00f3n agropecuaria y forestal, investigaci\u00f3n e innovaci\u00f3n para el desarrollo,\u00a0 fortalecimiento de capital humano, gesti\u00f3n sostenible de la agricultura, la conservaci\u00f3n de los recursos naturales, establecer estrategias rurales para impulsar el desarrollo de territorios clim\u00e1ticamente inteligentes, entre otros.\u00a0<\/p>\n<p style=\"text-align: justify;\">Este convenio se ejecutar\u00e1 a trav\u00e9s de la Facultad de Agronom\u00eda de la USAC, la Coordinaci\u00f3n General de Cooperaci\u00f3n y la Coordinaci\u00f3n de Ciencia, Tecnolog\u00eda e Innovaci\u00f3n.<\/p>\n<p style=\"text-align: justify;\">\u201cTenemos el sue\u00f1o de crear un gran centro de estudios superiores con la finalidad de desarrollar las ciencias agron\u00f3micas\u201d. Declar\u00f3 el Rector, Ing. Murphy Paiz, tras la firma del convenio.\u00a0<\/p>\n<p><div class=\"jetpack-video-wrapper\"><iframe loading=\"lazy\" title=\"USAC firma acuerdo para promover investigaci\u00f3n y ense\u00f1anza de recursos renovables.\" width=\"640\" height=\"360\" src=\"https:\/\/www.youtube.com\/embed\/yvMYvF7QuyU?feature=oembed\" frameborder=\"0\" allow=\"accelerometer; autoplay; clipboard-write; encrypted-media; gyroscope; picture-in-picture; web-share\" referrerpolicy=\"strict-origin-when-cross-origin\" allowfullscreen><\/iframe><\/div><\/p>\n<p>\u00a0<\/p>\n<blockquote class=\"td_quote_box td_box_center\">\n<h5 style=\"text-align: justify;\"><b>Sobre ENCA<\/b><\/h5>\n<h5 style=\"text-align: justify;\">Tiene por objeto la formaci\u00f3n de t\u00e9cnicos en las ciencias agr\u00edcolas y forestales, en ense\u00f1anza media; as\u00ed como planificar, dirigir, coordinar, supervisar y realizar estudios que coadyuven a la investigaci\u00f3n y desarrollo agropecuario y forestal del pa\u00eds.<\/h5>\n<\/blockquote>\n<p>\u00a0<\/p>\n<p style=\"text-align: justify;\">\u00a0<\/p>\n<p style=\"text-align: justify;\"><br \/><img loading=\"lazy\" decoding=\"async\" class=\"aligncenter size-full wp-image-7651\" src=\"https:\/\/soy.usac.edu.gt\/wp-content\/uploads\/2019\/07\/Cr\u00e9ditos-prensa-06-2.png\" alt=\"\" width=\"5079\" height=\"1960\" srcset=\"https:\/\/soy.usac.edu.gt\/wp-content\/uploads\/2019\/07\/Cr\u00e9ditos-prensa-06-2.png 5079w, https:\/\/soy.usac.edu.gt\/wp-content\/uploads\/2019\/07\/Cr\u00e9ditos-prensa-06-2-300x116.png 300w, https:\/\/soy.usac.edu.gt\/wp-content\/uploads\/2019\/07\/Cr\u00e9ditos-prensa-06-2-768x296.png 768w, https:\/\/soy.usac.edu.gt\/wp-content\/uploads\/2019\/07\/Cr\u00e9ditos-prensa-06-2-1024x395.png 1024w, https:\/\/soy.usac.edu.gt\/wp-content\/uploads\/2019\/07\/Cr\u00e9ditos-prensa-06-2-1088x420.png 1088w, https:\/\/soy.usac.edu.gt\/wp-content\/uploads\/2019\/07\/Cr\u00e9ditos-prensa-06-2-640x247.png 640w, https:\/\/soy.usac.edu.gt\/wp-content\/uploads\/2019\/07\/Cr\u00e9ditos-prensa-06-2-681x263.png 681w\" sizes=\"auto, (max-width: 5079px) 100vw, 5079px\" \/><\/p>\n","protected":false},"excerpt":{"rendered":"<p>La Universidad de San Carlos de Guatemala y la Escuela Nacional Central de Agricultura (ENCA), trabajar\u00e1n en conjunto para promover la educaci\u00f3n e investigaci\u00f3n en agricultura y manejo de recursos renovables.\u00a0<\/p>\n","protected":false},"author":1,"featured_media":10164,"comment_status":"closed","ping_status":"open","sticky":false,"template":"","format":"standard","meta":{"_exactmetrics_skip_tracking":false,"_exactmetrics_sitenote_active":false,"_exactmetrics_sitenote_note":"","_exactmetrics_sitenote_category":0,"_jetpack_memberships_contains_paid_content":false,"footnotes":""},"categories":[29],"tags":[592,429,329],"class_list":["post-10162","post","type-post","status-publish","format-standard","has-post-thumbnail","hentry","category-noticias","tag-enca","tag-firma-de-convenio","tag-rector-ing-murphy-paiz"],"aioseo_notices":[],"jetpack_featured_media_url":"https:\/\/soy.usac.edu.gt\/wp-content\/uploads\/2019\/12\/convenio-enca.jpeg","views":"","jetpack-related-posts":[{"id":3145,"url":"https:\/\/soy.usac.edu.gt\/?p=3145","url_meta":{"origin":10162,"position":0},"title":"Convenio interuniversitario sobre educaci\u00f3n virtual a distancia","author":"Erick Iv\u00e1n de Le\u00f3n","date":"14 noviembre, 2018","format":false,"excerpt":"\u00a0 El Ing. Murphy Paiz, rector; y la Dra. Virginia Ram\u00edrez, coordinadora acad\u00e9mica regional de la Benem\u00e9rita de la Educaci\u00f3n y la Cultura Universidad Estatal a Distancia de Costa Rica, firmaron una carta de entendimiento en el contexto de un convenio de colaboraci\u00f3n acad\u00e9mica, cient\u00edfica y cultural establecido en el\u2026","rel":"","context":"En \u00abNoticias\u00bb","block_context":{"text":"Noticias","link":"https:\/\/soy.usac.edu.gt\/?cat=29"},"img":{"alt_text":"","src":"https:\/\/i0.wp.com\/soy.usac.edu.gt\/wp-content\/uploads\/2018\/11\/ED-001.jpeg?resize=350%2C200&ssl=1","width":350,"height":200,"srcset":"https:\/\/i0.wp.com\/soy.usac.edu.gt\/wp-content\/uploads\/2018\/11\/ED-001.jpeg?resize=350%2C200&ssl=1 1x, https:\/\/i0.wp.com\/soy.usac.edu.gt\/wp-content\/uploads\/2018\/11\/ED-001.jpeg?resize=525%2C300&ssl=1 1.5x, https:\/\/i0.wp.com\/soy.usac.edu.gt\/wp-content\/uploads\/2018\/11\/ED-001.jpeg?resize=700%2C400&ssl=1 2x, https:\/\/i0.wp.com\/soy.usac.edu.gt\/wp-content\/uploads\/2018\/11\/ED-001.jpeg?resize=1050%2C600&ssl=1 3x, https:\/\/i0.wp.com\/soy.usac.edu.gt\/wp-content\/uploads\/2018\/11\/ED-001.jpeg?resize=1400%2C800&ssl=1 4x"},"classes":[]},{"id":10172,"url":"https:\/\/soy.usac.edu.gt\/?p=10172","url_meta":{"origin":10162,"position":1},"title":"USAC capacitar\u00e1 a trabajadores del MINFIN","author":"Divisi\u00f3n de Publicidad","date":"15 diciembre, 2019","format":false,"excerpt":"La universidad y el Ministerio de Finanzas firmaron un convenio de cooperaci\u00f3n, \u00a0para la profesionalizaci\u00f3n de los trabajadores de dicho ministerio.","rel":"","context":"En \u00abNoticias\u00bb","block_context":{"text":"Noticias","link":"https:\/\/soy.usac.edu.gt\/?cat=29"},"img":{"alt_text":"","src":"https:\/\/i0.wp.com\/soy.usac.edu.gt\/wp-content\/uploads\/2019\/12\/minfin-y-usac-dos.png?resize=350%2C200&ssl=1","width":350,"height":200,"srcset":"https:\/\/i0.wp.com\/soy.usac.edu.gt\/wp-content\/uploads\/2019\/12\/minfin-y-usac-dos.png?resize=350%2C200&ssl=1 1x, https:\/\/i0.wp.com\/soy.usac.edu.gt\/wp-content\/uploads\/2019\/12\/minfin-y-usac-dos.png?resize=525%2C300&ssl=1 1.5x, https:\/\/i0.wp.com\/soy.usac.edu.gt\/wp-content\/uploads\/2019\/12\/minfin-y-usac-dos.png?resize=700%2C400&ssl=1 2x, https:\/\/i0.wp.com\/soy.usac.edu.gt\/wp-content\/uploads\/2019\/12\/minfin-y-usac-dos.png?resize=1050%2C600&ssl=1 3x"},"classes":[]},{"id":5177,"url":"https:\/\/soy.usac.edu.gt\/?p=5177","url_meta":{"origin":10162,"position":2},"title":"USAC y Universidad de Defensa Nacional de Argentina firman convenio de cooperaci\u00f3n","author":"Divisi\u00f3n de Publicidad","date":"22 marzo, 2019","format":false,"excerpt":"Este convenio dar\u00e1 vida a la cooperaci\u00f3n acad\u00e9mica, cient\u00edfica, tecnol\u00f3gica y cultural entre ambas universidades.","rel":"","context":"En \u00abM\u00e1s Noticias\u00bb","block_context":{"text":"M\u00e1s Noticias","link":"https:\/\/soy.usac.edu.gt\/?cat=96"},"img":{"alt_text":"","src":"https:\/\/i0.wp.com\/soy.usac.edu.gt\/wp-content\/uploads\/2019\/03\/1-4.jpg?resize=350%2C200&ssl=1","width":350,"height":200,"srcset":"https:\/\/i0.wp.com\/soy.usac.edu.gt\/wp-content\/uploads\/2019\/03\/1-4.jpg?resize=350%2C200&ssl=1 1x, https:\/\/i0.wp.com\/soy.usac.edu.gt\/wp-content\/uploads\/2019\/03\/1-4.jpg?resize=525%2C300&ssl=1 1.5x, https:\/\/i0.wp.com\/soy.usac.edu.gt\/wp-content\/uploads\/2019\/03\/1-4.jpg?resize=700%2C400&ssl=1 2x, https:\/\/i0.wp.com\/soy.usac.edu.gt\/wp-content\/uploads\/2019\/03\/1-4.jpg?resize=1050%2C600&ssl=1 3x, https:\/\/i0.wp.com\/soy.usac.edu.gt\/wp-content\/uploads\/2019\/03\/1-4.jpg?resize=1400%2C800&ssl=1 4x"},"classes":[]},{"id":15361,"url":"https:\/\/soy.usac.edu.gt\/?p=15361","url_meta":{"origin":10162,"position":3},"title":"Fortaleciendo la alfabetizaci\u00f3n en el pa\u00eds","author":"Divisi\u00f3n de Publicidad","date":"4 octubre, 2021","format":false,"excerpt":"Este d\u00eda se llev\u00f3 a cabo la firma del Convenio Marco de Cooperaci\u00f3n para el Fortalecimiento Institucional entre el Comit\u00e9 Nacional de Alfabetizaci\u00f3n (CONALFA) y la Universidad de San Carlos de Guatemala (USAC).\u00a0","rel":"","context":"En \u00abNoticias\u00bb","block_context":{"text":"Noticias","link":"https:\/\/soy.usac.edu.gt\/?cat=29"},"img":{"alt_text":"","src":"https:\/\/i0.wp.com\/soy.usac.edu.gt\/wp-content\/uploads\/2021\/10\/1-scaled.jpg?resize=350%2C200&ssl=1","width":350,"height":200,"srcset":"https:\/\/i0.wp.com\/soy.usac.edu.gt\/wp-content\/uploads\/2021\/10\/1-scaled.jpg?resize=350%2C200&ssl=1 1x, https:\/\/i0.wp.com\/soy.usac.edu.gt\/wp-content\/uploads\/2021\/10\/1-scaled.jpg?resize=525%2C300&ssl=1 1.5x, https:\/\/i0.wp.com\/soy.usac.edu.gt\/wp-content\/uploads\/2021\/10\/1-scaled.jpg?resize=700%2C400&ssl=1 2x, https:\/\/i0.wp.com\/soy.usac.edu.gt\/wp-content\/uploads\/2021\/10\/1-scaled.jpg?resize=1050%2C600&ssl=1 3x, https:\/\/i0.wp.com\/soy.usac.edu.gt\/wp-content\/uploads\/2021\/10\/1-scaled.jpg?resize=1400%2C800&ssl=1 4x"},"classes":[]},{"id":15501,"url":"https:\/\/soy.usac.edu.gt\/?p=15501","url_meta":{"origin":10162,"position":4},"title":"Estudiantes de doctorado de El Salvador realizar\u00e1n pasant\u00eda de investigaci\u00f3n en el pa\u00eds","author":"Edwin Medina","date":"19 octubre, 2021","format":false,"excerpt":"La USAC recibi\u00f3 a veinte profesionales de la Universidad de El Salvador (UES), quienes estar\u00e1n realizando una pasant\u00eda de investigaci\u00f3n en el \u00e1rea de educaci\u00f3n.","rel":"","context":"En \u00abNoticias\u00bb","block_context":{"text":"Noticias","link":"https:\/\/soy.usac.edu.gt\/?cat=29"},"img":{"alt_text":"","src":"https:\/\/i0.wp.com\/soy.usac.edu.gt\/wp-content\/uploads\/2021\/10\/WhatsApp-Image-2021-10-19-at-11.04.42.jpeg?resize=350%2C200&ssl=1","width":350,"height":200,"srcset":"https:\/\/i0.wp.com\/soy.usac.edu.gt\/wp-content\/uploads\/2021\/10\/WhatsApp-Image-2021-10-19-at-11.04.42.jpeg?resize=350%2C200&ssl=1 1x, https:\/\/i0.wp.com\/soy.usac.edu.gt\/wp-content\/uploads\/2021\/10\/WhatsApp-Image-2021-10-19-at-11.04.42.jpeg?resize=525%2C300&ssl=1 1.5x, https:\/\/i0.wp.com\/soy.usac.edu.gt\/wp-content\/uploads\/2021\/10\/WhatsApp-Image-2021-10-19-at-11.04.42.jpeg?resize=700%2C400&ssl=1 2x, https:\/\/i0.wp.com\/soy.usac.edu.gt\/wp-content\/uploads\/2021\/10\/WhatsApp-Image-2021-10-19-at-11.04.42.jpeg?resize=1050%2C600&ssl=1 3x"},"classes":[]},{"id":15405,"url":"https:\/\/soy.usac.edu.gt\/?p=15405","url_meta":{"origin":10162,"position":5},"title":"Universidad Polit\u00e9cnica de Chiapas y USAC se unen para estrechar lazos de colaboraci\u00f3n acad\u00e9mica","author":"Divisi\u00f3n de Publicidad","date":"14 octubre, 2021","format":false,"excerpt":"Ambas universidades firmaron una carta de intenci\u00f3n de colaboraci\u00f3n acad\u00e9mica.\u00a0","rel":"","context":"En \u00abNoticias\u00bb","block_context":{"text":"Noticias","link":"https:\/\/soy.usac.edu.gt\/?cat=29"},"img":{"alt_text":"","src":"https:\/\/i0.wp.com\/soy.usac.edu.gt\/wp-content\/uploads\/2021\/10\/WhatsApp-Image-2021-10-14-at-16.58.49.jpeg?resize=350%2C200&ssl=1","width":350,"height":200,"srcset":"https:\/\/i0.wp.com\/soy.usac.edu.gt\/wp-content\/uploads\/2021\/10\/WhatsApp-Image-2021-10-14-at-16.58.49.jpeg?resize=350%2C200&ssl=1 1x, https:\/\/i0.wp.com\/soy.usac.edu.gt\/wp-content\/uploads\/2021\/10\/WhatsApp-Image-2021-10-14-at-16.58.49.jpeg?resize=525%2C300&ssl=1 1.5x, https:\/\/i0.wp.com\/soy.usac.edu.gt\/wp-content\/uploads\/2021\/10\/WhatsApp-Image-2021-10-14-at-16.58.49.jpeg?resize=700%2C400&ssl=1 2x, https:\/\/i0.wp.com\/soy.usac.edu.gt\/wp-content\/uploads\/2021\/10\/WhatsApp-Image-2021-10-14-at-16.58.49.jpeg?resize=1050%2C600&ssl=1 3x"},"classes":[]}],"jetpack_sharing_enabled":true,"_links":{"self":[{"href":"https:\/\/soy.usac.edu.gt\/index.php?rest_route=\/wp\/v2\/posts\/10162","targetHints":{"allow":["GET"]}}],"collection":[{"href":"https:\/\/soy.usac.edu.gt\/index.php?rest_route=\/wp\/v2\/posts"}],"about":[{"href":"https:\/\/soy.usac.edu.gt\/index.php?rest_route=\/wp\/v2\/types\/post"}],"author":[{"embeddable":true,"href":"https:\/\/soy.usac.edu.gt\/index.php?rest_route=\/wp\/v2\/users\/1"}],"replies":[{"embeddable":true,"href":"https:\/\/soy.usac.edu.gt\/index.php?rest_route=%2Fwp%2Fv2%2Fcomments&post=10162"}],"version-history":[{"count":0,"href":"https:\/\/soy.usac.edu.gt\/index.php?rest_route=\/wp\/v2\/posts\/10162\/revisions"}],"wp:featuredmedia":[{"embeddable":true,"href":"https:\/\/soy.usac.edu.gt\/index.php?rest_route=\/wp\/v2\/media\/10164"}],"wp:attachment":[{"href":"https:\/\/soy.usac.edu.gt\/index.php?rest_route=%2Fwp%2Fv2%2Fmedia&parent=10162"}],"wp:term":[{"taxonomy":"category","embeddable":true,"href":"https:\/\/soy.usac.edu.gt\/index.php?rest_route=%2Fwp%2Fv2%2Fcategories&post=10162"},{"taxonomy":"post_tag","embeddable":true,"href":"https:\/\/soy.usac.edu.gt\/index.php?rest_route=%2Fwp%2Fv2%2Ftags&post=10162"}],"curies":[{"name":"wp","href":"https:\/\/api.w.org\/{rel}","templated":true}]}}