{"id":10338,"date":"2020-01-21T12:51:03","date_gmt":"2020-01-21T18:51:03","guid":{"rendered":"https:\/\/soy.usac.edu.gt\/?p=10338"},"modified":"2020-01-21T12:51:31","modified_gmt":"2020-01-21T18:51:31","slug":"estas-son-las-pruebas-de-ingreso-basicas-y-especificas-por-unidad-academica","status":"publish","type":"post","link":"https:\/\/soy.usac.edu.gt\/?p=10338","title":{"rendered":"Estas son las pruebas de ingreso B\u00e1sicas y Espec\u00edficas por unidad acad\u00e9mica."},"content":{"rendered":"\n<p>Este es el listado de pruebas de ingreso b\u00e1sicas y espec\u00edficas por Unidad Acad\u00e9mica.\u00a0<\/p>\n<p>\u00a0<\/p>\n<div id='gallery-1' class='gallery galleryid-10338 gallery-columns-3 gallery-size-thumbnail'><figure class='gallery-item'>\n\t\t\t<div class='gallery-icon portrait'>\n\t\t\t\t<a href='https:\/\/soy.usac.edu.gt\/?attachment_id=10339'><img loading=\"lazy\" decoding=\"async\" width=\"150\" height=\"150\" src=\"https:\/\/soy.usac.edu.gt\/wp-content\/uploads\/2020\/01\/prueba_2020-1-150x150.jpg\" class=\"attachment-thumbnail size-thumbnail\" alt=\"\" \/><\/a>\n\t\t\t<\/div><\/figure>\n\t\t<\/div>\n\n","protected":false},"excerpt":{"rendered":"<p>Este es el listado de pruebas de ingreso b\u00e1sicas y espec\u00edficas por Unidad Acad\u00e9mica.\u00a0<\/p>\n","protected":false},"author":1,"featured_media":9707,"comment_status":"closed","ping_status":"open","sticky":false,"template":"","format":"standard","meta":{"_exactmetrics_skip_tracking":false,"_exactmetrics_sitenote_active":false,"_exactmetrics_sitenote_note":"","_exactmetrics_sitenote_category":0,"_jetpack_memberships_contains_paid_content":false,"footnotes":""},"categories":[585],"tags":[597],"class_list":["post-10338","post","type-post","status-publish","format-standard","has-post-thumbnail","hentry","category-estudiantes","tag-pruebas-de-ingreso"],"aioseo_notices":[],"jetpack_featured_media_url":"https:\/\/soy.usac.edu.gt\/wp-content\/uploads\/2019\/11\/1-FOTO.jpg","views":"","jetpack-related-posts":[{"id":11474,"url":"https:\/\/soy.usac.edu.gt\/?p=11474","url_meta":{"origin":10338,"position":0},"title":"Conoce todo el proceso de ingreso a la USAC para el 2021","author":"Divisi\u00f3n de Publicidad","date":"12 mayo, 2020","format":false,"excerpt":"Aspirante, estos son los cuatro pasos que debes seguir para inscribirte en el ciclo acad\u00e9mico 2021.","rel":"","context":"En \u00abEstudiantes\u00bb","block_context":{"text":"Estudiantes","link":"https:\/\/soy.usac.edu.gt\/?cat=585"},"img":{"alt_text":"","src":"https:\/\/i0.wp.com\/soy.usac.edu.gt\/wp-content\/uploads\/2020\/05\/destacada1.jpg?resize=350%2C200&ssl=1","width":350,"height":200,"srcset":"https:\/\/i0.wp.com\/soy.usac.edu.gt\/wp-content\/uploads\/2020\/05\/destacada1.jpg?resize=350%2C200&ssl=1 1x, https:\/\/i0.wp.com\/soy.usac.edu.gt\/wp-content\/uploads\/2020\/05\/destacada1.jpg?resize=525%2C300&ssl=1 1.5x, https:\/\/i0.wp.com\/soy.usac.edu.gt\/wp-content\/uploads\/2020\/05\/destacada1.jpg?resize=700%2C400&ssl=1 2x"},"classes":[]},{"id":4447,"url":"https:\/\/soy.usac.edu.gt\/?p=4447","url_meta":{"origin":10338,"position":1},"title":"Alertan sobre cobros ilegales","author":"Divisi\u00f3n de Publicidad","date":"5 marzo, 2019","format":false,"excerpt":"El Consejo Superior Universitario (CSU) alerta a los aspirantes a ingresar a esta casa de estudios sobre cobros ilegales.","rel":"","context":"En \u00abNoticias\u00bb","block_context":{"text":"Noticias","link":"https:\/\/soy.usac.edu.gt\/?cat=29"},"img":{"alt_text":"","src":"https:\/\/i0.wp.com\/soy.usac.edu.gt\/wp-content\/uploads\/2019\/03\/2.jpg?resize=350%2C200&ssl=1","width":350,"height":200,"srcset":"https:\/\/i0.wp.com\/soy.usac.edu.gt\/wp-content\/uploads\/2019\/03\/2.jpg?resize=350%2C200&ssl=1 1x, https:\/\/i0.wp.com\/soy.usac.edu.gt\/wp-content\/uploads\/2019\/03\/2.jpg?resize=525%2C300&ssl=1 1.5x, https:\/\/i0.wp.com\/soy.usac.edu.gt\/wp-content\/uploads\/2019\/03\/2.jpg?resize=700%2C400&ssl=1 2x, https:\/\/i0.wp.com\/soy.usac.edu.gt\/wp-content\/uploads\/2019\/03\/2.jpg?resize=1050%2C600&ssl=1 3x, https:\/\/i0.wp.com\/soy.usac.edu.gt\/wp-content\/uploads\/2019\/03\/2.jpg?resize=1400%2C800&ssl=1 4x"},"classes":[]},{"id":10227,"url":"https:\/\/soy.usac.edu.gt\/?p=10227","url_meta":{"origin":10338,"position":2},"title":"Ingresa a la USAC a trav\u00e9s del PAP","author":"Divisi\u00f3n de Publicidad","date":"11 enero, 2020","format":false,"excerpt":"Del 17 al 20 de enero ser\u00e1n las inscripciones del Programa Acad\u00e9mico Preparatorio (PAP), el cual ayuda a ganar las Pruebas B\u00e1sicas.\u00a0","rel":"","context":"En \u00abEstudiantes\u00bb","block_context":{"text":"Estudiantes","link":"https:\/\/soy.usac.edu.gt\/?cat=585"},"img":{"alt_text":"","src":"https:\/\/i0.wp.com\/soy.usac.edu.gt\/wp-content\/uploads\/2020\/01\/no-2.jpg?resize=350%2C200&ssl=1","width":350,"height":200,"srcset":"https:\/\/i0.wp.com\/soy.usac.edu.gt\/wp-content\/uploads\/2020\/01\/no-2.jpg?resize=350%2C200&ssl=1 1x, https:\/\/i0.wp.com\/soy.usac.edu.gt\/wp-content\/uploads\/2020\/01\/no-2.jpg?resize=525%2C300&ssl=1 1.5x, https:\/\/i0.wp.com\/soy.usac.edu.gt\/wp-content\/uploads\/2020\/01\/no-2.jpg?resize=700%2C400&ssl=1 2x, https:\/\/i0.wp.com\/soy.usac.edu.gt\/wp-content\/uploads\/2020\/01\/no-2.jpg?resize=1050%2C600&ssl=1 3x, https:\/\/i0.wp.com\/soy.usac.edu.gt\/wp-content\/uploads\/2020\/01\/no-2.jpg?resize=1400%2C800&ssl=1 4x"},"classes":[]},{"id":6011,"url":"https:\/\/soy.usac.edu.gt\/?p=6011","url_meta":{"origin":10338,"position":3},"title":"Este es el calendario de las Pruebas B\u00e1sicas 2019","author":"Divisi\u00f3n de Publicidad","date":"14 mayo, 2019","format":false,"excerpt":"A partir de junio los aspirantes podr\u00e1n realizarse las pruebas de conocimientos b\u00e1sicos.","rel":"","context":"En \u00abNoticias\u00bb","block_context":{"text":"Noticias","link":"https:\/\/soy.usac.edu.gt\/?cat=29"},"img":{"alt_text":"","src":"https:\/\/i0.wp.com\/soy.usac.edu.gt\/wp-content\/uploads\/2019\/05\/CSC_0023.jpg?resize=350%2C200&ssl=1","width":350,"height":200,"srcset":"https:\/\/i0.wp.com\/soy.usac.edu.gt\/wp-content\/uploads\/2019\/05\/CSC_0023.jpg?resize=350%2C200&ssl=1 1x, https:\/\/i0.wp.com\/soy.usac.edu.gt\/wp-content\/uploads\/2019\/05\/CSC_0023.jpg?resize=525%2C300&ssl=1 1.5x, https:\/\/i0.wp.com\/soy.usac.edu.gt\/wp-content\/uploads\/2019\/05\/CSC_0023.jpg?resize=700%2C400&ssl=1 2x, https:\/\/i0.wp.com\/soy.usac.edu.gt\/wp-content\/uploads\/2019\/05\/CSC_0023.jpg?resize=1050%2C600&ssl=1 3x, https:\/\/i0.wp.com\/soy.usac.edu.gt\/wp-content\/uploads\/2019\/05\/CSC_0023.jpg?resize=1400%2C800&ssl=1 4x"},"classes":[]},{"id":3864,"url":"https:\/\/soy.usac.edu.gt\/?p=3864","url_meta":{"origin":10338,"position":4},"title":"PAP: una oportunidad m\u00e1s para ingresar a la U","author":"Divisi\u00f3n de Publicidad","date":"5 febrero, 2019","format":false,"excerpt":"Si aspiras a ser estudiante sancarlista y no lograste ganar las pruebas de conocimientos b\u00e1sicos, esta informaci\u00f3n te ser\u00e1 \u00fatil. Si hasta el momento no has ganado las pruebas de conocimientos b\u00e1sicos \u2014un requisito para poder ingresar a la Universidad de San Carlos\u2014, a\u00fan existe otra posibilidad: el Programa Acad\u00e9mico\u2026","rel":"","context":"En \u00abNoticias\u00bb","block_context":{"text":"Noticias","link":"https:\/\/soy.usac.edu.gt\/?cat=29"},"img":{"alt_text":"","src":"https:\/\/i0.wp.com\/soy.usac.edu.gt\/wp-content\/uploads\/2019\/02\/1.jpg?resize=350%2C200&ssl=1","width":350,"height":200,"srcset":"https:\/\/i0.wp.com\/soy.usac.edu.gt\/wp-content\/uploads\/2019\/02\/1.jpg?resize=350%2C200&ssl=1 1x, https:\/\/i0.wp.com\/soy.usac.edu.gt\/wp-content\/uploads\/2019\/02\/1.jpg?resize=525%2C300&ssl=1 1.5x, https:\/\/i0.wp.com\/soy.usac.edu.gt\/wp-content\/uploads\/2019\/02\/1.jpg?resize=700%2C400&ssl=1 2x, https:\/\/i0.wp.com\/soy.usac.edu.gt\/wp-content\/uploads\/2019\/02\/1.jpg?resize=1050%2C600&ssl=1 3x, https:\/\/i0.wp.com\/soy.usac.edu.gt\/wp-content\/uploads\/2019\/02\/1.jpg?resize=1400%2C800&ssl=1 4x"},"classes":[]},{"id":8016,"url":"https:\/\/soy.usac.edu.gt\/?p=8016","url_meta":{"origin":10338,"position":5},"title":"Estas son las nuevas fechas para las pruebas de ingreso a la U","author":"Divisi\u00f3n de Publicidad","date":"2 septiembre, 2019","format":false,"excerpt":"Tras el reinici\u00f3 de actividades en la universidad, se han reprogramado las fechas de las pruebas de Orientaci\u00f3n Vocacional y de Conocimientos B\u00e1sicos.","rel":"","context":"En \u00abNoticias\u00bb","block_context":{"text":"Noticias","link":"https:\/\/soy.usac.edu.gt\/?cat=29"},"img":{"alt_text":"","src":"https:\/\/i0.wp.com\/soy.usac.edu.gt\/wp-content\/uploads\/2019\/09\/1.-sun.jpg?resize=350%2C200&ssl=1","width":350,"height":200,"srcset":"https:\/\/i0.wp.com\/soy.usac.edu.gt\/wp-content\/uploads\/2019\/09\/1.-sun.jpg?resize=350%2C200&ssl=1 1x, https:\/\/i0.wp.com\/soy.usac.edu.gt\/wp-content\/uploads\/2019\/09\/1.-sun.jpg?resize=525%2C300&ssl=1 1.5x, https:\/\/i0.wp.com\/soy.usac.edu.gt\/wp-content\/uploads\/2019\/09\/1.-sun.jpg?resize=700%2C400&ssl=1 2x, https:\/\/i0.wp.com\/soy.usac.edu.gt\/wp-content\/uploads\/2019\/09\/1.-sun.jpg?resize=1050%2C600&ssl=1 3x, https:\/\/i0.wp.com\/soy.usac.edu.gt\/wp-content\/uploads\/2019\/09\/1.-sun.jpg?resize=1400%2C800&ssl=1 4x"},"classes":[]}],"jetpack_sharing_enabled":true,"_links":{"self":[{"href":"https:\/\/soy.usac.edu.gt\/index.php?rest_route=\/wp\/v2\/posts\/10338","targetHints":{"allow":["GET"]}}],"collection":[{"href":"https:\/\/soy.usac.edu.gt\/index.php?rest_route=\/wp\/v2\/posts"}],"about":[{"href":"https:\/\/soy.usac.edu.gt\/index.php?rest_route=\/wp\/v2\/types\/post"}],"author":[{"embeddable":true,"href":"https:\/\/soy.usac.edu.gt\/index.php?rest_route=\/wp\/v2\/users\/1"}],"replies":[{"embeddable":true,"href":"https:\/\/soy.usac.edu.gt\/index.php?rest_route=%2Fwp%2Fv2%2Fcomments&post=10338"}],"version-history":[{"count":0,"href":"https:\/\/soy.usac.edu.gt\/index.php?rest_route=\/wp\/v2\/posts\/10338\/revisions"}],"wp:featuredmedia":[{"embeddable":true,"href":"https:\/\/soy.usac.edu.gt\/index.php?rest_route=\/wp\/v2\/media\/9707"}],"wp:attachment":[{"href":"https:\/\/soy.usac.edu.gt\/index.php?rest_route=%2Fwp%2Fv2%2Fmedia&parent=10338"}],"wp:term":[{"taxonomy":"category","embeddable":true,"href":"https:\/\/soy.usac.edu.gt\/index.php?rest_route=%2Fwp%2Fv2%2Fcategories&post=10338"},{"taxonomy":"post_tag","embeddable":true,"href":"https:\/\/soy.usac.edu.gt\/index.php?rest_route=%2Fwp%2Fv2%2Ftags&post=10338"}],"curies":[{"name":"wp","href":"https:\/\/api.w.org\/{rel}","templated":true}]}}