{"id":10499,"date":"2020-01-29T15:17:27","date_gmt":"2020-01-29T21:17:27","guid":{"rendered":"https:\/\/soy.usac.edu.gt\/?p=10499"},"modified":"2020-01-29T15:38:16","modified_gmt":"2020-01-29T21:38:16","slug":"comienzan-las-celebraciones-del-344-aniversario-de-la-usac","status":"publish","type":"post","link":"https:\/\/soy.usac.edu.gt\/?p=10499","title":{"rendered":"Comienzan las celebraciones del 344 aniversario de la USAC"},"content":{"rendered":"\n<p style=\"text-align: justify;\"><b><i>La Tricentenaria celebrar\u00e1 con actividades deportivas, art\u00edsticas y culturales el aniversario de su fundaci\u00f3n.<\/i><\/b><\/p>\n<p style=\"text-align: justify;\"><span style=\"font-weight: 400;\">Hoy se llevaron a cabo las primeras&nbsp; actividades de celebraci\u00f3n de los 344 a\u00f1os de fundaci\u00f3n de esta casa de estudios. Las primeras actividades fueron deportivas: campeonatos de futsal, futbol, baloncesto y tenis en distintos puntos del campus central.<\/span><\/p>\n<p style=\"text-align: justify;\"><span style=\"font-weight: 400;\">En total ser\u00e1n tres d\u00edas de eventos deportivos, art\u00edsticos y culturales<\/span><span style=\"font-weight: 400;\">. <\/span><span style=\"font-weight: 400;\">Sancarlista de coraz\u00f3n, inf\u00f3rmate y participa.&nbsp;<\/span><\/p>\n<p>&nbsp;<\/p>\n<h4><strong>Actividades deportivas de hoy<\/strong><\/h4>\n<div id='gallery-1' class='gallery galleryid-10499 gallery-columns-3 gallery-size-thumbnail'><figure class='gallery-item'>\n\t\t\t<div class='gallery-icon landscape'>\n\t\t\t\t<a href='https:\/\/soy.usac.edu.gt\/?attachment_id=10511'><img loading=\"lazy\" decoding=\"async\" width=\"150\" height=\"150\" src=\"https:\/\/soy.usac.edu.gt\/wp-content\/uploads\/2020\/01\/1.-chimal-150x150.jpg\" class=\"attachment-thumbnail size-thumbnail\" alt=\"\" aria-describedby=\"gallery-1-10511\" \/><\/a>\n\t\t\t<\/div>\n\t\t\t\t<figcaption class='wp-caption-text gallery-caption' id='gallery-1-10511'>\n\t\t\t\tEl equipo de Chimaltenango\n\t\t\t\t<\/figcaption><\/figure><figure class='gallery-item'>\n\t\t\t<div class='gallery-icon landscape'>\n\t\t\t\t<a href='https:\/\/soy.usac.edu.gt\/?attachment_id=10512'><img loading=\"lazy\" decoding=\"async\" width=\"150\" height=\"150\" src=\"https:\/\/soy.usac.edu.gt\/wp-content\/uploads\/2020\/01\/2.-pete\u0301n-150x150.jpg\" class=\"attachment-thumbnail size-thumbnail\" alt=\"\" aria-describedby=\"gallery-1-10512\" \/><\/a>\n\t\t\t<\/div>\n\t\t\t\t<figcaption class='wp-caption-text gallery-caption' id='gallery-1-10512'>\n\t\t\t\tEquipo de Pet\u00e9n\n\t\t\t\t<\/figcaption><\/figure><figure class='gallery-item'>\n\t\t\t<div class='gallery-icon landscape'>\n\t\t\t\t<a href='https:\/\/soy.usac.edu.gt\/?attachment_id=10513'><img loading=\"lazy\" decoding=\"async\" width=\"150\" height=\"150\" src=\"https:\/\/soy.usac.edu.gt\/wp-content\/uploads\/2020\/01\/3-pete\u0301n-150x150.jpg\" class=\"attachment-thumbnail size-thumbnail\" alt=\"\" aria-describedby=\"gallery-1-10513\" \/><\/a>\n\t\t\t<\/div>\n\t\t\t\t<figcaption class='wp-caption-text gallery-caption' id='gallery-1-10513'>\n\t\t\t\tPet\u00e9n vs Chimaltenango\n\t\t\t\t<\/figcaption><\/figure><figure class='gallery-item'>\n\t\t\t<div class='gallery-icon landscape'>\n\t\t\t\t<a href='https:\/\/soy.usac.edu.gt\/?attachment_id=10514'><img loading=\"lazy\" decoding=\"async\" width=\"150\" height=\"150\" src=\"https:\/\/soy.usac.edu.gt\/wp-content\/uploads\/2020\/01\/1-3-150x150.jpg\" class=\"attachment-thumbnail size-thumbnail\" alt=\"\" aria-describedby=\"gallery-1-10514\" \/><\/a>\n\t\t\t<\/div>\n\t\t\t\t<figcaption class='wp-caption-text gallery-caption' id='gallery-1-10514'>\n\t\t\t\tCUNZAC VS CUNBAV\n\t\t\t\t<\/figcaption><\/figure><figure class='gallery-item'>\n\t\t\t<div class='gallery-icon landscape'>\n\t\t\t\t<a href='https:\/\/soy.usac.edu.gt\/?attachment_id=10515'><img loading=\"lazy\" decoding=\"async\" width=\"150\" height=\"150\" src=\"https:\/\/soy.usac.edu.gt\/wp-content\/uploads\/2020\/01\/2-3-150x150.jpg\" class=\"attachment-thumbnail size-thumbnail\" alt=\"\" \/><\/a>\n\t\t\t<\/div><\/figure><figure class='gallery-item'>\n\t\t\t<div class='gallery-icon landscape'>\n\t\t\t\t<a href='https:\/\/soy.usac.edu.gt\/?attachment_id=10516'><img loading=\"lazy\" decoding=\"async\" width=\"150\" height=\"150\" src=\"https:\/\/soy.usac.edu.gt\/wp-content\/uploads\/2020\/01\/cunbav-150x150.jpg\" class=\"attachment-thumbnail size-thumbnail\" alt=\"\" \/><\/a>\n\t\t\t<\/div><\/figure><figure class='gallery-item'>\n\t\t\t<div class='gallery-icon landscape'>\n\t\t\t\t<a href='https:\/\/soy.usac.edu.gt\/?attachment_id=10517'><img loading=\"lazy\" decoding=\"async\" width=\"150\" height=\"150\" src=\"https:\/\/soy.usac.edu.gt\/wp-content\/uploads\/2020\/01\/1-4-150x150.jpg\" class=\"attachment-thumbnail size-thumbnail\" alt=\"\" aria-describedby=\"gallery-1-10517\" \/><\/a>\n\t\t\t<\/div>\n\t\t\t\t<figcaption class='wp-caption-text gallery-caption' id='gallery-1-10517'>\n\t\t\t\tEcon\u00f3micas vs zacapa\n\t\t\t\t<\/figcaption><\/figure><figure class='gallery-item'>\n\t\t\t<div class='gallery-icon landscape'>\n\t\t\t\t<a href='https:\/\/soy.usac.edu.gt\/?attachment_id=10518'><img loading=\"lazy\" decoding=\"async\" width=\"150\" height=\"150\" src=\"https:\/\/soy.usac.edu.gt\/wp-content\/uploads\/2020\/01\/econo\u0301micas-150x150.jpg\" class=\"attachment-thumbnail size-thumbnail\" alt=\"\" \/><\/a>\n\t\t\t<\/div><\/figure><figure class='gallery-item'>\n\t\t\t<div class='gallery-icon landscape'>\n\t\t\t\t<a href='https:\/\/soy.usac.edu.gt\/?attachment_id=10519'><img loading=\"lazy\" decoding=\"async\" width=\"150\" height=\"150\" src=\"https:\/\/soy.usac.edu.gt\/wp-content\/uploads\/2020\/01\/zacapa-150x150.jpg\" class=\"attachment-thumbnail size-thumbnail\" alt=\"\" \/><\/a>\n\t\t\t<\/div><\/figure><figure class='gallery-item'>\n\t\t\t<div class='gallery-icon landscape'>\n\t\t\t\t<a href='https:\/\/soy.usac.edu.gt\/?attachment_id=10520'><img loading=\"lazy\" decoding=\"async\" width=\"150\" height=\"150\" src=\"https:\/\/soy.usac.edu.gt\/wp-content\/uploads\/2020\/01\/medicina-vs-cunoroc-150x150.jpg\" class=\"attachment-thumbnail size-thumbnail\" alt=\"\" \/><\/a>\n\t\t\t<\/div><\/figure><figure class='gallery-item'>\n\t\t\t<div class='gallery-icon landscape'>\n\t\t\t\t<a href='https:\/\/soy.usac.edu.gt\/?attachment_id=10521'><img loading=\"lazy\" decoding=\"async\" width=\"150\" height=\"150\" src=\"https:\/\/soy.usac.edu.gt\/wp-content\/uploads\/2020\/01\/quiche-vs-ingenieri\u0301a-150x150.jpg\" class=\"attachment-thumbnail size-thumbnail\" alt=\"\" aria-describedby=\"gallery-1-10521\" \/><\/a>\n\t\t\t<\/div>\n\t\t\t\t<figcaption class='wp-caption-text gallery-caption' id='gallery-1-10521'>\n\t\t\t\tQuiche vs Ingenier\u00eda\n\t\t\t\t<\/figcaption><\/figure>\n\t\t<\/div>\n\n<p>&nbsp;<\/p>\n<p style=\"text-align: justify;\"><span style=\"font-weight: 400;\">Ma\u00f1ana, 30 de enero, inician los campeonatos de ajedrez, atletismo, nataci\u00f3n y voleibol; adem\u00e1s, desde las 7:30 a. m. habr\u00e1 exposiciones de barriletes gigantes, pinturas y esculturas. En el auditorio Francisco Vela se presentar\u00e1&nbsp; la obra de teatro \u201cPresagios\u201d y se llevar\u00e1 a cabo un festival art\u00edstico y cultural, mientras que en el Igl\u00fa habr\u00e1 poes\u00eda y danza folcl\u00f3rica.&nbsp;<\/span><\/p>\n<p style=\"text-align: justify;\"><span style=\"font-weight: 400;\">Las actividades del 30 de enero terminan <\/span><span style=\"font-weight: 400;\">con <\/span><span style=\"font-weight: 400;\">el concierto del trovador nicarag\u00fcense Luis Enrique Mej\u00eda Godoy en la Plaza de las Banderas a las 7 p. m. El artista estar\u00e1 acompa\u00f1ado por los m\u00fasicos guatemaltecos Armando Pineda y Walter Flores.&nbsp;<\/span><\/p>\n<p>&nbsp;<\/p>\n<p>&nbsp;<\/p>\n<blockquote class=\"td_quote_box td_box_center\">\n<h5 style=\"text-align: justify;\"><b>Acto protocolario&nbsp;<\/b><\/h5>\n<h5 style=\"text-align: justify;\"><span style=\"font-weight: 400;\">El viernes 31 de enero a las 10:00 de la ma\u00f1ana habr\u00e1 un concierto&nbsp; de la Orquesta Sinf\u00f3nica Esperanza Azteca en el Aula Magna Igl\u00fa, en donde tambi\u00e9n se llevar\u00e1 a cabo el acto acad\u00e9mico en conmemoraci\u00f3n de los&nbsp; 344 a\u00f1os de fundaci\u00f3n de la USAC.<\/span><\/h5>\n<\/blockquote>\n<p>&nbsp;<\/p>\n<p style=\"text-align: justify;\">&nbsp;<\/p>\n<h4><b>Calendario completo de actividades<\/b><\/h4>\n<div id='gallery-2' class='gallery galleryid-10499 gallery-columns-3 gallery-size-thumbnail'><figure class='gallery-item'>\n\t\t\t<div class='gallery-icon landscape'>\n\t\t\t\t<a href='https:\/\/soy.usac.edu.gt\/?attachment_id=10503'><img loading=\"lazy\" decoding=\"async\" width=\"150\" height=\"150\" src=\"https:\/\/soy.usac.edu.gt\/wp-content\/uploads\/2020\/01\/WhatsApp-Image-2020-01-29-at-11.27.06-150x150.jpeg\" class=\"attachment-thumbnail size-thumbnail\" alt=\"\" srcset=\"https:\/\/soy.usac.edu.gt\/wp-content\/uploads\/2020\/01\/WhatsApp-Image-2020-01-29-at-11.27.06-150x150.jpeg 150w, https:\/\/soy.usac.edu.gt\/wp-content\/uploads\/2020\/01\/WhatsApp-Image-2020-01-29-at-11.27.06-300x300.jpeg 300w, https:\/\/soy.usac.edu.gt\/wp-content\/uploads\/2020\/01\/WhatsApp-Image-2020-01-29-at-11.27.06-768x768.jpeg 768w, https:\/\/soy.usac.edu.gt\/wp-content\/uploads\/2020\/01\/WhatsApp-Image-2020-01-29-at-11.27.06-1024x1024.jpeg 1024w, https:\/\/soy.usac.edu.gt\/wp-content\/uploads\/2020\/01\/WhatsApp-Image-2020-01-29-at-11.27.06-420x420.jpeg 420w, https:\/\/soy.usac.edu.gt\/wp-content\/uploads\/2020\/01\/WhatsApp-Image-2020-01-29-at-11.27.06-640x640.jpeg 640w, https:\/\/soy.usac.edu.gt\/wp-content\/uploads\/2020\/01\/WhatsApp-Image-2020-01-29-at-11.27.06-681x681.jpeg 681w, https:\/\/soy.usac.edu.gt\/wp-content\/uploads\/2020\/01\/WhatsApp-Image-2020-01-29-at-11.27.06.jpeg 1280w\" sizes=\"auto, (max-width: 150px) 100vw, 150px\" \/><\/a>\n\t\t\t<\/div><\/figure><figure class='gallery-item'>\n\t\t\t<div class='gallery-icon landscape'>\n\t\t\t\t<a href='https:\/\/soy.usac.edu.gt\/?attachment_id=10502'><img loading=\"lazy\" decoding=\"async\" width=\"150\" height=\"150\" src=\"https:\/\/soy.usac.edu.gt\/wp-content\/uploads\/2020\/01\/WhatsApp-Image-2020-01-29-at-08.22.47-150x150.jpeg\" class=\"attachment-thumbnail size-thumbnail\" alt=\"\" srcset=\"https:\/\/soy.usac.edu.gt\/wp-content\/uploads\/2020\/01\/WhatsApp-Image-2020-01-29-at-08.22.47-150x150.jpeg 150w, https:\/\/soy.usac.edu.gt\/wp-content\/uploads\/2020\/01\/WhatsApp-Image-2020-01-29-at-08.22.47-300x300.jpeg 300w, https:\/\/soy.usac.edu.gt\/wp-content\/uploads\/2020\/01\/WhatsApp-Image-2020-01-29-at-08.22.47-768x768.jpeg 768w, https:\/\/soy.usac.edu.gt\/wp-content\/uploads\/2020\/01\/WhatsApp-Image-2020-01-29-at-08.22.47-1024x1024.jpeg 1024w, https:\/\/soy.usac.edu.gt\/wp-content\/uploads\/2020\/01\/WhatsApp-Image-2020-01-29-at-08.22.47-420x420.jpeg 420w, https:\/\/soy.usac.edu.gt\/wp-content\/uploads\/2020\/01\/WhatsApp-Image-2020-01-29-at-08.22.47-640x640.jpeg 640w, https:\/\/soy.usac.edu.gt\/wp-content\/uploads\/2020\/01\/WhatsApp-Image-2020-01-29-at-08.22.47-681x681.jpeg 681w, https:\/\/soy.usac.edu.gt\/wp-content\/uploads\/2020\/01\/WhatsApp-Image-2020-01-29-at-08.22.47.jpeg 1280w\" sizes=\"auto, (max-width: 150px) 100vw, 150px\" \/><\/a>\n\t\t\t<\/div><\/figure><figure class='gallery-item'>\n\t\t\t<div class='gallery-icon portrait'>\n\t\t\t\t<a href='https:\/\/soy.usac.edu.gt\/?attachment_id=10505'><img loading=\"lazy\" decoding=\"async\" width=\"150\" height=\"150\" src=\"https:\/\/soy.usac.edu.gt\/wp-content\/uploads\/2020\/01\/83868274_2558446474282196_7491497324523290624_o-150x150.jpg\" class=\"attachment-thumbnail size-thumbnail\" alt=\"\" \/><\/a>\n\t\t\t<\/div><\/figure><figure class='gallery-item'>\n\t\t\t<div class='gallery-icon portrait'>\n\t\t\t\t<a href='https:\/\/soy.usac.edu.gt\/?attachment_id=10504'><img loading=\"lazy\" decoding=\"async\" width=\"150\" height=\"150\" src=\"https:\/\/soy.usac.edu.gt\/wp-content\/uploads\/2020\/01\/83488243_2549805398479637_4501844480395051008_o-150x150.jpg\" class=\"attachment-thumbnail size-thumbnail\" alt=\"\" \/><\/a>\n\t\t\t<\/div><\/figure><figure class='gallery-item'>\n\t\t\t<div class='gallery-icon landscape'>\n\t\t\t\t<a href='https:\/\/soy.usac.edu.gt\/?attachment_id=10500'><img loading=\"lazy\" decoding=\"async\" width=\"150\" height=\"150\" src=\"https:\/\/soy.usac.edu.gt\/wp-content\/uploads\/2020\/01\/WhatsApp-Image-2020-01-28-at-10.54.38-1-150x150.jpeg\" class=\"attachment-thumbnail size-thumbnail\" alt=\"\" \/><\/a>\n\t\t\t<\/div><\/figure><figure class='gallery-item'>\n\t\t\t<div class='gallery-icon portrait'>\n\t\t\t\t<a href='https:\/\/soy.usac.edu.gt\/?attachment_id=10501'><img loading=\"lazy\" decoding=\"async\" width=\"150\" height=\"150\" src=\"https:\/\/soy.usac.edu.gt\/wp-content\/uploads\/2020\/01\/WhatsApp-Image-2020-01-28-at-10.54.38-150x150.jpeg\" class=\"attachment-thumbnail size-thumbnail\" alt=\"\" \/><\/a>\n\t\t\t<\/div><\/figure>\n\t\t<\/div>\n\n<p><br><img loading=\"lazy\" decoding=\"async\" class=\"aligncenter size-full wp-image-7369\" src=\"https:\/\/soy.usac.edu.gt\/wp-content\/uploads\/2019\/07\/Cr\u00e9ditos-prensa-01.png\" alt=\"\" width=\"5079\" height=\"1960\" srcset=\"https:\/\/soy.usac.edu.gt\/wp-content\/uploads\/2019\/07\/Cr\u00e9ditos-prensa-01.png 5079w, https:\/\/soy.usac.edu.gt\/wp-content\/uploads\/2019\/07\/Cr\u00e9ditos-prensa-01-300x116.png 300w, https:\/\/soy.usac.edu.gt\/wp-content\/uploads\/2019\/07\/Cr\u00e9ditos-prensa-01-768x296.png 768w, https:\/\/soy.usac.edu.gt\/wp-content\/uploads\/2019\/07\/Cr\u00e9ditos-prensa-01-1024x395.png 1024w, https:\/\/soy.usac.edu.gt\/wp-content\/uploads\/2019\/07\/Cr\u00e9ditos-prensa-01-1088x420.png 1088w, https:\/\/soy.usac.edu.gt\/wp-content\/uploads\/2019\/07\/Cr\u00e9ditos-prensa-01-640x247.png 640w, https:\/\/soy.usac.edu.gt\/wp-content\/uploads\/2019\/07\/Cr\u00e9ditos-prensa-01-681x263.png 681w\" sizes=\"auto, (max-width: 5079px) 100vw, 5079px\" \/><\/p>\n","protected":false},"excerpt":{"rendered":"<p>La Tricentenaria celebrar\u00e1 con actividades deportivas, art\u00edsticas y culturales el aniversario de su fundaci\u00f3n.<\/p>\n","protected":false},"author":1,"featured_media":10515,"comment_status":"closed","ping_status":"open","sticky":false,"template":"","format":"standard","meta":{"_exactmetrics_skip_tracking":false,"_exactmetrics_sitenote_active":false,"_exactmetrics_sitenote_note":"","_exactmetrics_sitenote_category":0,"_jetpack_memberships_contains_paid_content":false,"footnotes":""},"categories":[97,152,29],"tags":[292],"class_list":["post-10499","post","type-post","status-publish","format-standard","has-post-thumbnail","hentry","category-cultura-noticias","category-entrevistas","category-noticias","tag-fundacion-usac"],"aioseo_notices":[],"jetpack_featured_media_url":"https:\/\/soy.usac.edu.gt\/wp-content\/uploads\/2020\/01\/2-3.jpg","views":"","jetpack-related-posts":[{"id":3661,"url":"https:\/\/soy.usac.edu.gt\/?p=3661","url_meta":{"origin":10499,"position":0},"title":"As\u00ed celebrar\u00e1 la USAC su 343\u00ba aniversario","author":"Divisi\u00f3n de Publicidad","date":"29 enero, 2019","format":false,"excerpt":"La Tricentenaria celebrar\u00e1 con actividades deportivas, art\u00edsticas y culturales el aniversario de su fundaci\u00f3n. A partir de ma\u00f1ana inician las actividades de celebraci\u00f3n de los 343 a\u00f1os de fundaci\u00f3n de esta casa de estudios. Sancarlista de coraz\u00f3n, est\u00e1s invitado \u00a0a esta fiesta que se llevar\u00e1 a cabo en distintos puntos\u2026","rel":"","context":"En \u00abCultura\u00bb","block_context":{"text":"Cultura","link":"https:\/\/soy.usac.edu.gt\/?cat=97"},"img":{"alt_text":"","src":"https:\/\/i0.wp.com\/soy.usac.edu.gt\/wp-content\/uploads\/2019\/01\/GTalux.jpg?resize=350%2C200&ssl=1","width":350,"height":200,"srcset":"https:\/\/i0.wp.com\/soy.usac.edu.gt\/wp-content\/uploads\/2019\/01\/GTalux.jpg?resize=350%2C200&ssl=1 1x, https:\/\/i0.wp.com\/soy.usac.edu.gt\/wp-content\/uploads\/2019\/01\/GTalux.jpg?resize=525%2C300&ssl=1 1.5x, https:\/\/i0.wp.com\/soy.usac.edu.gt\/wp-content\/uploads\/2019\/01\/GTalux.jpg?resize=700%2C400&ssl=1 2x, https:\/\/i0.wp.com\/soy.usac.edu.gt\/wp-content\/uploads\/2019\/01\/GTalux.jpg?resize=1050%2C600&ssl=1 3x, https:\/\/i0.wp.com\/soy.usac.edu.gt\/wp-content\/uploads\/2019\/01\/GTalux.jpg?resize=1400%2C800&ssl=1 4x"},"classes":[]},{"id":3689,"url":"https:\/\/soy.usac.edu.gt\/?p=3689","url_meta":{"origin":10499,"position":1},"title":"\u00a1Felicidades querida alma m\u00e1ter!","author":"Divisi\u00f3n de Publicidad","date":"31 enero, 2019","format":false,"excerpt":"Hoy nuestra querida \u00a0Universidad de San Carlos de Guatemala cumple 343 a\u00f1os de fundaci\u00f3n. La USAC tiene m\u00e1s de tres siglos de gloriosa existencia \u00a0y excelencia acad\u00e9mica. En su trayectoria han egresado notables guatemaltecos que han realizado valiosos aportes al arte,\u00a0 la cultura y la ciencia; estudiantes comprometidos con la\u2026","rel":"","context":"En \u00abNoticias\u00bb","block_context":{"text":"Noticias","link":"https:\/\/soy.usac.edu.gt\/?cat=29"},"img":{"alt_text":"","src":"https:\/\/i0.wp.com\/soy.usac.edu.gt\/wp-content\/uploads\/2019\/01\/DESTACADA-ANIVERSARIO.jpg?resize=350%2C200&ssl=1","width":350,"height":200,"srcset":"https:\/\/i0.wp.com\/soy.usac.edu.gt\/wp-content\/uploads\/2019\/01\/DESTACADA-ANIVERSARIO.jpg?resize=350%2C200&ssl=1 1x, https:\/\/i0.wp.com\/soy.usac.edu.gt\/wp-content\/uploads\/2019\/01\/DESTACADA-ANIVERSARIO.jpg?resize=525%2C300&ssl=1 1.5x, https:\/\/i0.wp.com\/soy.usac.edu.gt\/wp-content\/uploads\/2019\/01\/DESTACADA-ANIVERSARIO.jpg?resize=700%2C400&ssl=1 2x, https:\/\/i0.wp.com\/soy.usac.edu.gt\/wp-content\/uploads\/2019\/01\/DESTACADA-ANIVERSARIO.jpg?resize=1050%2C600&ssl=1 3x, https:\/\/i0.wp.com\/soy.usac.edu.gt\/wp-content\/uploads\/2019\/01\/DESTACADA-ANIVERSARIO.jpg?resize=1400%2C800&ssl=1 4x"},"classes":[]},{"id":10352,"url":"https:\/\/soy.usac.edu.gt\/?p=10352","url_meta":{"origin":10499,"position":2},"title":"Actividades art\u00edsticas por el 344 aniversario de la USAC","author":"Edwin Medina","date":"21 enero, 2020","format":false,"excerpt":"No dejes de participar en las actividades culturales que la USAC prepar\u00f3 para conmemorar este aniversario.","rel":"","context":"En \u00abCultura\u00bb","block_context":{"text":"Cultura","link":"https:\/\/soy.usac.edu.gt\/?cat=123"},"img":{"alt_text":"","src":"https:\/\/i0.wp.com\/soy.usac.edu.gt\/wp-content\/uploads\/2019\/09\/19.jpg?resize=350%2C200&ssl=1","width":350,"height":200,"srcset":"https:\/\/i0.wp.com\/soy.usac.edu.gt\/wp-content\/uploads\/2019\/09\/19.jpg?resize=350%2C200&ssl=1 1x, https:\/\/i0.wp.com\/soy.usac.edu.gt\/wp-content\/uploads\/2019\/09\/19.jpg?resize=525%2C300&ssl=1 1.5x, https:\/\/i0.wp.com\/soy.usac.edu.gt\/wp-content\/uploads\/2019\/09\/19.jpg?resize=700%2C400&ssl=1 2x, https:\/\/i0.wp.com\/soy.usac.edu.gt\/wp-content\/uploads\/2019\/09\/19.jpg?resize=1050%2C600&ssl=1 3x, https:\/\/i0.wp.com\/soy.usac.edu.gt\/wp-content\/uploads\/2019\/09\/19.jpg?resize=1400%2C800&ssl=1 4x"},"classes":[]},{"id":3765,"url":"https:\/\/soy.usac.edu.gt\/?p=3765","url_meta":{"origin":10499,"position":3},"title":"USAC celebra a lo grande","author":"Edwin Medina","date":"31 enero, 2019","format":false,"excerpt":"La casa de estudios con m\u00e1s de tres siglos de ofrecer educaci\u00f3n superior a los guatemaltecos\u00a0 celebr\u00f3 su aniversario 343 de una manera nunca antes vista. Los sancarlistas han festejado el aniversario de su universidad\u00a0 en un ambiente totalmente distinto al de otros a\u00f1os, debido a que la nueva administraci\u00f3n\u2026","rel":"","context":"En \u00abNoticias\u00bb","block_context":{"text":"Noticias","link":"https:\/\/soy.usac.edu.gt\/?cat=29"},"img":{"alt_text":"","src":"https:\/\/i0.wp.com\/soy.usac.edu.gt\/wp-content\/uploads\/2019\/01\/FUNDACI%C3%93N.jpg?resize=350%2C200&ssl=1","width":350,"height":200,"srcset":"https:\/\/i0.wp.com\/soy.usac.edu.gt\/wp-content\/uploads\/2019\/01\/FUNDACI%C3%93N.jpg?resize=350%2C200&ssl=1 1x, https:\/\/i0.wp.com\/soy.usac.edu.gt\/wp-content\/uploads\/2019\/01\/FUNDACI%C3%93N.jpg?resize=525%2C300&ssl=1 1.5x, https:\/\/i0.wp.com\/soy.usac.edu.gt\/wp-content\/uploads\/2019\/01\/FUNDACI%C3%93N.jpg?resize=700%2C400&ssl=1 2x, https:\/\/i0.wp.com\/soy.usac.edu.gt\/wp-content\/uploads\/2019\/01\/FUNDACI%C3%93N.jpg?resize=1050%2C600&ssl=1 3x, https:\/\/i0.wp.com\/soy.usac.edu.gt\/wp-content\/uploads\/2019\/01\/FUNDACI%C3%93N.jpg?resize=1400%2C800&ssl=1 4x"},"classes":[]},{"id":18555,"url":"https:\/\/soy.usac.edu.gt\/?p=18555","url_meta":{"origin":10499,"position":4},"title":"El Festival del Centro Hist\u00f3rico regresa a las calles","author":"Divisi\u00f3n de Publicidad","date":"4 octubre, 2022","format":false,"excerpt":"Tras dos a\u00f1os, las actividades se llevar\u00e1n a cabo de forma presencial para celebrar el 25 aniversario del evento cultural m\u00e1s importante de la ciudad.","rel":"","context":"En \u00abCultura\u00bb","block_context":{"text":"Cultura","link":"https:\/\/soy.usac.edu.gt\/?cat=123"},"img":{"alt_text":"","src":"https:\/\/i0.wp.com\/soy.usac.edu.gt\/wp-content\/uploads\/2022\/10\/WhatsApp-Image-2022-10-04-at-13.37.08.jpeg?resize=350%2C200&ssl=1","width":350,"height":200,"srcset":"https:\/\/i0.wp.com\/soy.usac.edu.gt\/wp-content\/uploads\/2022\/10\/WhatsApp-Image-2022-10-04-at-13.37.08.jpeg?resize=350%2C200&ssl=1 1x, https:\/\/i0.wp.com\/soy.usac.edu.gt\/wp-content\/uploads\/2022\/10\/WhatsApp-Image-2022-10-04-at-13.37.08.jpeg?resize=525%2C300&ssl=1 1.5x, https:\/\/i0.wp.com\/soy.usac.edu.gt\/wp-content\/uploads\/2022\/10\/WhatsApp-Image-2022-10-04-at-13.37.08.jpeg?resize=700%2C400&ssl=1 2x, https:\/\/i0.wp.com\/soy.usac.edu.gt\/wp-content\/uploads\/2022\/10\/WhatsApp-Image-2022-10-04-at-13.37.08.jpeg?resize=1050%2C600&ssl=1 3x, https:\/\/i0.wp.com\/soy.usac.edu.gt\/wp-content\/uploads\/2022\/10\/WhatsApp-Image-2022-10-04-at-13.37.08.jpeg?resize=1400%2C800&ssl=1 4x"},"classes":[]},{"id":3500,"url":"https:\/\/soy.usac.edu.gt\/?p=3500","url_meta":{"origin":10499,"position":5},"title":"Alux Nahual celebrar\u00e1 40 a\u00f1os de carrera en la USAC","author":"Divisi\u00f3n de Publicidad","date":"21 enero, 2019","format":"video","excerpt":"La agrupaci\u00f3n guatemalteca Alux Nahual dar\u00e1 un concierto durante las celebraciones del 343 aniversario de la fundaci\u00f3n de la universidad de San Carlos, al mismo tiempo, el grupo celebrar\u00e1 40 a\u00f1os de trayectoria musical. El evento ser\u00e1 el pr\u00f3ximo mi\u00e9rcoles 30 de enero en la Plaza de los M\u00e1rtires del\u2026","rel":"","context":"En \u00abNoticias\u00bb","block_context":{"text":"Noticias","link":"https:\/\/soy.usac.edu.gt\/?cat=29"},"img":{"alt_text":"","src":"https:\/\/i0.wp.com\/soy.usac.edu.gt\/wp-content\/uploads\/2019\/01\/hqdefault-2.jpg?resize=350%2C200&ssl=1","width":350,"height":200},"classes":[]}],"jetpack_sharing_enabled":true,"_links":{"self":[{"href":"https:\/\/soy.usac.edu.gt\/index.php?rest_route=\/wp\/v2\/posts\/10499","targetHints":{"allow":["GET"]}}],"collection":[{"href":"https:\/\/soy.usac.edu.gt\/index.php?rest_route=\/wp\/v2\/posts"}],"about":[{"href":"https:\/\/soy.usac.edu.gt\/index.php?rest_route=\/wp\/v2\/types\/post"}],"author":[{"embeddable":true,"href":"https:\/\/soy.usac.edu.gt\/index.php?rest_route=\/wp\/v2\/users\/1"}],"replies":[{"embeddable":true,"href":"https:\/\/soy.usac.edu.gt\/index.php?rest_route=%2Fwp%2Fv2%2Fcomments&post=10499"}],"version-history":[{"count":0,"href":"https:\/\/soy.usac.edu.gt\/index.php?rest_route=\/wp\/v2\/posts\/10499\/revisions"}],"wp:featuredmedia":[{"embeddable":true,"href":"https:\/\/soy.usac.edu.gt\/index.php?rest_route=\/wp\/v2\/media\/10515"}],"wp:attachment":[{"href":"https:\/\/soy.usac.edu.gt\/index.php?rest_route=%2Fwp%2Fv2%2Fmedia&parent=10499"}],"wp:term":[{"taxonomy":"category","embeddable":true,"href":"https:\/\/soy.usac.edu.gt\/index.php?rest_route=%2Fwp%2Fv2%2Fcategories&post=10499"},{"taxonomy":"post_tag","embeddable":true,"href":"https:\/\/soy.usac.edu.gt\/index.php?rest_route=%2Fwp%2Fv2%2Ftags&post=10499"}],"curies":[{"name":"wp","href":"https:\/\/api.w.org\/{rel}","templated":true}]}}