{"id":10528,"date":"2020-01-30T16:34:37","date_gmt":"2020-01-30T22:34:37","guid":{"rendered":"https:\/\/soy.usac.edu.gt\/?p=10528"},"modified":"2020-01-30T16:34:37","modified_gmt":"2020-01-30T22:34:37","slug":"diged-reconoce-trayectoria-y-compromiso-de-trabajadores-retirados","status":"publish","type":"post","link":"https:\/\/soy.usac.edu.gt\/?p=10528","title":{"rendered":"DIGED reconoce trayectoria y compromiso de trabajadores retirados"},"content":{"rendered":"\n<p style=\"text-align: justify;\"><em><strong>Tras una vida de compromiso, la maestra Alba Am\u00e9rica Acevedo y el Dr. Carlos Catal\u00e1n fueron homenajeados antes de jubilarse de la instituci\u00f3n.<\/strong><\/em><\/p>\n<p style=\"text-align: justify;\"><span style=\"font-weight: 400;\">La Direcci\u00f3n General de Docencia llev\u00f3 a cabo un acto de reconocimiento a los profesionales mencionados, quienes laboraron para la Universidad de San Carlos de Guatemala durante 38 y 35 a\u00f1os respectivamente. En el acto se les entreg\u00f3 a ambos una plaqueta de reconocimiento y compa\u00f1eros de labores expusieron sus trayectorias profesionales.\u00a0<\/span><\/p>\n<p style=\"text-align: justify;\"><span style=\"font-weight: 400;\">\u201cFue un acto de agradecimiento a dos trabajadores que dieron 35 y 38 a\u00f1os de su vida, ambos se desempe\u00f1aron en la Divisi\u00f3n de Desarrollo Acad\u00e9mico y la Unidad de Salud de Bienestar Estudiantil. Les deseo \u00e9xitos, que disfruten a su familia, sus nuevos planes y una merecida vida de tranquilidad. Dejaron un legado y la instituci\u00f3n quedar\u00e1 muy agradecida con ellos, nosotros los recordaremos\u201d, declar\u00f3 el Dr. Alberto Garc\u00eda, director general de Docencia.\u00a0<\/span><\/p>\n<div id='gallery-1' class='gallery galleryid-10528 gallery-columns-3 gallery-size-thumbnail'><figure class='gallery-item'>\n\t\t\t<div class='gallery-icon landscape'>\n\t\t\t\t<a href='https:\/\/soy.usac.edu.gt\/?attachment_id=10533'><img loading=\"lazy\" decoding=\"async\" width=\"150\" height=\"150\" src=\"https:\/\/soy.usac.edu.gt\/wp-content\/uploads\/2020\/01\/4-copia-150x150.jpg\" class=\"attachment-thumbnail size-thumbnail\" alt=\"\" \/><\/a>\n\t\t\t<\/div><\/figure><figure class='gallery-item'>\n\t\t\t<div class='gallery-icon landscape'>\n\t\t\t\t<a href='https:\/\/soy.usac.edu.gt\/?attachment_id=10541'><img loading=\"lazy\" decoding=\"async\" width=\"150\" height=\"150\" src=\"https:\/\/soy.usac.edu.gt\/wp-content\/uploads\/2020\/01\/13-copia-150x150.jpg\" class=\"attachment-thumbnail size-thumbnail\" alt=\"\" \/><\/a>\n\t\t\t<\/div><\/figure><figure class='gallery-item'>\n\t\t\t<div class='gallery-icon landscape'>\n\t\t\t\t<a href='https:\/\/soy.usac.edu.gt\/?attachment_id=10540'><img loading=\"lazy\" decoding=\"async\" width=\"150\" height=\"150\" src=\"https:\/\/soy.usac.edu.gt\/wp-content\/uploads\/2020\/01\/12-copia-150x150.jpg\" class=\"attachment-thumbnail size-thumbnail\" alt=\"\" \/><\/a>\n\t\t\t<\/div><\/figure><figure class='gallery-item'>\n\t\t\t<div class='gallery-icon landscape'>\n\t\t\t\t<a href='https:\/\/soy.usac.edu.gt\/?attachment_id=10532'><img loading=\"lazy\" decoding=\"async\" width=\"150\" height=\"150\" src=\"https:\/\/soy.usac.edu.gt\/wp-content\/uploads\/2020\/01\/3-copia-150x150.jpg\" class=\"attachment-thumbnail size-thumbnail\" alt=\"\" \/><\/a>\n\t\t\t<\/div><\/figure><figure class='gallery-item'>\n\t\t\t<div class='gallery-icon landscape'>\n\t\t\t\t<a href='https:\/\/soy.usac.edu.gt\/?attachment_id=10538'><img loading=\"lazy\" decoding=\"async\" width=\"150\" height=\"150\" src=\"https:\/\/soy.usac.edu.gt\/wp-content\/uploads\/2020\/01\/9-copia-150x150.jpg\" class=\"attachment-thumbnail size-thumbnail\" alt=\"\" \/><\/a>\n\t\t\t<\/div><\/figure><figure class='gallery-item'>\n\t\t\t<div class='gallery-icon landscape'>\n\t\t\t\t<a href='https:\/\/soy.usac.edu.gt\/?attachment_id=10537'><img loading=\"lazy\" decoding=\"async\" width=\"150\" height=\"150\" src=\"https:\/\/soy.usac.edu.gt\/wp-content\/uploads\/2020\/01\/8-copia-150x150.jpg\" class=\"attachment-thumbnail size-thumbnail\" alt=\"\" \/><\/a>\n\t\t\t<\/div><\/figure><figure class='gallery-item'>\n\t\t\t<div class='gallery-icon landscape'>\n\t\t\t\t<a href='https:\/\/soy.usac.edu.gt\/?attachment_id=10536'><img loading=\"lazy\" decoding=\"async\" width=\"150\" height=\"150\" src=\"https:\/\/soy.usac.edu.gt\/wp-content\/uploads\/2020\/01\/7-copia-150x150.jpg\" class=\"attachment-thumbnail size-thumbnail\" alt=\"\" \/><\/a>\n\t\t\t<\/div><\/figure><figure class='gallery-item'>\n\t\t\t<div class='gallery-icon landscape'>\n\t\t\t\t<a href='https:\/\/soy.usac.edu.gt\/?attachment_id=10535'><img loading=\"lazy\" decoding=\"async\" width=\"150\" height=\"150\" src=\"https:\/\/soy.usac.edu.gt\/wp-content\/uploads\/2020\/01\/6-copia-150x150.jpg\" class=\"attachment-thumbnail size-thumbnail\" alt=\"\" \/><\/a>\n\t\t\t<\/div><\/figure><figure class='gallery-item'>\n\t\t\t<div class='gallery-icon landscape'>\n\t\t\t\t<a href='https:\/\/soy.usac.edu.gt\/?attachment_id=10534'><img loading=\"lazy\" decoding=\"async\" width=\"150\" height=\"150\" src=\"https:\/\/soy.usac.edu.gt\/wp-content\/uploads\/2020\/01\/5-copia-150x150.jpg\" class=\"attachment-thumbnail size-thumbnail\" alt=\"\" \/><\/a>\n\t\t\t<\/div><\/figure><figure class='gallery-item'>\n\t\t\t<div class='gallery-icon landscape'>\n\t\t\t\t<a href='https:\/\/soy.usac.edu.gt\/?attachment_id=10531'><img loading=\"lazy\" decoding=\"async\" width=\"150\" height=\"150\" src=\"https:\/\/soy.usac.edu.gt\/wp-content\/uploads\/2020\/01\/2-copia-150x150.jpg\" class=\"attachment-thumbnail size-thumbnail\" alt=\"\" \/><\/a>\n\t\t\t<\/div><\/figure><figure class='gallery-item'>\n\t\t\t<div class='gallery-icon landscape'>\n\t\t\t\t<a href='https:\/\/soy.usac.edu.gt\/?attachment_id=10530'><img loading=\"lazy\" decoding=\"async\" width=\"150\" height=\"150\" src=\"https:\/\/soy.usac.edu.gt\/wp-content\/uploads\/2020\/01\/1-copia-150x150.jpg\" class=\"attachment-thumbnail size-thumbnail\" alt=\"\" \/><\/a>\n\t\t\t<\/div><\/figure>\n\t\t<\/div>\n\n<p style=\"text-align: justify;\"><span style=\"font-weight: 400;\">Carlos Catal\u00e1n fue director de la Unidad de Salud de Bienestar Estudiantil, trabaj\u00f3 fuertemente por la prohibici\u00f3n del tabaco en el campus central y en la promoci\u00f3n de estilos de vida saludable para la comunidad universitaria. \u201cMe siento muy orgulloso de haber sido parte de la universidad, espero continuar exaltando su nombre y aportando en el \u00e1rea de la salud\u201d, expres\u00f3.\u00a0<\/span><\/p>\n<p style=\"text-align: justify;\"><span style=\"font-weight: 400;\">Por su parte,\u00a0 Alba Am\u00e9rica Acevedo expres\u00f3: \u201cEn este d\u00eda tan especial quiero expresar mi gratitud a esta instituci\u00f3n, que no solo me brind\u00f3 la formaci\u00f3n, tambi\u00e9n un trabajo que me permiti\u00f3 sacar adelante a mis hijas, no se imaginan la satisfacci\u00f3n que siento al ver las carreras con las que he estado trabajando para fortalecer su calidad acad\u00e9mica\u201d.<\/span><\/p>\n<p><img loading=\"lazy\" decoding=\"async\" class=\"aligncenter size-full wp-image-8074\" src=\"https:\/\/soy.usac.edu.gt\/wp-content\/uploads\/2019\/09\/Cr\u00e9ditos-prensa-06.png\" alt=\"\" width=\"5079\" height=\"1960\" srcset=\"https:\/\/soy.usac.edu.gt\/wp-content\/uploads\/2019\/09\/Cr\u00e9ditos-prensa-06.png 5079w, https:\/\/soy.usac.edu.gt\/wp-content\/uploads\/2019\/09\/Cr\u00e9ditos-prensa-06-300x116.png 300w, https:\/\/soy.usac.edu.gt\/wp-content\/uploads\/2019\/09\/Cr\u00e9ditos-prensa-06-768x296.png 768w, https:\/\/soy.usac.edu.gt\/wp-content\/uploads\/2019\/09\/Cr\u00e9ditos-prensa-06-1024x395.png 1024w, https:\/\/soy.usac.edu.gt\/wp-content\/uploads\/2019\/09\/Cr\u00e9ditos-prensa-06-1088x420.png 1088w, https:\/\/soy.usac.edu.gt\/wp-content\/uploads\/2019\/09\/Cr\u00e9ditos-prensa-06-640x247.png 640w, https:\/\/soy.usac.edu.gt\/wp-content\/uploads\/2019\/09\/Cr\u00e9ditos-prensa-06-681x263.png 681w\" sizes=\"auto, (max-width: 5079px) 100vw, 5079px\" \/><\/p>\n<p style=\"text-align: justify;\">\u00a0<\/p>\n","protected":false},"excerpt":{"rendered":"<p>Tras una vida de compromiso, la maestra Alba Am\u00e9rica Acevedo y el Dr. Carlos Catal\u00e1n fueron homenajeados antes de jubilarse de la instituci\u00f3n.<\/p>\n","protected":false},"author":1,"featured_media":10539,"comment_status":"closed","ping_status":"open","sticky":false,"template":"","format":"standard","meta":{"_exactmetrics_skip_tracking":false,"_exactmetrics_sitenote_active":false,"_exactmetrics_sitenote_note":"","_exactmetrics_sitenote_category":0,"_jetpack_memberships_contains_paid_content":false,"footnotes":""},"categories":[29],"tags":[463],"class_list":["post-10528","post","type-post","status-publish","format-standard","has-post-thumbnail","hentry","category-noticias","tag-trabajadores-usac"],"aioseo_notices":[],"jetpack_featured_media_url":"https:\/\/soy.usac.edu.gt\/wp-content\/uploads\/2020\/01\/11-copia.jpg","views":"","jetpack-related-posts":[{"id":5738,"url":"https:\/\/soy.usac.edu.gt\/?p=5738","url_meta":{"origin":10528,"position":0},"title":"Reconocen labor de trabajadores sancarlistas","author":"Divisi\u00f3n de Publicidad","date":"1 mayo, 2019","format":false,"excerpt":"En la plaza de los m\u00e1rtires se llev\u00f3 a cabo un acto conmemorativo por el d\u00eda internacional del trabajo, en el que trabajadores administrativos fueron reconocidos por su trayectoria y aporte a la instituci\u00f3n.","rel":"","context":"En \u00abNoticias\u00bb","block_context":{"text":"Noticias","link":"https:\/\/soy.usac.edu.gt\/?cat=29"},"img":{"alt_text":"","src":"https:\/\/i0.wp.com\/soy.usac.edu.gt\/wp-content\/uploads\/2019\/04\/1-1.jpg?resize=350%2C200&ssl=1","width":350,"height":200,"srcset":"https:\/\/i0.wp.com\/soy.usac.edu.gt\/wp-content\/uploads\/2019\/04\/1-1.jpg?resize=350%2C200&ssl=1 1x, https:\/\/i0.wp.com\/soy.usac.edu.gt\/wp-content\/uploads\/2019\/04\/1-1.jpg?resize=525%2C300&ssl=1 1.5x, https:\/\/i0.wp.com\/soy.usac.edu.gt\/wp-content\/uploads\/2019\/04\/1-1.jpg?resize=700%2C400&ssl=1 2x, https:\/\/i0.wp.com\/soy.usac.edu.gt\/wp-content\/uploads\/2019\/04\/1-1.jpg?resize=1050%2C600&ssl=1 3x, https:\/\/i0.wp.com\/soy.usac.edu.gt\/wp-content\/uploads\/2019\/04\/1-1.jpg?resize=1400%2C800&ssl=1 4x"},"classes":[]},{"id":21967,"url":"https:\/\/soy.usac.edu.gt\/?p=21967","url_meta":{"origin":10528,"position":1},"title":"USAC honra la trayectoria humanista de la Maestra Marta Herminia Mu\u00f1oz Cajas","author":"Divisi\u00f3n de Publicidad","date":"18 septiembre, 2025","format":false,"excerpt":"La Universidad de San Carlos de Guatemala (USAC), a trav\u00e9s de la Facultad de Humanidades, realiz\u00f3 la entrega de la Medalla Humanista \u201cDr. Juan Jos\u00e9 Ar\u00e9valo Bermejo\u201d, el m\u00e1ximo reconocimiento otorgado por esta unidad acad\u00e9mica a profesionales cuya labor refleja un compromiso ejemplar con la educaci\u00f3n, la \u00e9tica y los\u2026","rel":"","context":"En \u00abActividades\u00bb","block_context":{"text":"Actividades","link":"https:\/\/soy.usac.edu.gt\/?cat=126"},"img":{"alt_text":"","src":"https:\/\/i0.wp.com\/soy.usac.edu.gt\/wp-content\/uploads\/2025\/09\/WhatsApp-Image-2025-09-18-at-12.52.23-PM-3.jpeg?resize=350%2C200&ssl=1","width":350,"height":200,"srcset":"https:\/\/i0.wp.com\/soy.usac.edu.gt\/wp-content\/uploads\/2025\/09\/WhatsApp-Image-2025-09-18-at-12.52.23-PM-3.jpeg?resize=350%2C200&ssl=1 1x, https:\/\/i0.wp.com\/soy.usac.edu.gt\/wp-content\/uploads\/2025\/09\/WhatsApp-Image-2025-09-18-at-12.52.23-PM-3.jpeg?resize=525%2C300&ssl=1 1.5x, https:\/\/i0.wp.com\/soy.usac.edu.gt\/wp-content\/uploads\/2025\/09\/WhatsApp-Image-2025-09-18-at-12.52.23-PM-3.jpeg?resize=700%2C400&ssl=1 2x, https:\/\/i0.wp.com\/soy.usac.edu.gt\/wp-content\/uploads\/2025\/09\/WhatsApp-Image-2025-09-18-at-12.52.23-PM-3.jpeg?resize=1050%2C600&ssl=1 3x, https:\/\/i0.wp.com\/soy.usac.edu.gt\/wp-content\/uploads\/2025\/09\/WhatsApp-Image-2025-09-18-at-12.52.23-PM-3.jpeg?resize=1400%2C800&ssl=1 4x"},"classes":[]},{"id":21179,"url":"https:\/\/soy.usac.edu.gt\/?p=21179","url_meta":{"origin":10528,"position":2},"title":"USAC: 349 a\u00f1os transformando la educaci\u00f3n","author":"Divisi\u00f3n de Publicidad","date":"31 enero, 2025","format":false,"excerpt":"En un emotivo acto, la comunidad universitaria conmemor\u00f3 la trayectoria de esta instituci\u00f3n como un legado que se forja constantemente para innovar y garantizar una educaci\u00f3n superior aut\u00f3noma, p\u00fablica y gratuita. \u00a0 Autoridades universitarias, estudiantes, docentes y trabajadores administrativos se reunieron para reconocer y reafirmar el papel de la USAC\u2026","rel":"","context":"En \u00abActividades\u00bb","block_context":{"text":"Actividades","link":"https:\/\/soy.usac.edu.gt\/?cat=126"},"img":{"alt_text":"","src":"https:\/\/i0.wp.com\/soy.usac.edu.gt\/wp-content\/uploads\/2025\/01\/WhatsApp-Image-2025-01-29-at-5.05.46-PM-2.jpeg?resize=350%2C200&ssl=1","width":350,"height":200,"srcset":"https:\/\/i0.wp.com\/soy.usac.edu.gt\/wp-content\/uploads\/2025\/01\/WhatsApp-Image-2025-01-29-at-5.05.46-PM-2.jpeg?resize=350%2C200&ssl=1 1x, https:\/\/i0.wp.com\/soy.usac.edu.gt\/wp-content\/uploads\/2025\/01\/WhatsApp-Image-2025-01-29-at-5.05.46-PM-2.jpeg?resize=525%2C300&ssl=1 1.5x, https:\/\/i0.wp.com\/soy.usac.edu.gt\/wp-content\/uploads\/2025\/01\/WhatsApp-Image-2025-01-29-at-5.05.46-PM-2.jpeg?resize=700%2C400&ssl=1 2x, https:\/\/i0.wp.com\/soy.usac.edu.gt\/wp-content\/uploads\/2025\/01\/WhatsApp-Image-2025-01-29-at-5.05.46-PM-2.jpeg?resize=1050%2C600&ssl=1 3x"},"classes":[]},{"id":17861,"url":"https:\/\/soy.usac.edu.gt\/?p=17861","url_meta":{"origin":10528,"position":3},"title":"El IGSS reconoce labor social de la USAC","author":"Divisi\u00f3n de Publicidad","date":"3 agosto, 2022","format":false,"excerpt":"Uno de los pilares fundamentales de la Universidad de San Carlos de Guatemala es su proyecci\u00f3n social. M\u00e1s de 300 a\u00f1os respaldan su trayectoria como la \u00fanica universidad estatal que, a trav\u00e9s de sus diversas \u00e1reas de trabajo, constituye un baluarte para el desarrollo del pa\u00eds.","rel":"","context":"En \u00abNoticias\u00bb","block_context":{"text":"Noticias","link":"https:\/\/soy.usac.edu.gt\/?cat=29"},"img":{"alt_text":"","src":"https:\/\/i0.wp.com\/soy.usac.edu.gt\/wp-content\/uploads\/2022\/08\/WhatsApp-Image-2022-08-03-at-7.00.15-PM.jpeg?resize=350%2C200&ssl=1","width":350,"height":200,"srcset":"https:\/\/i0.wp.com\/soy.usac.edu.gt\/wp-content\/uploads\/2022\/08\/WhatsApp-Image-2022-08-03-at-7.00.15-PM.jpeg?resize=350%2C200&ssl=1 1x, https:\/\/i0.wp.com\/soy.usac.edu.gt\/wp-content\/uploads\/2022\/08\/WhatsApp-Image-2022-08-03-at-7.00.15-PM.jpeg?resize=525%2C300&ssl=1 1.5x, https:\/\/i0.wp.com\/soy.usac.edu.gt\/wp-content\/uploads\/2022\/08\/WhatsApp-Image-2022-08-03-at-7.00.15-PM.jpeg?resize=700%2C400&ssl=1 2x, https:\/\/i0.wp.com\/soy.usac.edu.gt\/wp-content\/uploads\/2022\/08\/WhatsApp-Image-2022-08-03-at-7.00.15-PM.jpeg?resize=1050%2C600&ssl=1 3x"},"classes":[]},{"id":12566,"url":"https:\/\/soy.usac.edu.gt\/?p=12566","url_meta":{"origin":10528,"position":4},"title":"Hasta siempre, Gustavo Bonilla, sancarlista de coraz\u00f3n","author":"Divisi\u00f3n de Publicidad","date":"18 octubre, 2020","format":false,"excerpt":"En la ciudad universitaria se llev\u00f3 a cabo un emotivo\u00a0homenaje p\u00f3stumo al Lic. Gustavo Bonilla, exdecano de la Facultad de Ciencias Jur\u00eddicas y Sociales, quien falleci\u00f3 a causa de un paro card\u00edaco este s\u00e1bado 17 de octubre.","rel":"","context":"En \u00abNoticias\u00bb","block_context":{"text":"Noticias","link":"https:\/\/soy.usac.edu.gt\/?cat=29"},"img":{"alt_text":"","src":"https:\/\/i0.wp.com\/soy.usac.edu.gt\/wp-content\/uploads\/2020\/10\/WhatsApp-Image-2020-10-18-at-12.38.40-PM.jpeg?resize=350%2C200&ssl=1","width":350,"height":200,"srcset":"https:\/\/i0.wp.com\/soy.usac.edu.gt\/wp-content\/uploads\/2020\/10\/WhatsApp-Image-2020-10-18-at-12.38.40-PM.jpeg?resize=350%2C200&ssl=1 1x, https:\/\/i0.wp.com\/soy.usac.edu.gt\/wp-content\/uploads\/2020\/10\/WhatsApp-Image-2020-10-18-at-12.38.40-PM.jpeg?resize=525%2C300&ssl=1 1.5x, https:\/\/i0.wp.com\/soy.usac.edu.gt\/wp-content\/uploads\/2020\/10\/WhatsApp-Image-2020-10-18-at-12.38.40-PM.jpeg?resize=700%2C400&ssl=1 2x, https:\/\/i0.wp.com\/soy.usac.edu.gt\/wp-content\/uploads\/2020\/10\/WhatsApp-Image-2020-10-18-at-12.38.40-PM.jpeg?resize=1050%2C600&ssl=1 3x"},"classes":[]},{"id":16066,"url":"https:\/\/soy.usac.edu.gt\/?p=16066","url_meta":{"origin":10528,"position":5},"title":"USAC rinde homenaje p\u00f3stumo al Sordo Barnoya","author":"Divisi\u00f3n de Publicidad","date":"19 noviembre, 2021","format":false,"excerpt":"Durante la actividad realizada en el Museo de la Universidad de San Carlos de Guatemala (MUSAC), se conmemor\u00f3 al m\u00e9dico, ur\u00f3logo, poeta, excatedr\u00e1tico de la Facultad de Ciencias M\u00e9dicas y huelguero vitalicio.","rel":"","context":"En \u00abNoticias\u00bb","block_context":{"text":"Noticias","link":"https:\/\/soy.usac.edu.gt\/?cat=29"},"img":{"alt_text":"","src":"https:\/\/i0.wp.com\/soy.usac.edu.gt\/wp-content\/uploads\/2021\/11\/WhatsApp-Image-2021-11-18-at-13.43.38.jpeg?resize=350%2C200&ssl=1","width":350,"height":200,"srcset":"https:\/\/i0.wp.com\/soy.usac.edu.gt\/wp-content\/uploads\/2021\/11\/WhatsApp-Image-2021-11-18-at-13.43.38.jpeg?resize=350%2C200&ssl=1 1x, https:\/\/i0.wp.com\/soy.usac.edu.gt\/wp-content\/uploads\/2021\/11\/WhatsApp-Image-2021-11-18-at-13.43.38.jpeg?resize=525%2C300&ssl=1 1.5x, https:\/\/i0.wp.com\/soy.usac.edu.gt\/wp-content\/uploads\/2021\/11\/WhatsApp-Image-2021-11-18-at-13.43.38.jpeg?resize=700%2C400&ssl=1 2x, https:\/\/i0.wp.com\/soy.usac.edu.gt\/wp-content\/uploads\/2021\/11\/WhatsApp-Image-2021-11-18-at-13.43.38.jpeg?resize=1050%2C600&ssl=1 3x"},"classes":[]}],"jetpack_sharing_enabled":true,"_links":{"self":[{"href":"https:\/\/soy.usac.edu.gt\/index.php?rest_route=\/wp\/v2\/posts\/10528","targetHints":{"allow":["GET"]}}],"collection":[{"href":"https:\/\/soy.usac.edu.gt\/index.php?rest_route=\/wp\/v2\/posts"}],"about":[{"href":"https:\/\/soy.usac.edu.gt\/index.php?rest_route=\/wp\/v2\/types\/post"}],"author":[{"embeddable":true,"href":"https:\/\/soy.usac.edu.gt\/index.php?rest_route=\/wp\/v2\/users\/1"}],"replies":[{"embeddable":true,"href":"https:\/\/soy.usac.edu.gt\/index.php?rest_route=%2Fwp%2Fv2%2Fcomments&post=10528"}],"version-history":[{"count":0,"href":"https:\/\/soy.usac.edu.gt\/index.php?rest_route=\/wp\/v2\/posts\/10528\/revisions"}],"wp:featuredmedia":[{"embeddable":true,"href":"https:\/\/soy.usac.edu.gt\/index.php?rest_route=\/wp\/v2\/media\/10539"}],"wp:attachment":[{"href":"https:\/\/soy.usac.edu.gt\/index.php?rest_route=%2Fwp%2Fv2%2Fmedia&parent=10528"}],"wp:term":[{"taxonomy":"category","embeddable":true,"href":"https:\/\/soy.usac.edu.gt\/index.php?rest_route=%2Fwp%2Fv2%2Fcategories&post=10528"},{"taxonomy":"post_tag","embeddable":true,"href":"https:\/\/soy.usac.edu.gt\/index.php?rest_route=%2Fwp%2Fv2%2Ftags&post=10528"}],"curies":[{"name":"wp","href":"https:\/\/api.w.org\/{rel}","templated":true}]}}