{"id":10646,"date":"2020-02-04T11:57:16","date_gmt":"2020-02-04T17:57:16","guid":{"rendered":"https:\/\/soy.usac.edu.gt\/?p=10646"},"modified":"2020-02-04T11:57:16","modified_gmt":"2020-02-04T17:57:16","slug":"usac-realiza-conferencias-sobre-movilidad-vialidad-y-transporte","status":"publish","type":"post","link":"https:\/\/soy.usac.edu.gt\/?p=10646","title":{"rendered":"USAC realiza conferencias sobre movilidad, vialidad y transporte"},"content":{"rendered":"\n<p style=\"text-align: justify;\"><strong><em>La Direcci\u00f3n General de Administraci\u00f3n (DIGA) realiz\u00f3 el seminario Movilidad, Vialidad y Transporte dentro del campus universitario.<\/em><\/strong><\/p>\n<p style=\"text-align: justify;\">El Arq. Carlos Valladares, secretario general, dijo que la actividad acad\u00e9mica est\u00e1 relacionada con las soluciones a los problemas que afronta actualmente Guatemala y la ciudad universitaria: \u201cEn tanto no logremos reducir el uso de veh\u00edculo individual estableciendo un eficiente sistema de transporte colectivo, continuaremos enfrentando los graves efectos del exceso de tr\u00e1fico; problema que debemos resolver en conjunto con la Municipalidad central, para lograr un mejor ordenamiento vial\u201d.<\/p>\n<p style=\"text-align: justify;\">El Ing. Baudilio May\u00e9n, coordinador general de Transporte Interno de la USAC, dijo: \u201cTenemos planes de agregar durante el presente a\u00f1o tres unidades nuevas a nuestra flotilla de siete buses, las cuales tendr\u00e1n capacidad para 14 y 30 pasajeros, dos de estas con motor el\u00e9ctrico\u201d. El Ing. May\u00e9n inform\u00f3 que, en beneficio de la movilidad, la DIGA establecer\u00e1 un carril vehicular r\u00e1pido con siete paradas para los buses del Transporte Interno de la ciudad universitaria.<\/p>\n<p style=\"text-align: justify;\">El Arq. Ra\u00fal Monterroso, coordinador de la Unidad de Innovaci\u00f3n Docente de la Facultad de Arquitectura, indic\u00f3: \u201cLa planificaci\u00f3n urbana relacionada con las condiciones arquitect\u00f3nicas permite una adecuada movilidad, una eficiente organizaci\u00f3n del espacio y una mejor calidad de vida, esto desde el enfoque de la planificaci\u00f3n estrat\u00e9gica e integral, que incluye movilidad, actividad comercial, ambiente y patrimonio cultural\u201d.<\/p>\n<div id='gallery-1' class='gallery galleryid-10646 gallery-columns-3 gallery-size-thumbnail'><figure class='gallery-item'>\n\t\t\t<div class='gallery-icon landscape'>\n\t\t\t\t<a href='https:\/\/soy.usac.edu.gt\/?attachment_id=10666'><img loading=\"lazy\" decoding=\"async\" width=\"150\" height=\"150\" src=\"https:\/\/soy.usac.edu.gt\/wp-content\/uploads\/2020\/02\/WhatsApp-Image-2020-02-04-at-10.10.55-5-150x150.jpeg\" class=\"attachment-thumbnail size-thumbnail\" alt=\"\" aria-describedby=\"gallery-1-10666\" \/><\/a>\n\t\t\t<\/div>\n\t\t\t\t<figcaption class='wp-caption-text gallery-caption' id='gallery-1-10666'>\n\t\t\t\tEl Ing. Manuel Pinto, coordinador general de servicios e infraestructura de la DIGA, resalt\u00f3 la importancia de la educaci\u00f3n vial entre los universitarios.\n\t\t\t\t<\/figcaption><\/figure><figure class='gallery-item'>\n\t\t\t<div class='gallery-icon landscape'>\n\t\t\t\t<a href='https:\/\/soy.usac.edu.gt\/?attachment_id=10664'><img loading=\"lazy\" decoding=\"async\" width=\"150\" height=\"150\" src=\"https:\/\/soy.usac.edu.gt\/wp-content\/uploads\/2020\/02\/WhatsApp-Image-2020-02-04-at-10.10.55-3-150x150.jpeg\" class=\"attachment-thumbnail size-thumbnail\" alt=\"\" aria-describedby=\"gallery-1-10664\" \/><\/a>\n\t\t\t<\/div>\n\t\t\t\t<figcaption class='wp-caption-text gallery-caption' id='gallery-1-10664'>\n\t\t\t\tLa serie de conferencias estuvo destinada a ofrecer un marco te\u00f3rico en torno a los procesos de soluci\u00f3n urbana realizados por la USAC.\n\t\t\t\t<\/figcaption><\/figure><figure class='gallery-item'>\n\t\t\t<div class='gallery-icon landscape'>\n\t\t\t\t<a href='https:\/\/soy.usac.edu.gt\/?attachment_id=10670'><img loading=\"lazy\" decoding=\"async\" width=\"150\" height=\"150\" src=\"https:\/\/soy.usac.edu.gt\/wp-content\/uploads\/2020\/02\/WhatsApp-Image-2020-02-04-at-10.10.56-150x150.jpeg\" class=\"attachment-thumbnail size-thumbnail\" alt=\"\" \/><\/a>\n\t\t\t<\/div><\/figure><figure class='gallery-item'>\n\t\t\t<div class='gallery-icon landscape'>\n\t\t\t\t<a href='https:\/\/soy.usac.edu.gt\/?attachment_id=10669'><img loading=\"lazy\" decoding=\"async\" width=\"150\" height=\"150\" src=\"https:\/\/soy.usac.edu.gt\/wp-content\/uploads\/2020\/02\/WhatsApp-Image-2020-02-04-at-10.10.55-150x150.jpeg\" class=\"attachment-thumbnail size-thumbnail\" alt=\"\" \/><\/a>\n\t\t\t<\/div><\/figure><figure class='gallery-item'>\n\t\t\t<div class='gallery-icon landscape'>\n\t\t\t\t<a href='https:\/\/soy.usac.edu.gt\/?attachment_id=10668'><img loading=\"lazy\" decoding=\"async\" width=\"150\" height=\"150\" src=\"https:\/\/soy.usac.edu.gt\/wp-content\/uploads\/2020\/02\/WhatsApp-Image-2020-02-04-at-10.10.55-7-150x150.jpeg\" class=\"attachment-thumbnail size-thumbnail\" alt=\"\" \/><\/a>\n\t\t\t<\/div><\/figure><figure class='gallery-item'>\n\t\t\t<div class='gallery-icon landscape'>\n\t\t\t\t<a href='https:\/\/soy.usac.edu.gt\/?attachment_id=10667'><img loading=\"lazy\" decoding=\"async\" width=\"150\" height=\"150\" src=\"https:\/\/soy.usac.edu.gt\/wp-content\/uploads\/2020\/02\/WhatsApp-Image-2020-02-04-at-10.10.55-6-150x150.jpeg\" class=\"attachment-thumbnail size-thumbnail\" alt=\"\" \/><\/a>\n\t\t\t<\/div><\/figure><figure class='gallery-item'>\n\t\t\t<div class='gallery-icon landscape'>\n\t\t\t\t<a href='https:\/\/soy.usac.edu.gt\/?attachment_id=10662'><img loading=\"lazy\" decoding=\"async\" width=\"150\" height=\"150\" src=\"https:\/\/soy.usac.edu.gt\/wp-content\/uploads\/2020\/02\/WhatsApp-Image-2020-02-04-at-10.10.55-1-150x150.jpeg\" class=\"attachment-thumbnail size-thumbnail\" alt=\"\" \/><\/a>\n\t\t\t<\/div><\/figure>\n\t\t<\/div>\n\n<p style=\"text-align: justify;\"><img loading=\"lazy\" decoding=\"async\" class=\"aligncenter size-full wp-image-7627\" src=\"https:\/\/soy.usac.edu.gt\/wp-content\/uploads\/2019\/07\/Cre\u0301ditos-prensa-26-5.png\" alt=\"\" width=\"5079\" height=\"1960\" srcset=\"https:\/\/soy.usac.edu.gt\/wp-content\/uploads\/2019\/07\/Cre\u0301ditos-prensa-26-5.png 5079w, https:\/\/soy.usac.edu.gt\/wp-content\/uploads\/2019\/07\/Cre\u0301ditos-prensa-26-5-300x116.png 300w, https:\/\/soy.usac.edu.gt\/wp-content\/uploads\/2019\/07\/Cre\u0301ditos-prensa-26-5-768x296.png 768w, https:\/\/soy.usac.edu.gt\/wp-content\/uploads\/2019\/07\/Cre\u0301ditos-prensa-26-5-1024x395.png 1024w, https:\/\/soy.usac.edu.gt\/wp-content\/uploads\/2019\/07\/Cre\u0301ditos-prensa-26-5-1088x420.png 1088w, https:\/\/soy.usac.edu.gt\/wp-content\/uploads\/2019\/07\/Cre\u0301ditos-prensa-26-5-640x247.png 640w, https:\/\/soy.usac.edu.gt\/wp-content\/uploads\/2019\/07\/Cre\u0301ditos-prensa-26-5-681x263.png 681w\" sizes=\"auto, (max-width: 5079px) 100vw, 5079px\" \/><\/p>\n","protected":false},"excerpt":{"rendered":"<p>La Direcci\u00f3n General de Administraci\u00f3n (DIGA) realiz\u00f3 el seminario Movilidad, Vialidad y Transporte dentro del campus universitario.<\/p>\n","protected":false},"author":16,"featured_media":10663,"comment_status":"closed","ping_status":"open","sticky":false,"template":"","format":"standard","meta":{"_exactmetrics_skip_tracking":false,"_exactmetrics_sitenote_active":false,"_exactmetrics_sitenote_note":"","_exactmetrics_sitenote_category":0,"_jetpack_memberships_contains_paid_content":false,"footnotes":""},"categories":[29],"tags":[342,404,614,615],"class_list":["post-10646","post","type-post","status-publish","format-standard","has-post-thumbnail","hentry","category-noticias","tag-campus-central","tag-diga","tag-movilidad","tag-viabilidad"],"aioseo_notices":[],"jetpack_featured_media_url":"https:\/\/soy.usac.edu.gt\/wp-content\/uploads\/2020\/02\/WhatsApp-Image-2020-02-04-at-10.10.55-2.jpeg","views":"","jetpack-related-posts":[{"id":4750,"url":"https:\/\/soy.usac.edu.gt\/?p=4750","url_meta":{"origin":10646,"position":0},"title":"Por una USAC m\u00e1s segura","author":"Divisi\u00f3n de Publicidad","date":"9 marzo, 2019","format":false,"excerpt":"Actualmente la Direcci\u00f3n General de Administraci\u00f3n (DIGA) est\u00e1 trabajando en varios proyectos que buscan mejorar la seguridad del campus central.","rel":"","context":"En \u00abNoticias\u00bb","block_context":{"text":"Noticias","link":"https:\/\/soy.usac.edu.gt\/?cat=29"},"img":{"alt_text":"","src":"https:\/\/i0.wp.com\/soy.usac.edu.gt\/wp-content\/uploads\/2019\/03\/DSC_7550.jpg?resize=350%2C200&ssl=1","width":350,"height":200,"srcset":"https:\/\/i0.wp.com\/soy.usac.edu.gt\/wp-content\/uploads\/2019\/03\/DSC_7550.jpg?resize=350%2C200&ssl=1 1x, https:\/\/i0.wp.com\/soy.usac.edu.gt\/wp-content\/uploads\/2019\/03\/DSC_7550.jpg?resize=525%2C300&ssl=1 1.5x, https:\/\/i0.wp.com\/soy.usac.edu.gt\/wp-content\/uploads\/2019\/03\/DSC_7550.jpg?resize=700%2C400&ssl=1 2x, https:\/\/i0.wp.com\/soy.usac.edu.gt\/wp-content\/uploads\/2019\/03\/DSC_7550.jpg?resize=1050%2C600&ssl=1 3x, https:\/\/i0.wp.com\/soy.usac.edu.gt\/wp-content\/uploads\/2019\/03\/DSC_7550.jpg?resize=1400%2C800&ssl=1 4x"},"classes":[]},{"id":3426,"url":"https:\/\/soy.usac.edu.gt\/?p=3426","url_meta":{"origin":10646,"position":1},"title":"\u00bfC\u00f3mo se desarrolla la actividad comercial en la USAC?","author":"Divisi\u00f3n de Publicidad","date":"14 enero, 2019","format":false,"excerpt":"En 2013 entr\u00f3 en vigencia el Reglamento General para el Desarrollo de la Actividad Comercial que se aplica en las instalaciones de la Universidad de San Carlos de Guatemala. M\u00e1s de 300 mil personas \u2014entre trabajadores administrativos, catedr\u00e1ticos y estudiantes\u2014 utilizan a diario las diferentes instalaciones de la USAC en\u2026","rel":"","context":"En \u00abNoticias\u00bb","block_context":{"text":"Noticias","link":"https:\/\/soy.usac.edu.gt\/?cat=29"},"img":{"alt_text":"","src":"https:\/\/i0.wp.com\/soy.usac.edu.gt\/wp-content\/uploads\/2019\/01\/1.-actividad-comercial.jpg?resize=350%2C200&ssl=1","width":350,"height":200,"srcset":"https:\/\/i0.wp.com\/soy.usac.edu.gt\/wp-content\/uploads\/2019\/01\/1.-actividad-comercial.jpg?resize=350%2C200&ssl=1 1x, https:\/\/i0.wp.com\/soy.usac.edu.gt\/wp-content\/uploads\/2019\/01\/1.-actividad-comercial.jpg?resize=525%2C300&ssl=1 1.5x, https:\/\/i0.wp.com\/soy.usac.edu.gt\/wp-content\/uploads\/2019\/01\/1.-actividad-comercial.jpg?resize=700%2C400&ssl=1 2x, https:\/\/i0.wp.com\/soy.usac.edu.gt\/wp-content\/uploads\/2019\/01\/1.-actividad-comercial.jpg?resize=1050%2C600&ssl=1 3x, https:\/\/i0.wp.com\/soy.usac.edu.gt\/wp-content\/uploads\/2019\/01\/1.-actividad-comercial.jpg?resize=1400%2C800&ssl=1 4x"},"classes":[]},{"id":17890,"url":"https:\/\/soy.usac.edu.gt\/?p=17890","url_meta":{"origin":10646,"position":2},"title":"La Administraci\u00f3n continuar\u00e1 sus planes de trabajo","author":"Divisi\u00f3n de Publicidad","date":"5 agosto, 2022","format":false,"excerpt":"Fotograf\u00eda Cristi\u00e1n Mart\u00ednez El director general de Administraci\u00f3n (DIGA) tiene funciones como velar por la seguridad interna, el mantenimiento de las instalaciones universitarias y el resguardo del patrimonio sancarlista. Hoy por la ma\u00f1ana, en el programa Matutino Express de Canal Antigua, el director general de Administraci\u00f3n, Ing. Luis Pedro Ortiz,\u2026","rel":"","context":"En \u00abNoticias\u00bb","block_context":{"text":"Noticias","link":"https:\/\/soy.usac.edu.gt\/?cat=29"},"img":{"alt_text":"","src":"https:\/\/i0.wp.com\/soy.usac.edu.gt\/wp-content\/uploads\/2022\/08\/WhatsApp-Image-2022-08-05-at-11.06.56-AM.jpeg?resize=350%2C200&ssl=1","width":350,"height":200,"srcset":"https:\/\/i0.wp.com\/soy.usac.edu.gt\/wp-content\/uploads\/2022\/08\/WhatsApp-Image-2022-08-05-at-11.06.56-AM.jpeg?resize=350%2C200&ssl=1 1x, https:\/\/i0.wp.com\/soy.usac.edu.gt\/wp-content\/uploads\/2022\/08\/WhatsApp-Image-2022-08-05-at-11.06.56-AM.jpeg?resize=525%2C300&ssl=1 1.5x, https:\/\/i0.wp.com\/soy.usac.edu.gt\/wp-content\/uploads\/2022\/08\/WhatsApp-Image-2022-08-05-at-11.06.56-AM.jpeg?resize=700%2C400&ssl=1 2x, https:\/\/i0.wp.com\/soy.usac.edu.gt\/wp-content\/uploads\/2022\/08\/WhatsApp-Image-2022-08-05-at-11.06.56-AM.jpeg?resize=1050%2C600&ssl=1 3x, https:\/\/i0.wp.com\/soy.usac.edu.gt\/wp-content\/uploads\/2022\/08\/WhatsApp-Image-2022-08-05-at-11.06.56-AM.jpeg?resize=1400%2C800&ssl=1 4x"},"classes":[]},{"id":9016,"url":"https:\/\/soy.usac.edu.gt\/?p=9016","url_meta":{"origin":10646,"position":3},"title":"Suspenden actividades generales en Campus Central","author":"Divisi\u00f3n de Publicidad","date":"16 octubre, 2019","format":false,"excerpt":"A causa de la depresi\u00f3n tropical se suspenden actividades durante 24 horas a partir de las 14:00 horas del mi\u00e9rcoles 16 de octubre hasta las 13:00 horas del 17 de octubre 2019","rel":"","context":"En \u00abNoticias\u00bb","block_context":{"text":"Noticias","link":"https:\/\/soy.usac.edu.gt\/?cat=29"},"img":{"alt_text":"","src":"","width":0,"height":0},"classes":[]},{"id":17807,"url":"https:\/\/soy.usac.edu.gt\/?p=17807","url_meta":{"origin":10646,"position":4},"title":"Buscan instalar mesa de di\u00e1logo","author":"Divisi\u00f3n de Publicidad","date":"1 agosto, 2022","format":false,"excerpt":"El Consejo Superior Universitario (CSU) nombr\u00f3 a una Comisi\u00f3n de Di\u00e1logo que tiene como prop\u00f3sito recuperar las instalaciones universitarias.","rel":"","context":"En \u00abSin categor\u00eda\u00bb","block_context":{"text":"Sin categor\u00eda","link":"https:\/\/soy.usac.edu.gt\/?cat=1"},"img":{"alt_text":"","src":"https:\/\/i0.wp.com\/soy.usac.edu.gt\/wp-content\/uploads\/2022\/08\/WhatsApp-Image-2022-08-01-at-3.39.09-PM.jpeg?resize=350%2C200&ssl=1","width":350,"height":200,"srcset":"https:\/\/i0.wp.com\/soy.usac.edu.gt\/wp-content\/uploads\/2022\/08\/WhatsApp-Image-2022-08-01-at-3.39.09-PM.jpeg?resize=350%2C200&ssl=1 1x, https:\/\/i0.wp.com\/soy.usac.edu.gt\/wp-content\/uploads\/2022\/08\/WhatsApp-Image-2022-08-01-at-3.39.09-PM.jpeg?resize=525%2C300&ssl=1 1.5x, https:\/\/i0.wp.com\/soy.usac.edu.gt\/wp-content\/uploads\/2022\/08\/WhatsApp-Image-2022-08-01-at-3.39.09-PM.jpeg?resize=700%2C400&ssl=1 2x, https:\/\/i0.wp.com\/soy.usac.edu.gt\/wp-content\/uploads\/2022\/08\/WhatsApp-Image-2022-08-01-at-3.39.09-PM.jpeg?resize=1050%2C600&ssl=1 3x, https:\/\/i0.wp.com\/soy.usac.edu.gt\/wp-content\/uploads\/2022\/08\/WhatsApp-Image-2022-08-01-at-3.39.09-PM.jpeg?resize=1400%2C800&ssl=1 4x"},"classes":[]},{"id":4144,"url":"https:\/\/soy.usac.edu.gt\/?p=4144","url_meta":{"origin":10646,"position":5},"title":"Mapa del campus central de la USAC","author":"Divisi\u00f3n de Publicidad","date":"19 febrero, 2019","format":false,"excerpt":"Aqu\u00ed puedes descargar el mapa del campus central No te pierdas en la USAC,\u00a0la ciudad universitaria cuenta con m\u00e1s de 35 edificios, en donde se ubican las diferentes unidades acad\u00e9micas, laboratorios y\u00a0 centros de investigaci\u00f3n. El campus actual se debe a la visi\u00f3n futurista del exrector Carlos Mart\u00ednez Dur\u00e1n, quien\u2026","rel":"","context":"En \u00abMapa del Campus Central\u00bb","block_context":{"text":"Mapa del Campus Central","link":"https:\/\/soy.usac.edu.gt\/?cat=339"},"img":{"alt_text":"","src":"https:\/\/i0.wp.com\/soy.usac.edu.gt\/wp-content\/uploads\/2019\/02\/Imagen-destacada-Mapa.jpg?resize=350%2C200&ssl=1","width":350,"height":200,"srcset":"https:\/\/i0.wp.com\/soy.usac.edu.gt\/wp-content\/uploads\/2019\/02\/Imagen-destacada-Mapa.jpg?resize=350%2C200&ssl=1 1x, https:\/\/i0.wp.com\/soy.usac.edu.gt\/wp-content\/uploads\/2019\/02\/Imagen-destacada-Mapa.jpg?resize=525%2C300&ssl=1 1.5x, https:\/\/i0.wp.com\/soy.usac.edu.gt\/wp-content\/uploads\/2019\/02\/Imagen-destacada-Mapa.jpg?resize=700%2C400&ssl=1 2x, https:\/\/i0.wp.com\/soy.usac.edu.gt\/wp-content\/uploads\/2019\/02\/Imagen-destacada-Mapa.jpg?resize=1050%2C600&ssl=1 3x, https:\/\/i0.wp.com\/soy.usac.edu.gt\/wp-content\/uploads\/2019\/02\/Imagen-destacada-Mapa.jpg?resize=1400%2C800&ssl=1 4x"},"classes":[]}],"jetpack_sharing_enabled":true,"_links":{"self":[{"href":"https:\/\/soy.usac.edu.gt\/index.php?rest_route=\/wp\/v2\/posts\/10646","targetHints":{"allow":["GET"]}}],"collection":[{"href":"https:\/\/soy.usac.edu.gt\/index.php?rest_route=\/wp\/v2\/posts"}],"about":[{"href":"https:\/\/soy.usac.edu.gt\/index.php?rest_route=\/wp\/v2\/types\/post"}],"author":[{"embeddable":true,"href":"https:\/\/soy.usac.edu.gt\/index.php?rest_route=\/wp\/v2\/users\/16"}],"replies":[{"embeddable":true,"href":"https:\/\/soy.usac.edu.gt\/index.php?rest_route=%2Fwp%2Fv2%2Fcomments&post=10646"}],"version-history":[{"count":0,"href":"https:\/\/soy.usac.edu.gt\/index.php?rest_route=\/wp\/v2\/posts\/10646\/revisions"}],"wp:featuredmedia":[{"embeddable":true,"href":"https:\/\/soy.usac.edu.gt\/index.php?rest_route=\/wp\/v2\/media\/10663"}],"wp:attachment":[{"href":"https:\/\/soy.usac.edu.gt\/index.php?rest_route=%2Fwp%2Fv2%2Fmedia&parent=10646"}],"wp:term":[{"taxonomy":"category","embeddable":true,"href":"https:\/\/soy.usac.edu.gt\/index.php?rest_route=%2Fwp%2Fv2%2Fcategories&post=10646"},{"taxonomy":"post_tag","embeddable":true,"href":"https:\/\/soy.usac.edu.gt\/index.php?rest_route=%2Fwp%2Fv2%2Ftags&post=10646"}],"curies":[{"name":"wp","href":"https:\/\/api.w.org\/{rel}","templated":true}]}}