{"id":10647,"date":"2020-02-04T10:06:44","date_gmt":"2020-02-04T16:06:44","guid":{"rendered":"https:\/\/soy.usac.edu.gt\/?p=10647"},"modified":"2020-02-14T09:39:13","modified_gmt":"2020-02-14T15:39:13","slug":"inauguran-sede-de-la-efpem-en-el-municipio-de-chinautla","status":"publish","type":"post","link":"https:\/\/soy.usac.edu.gt\/?p=10647","title":{"rendered":"Inauguran sede de la EFPEM en el municipio de Chinautla"},"content":{"rendered":"\n<p style=\"text-align: justify;\"><em><strong>La nueva sede de la EFPEM funcionar\u00e1 en jornada dominical, en las instalaciones del INEB \u201cBrenda E. Del Cid.<\/strong><\/em><\/p>\n<p>Por Paula Agust\u00edn Comunicadora del EFPEM<\/p>\n<p style=\"text-align: justify;\">Siguiendo el lema \u201cId y ense\u00f1ad a todos\u201d, el domingo 2 de febrero, la Escuela de Formaci\u00f3n de Profesores de Ense\u00f1anza Media (EFPEM) inaugur\u00f3 las actividades acad\u00e9micas de su primera sede en alianza con una corporaci\u00f3n municipal.\u00a0 Esta sede se constituy\u00f3 gracias a un convenio interinstitucional firmado entre la se\u00f1ora alcaldesa de Chinautla, Brenda Elizabeth Del Cid Medrano, y el director de la EFPEM, M. Sc. Danilo L\u00f3pez P\u00e9rez.<\/p>\n<p style=\"text-align: justify;\">Autoridades municipales de Chinautla tuvieron acercamientos con la Direcci\u00f3n de la EFPEM para gestionar que se impartieran profesorados de Ense\u00f1anza Media en el municipio, con el objetivo de facilitar las condiciones para que la juventud de Chinautla, especialmente maestros, puedan continuar sus estudios universitarios, y as\u00ed contribuir a mejorar la calidad educativa del sector.<\/p>\n<p style=\"text-align: justify;\">La nueva sede de la EFPEM funcionar\u00e1 en jornada dominical, en las instalaciones del INEB \u201cBrenda E. Del Cid\u201d; y se est\u00e1n impartiendo los profesorados de Ense\u00f1anza Media en las especialidades de Lengua y Literatura, y F\u00edsica y Matem\u00e1tica.<\/p>\n<div id='gallery-1' class='gallery galleryid-10647 gallery-columns-3 gallery-size-thumbnail'><figure class='gallery-item'>\n\t\t\t<div class='gallery-icon landscape'>\n\t\t\t\t<a href='https:\/\/soy.usac.edu.gt\/?attachment_id=10655'><img loading=\"lazy\" decoding=\"async\" width=\"150\" height=\"150\" src=\"https:\/\/soy.usac.edu.gt\/wp-content\/uploads\/2020\/02\/Inauguracio\u0301nSedeEfpem16-150x150.jpg\" class=\"attachment-thumbnail size-thumbnail\" alt=\"\" \/><\/a>\n\t\t\t<\/div><\/figure><figure class='gallery-item'>\n\t\t\t<div class='gallery-icon landscape'>\n\t\t\t\t<a href='https:\/\/soy.usac.edu.gt\/?attachment_id=10656'><img loading=\"lazy\" decoding=\"async\" width=\"150\" height=\"150\" src=\"https:\/\/soy.usac.edu.gt\/wp-content\/uploads\/2020\/02\/Inauguracio\u0301nSedeEfpem19-150x150.jpg\" class=\"attachment-thumbnail size-thumbnail\" alt=\"\" \/><\/a>\n\t\t\t<\/div><\/figure><figure class='gallery-item'>\n\t\t\t<div class='gallery-icon landscape'>\n\t\t\t\t<a href='https:\/\/soy.usac.edu.gt\/?attachment_id=10654'><img loading=\"lazy\" decoding=\"async\" width=\"150\" height=\"150\" src=\"https:\/\/soy.usac.edu.gt\/wp-content\/uploads\/2020\/02\/Inauguracio\u0301nSedeEfpem15-150x150.jpg\" class=\"attachment-thumbnail size-thumbnail\" alt=\"\" \/><\/a>\n\t\t\t<\/div><\/figure><figure class='gallery-item'>\n\t\t\t<div class='gallery-icon landscape'>\n\t\t\t\t<a href='https:\/\/soy.usac.edu.gt\/?attachment_id=10653'><img loading=\"lazy\" decoding=\"async\" width=\"150\" height=\"150\" src=\"https:\/\/soy.usac.edu.gt\/wp-content\/uploads\/2020\/02\/Inauguracio\u0301nSedeEfpem11-150x150.jpg\" class=\"attachment-thumbnail size-thumbnail\" alt=\"\" \/><\/a>\n\t\t\t<\/div><\/figure><figure class='gallery-item'>\n\t\t\t<div class='gallery-icon landscape'>\n\t\t\t\t<a href='https:\/\/soy.usac.edu.gt\/?attachment_id=10652'><img loading=\"lazy\" decoding=\"async\" width=\"150\" height=\"150\" src=\"https:\/\/soy.usac.edu.gt\/wp-content\/uploads\/2020\/02\/Inauguracio\u0301nSedeEfpem5-150x150.jpg\" class=\"attachment-thumbnail size-thumbnail\" alt=\"\" \/><\/a>\n\t\t\t<\/div><\/figure>\n\t\t<\/div>\n\n<p style=\"text-align: justify;\">\u201cEste convenio se constituye en un hecho hist\u00f3rico para nuestra escuela, ya que por primera vez se establecen alianzas con una comuna municipal para extender nuestros programas acad\u00e9micos a otros sectores, cumpliendo con la misi\u00f3n de fortalecer la educaci\u00f3n media en las \u00e1reas de matem\u00e1tica y lenguaje\u201d, indic\u00f3 el maestro Danilo L\u00f3pez P\u00e9rez.<\/p>\n<p style=\"text-align: justify;\">La alcaldesa de Chinautla, Beatriz Del Cid, indic\u00f3 que es fant\u00e1stico que la Universidad de San Carlos de Guatemala pueda llegar a su municipio, y con ello generar oportunidades de formaci\u00f3n para j\u00f3venes y j\u00f3venes adultos.<\/p>\n<p style=\"text-align: justify;\">Al acto de inauguraci\u00f3n asisti\u00f3, en representaci\u00f3n del Ministerio de Educaci\u00f3n, la viceministra de Educaci\u00f3n Extraescolar y Alternativa, Lidia Orellana de Vela; y, como invitados, representantes de la Agencia Internacional de Cooperaci\u00f3n Japonesa (JICA).<\/p>\n<p style=\"text-align: justify;\">\u00a0<\/p>\n<p style=\"text-align: justify;\">\u00a0<\/p>\n","protected":false},"excerpt":{"rendered":"<p>La nueva sede de la EFPEM funcionar\u00e1 en jornada dominical, en las instalaciones del INEB \u201cBrenda E. Del Cid.<\/p>\n","protected":false},"author":1,"featured_media":10658,"comment_status":"closed","ping_status":"open","sticky":false,"template":"","format":"standard","meta":{"_exactmetrics_skip_tracking":false,"_exactmetrics_sitenote_active":false,"_exactmetrics_sitenote_note":"","_exactmetrics_sitenote_category":0,"_jetpack_memberships_contains_paid_content":false,"footnotes":""},"categories":[29],"tags":[613,171],"class_list":["post-10647","post","type-post","status-publish","format-standard","has-post-thumbnail","hentry","category-noticias","tag-chinautla","tag-efpem"],"aioseo_notices":[],"jetpack_featured_media_url":"https:\/\/soy.usac.edu.gt\/wp-content\/uploads\/2020\/02\/destacada-efpem.jpg","views":"","jetpack-related-posts":[{"id":4354,"url":"https:\/\/soy.usac.edu.gt\/?p=4354","url_meta":{"origin":10647,"position":0},"title":"359 profesores podr\u00e1n tecnificarse en 2019","author":"Edwin Medina","date":"1 marzo, 2019","format":false,"excerpt":"La Escuela de Formaci\u00f3n de Profesores de Ense\u00f1anza Media (EFPEM) inaugur\u00f3 el programa Galileo.","rel":"","context":"En \u00abNoticias\u00bb","block_context":{"text":"Noticias","link":"https:\/\/soy.usac.edu.gt\/?cat=29"},"img":{"alt_text":"","src":"https:\/\/i0.wp.com\/soy.usac.edu.gt\/wp-content\/uploads\/2019\/03\/IMG_5953.jpg?resize=350%2C200&ssl=1","width":350,"height":200,"srcset":"https:\/\/i0.wp.com\/soy.usac.edu.gt\/wp-content\/uploads\/2019\/03\/IMG_5953.jpg?resize=350%2C200&ssl=1 1x, https:\/\/i0.wp.com\/soy.usac.edu.gt\/wp-content\/uploads\/2019\/03\/IMG_5953.jpg?resize=525%2C300&ssl=1 1.5x, https:\/\/i0.wp.com\/soy.usac.edu.gt\/wp-content\/uploads\/2019\/03\/IMG_5953.jpg?resize=700%2C400&ssl=1 2x, https:\/\/i0.wp.com\/soy.usac.edu.gt\/wp-content\/uploads\/2019\/03\/IMG_5953.jpg?resize=1050%2C600&ssl=1 3x, https:\/\/i0.wp.com\/soy.usac.edu.gt\/wp-content\/uploads\/2019\/03\/IMG_5953.jpg?resize=1400%2C800&ssl=1 4x"},"classes":[]},{"id":8479,"url":"https:\/\/soy.usac.edu.gt\/?p=8479","url_meta":{"origin":10647,"position":1},"title":"Realizan 2do. Seminario Intercultural de Matem\u00e1tica Educativa en San Miguel Petapa","author":"Divisi\u00f3n de Publicidad","date":"2 octubre, 2019","format":false,"excerpt":"Con el fin de brindar herramientas pedag\u00f3gicas para una ense\u00f1anza l\u00fadica de la matem\u00e1tica. Por Paula Agust\u00edn \/ Comunicaci\u00f3n de la EFPEM El Club de Matem\u00e1tica Educativa de la Escuela de Formaci\u00f3n de Profesores de Ense\u00f1anza Media (EFPEM), con el apoyo de la Direcci\u00f3n Departamental de Educaci\u00f3n Guatemala Sur, realiz\u00f3\u2026","rel":"","context":"En \u00abCiencia y Tecnolog\u00eda\u00bb","block_context":{"text":"Ciencia y Tecnolog\u00eda","link":"https:\/\/soy.usac.edu.gt\/?cat=122"},"img":{"alt_text":"","src":"https:\/\/i0.wp.com\/soy.usac.edu.gt\/wp-content\/uploads\/2019\/10\/simatepetapa201922.jpg?resize=350%2C200&ssl=1","width":350,"height":200,"srcset":"https:\/\/i0.wp.com\/soy.usac.edu.gt\/wp-content\/uploads\/2019\/10\/simatepetapa201922.jpg?resize=350%2C200&ssl=1 1x, https:\/\/i0.wp.com\/soy.usac.edu.gt\/wp-content\/uploads\/2019\/10\/simatepetapa201922.jpg?resize=525%2C300&ssl=1 1.5x, https:\/\/i0.wp.com\/soy.usac.edu.gt\/wp-content\/uploads\/2019\/10\/simatepetapa201922.jpg?resize=700%2C400&ssl=1 2x, https:\/\/i0.wp.com\/soy.usac.edu.gt\/wp-content\/uploads\/2019\/10\/simatepetapa201922.jpg?resize=1050%2C600&ssl=1 3x, https:\/\/i0.wp.com\/soy.usac.edu.gt\/wp-content\/uploads\/2019\/10\/simatepetapa201922.jpg?resize=1400%2C800&ssl=1 4x"},"classes":[]},{"id":7773,"url":"https:\/\/soy.usac.edu.gt\/?p=7773","url_meta":{"origin":10647,"position":2},"title":"EFPEM celebr\u00f3 su 21 aniversario de ser escuela no facultativa","author":"Divisi\u00f3n de Publicidad","date":"26 julio, 2019","format":false,"excerpt":"El pasado 22 de julio la Escuela de Formaci\u00f3n de Profesores de Ense\u00f1anza Media (EFPEM) conmemor\u00f3 su 21 aniversario con una serie de actividades acad\u00e9micas y culturales, donde se uni\u00f3 la participaci\u00f3n de estudiantes, docentes y personal administrativo.","rel":"","context":"En \u00abNoticias\u00bb","block_context":{"text":"Noticias","link":"https:\/\/soy.usac.edu.gt\/?cat=29"},"img":{"alt_text":"","src":"https:\/\/i0.wp.com\/soy.usac.edu.gt\/wp-content\/uploads\/2019\/07\/aniversario11_1.jpg?resize=350%2C200&ssl=1","width":350,"height":200,"srcset":"https:\/\/i0.wp.com\/soy.usac.edu.gt\/wp-content\/uploads\/2019\/07\/aniversario11_1.jpg?resize=350%2C200&ssl=1 1x, https:\/\/i0.wp.com\/soy.usac.edu.gt\/wp-content\/uploads\/2019\/07\/aniversario11_1.jpg?resize=525%2C300&ssl=1 1.5x, https:\/\/i0.wp.com\/soy.usac.edu.gt\/wp-content\/uploads\/2019\/07\/aniversario11_1.jpg?resize=700%2C400&ssl=1 2x, https:\/\/i0.wp.com\/soy.usac.edu.gt\/wp-content\/uploads\/2019\/07\/aniversario11_1.jpg?resize=1050%2C600&ssl=1 3x, https:\/\/i0.wp.com\/soy.usac.edu.gt\/wp-content\/uploads\/2019\/07\/aniversario11_1.jpg?resize=1400%2C800&ssl=1 4x"},"classes":[]},{"id":9676,"url":"https:\/\/soy.usac.edu.gt\/?p=9676","url_meta":{"origin":10647,"position":3},"title":"Grad\u00faan a 74 m\u00e1steres en Liderazgo en el Acompa\u00f1amiento Educativo","author":"Divisi\u00f3n de Publicidad","date":"14 noviembre, 2019","format":false,"excerpt":"La Escuela de Formaci\u00f3n de Profesores de Ense\u00f1anza Media (EFPEM) de la USAC realiz\u00f3 el acto de graduaci\u00f3n de la cuarta cohorte de esta maestr\u00eda.\u00a0","rel":"","context":"En \u00abNoticias\u00bb","block_context":{"text":"Noticias","link":"https:\/\/soy.usac.edu.gt\/?cat=29"},"img":{"alt_text":"","src":"https:\/\/i0.wp.com\/soy.usac.edu.gt\/wp-content\/uploads\/2019\/11\/IMG_5824.jpg?resize=350%2C200&ssl=1","width":350,"height":200,"srcset":"https:\/\/i0.wp.com\/soy.usac.edu.gt\/wp-content\/uploads\/2019\/11\/IMG_5824.jpg?resize=350%2C200&ssl=1 1x, https:\/\/i0.wp.com\/soy.usac.edu.gt\/wp-content\/uploads\/2019\/11\/IMG_5824.jpg?resize=525%2C300&ssl=1 1.5x, https:\/\/i0.wp.com\/soy.usac.edu.gt\/wp-content\/uploads\/2019\/11\/IMG_5824.jpg?resize=700%2C400&ssl=1 2x, https:\/\/i0.wp.com\/soy.usac.edu.gt\/wp-content\/uploads\/2019\/11\/IMG_5824.jpg?resize=1050%2C600&ssl=1 3x, https:\/\/i0.wp.com\/soy.usac.edu.gt\/wp-content\/uploads\/2019\/11\/IMG_5824.jpg?resize=1400%2C800&ssl=1 4x"},"classes":[]},{"id":5060,"url":"https:\/\/soy.usac.edu.gt\/?p=5060","url_meta":{"origin":10647,"position":4},"title":"Realizan seminario para mejorar la ense\u00f1anza de Matem\u00e1tica en el pa\u00eds","author":"Divisi\u00f3n de Publicidad","date":"20 marzo, 2019","format":false,"excerpt":"En el evento participaron catedr\u00e1ticos de la san carlos y de universidades privadas.","rel":"","context":"En \u00abCiencia y Tecnolog\u00eda\u00bb","block_context":{"text":"Ciencia y Tecnolog\u00eda","link":"https:\/\/soy.usac.edu.gt\/?cat=122"},"img":{"alt_text":"","src":"https:\/\/i0.wp.com\/soy.usac.edu.gt\/wp-content\/uploads\/2019\/03\/IMG_6716.jpg?resize=350%2C200&ssl=1","width":350,"height":200,"srcset":"https:\/\/i0.wp.com\/soy.usac.edu.gt\/wp-content\/uploads\/2019\/03\/IMG_6716.jpg?resize=350%2C200&ssl=1 1x, https:\/\/i0.wp.com\/soy.usac.edu.gt\/wp-content\/uploads\/2019\/03\/IMG_6716.jpg?resize=525%2C300&ssl=1 1.5x, https:\/\/i0.wp.com\/soy.usac.edu.gt\/wp-content\/uploads\/2019\/03\/IMG_6716.jpg?resize=700%2C400&ssl=1 2x, https:\/\/i0.wp.com\/soy.usac.edu.gt\/wp-content\/uploads\/2019\/03\/IMG_6716.jpg?resize=1050%2C600&ssl=1 3x, https:\/\/i0.wp.com\/soy.usac.edu.gt\/wp-content\/uploads\/2019\/03\/IMG_6716.jpg?resize=1400%2C800&ssl=1 4x"},"classes":[]},{"id":7694,"url":"https:\/\/soy.usac.edu.gt\/?p=7694","url_meta":{"origin":10647,"position":5},"title":"M\u00e1s de 4 mil maestros de primaria est\u00e1n siendo evaluados por la USAC","author":"Divisi\u00f3n de Publicidad","date":"24 julio, 2019","format":false,"excerpt":"Durante dos semanas, veinte ternas examinar\u00e1n a los maestros de escuelas p\u00fablicas de nueve departamentos para que opten a un t\u00edtulo universitario en la Escuela de Formaci\u00f3n de Profesores de Ense\u00f1anza Media (EFPEM).\u00a0","rel":"","context":"En \u00abNoticias\u00bb","block_context":{"text":"Noticias","link":"https:\/\/soy.usac.edu.gt\/?cat=29"},"img":{"alt_text":"","src":"https:\/\/i0.wp.com\/soy.usac.edu.gt\/wp-content\/uploads\/2019\/07\/DSC_0005.jpg?resize=350%2C200&ssl=1","width":350,"height":200,"srcset":"https:\/\/i0.wp.com\/soy.usac.edu.gt\/wp-content\/uploads\/2019\/07\/DSC_0005.jpg?resize=350%2C200&ssl=1 1x, https:\/\/i0.wp.com\/soy.usac.edu.gt\/wp-content\/uploads\/2019\/07\/DSC_0005.jpg?resize=525%2C300&ssl=1 1.5x, https:\/\/i0.wp.com\/soy.usac.edu.gt\/wp-content\/uploads\/2019\/07\/DSC_0005.jpg?resize=700%2C400&ssl=1 2x, https:\/\/i0.wp.com\/soy.usac.edu.gt\/wp-content\/uploads\/2019\/07\/DSC_0005.jpg?resize=1050%2C600&ssl=1 3x, https:\/\/i0.wp.com\/soy.usac.edu.gt\/wp-content\/uploads\/2019\/07\/DSC_0005.jpg?resize=1400%2C800&ssl=1 4x"},"classes":[]}],"jetpack_sharing_enabled":true,"_links":{"self":[{"href":"https:\/\/soy.usac.edu.gt\/index.php?rest_route=\/wp\/v2\/posts\/10647","targetHints":{"allow":["GET"]}}],"collection":[{"href":"https:\/\/soy.usac.edu.gt\/index.php?rest_route=\/wp\/v2\/posts"}],"about":[{"href":"https:\/\/soy.usac.edu.gt\/index.php?rest_route=\/wp\/v2\/types\/post"}],"author":[{"embeddable":true,"href":"https:\/\/soy.usac.edu.gt\/index.php?rest_route=\/wp\/v2\/users\/1"}],"replies":[{"embeddable":true,"href":"https:\/\/soy.usac.edu.gt\/index.php?rest_route=%2Fwp%2Fv2%2Fcomments&post=10647"}],"version-history":[{"count":0,"href":"https:\/\/soy.usac.edu.gt\/index.php?rest_route=\/wp\/v2\/posts\/10647\/revisions"}],"wp:featuredmedia":[{"embeddable":true,"href":"https:\/\/soy.usac.edu.gt\/index.php?rest_route=\/wp\/v2\/media\/10658"}],"wp:attachment":[{"href":"https:\/\/soy.usac.edu.gt\/index.php?rest_route=%2Fwp%2Fv2%2Fmedia&parent=10647"}],"wp:term":[{"taxonomy":"category","embeddable":true,"href":"https:\/\/soy.usac.edu.gt\/index.php?rest_route=%2Fwp%2Fv2%2Fcategories&post=10647"},{"taxonomy":"post_tag","embeddable":true,"href":"https:\/\/soy.usac.edu.gt\/index.php?rest_route=%2Fwp%2Fv2%2Ftags&post=10647"}],"curies":[{"name":"wp","href":"https:\/\/api.w.org\/{rel}","templated":true}]}}