{"id":10725,"date":"2020-02-09T06:00:48","date_gmt":"2020-02-09T12:00:48","guid":{"rendered":"https:\/\/soy.usac.edu.gt\/?p=10725"},"modified":"2020-02-11T14:26:17","modified_gmt":"2020-02-11T20:26:17","slug":"juduca-convoca-a-sancarlistas-a-participar-en-la-fiesta-deportiva-del-ano","status":"publish","type":"post","link":"https:\/\/soy.usac.edu.gt\/?p=10725","title":{"rendered":"JUDUCA convoca a sancarlistas a participar en la fiesta deportiva del a\u00f1o"},"content":{"rendered":"\n<p style=\"text-align: justify;\"><em><strong>El comit\u00e9 organizador de los Juegos Deportivos Universitarios Centroamericanos (JUDUCA) 2020 convoca a estudiantes de la Universidad de San Carlos (USAC) a participar en la selecci\u00f3n de atletas.<\/strong><\/em><\/p>\n<p style=\"text-align: justify;\"><span style=\"font-weight: 400;\">El Ing. Murphy Paiz, presidente del referido comit\u00e9 y rector de la USAC, invita a todos los alumnos de las facultades, escuelas, centros e institutos universitarios a asistir al proceso de preelecci\u00f3n de deportistas.<\/span><\/p>\n<p style=\"text-align: justify;\"><span style=\"font-weight: 400;\">En la siguiente etapa del proceso indicado, el comit\u00e9 integrar\u00e1 los equipos que representar\u00e1n a la USAC en la edici\u00f3n n\u00famero 8 de los JUDUCA. <strong>Puedes participar en &nbsp;ajedrez, nataci\u00f3n, atletismo, taekwondo, karate, baloncesto, voleibol, tenis de mesa y f\u00fatbol.<\/strong><\/span><\/p>\n<p style=\"text-align: justify;\"><span style=\"font-weight: 400;\">Seg\u00fan el art\u00edculo 19 del reglamento general de JUDUCA, los aspirantes deben verificar los siguientes requisitos, entre otros: estar inscrito para el ciclo acad\u00e9mico 2020, cursar por lo menos tres asignaturas \u2015el estudiante de reingreso debe tener comprobante de inscripci\u00f3n del a\u00f1o anterior\u2015 y cumplir como m\u00e1ximo 29 a\u00f1os de edad durante el a\u00f1o en curso.<\/span><\/p>\n<p style=\"text-align: justify;\"><span style=\"font-weight: 400;\">Los interesados pueden solicitar<strong> m\u00e1s informaci\u00f3n<\/strong> a la direcci\u00f3n electr\u00f3nica selectivojuduca2020@gmail.com, o a la p\u00e1gina de Facebook del Departamento de Deportes de la USAC \u2015Deportes USAC\u2015 y anotar sus datos en el siguiente formulario: <\/span><\/p>\n\n\n\n<div class=\"wp-block-button\"><a class=\"wp-block-button__link has-background has-vivid-cyan-blue-background-color\" href=\"http:\/\/docs.google.com\/forms\/d\/e\/1FAIpQLSc17_SOQkm3n7TCxH2V2GsomoJ3Q8pbiH004t-bwlqSmD1nJg\/viewform\">Inscr\u00edbete ac\u00e1<\/a><\/div>\n\n\n\n<p><em><strong>Los horarios de cierre de inscripci\u00f3n y evaluaci\u00f3n de cada uno de los deportes se muestran a continuaci\u00f3n:<\/strong><\/em><\/p>\n<table style=\"width: 569px;\" width=\"637\">\n<tbody>\n<tr>\n<td style=\"width: 183px;\">\n<p><strong>Deporte<\/strong><\/p>\n<\/td>\n<td style=\"width: 101px;\">\n<p><strong>Cierre de Inscripci\u00f3n\u00a0<\/strong><\/p>\n<\/td>\n<td style=\"width: 99px;\">\n<p><strong>Fecha de Evaluaci\u00f3n\u00a0<\/strong><\/p>\n<\/td>\n<td style=\"width: 71px;\">\n<p><strong>Horario de prueba<\/strong><\/p>\n<\/td>\n<td style=\"width: 115px;\">\n<p><strong>\u00a0Lugar de evaluaci\u00f3n por Deporte <\/strong><\/p>\n<\/td>\n<\/tr>\n<tr>\n<td style=\"width: 183px;\">\n<p><strong>Ajedrez<\/strong><\/p>\n<\/td>\n<td style=\"width: 101px;\">\n<p><strong>02\/03\/2020<\/strong><\/p>\n<\/td>\n<td style=\"width: 99px;\">\n<p><strong>04\/03\/2020<\/strong><\/p>\n<\/td>\n<td style=\"width: 71px;\">\n<p><strong>8:00am a 11:00 pm<\/strong><\/p>\n<\/td>\n<td style=\"width: 115px;\">\n<p><strong>Facultad de Ingenier\u00eda<\/strong><\/p>\n<\/td>\n<\/tr>\n<tr>\n<td style=\"width: 183px;\">\n<p><strong>Atletismo<\/strong><\/p>\n<\/td>\n<td style=\"width: 101px;\">\n<p><strong>25\/02\/2020<\/strong><\/p>\n<\/td>\n<td style=\"width: 99px;\">\n<p><strong>29\/02\/2020<\/strong><\/p>\n<\/td>\n<td style=\"width: 71px;\">\n<p><strong>8:00am a 11:00 pm<\/strong><\/p>\n<\/td>\n<td style=\"width: 115px;\">\n<p><strong>Doroteo Guamuch Flores o Erick Barrondo<\/strong><\/p>\n<\/td>\n<\/tr>\n<tr>\n<td style=\"width: 183px;\">\n<p><strong>Baloncesto<\/strong><\/p>\n<\/td>\n<td style=\"width: 101px;\">\n<p><strong>19\/02\/2020<\/strong><\/p>\n<\/td>\n<td style=\"width: 99px;\">\n<p><strong>22\/02\/2020<\/strong><\/p>\n<\/td>\n<td style=\"width: 71px;\">\n<p><strong>8:00am a 11:00 pm<\/strong><\/p>\n<\/td>\n<td style=\"width: 115px;\">\n<p><strong>Polideportivo zona 12 Campus Central<\/strong><\/p>\n<\/td>\n<\/tr>\n<tr>\n<td style=\"width: 183px;\">\n<p><strong>Futbol 11<\/strong><\/p>\n<\/td>\n<td style=\"width: 101px;\">\n<p><strong>12\/02\/2020<\/strong><\/p>\n<\/td>\n<td style=\"width: 99px;\">\n<p><strong>14\/02\/2020<\/strong><\/p>\n<\/td>\n<td style=\"width: 71px;\">\n<p><strong>8:00am a 12:00 pm<\/strong><\/p>\n<\/td>\n<td style=\"width: 115px;\">\n<p><strong>Estadio Revoluci\u00f3n zona 12 Campus Central<\/strong><\/p>\n<\/td>\n<\/tr>\n<tr>\n<td style=\"width: 183px;\">\n<p><strong>Futbol sala<\/strong><\/p>\n<\/td>\n<td style=\"width: 101px;\">\n<p><strong>17\/02\/2020<\/strong><\/p>\n<\/td>\n<td style=\"width: 99px;\">\n<p><strong>20\/02\/2020<\/strong><\/p>\n<\/td>\n<td style=\"width: 71px;\">\n<p><strong>10:00am a 12:00 pm<\/strong><\/p>\n<p><strong>04:00 pm a 06:00pm<\/strong><\/p>\n<\/td>\n<td style=\"width: 115px;\">\n<p><strong>Polideportivo zona 12 Campus Central<\/strong><\/p>\n<\/td>\n<\/tr>\n<tr>\n<td style=\"width: 183px;\">\n<p><strong>Nataci\u00f3n<\/strong><\/p>\n<\/td>\n<td style=\"width: 101px;\">\n<p><strong>26\/02\/2020<\/strong><\/p>\n<\/td>\n<td style=\"width: 99px;\">\n<p><strong>29\/02\/2020<\/strong><\/p>\n<\/td>\n<td style=\"width: 71px;\">\n<p><strong>8:00am a 12:00 pm<\/strong><\/p>\n<\/td>\n<td style=\"width: 115px;\">\n<p><strong>Piscina zona 12 Campus Central<\/strong><\/p>\n<\/td>\n<\/tr>\n<tr>\n<td style=\"width: 183px;\">\n<p><strong>Taekwondo<\/strong><\/p>\n<\/td>\n<td style=\"width: 101px;\">\n<p><strong>03\/03\/2020<\/strong><\/p>\n<\/td>\n<td style=\"width: 99px;\">\n<p><strong>06\/03\/2020<\/strong><\/p>\n<\/td>\n<td style=\"width: 71px;\">\n<p><strong>8:00am a 12:00 pm<\/strong><\/p>\n<\/td>\n<td style=\"width: 115px;\">\n<p><strong>Polideportivo zona 12 Campus Central<\/strong><\/p>\n<\/td>\n<\/tr>\n<tr>\n<td style=\"width: 183px;\">\n<p><strong>Karate-Do<\/strong><\/p>\n<\/td>\n<td style=\"width: 101px;\">\n<p><strong>12\/02\/2020<\/strong><\/p>\n<\/td>\n<td style=\"width: 99px;\">\n<p><strong>15\/02\/2020<\/strong><\/p>\n<\/td>\n<td style=\"width: 71px;\">\n<p><strong>8:00am a 11:00 pm<\/strong><\/p>\n<\/td>\n<td style=\"width: 115px;\">\n<p><strong>Polideportivo zona 12 Campus Central<\/strong><\/p>\n<\/td>\n<\/tr>\n<tr>\n<td style=\"width: 183px;\">\n<p><strong>Tenis de Mesa<\/strong><\/p>\n<\/td>\n<td style=\"width: 101px;\">\n<p><strong>09\/03\/2020<\/strong><\/p>\n<\/td>\n<td style=\"width: 99px;\">\n<p><strong>12\/03\/2020<\/strong><\/p>\n<\/td>\n<td style=\"width: 71px;\">\n<p><strong>8:00am a 12:00 pm<\/strong><\/p>\n<\/td>\n<td style=\"width: 115px;\">\n<p><strong>Federaci\u00f3n Tenis de Mesa<\/strong><\/p>\n<\/td>\n<\/tr>\n<tr>\n<td style=\"width: 183px;\">\n<p><strong>Voleibol\u00a0<\/strong><\/p>\n<p><strong>Femenino<\/strong><\/p>\n<\/td>\n<td style=\"width: 101px;\">\n<p><strong>25\/02\/2020<\/strong><\/p>\n<\/td>\n<td style=\"width: 99px;\">\n<p><strong>28\/02\/2020<\/strong><\/p>\n<\/td>\n<td style=\"width: 71px;\">\n<p><strong>8:00am a 11:00 pm<\/strong><\/p>\n<\/td>\n<td style=\"width: 115px;\">\n<p><strong>Polideportivo zona 12 Campus Central<\/strong><\/p>\n<\/td>\n<\/tr>\n<tr>\n<td style=\"width: 183px;\">\n<p><strong>Voleibol\u00a0\u00a0\u00a0\u00a0\u00a0\u00a0\u00a0\u00a0\u00a0\u00a0\u00a0\u00a0\u00a0\u00a0\u00a0\u00a0\u00a0\u00a0\u00a0\u00a0\u00a0\u00a0\u00a0\u00a0\u00a0\u00a0\u00a0 Masculino<\/strong><\/p>\n<\/td>\n<td style=\"width: 101px;\">\n<p><strong>26\/02\/2020<\/strong><\/p>\n<\/td>\n<td style=\"width: 99px;\">\n<p><strong>29\/02\/2020<\/strong><\/p>\n<\/td>\n<td style=\"width: 71px;\">\n<p><strong>8:00am a 11:00 pm<\/strong><\/p>\n<\/td>\n<td style=\"width: 115px;\">\n<p><strong>Polideportivo zona 12 Campus Central<\/strong><\/p>\n<\/td>\n<\/tr>\n<\/tbody>\n<\/table>\n\n\n\n<p><img loading=\"lazy\" decoding=\"async\" class=\"aligncenter size-full wp-image-7542\" src=\"https:\/\/soy.usac.edu.gt\/wp-content\/uploads\/2019\/07\/Cre\u0301ditos-prensa-26-2.png\" alt=\"\" width=\"5079\" height=\"1960\" srcset=\"https:\/\/soy.usac.edu.gt\/wp-content\/uploads\/2019\/07\/Cre\u0301ditos-prensa-26-2.png 5079w, https:\/\/soy.usac.edu.gt\/wp-content\/uploads\/2019\/07\/Cre\u0301ditos-prensa-26-2-300x116.png 300w, https:\/\/soy.usac.edu.gt\/wp-content\/uploads\/2019\/07\/Cre\u0301ditos-prensa-26-2-768x296.png 768w, https:\/\/soy.usac.edu.gt\/wp-content\/uploads\/2019\/07\/Cre\u0301ditos-prensa-26-2-1024x395.png 1024w, https:\/\/soy.usac.edu.gt\/wp-content\/uploads\/2019\/07\/Cre\u0301ditos-prensa-26-2-1088x420.png 1088w, https:\/\/soy.usac.edu.gt\/wp-content\/uploads\/2019\/07\/Cre\u0301ditos-prensa-26-2-640x247.png 640w, https:\/\/soy.usac.edu.gt\/wp-content\/uploads\/2019\/07\/Cre\u0301ditos-prensa-26-2-681x263.png 681w\" sizes=\"auto, (max-width: 5079px) 100vw, 5079px\" \/><\/p>\n","protected":false},"excerpt":{"rendered":"<p>El comit\u00e9 organizador de los Juegos Deportivos Universitarios Centroamericanos (JUDUCA) 2020 convoc\u00f3 a estudiantes de la Universidad de San Carlos (USAC) a participar en la selecci\u00f3n de atletas.<\/p>\n","protected":false},"author":16,"featured_media":10732,"comment_status":"closed","ping_status":"closed","sticky":false,"template":"","format":"standard","meta":{"_exactmetrics_skip_tracking":false,"_exactmetrics_sitenote_active":false,"_exactmetrics_sitenote_note":"","_exactmetrics_sitenote_category":0,"_jetpack_memberships_contains_paid_content":false,"footnotes":""},"categories":[124,29],"tags":[413,130,570],"class_list":["post-10725","post","type-post","status-publish","format-standard","has-post-thumbnail","hentry","category-deportes","category-noticias","tag-departamento-de-deportes","tag-estudiantes","tag-juduca"],"aioseo_notices":[],"jetpack_featured_media_url":"https:\/\/soy.usac.edu.gt\/wp-content\/uploads\/2020\/02\/12-1-631x420.jpg","views":"","jetpack-related-posts":[{"id":9943,"url":"https:\/\/soy.usac.edu.gt\/?p=9943","url_meta":{"origin":10725,"position":0},"title":"Organizaci\u00f3n de JUDUCA avanza","author":"Erick Iv\u00e1n de Le\u00f3n","date":"29 noviembre, 2019","format":false,"excerpt":"La Comisi\u00f3n T\u00e9cnica de los Juegos Deportivos Universitarios Centroamericanos (JUDUCA) 2020 continu\u00f3 con la organizaci\u00f3n de esta actividad.","rel":"","context":"En \u00abDeportes\u00bb","block_context":{"text":"Deportes","link":"https:\/\/soy.usac.edu.gt\/?cat=124"},"img":{"alt_text":"","src":"https:\/\/i0.wp.com\/soy.usac.edu.gt\/wp-content\/uploads\/2019\/11\/JUDUCA-004.jpg?resize=350%2C200&ssl=1","width":350,"height":200,"srcset":"https:\/\/i0.wp.com\/soy.usac.edu.gt\/wp-content\/uploads\/2019\/11\/JUDUCA-004.jpg?resize=350%2C200&ssl=1 1x, https:\/\/i0.wp.com\/soy.usac.edu.gt\/wp-content\/uploads\/2019\/11\/JUDUCA-004.jpg?resize=525%2C300&ssl=1 1.5x, https:\/\/i0.wp.com\/soy.usac.edu.gt\/wp-content\/uploads\/2019\/11\/JUDUCA-004.jpg?resize=700%2C400&ssl=1 2x, https:\/\/i0.wp.com\/soy.usac.edu.gt\/wp-content\/uploads\/2019\/11\/JUDUCA-004.jpg?resize=1050%2C600&ssl=1 3x, https:\/\/i0.wp.com\/soy.usac.edu.gt\/wp-content\/uploads\/2019\/11\/JUDUCA-004.jpg?resize=1400%2C800&ssl=1 4x"},"classes":[]},{"id":9234,"url":"https:\/\/soy.usac.edu.gt\/?p=9234","url_meta":{"origin":10725,"position":1},"title":"Estudiantes realizan pruebas para representar a la USAC en JUDUCA 2020","author":"Divisi\u00f3n de Publicidad","date":"25 octubre, 2019","format":false,"excerpt":"La Universidad de San Carlos de Guatemala (USAC) ser\u00e1 la anfitriona de m\u00e1s de 3,000 deportistas y sus delegaciones. En este evento que se realizar\u00e1 en 2020 participar\u00e1n representantes de\u00a0 24 universidades.","rel":"","context":"En \u00abDeportes\u00bb","block_context":{"text":"Deportes","link":"https:\/\/soy.usac.edu.gt\/?cat=124"},"img":{"alt_text":"","src":"https:\/\/i0.wp.com\/soy.usac.edu.gt\/wp-content\/uploads\/2019\/10\/23-1.jpg?resize=350%2C200&ssl=1","width":350,"height":200,"srcset":"https:\/\/i0.wp.com\/soy.usac.edu.gt\/wp-content\/uploads\/2019\/10\/23-1.jpg?resize=350%2C200&ssl=1 1x, https:\/\/i0.wp.com\/soy.usac.edu.gt\/wp-content\/uploads\/2019\/10\/23-1.jpg?resize=525%2C300&ssl=1 1.5x, https:\/\/i0.wp.com\/soy.usac.edu.gt\/wp-content\/uploads\/2019\/10\/23-1.jpg?resize=700%2C400&ssl=1 2x, https:\/\/i0.wp.com\/soy.usac.edu.gt\/wp-content\/uploads\/2019\/10\/23-1.jpg?resize=1050%2C600&ssl=1 3x, https:\/\/i0.wp.com\/soy.usac.edu.gt\/wp-content\/uploads\/2019\/10\/23-1.jpg?resize=1400%2C800&ssl=1 4x"},"classes":[]},{"id":19212,"url":"https:\/\/soy.usac.edu.gt\/?p=19212","url_meta":{"origin":10725,"position":2},"title":"Realizan preparativos para los Juegos Deportivos Universitarios Centroamericanos (JUDUCA)","author":"Divisi\u00f3n de Publicidad","date":"15 marzo, 2023","format":false,"excerpt":"La octava edici\u00f3n de este evento se llevar\u00e1 a cabo del 11 al 16 de julio en la Universidad de El Salvador (UES).","rel":"","context":"En \u00abDeportes\u00bb","block_context":{"text":"Deportes","link":"https:\/\/soy.usac.edu.gt\/?cat=124"},"img":{"alt_text":"","src":"https:\/\/i0.wp.com\/soy.usac.edu.gt\/wp-content\/uploads\/2023\/03\/WhatsApp-Image-2023-03-15-at-11.25.53-1.jpeg?resize=350%2C200&ssl=1","width":350,"height":200,"srcset":"https:\/\/i0.wp.com\/soy.usac.edu.gt\/wp-content\/uploads\/2023\/03\/WhatsApp-Image-2023-03-15-at-11.25.53-1.jpeg?resize=350%2C200&ssl=1 1x, https:\/\/i0.wp.com\/soy.usac.edu.gt\/wp-content\/uploads\/2023\/03\/WhatsApp-Image-2023-03-15-at-11.25.53-1.jpeg?resize=525%2C300&ssl=1 1.5x, https:\/\/i0.wp.com\/soy.usac.edu.gt\/wp-content\/uploads\/2023\/03\/WhatsApp-Image-2023-03-15-at-11.25.53-1.jpeg?resize=700%2C400&ssl=1 2x, https:\/\/i0.wp.com\/soy.usac.edu.gt\/wp-content\/uploads\/2023\/03\/WhatsApp-Image-2023-03-15-at-11.25.53-1.jpeg?resize=1050%2C600&ssl=1 3x, https:\/\/i0.wp.com\/soy.usac.edu.gt\/wp-content\/uploads\/2023\/03\/WhatsApp-Image-2023-03-15-at-11.25.53-1.jpeg?resize=1400%2C800&ssl=1 4x"},"classes":[]},{"id":8991,"url":"https:\/\/soy.usac.edu.gt\/?p=8991","url_meta":{"origin":10725,"position":3},"title":"Demuestra tus habilidades y destrezas en JUDUCA 2020","author":"Divisi\u00f3n de Publicidad","date":"17 octubre, 2019","format":false,"excerpt":"La Universidad de San Carlos de Guatemala ser\u00e1 la sede de los Vlll Juegos Deportivos Universitarios Centroamericanos (JUDUCA) 2020.","rel":"","context":"En \u00abDeportes\u00bb","block_context":{"text":"Deportes","link":"https:\/\/soy.usac.edu.gt\/?cat=124"},"img":{"alt_text":"","src":"https:\/\/i0.wp.com\/soy.usac.edu.gt\/wp-content\/uploads\/2019\/10\/2-8.jpg?resize=350%2C200&ssl=1","width":350,"height":200,"srcset":"https:\/\/i0.wp.com\/soy.usac.edu.gt\/wp-content\/uploads\/2019\/10\/2-8.jpg?resize=350%2C200&ssl=1 1x, https:\/\/i0.wp.com\/soy.usac.edu.gt\/wp-content\/uploads\/2019\/10\/2-8.jpg?resize=525%2C300&ssl=1 1.5x, https:\/\/i0.wp.com\/soy.usac.edu.gt\/wp-content\/uploads\/2019\/10\/2-8.jpg?resize=700%2C400&ssl=1 2x, https:\/\/i0.wp.com\/soy.usac.edu.gt\/wp-content\/uploads\/2019\/10\/2-8.jpg?resize=1050%2C600&ssl=1 3x, https:\/\/i0.wp.com\/soy.usac.edu.gt\/wp-content\/uploads\/2019\/10\/2-8.jpg?resize=1400%2C800&ssl=1 4x"},"classes":[]},{"id":10826,"url":"https:\/\/soy.usac.edu.gt\/?p=10826","url_meta":{"origin":10725,"position":4},"title":"Participa en el Voluntariado JUDUCA 2020","author":"Divisi\u00f3n de Publicidad","date":"26 febrero, 2020","format":false,"excerpt":"Los VIII Juegos Deportivos Centroamericanos (JUDUCA) promueven la modalidad de participar en el voluntariado para que puedas fortalecer el compromiso social de la universidad con el desarrollo integral de la persona.","rel":"","context":"En \u00abDeportes\u00bb","block_context":{"text":"Deportes","link":"https:\/\/soy.usac.edu.gt\/?cat=124"},"img":{"alt_text":"","src":"https:\/\/i0.wp.com\/soy.usac.edu.gt\/wp-content\/uploads\/2020\/02\/juduca-destacadados.jpg?resize=350%2C200&ssl=1","width":350,"height":200,"srcset":"https:\/\/i0.wp.com\/soy.usac.edu.gt\/wp-content\/uploads\/2020\/02\/juduca-destacadados.jpg?resize=350%2C200&ssl=1 1x, https:\/\/i0.wp.com\/soy.usac.edu.gt\/wp-content\/uploads\/2020\/02\/juduca-destacadados.jpg?resize=525%2C300&ssl=1 1.5x, https:\/\/i0.wp.com\/soy.usac.edu.gt\/wp-content\/uploads\/2020\/02\/juduca-destacadados.jpg?resize=700%2C400&ssl=1 2x, https:\/\/i0.wp.com\/soy.usac.edu.gt\/wp-content\/uploads\/2020\/02\/juduca-destacadados.jpg?resize=1050%2C600&ssl=1 3x"},"classes":[]},{"id":19602,"url":"https:\/\/soy.usac.edu.gt\/?p=19602","url_meta":{"origin":10725,"position":5},"title":"Sancarlistas destacaron en JUDUCA 2023","author":"Divisi\u00f3n de Publicidad","date":"26 julio, 2023","format":false,"excerpt":"La universidad logr\u00f3 un total de 49 medallas durante la octava edici\u00f3n de los Juegos Deportivos Universitarios Centroamericanos (JUDUCA) 2023.","rel":"","context":"En \u00abDeportes\u00bb","block_context":{"text":"Deportes","link":"https:\/\/soy.usac.edu.gt\/?cat=124"},"img":{"alt_text":"","src":"https:\/\/i0.wp.com\/soy.usac.edu.gt\/wp-content\/uploads\/2023\/07\/1.-DESTACADA.jpg?resize=350%2C200&ssl=1","width":350,"height":200,"srcset":"https:\/\/i0.wp.com\/soy.usac.edu.gt\/wp-content\/uploads\/2023\/07\/1.-DESTACADA.jpg?resize=350%2C200&ssl=1 1x, https:\/\/i0.wp.com\/soy.usac.edu.gt\/wp-content\/uploads\/2023\/07\/1.-DESTACADA.jpg?resize=525%2C300&ssl=1 1.5x, https:\/\/i0.wp.com\/soy.usac.edu.gt\/wp-content\/uploads\/2023\/07\/1.-DESTACADA.jpg?resize=700%2C400&ssl=1 2x, https:\/\/i0.wp.com\/soy.usac.edu.gt\/wp-content\/uploads\/2023\/07\/1.-DESTACADA.jpg?resize=1050%2C600&ssl=1 3x, https:\/\/i0.wp.com\/soy.usac.edu.gt\/wp-content\/uploads\/2023\/07\/1.-DESTACADA.jpg?resize=1400%2C800&ssl=1 4x"},"classes":[]}],"jetpack_sharing_enabled":true,"_links":{"self":[{"href":"https:\/\/soy.usac.edu.gt\/index.php?rest_route=\/wp\/v2\/posts\/10725","targetHints":{"allow":["GET"]}}],"collection":[{"href":"https:\/\/soy.usac.edu.gt\/index.php?rest_route=\/wp\/v2\/posts"}],"about":[{"href":"https:\/\/soy.usac.edu.gt\/index.php?rest_route=\/wp\/v2\/types\/post"}],"author":[{"embeddable":true,"href":"https:\/\/soy.usac.edu.gt\/index.php?rest_route=\/wp\/v2\/users\/16"}],"replies":[{"embeddable":true,"href":"https:\/\/soy.usac.edu.gt\/index.php?rest_route=%2Fwp%2Fv2%2Fcomments&post=10725"}],"version-history":[{"count":0,"href":"https:\/\/soy.usac.edu.gt\/index.php?rest_route=\/wp\/v2\/posts\/10725\/revisions"}],"wp:featuredmedia":[{"embeddable":true,"href":"https:\/\/soy.usac.edu.gt\/index.php?rest_route=\/wp\/v2\/media\/10732"}],"wp:attachment":[{"href":"https:\/\/soy.usac.edu.gt\/index.php?rest_route=%2Fwp%2Fv2%2Fmedia&parent=10725"}],"wp:term":[{"taxonomy":"category","embeddable":true,"href":"https:\/\/soy.usac.edu.gt\/index.php?rest_route=%2Fwp%2Fv2%2Fcategories&post=10725"},{"taxonomy":"post_tag","embeddable":true,"href":"https:\/\/soy.usac.edu.gt\/index.php?rest_route=%2Fwp%2Fv2%2Ftags&post=10725"}],"curies":[{"name":"wp","href":"https:\/\/api.w.org\/{rel}","templated":true}]}}