{"id":10766,"date":"2020-02-17T08:35:35","date_gmt":"2020-02-17T14:35:35","guid":{"rendered":"https:\/\/soy.usac.edu.gt\/?p=10766"},"modified":"2020-02-18T09:06:28","modified_gmt":"2020-02-18T15:06:28","slug":"presupuesto-digno-para-la-usac","status":"publish","type":"post","link":"https:\/\/soy.usac.edu.gt\/?p=10766","title":{"rendered":"Presupuesto digno para la USAC"},"content":{"rendered":"\n<p><span class=\"style-scope yt-formatted-string\" dir=\"auto\">\u00a1Comunidad sancarlista, t\u00fa universidad te necesita! trabajemos por un presupuesto digno que permita educaci\u00f3n superior de calidad para todos los guatemaltecos. #5% <\/span><a class=\"yt-simple-endpoint style-scope yt-formatted-string\" dir=\"auto\" spellcheck=\"false\" href=\"http:\/\/www.youtube.com\/results?search_query=%23PresupuestoDigno\">#PresupuestoDigno<\/a><\/p>\n","protected":false},"excerpt":{"rendered":"<p>\u00a1Comunidad sancarlista, t\u00fa universidad te necesita! trabajemos por un presupuesto digno que permita educaci\u00f3n superior de calidad para todos los guatemaltecos. #5% #PresupuestoDigno<\/p>\n","protected":false},"author":1,"featured_media":10735,"comment_status":"closed","ping_status":"open","sticky":false,"template":"","format":"video","meta":{"_exactmetrics_skip_tracking":false,"_exactmetrics_sitenote_active":false,"_exactmetrics_sitenote_note":"","_exactmetrics_sitenote_category":0,"_jetpack_memberships_contains_paid_content":false,"footnotes":""},"categories":[29,31],"tags":[227],"class_list":["post-10766","post","type-post","status-publish","format-video","has-post-thumbnail","hentry","category-noticias","category-videos","tag-presupuesto-de-la-usac","post_format-post-format-video"],"aioseo_notices":[],"jetpack_featured_media_url":"https:\/\/soy.usac.edu.gt\/wp-content\/uploads\/2020\/02\/2web.jpg","views":"","jetpack-related-posts":[{"id":8648,"url":"https:\/\/soy.usac.edu.gt\/?p=8648","url_meta":{"origin":10766,"position":0},"title":"Giammattei busca alianza con la USAC","author":"Divisi\u00f3n de Publicidad","date":"9 octubre, 2019","format":false,"excerpt":"El presidente electo, Alejandro Giammattei, visit\u00f3 el campus central de la USAC para buscar el apoyo de la Academia en la soluci\u00f3n de los problemas del pa\u00eds y llevar a cabo un trabajo en conjunto durante su gobierno.","rel":"","context":"En \u00abNoticias\u00bb","block_context":{"text":"Noticias","link":"https:\/\/soy.usac.edu.gt\/?cat=29"},"img":{"alt_text":"","src":"https:\/\/i0.wp.com\/soy.usac.edu.gt\/wp-content\/uploads\/2019\/10\/IMG_0107.jpg?resize=350%2C200&ssl=1","width":350,"height":200,"srcset":"https:\/\/i0.wp.com\/soy.usac.edu.gt\/wp-content\/uploads\/2019\/10\/IMG_0107.jpg?resize=350%2C200&ssl=1 1x, https:\/\/i0.wp.com\/soy.usac.edu.gt\/wp-content\/uploads\/2019\/10\/IMG_0107.jpg?resize=525%2C300&ssl=1 1.5x, https:\/\/i0.wp.com\/soy.usac.edu.gt\/wp-content\/uploads\/2019\/10\/IMG_0107.jpg?resize=700%2C400&ssl=1 2x, https:\/\/i0.wp.com\/soy.usac.edu.gt\/wp-content\/uploads\/2019\/10\/IMG_0107.jpg?resize=1050%2C600&ssl=1 3x, https:\/\/i0.wp.com\/soy.usac.edu.gt\/wp-content\/uploads\/2019\/10\/IMG_0107.jpg?resize=1400%2C800&ssl=1 4x"},"classes":[]},{"id":9627,"url":"https:\/\/soy.usac.edu.gt\/?p=9627","url_meta":{"origin":10766,"position":1},"title":"Centros Universitarios solicitan 227.4 millones para concluir 2019","author":"Divisi\u00f3n de Publicidad","date":"11 noviembre, 2019","format":false,"excerpt":"Ante la situaci\u00f3n financiera y su impacto en los programas de educaci\u00f3n superior p\u00fablica de las Escuelas no Facultativas y los Centros Universitarios de los 22 departamentos de la Rep\u00fablica de Guatemala","rel":"","context":"En \u00abNoticias\u00bb","block_context":{"text":"Noticias","link":"https:\/\/soy.usac.edu.gt\/?cat=29"},"img":{"alt_text":"","src":"","width":0,"height":0},"classes":[]},{"id":12897,"url":"https:\/\/soy.usac.edu.gt\/?p=12897","url_meta":{"origin":10766,"position":2},"title":"USAC rechaza  proyecto de presupuesto 2021 aprobado en el Congreso","author":"Divisi\u00f3n de Publicidad","date":"19 noviembre, 2020","format":false,"excerpt":"Ante las condiciones financieras y presupuestales aprobadas para el a\u00f1o 2021","rel":"","context":"En \u00abNoticias\u00bb","block_context":{"text":"Noticias","link":"https:\/\/soy.usac.edu.gt\/?cat=29"},"img":{"alt_text":"","src":"","width":0,"height":0},"classes":[]},{"id":3117,"url":"https:\/\/soy.usac.edu.gt\/?p=3117","url_meta":{"origin":10766,"position":3},"title":"CSU analiza tomar acciones legales por presupuesto","author":"Divisi\u00f3n de Publicidad","date":"13 noviembre, 2018","format":false,"excerpt":"Aunque la USAC privilegia el di\u00e1logo; ante la falta de consensos en la mesa t\u00e9cnica, el Consejo Superior Universitario analiza realizar acciones legales para lograr un presupuesto digno. Luego de varias jornadas de trabajo de la mesa t\u00e9cnica, a\u00fan no se han logrado consensos para resolver la crisis financiera que\u2026","rel":"","context":"En \u00abNoticias\u00bb","block_context":{"text":"Noticias","link":"https:\/\/soy.usac.edu.gt\/?cat=29"},"img":{"alt_text":"","src":"https:\/\/i0.wp.com\/soy.usac.edu.gt\/wp-content\/uploads\/2018\/11\/1.1.jpg?resize=350%2C200&ssl=1","width":350,"height":200,"srcset":"https:\/\/i0.wp.com\/soy.usac.edu.gt\/wp-content\/uploads\/2018\/11\/1.1.jpg?resize=350%2C200&ssl=1 1x, https:\/\/i0.wp.com\/soy.usac.edu.gt\/wp-content\/uploads\/2018\/11\/1.1.jpg?resize=525%2C300&ssl=1 1.5x, https:\/\/i0.wp.com\/soy.usac.edu.gt\/wp-content\/uploads\/2018\/11\/1.1.jpg?resize=700%2C400&ssl=1 2x, https:\/\/i0.wp.com\/soy.usac.edu.gt\/wp-content\/uploads\/2018\/11\/1.1.jpg?resize=1050%2C600&ssl=1 3x, https:\/\/i0.wp.com\/soy.usac.edu.gt\/wp-content\/uploads\/2018\/11\/1.1.jpg?resize=1400%2C800&ssl=1 4x"},"classes":[]},{"id":3119,"url":"https:\/\/soy.usac.edu.gt\/?p=3119","url_meta":{"origin":10766,"position":4},"title":"Estudiantes realizan Huelga de Dolores Extraordinaria","author":"Divisi\u00f3n de Publicidad","date":"13 noviembre, 2018","format":false,"excerpt":"Los comit\u00e9s de las distintas Unidades Acad\u00e9micas organizaron una Huelga de Dolores Extraordinaria para exigir al Congreso un presupuesto digno para la USAC. Encapuchados de la Universidad se reunieron en la rector\u00eda para emprender una caminata pac\u00edfica hacia el Congreso con el fin de exigir a los diputados la aprobaci\u00f3n\u2026","rel":"","context":"En \u00abNoticias\u00bb","block_context":{"text":"Noticias","link":"https:\/\/soy.usac.edu.gt\/?cat=29"},"img":{"alt_text":"","src":"https:\/\/i0.wp.com\/soy.usac.edu.gt\/wp-content\/uploads\/2018\/11\/MANIFESTACI%C3%93N-ENCAPUCHADOS-1.jpeg?resize=350%2C200&ssl=1","width":350,"height":200,"srcset":"https:\/\/i0.wp.com\/soy.usac.edu.gt\/wp-content\/uploads\/2018\/11\/MANIFESTACI%C3%93N-ENCAPUCHADOS-1.jpeg?resize=350%2C200&ssl=1 1x, https:\/\/i0.wp.com\/soy.usac.edu.gt\/wp-content\/uploads\/2018\/11\/MANIFESTACI%C3%93N-ENCAPUCHADOS-1.jpeg?resize=525%2C300&ssl=1 1.5x, https:\/\/i0.wp.com\/soy.usac.edu.gt\/wp-content\/uploads\/2018\/11\/MANIFESTACI%C3%93N-ENCAPUCHADOS-1.jpeg?resize=700%2C400&ssl=1 2x, https:\/\/i0.wp.com\/soy.usac.edu.gt\/wp-content\/uploads\/2018\/11\/MANIFESTACI%C3%93N-ENCAPUCHADOS-1.jpeg?resize=1050%2C600&ssl=1 3x"},"classes":[]},{"id":12662,"url":"https:\/\/soy.usac.edu.gt\/?p=12662","url_meta":{"origin":10766,"position":5},"title":"CC cumplir\u00eda un a\u00f1o sin resolver recursos que permitir\u00edan el 5 % del presupuesto constitucional para la USAC","author":"Divisi\u00f3n de Publicidad","date":"22 octubre, 2020","format":false,"excerpt":"El Rector Ing. Murphy Paiz entreg\u00f3 un oficio dirigido a Gloria Porras, presidenta de la Corte de Constitucionalidad (CC), para solicitar que se resuelvan los recursos pendientes del expediente 5510-2018.","rel":"","context":"En \u00abNoticias\u00bb","block_context":{"text":"Noticias","link":"https:\/\/soy.usac.edu.gt\/?cat=29"},"img":{"alt_text":"","src":"https:\/\/i0.wp.com\/soy.usac.edu.gt\/wp-content\/uploads\/2020\/10\/DESTACADA-FACEBOOK.jpg?resize=350%2C200&ssl=1","width":350,"height":200,"srcset":"https:\/\/i0.wp.com\/soy.usac.edu.gt\/wp-content\/uploads\/2020\/10\/DESTACADA-FACEBOOK.jpg?resize=350%2C200&ssl=1 1x, https:\/\/i0.wp.com\/soy.usac.edu.gt\/wp-content\/uploads\/2020\/10\/DESTACADA-FACEBOOK.jpg?resize=525%2C300&ssl=1 1.5x, https:\/\/i0.wp.com\/soy.usac.edu.gt\/wp-content\/uploads\/2020\/10\/DESTACADA-FACEBOOK.jpg?resize=700%2C400&ssl=1 2x, https:\/\/i0.wp.com\/soy.usac.edu.gt\/wp-content\/uploads\/2020\/10\/DESTACADA-FACEBOOK.jpg?resize=1050%2C600&ssl=1 3x"},"classes":[]}],"jetpack_sharing_enabled":true,"_links":{"self":[{"href":"https:\/\/soy.usac.edu.gt\/index.php?rest_route=\/wp\/v2\/posts\/10766","targetHints":{"allow":["GET"]}}],"collection":[{"href":"https:\/\/soy.usac.edu.gt\/index.php?rest_route=\/wp\/v2\/posts"}],"about":[{"href":"https:\/\/soy.usac.edu.gt\/index.php?rest_route=\/wp\/v2\/types\/post"}],"author":[{"embeddable":true,"href":"https:\/\/soy.usac.edu.gt\/index.php?rest_route=\/wp\/v2\/users\/1"}],"replies":[{"embeddable":true,"href":"https:\/\/soy.usac.edu.gt\/index.php?rest_route=%2Fwp%2Fv2%2Fcomments&post=10766"}],"version-history":[{"count":0,"href":"https:\/\/soy.usac.edu.gt\/index.php?rest_route=\/wp\/v2\/posts\/10766\/revisions"}],"wp:featuredmedia":[{"embeddable":true,"href":"https:\/\/soy.usac.edu.gt\/index.php?rest_route=\/wp\/v2\/media\/10735"}],"wp:attachment":[{"href":"https:\/\/soy.usac.edu.gt\/index.php?rest_route=%2Fwp%2Fv2%2Fmedia&parent=10766"}],"wp:term":[{"taxonomy":"category","embeddable":true,"href":"https:\/\/soy.usac.edu.gt\/index.php?rest_route=%2Fwp%2Fv2%2Fcategories&post=10766"},{"taxonomy":"post_tag","embeddable":true,"href":"https:\/\/soy.usac.edu.gt\/index.php?rest_route=%2Fwp%2Fv2%2Ftags&post=10766"}],"curies":[{"name":"wp","href":"https:\/\/api.w.org\/{rel}","templated":true}]}}