{"id":10768,"date":"2020-02-18T09:19:04","date_gmt":"2020-02-18T15:19:04","guid":{"rendered":"https:\/\/soy.usac.edu.gt\/?p=10768"},"modified":"2020-02-18T09:19:05","modified_gmt":"2020-02-18T15:19:05","slug":"aeu-solicita-resolver-recurso-para-ejecutar-sentencia-del-5","status":"publish","type":"post","link":"https:\/\/soy.usac.edu.gt\/?p=10768","title":{"rendered":"AEU solicita resolver recurso para ejecutar sentencia del 5 %"},"content":{"rendered":"\n<p style=\"text-align: justify;\"><em><strong>La Asociaci\u00f3n de Estudiantes Universitarios (AEU) entreg\u00f3 en la Corte de Constitucionalidad un memorial donde solicita que se ejecute la sentencia en favor del 5 % para que la USAC reciba el presupuesto adecuado este a\u00f1o.<\/strong><\/em><\/p>\n<p style=\"text-align: justify;\">La AEU solicit\u00f3 a trav\u00e9s de un memorial a los magistrados de la Corte de Constitucionalidad resolver un recurso de aclaraci\u00f3n y ejecutar la sentencia que reconoce una asignaci\u00f3n no menor al 5 % del Presupuesto General de la Naci\u00f3n para la universidad, lo cual se establece en el art\u00edculo 84 de la Constituci\u00f3n.<\/p>\n<p style=\"text-align: justify;\">La Corte de Constitucionalidad resolvi\u00f3 el pasado 27 de noviembre un amparo en contra del Congreso, que fue interpuesto por la Asociaci\u00f3n de Estudiantes Universitarios \u201cOliverio Casta\u00f1eda de Le\u00f3n\u201d para que se cumpla la asignaci\u00f3n presupuestaria que le corresponde constitucionalmente a\u00a0 esta casa de estudios, la cual rondar\u00eda los 3 mil 200 millones de quetzales.<\/p>\n<p>\u00a0<\/p>\n<p><iframe loading=\"lazy\" style=\"border: none; overflow: hidden;\" src=\"http:\/\/www.facebook.com\/plugins\/video.php?href=https%3A%2F%2Fwww.facebook.com%2Ftvusac%2Fvideos%2F177531323543559%2F&amp;show_text=0&amp;width=560\" width=\"560\" height=\"315\" frameborder=\"0\" scrolling=\"no\" allowfullscreen=\"allowfullscreen\"><\/iframe><\/p>\n<p style=\"text-align: justify;\">Desde entonces, la Corte de Constitucionalidad no ha resuelto dos aclaraciones, una planteada por la AEU y otra por el Ministerio de Finanzas, lo que no ha permitido la ejecuci\u00f3n de la sentencia.<\/p>\n<p style=\"text-align: justify;\">La AEU expres\u00f3 que la falta de presupuesto limita el accionar de la USAC,\u00a0 lo que genera que solo el 4 % de la poblaci\u00f3n tenga acceso a la educaci\u00f3n superior, y en muchos casos bajo condiciones inadecuadas, como se encuentran los centros universitarios departamentales; algunos carecen de suficiente oferta acad\u00e9mica e infraestructura adecuada.<\/p>\n<p>\u00a0<\/p>\n<blockquote class=\"td_quote_box td_box_center\">\n<h5 style=\"text-align: justify;\"><strong>Sobre el fallo de la Corte<\/strong><\/h5>\n<h5 style=\"text-align: justify;\">La Corte de Constitucionalidad otorg\u00f3 el amparo promovido por la AEU contra el Congreso de la Rep\u00fablica de Guatemala y orden\u00f3 a dicho organismo tomar las medidas legislativas respectivas a efecto de aprobar la adecuaci\u00f3n del monto del presupuesto de la Universidad de San Carlos de Guatemala de 2019; adem\u00e1s,\u00a0 exhort\u00f3 al\u00a0 Congreso y al Ministerio de Finanzas P\u00fablicas a que en futuras formulaciones y aprobaciones del presupuesto tomen en cuenta lo manifestado en la sentencia.<\/h5>\n<\/blockquote>\n<p><img loading=\"lazy\" decoding=\"async\" class=\"aligncenter size-full wp-image-8074\" src=\"https:\/\/soy.usac.edu.gt\/wp-content\/uploads\/2019\/09\/Cr\u00e9ditos-prensa-06.png\" alt=\"\" width=\"5079\" height=\"1960\" srcset=\"https:\/\/soy.usac.edu.gt\/wp-content\/uploads\/2019\/09\/Cr\u00e9ditos-prensa-06.png 5079w, https:\/\/soy.usac.edu.gt\/wp-content\/uploads\/2019\/09\/Cr\u00e9ditos-prensa-06-300x116.png 300w, https:\/\/soy.usac.edu.gt\/wp-content\/uploads\/2019\/09\/Cr\u00e9ditos-prensa-06-768x296.png 768w, https:\/\/soy.usac.edu.gt\/wp-content\/uploads\/2019\/09\/Cr\u00e9ditos-prensa-06-1024x395.png 1024w, https:\/\/soy.usac.edu.gt\/wp-content\/uploads\/2019\/09\/Cr\u00e9ditos-prensa-06-1088x420.png 1088w, https:\/\/soy.usac.edu.gt\/wp-content\/uploads\/2019\/09\/Cr\u00e9ditos-prensa-06-640x247.png 640w, https:\/\/soy.usac.edu.gt\/wp-content\/uploads\/2019\/09\/Cr\u00e9ditos-prensa-06-681x263.png 681w\" sizes=\"auto, (max-width: 5079px) 100vw, 5079px\" \/><\/p>\n","protected":false},"excerpt":{"rendered":"<p>La Asociaci\u00f3n de Estudiantes Universitarios (AEU) entreg\u00f3 en la Corte de Constitucionalidad un memorial donde solicita que se ejecute la sentencia en favor del 5 % para que la USAC reciba el presupuesto adecuado este a\u00f1o.<\/p>\n","protected":false},"author":1,"featured_media":10775,"comment_status":"closed","ping_status":"open","sticky":false,"template":"","format":"standard","meta":{"_exactmetrics_skip_tracking":false,"_exactmetrics_sitenote_active":false,"_exactmetrics_sitenote_note":"","_exactmetrics_sitenote_category":0,"_jetpack_memberships_contains_paid_content":false,"footnotes":""},"categories":[29],"tags":[212,227],"class_list":["post-10768","post","type-post","status-publish","format-standard","has-post-thumbnail","hentry","category-noticias","tag-aeu","tag-presupuesto-de-la-usac"],"aioseo_notices":[],"jetpack_featured_media_url":"https:\/\/soy.usac.edu.gt\/wp-content\/uploads\/2020\/02\/Captura-de-Pantalla-2020-02-18-a-las-09.14.54.png","views":"","jetpack-related-posts":[{"id":3123,"url":"https:\/\/soy.usac.edu.gt\/?p=3123","url_meta":{"origin":10768,"position":0},"title":"AEU acciona contra el Legislativo","author":"Erick Iv\u00e1n de Le\u00f3n","date":"14 noviembre, 2018","format":false,"excerpt":"La Asociaci\u00f3n de Estudiantes Universitarios \u201cOliverio Casta\u00f1eda De Le\u00f3n\u201d (AEU) present\u00f3 la tarde del martes 13 de noviembre una acci\u00f3n constitucional de amparo contra el Congreso de la Rep\u00fablica ante la Corte de Constitucionalidad, \u201cpor atentar en contra del derecho a la educaci\u00f3n y el desarrollo de la poblaci\u00f3n\u201d, seg\u00fan\u2026","rel":"","context":"En \u00abNoticias\u00bb","block_context":{"text":"Noticias","link":"https:\/\/soy.usac.edu.gt\/?cat=29"},"img":{"alt_text":"","src":"https:\/\/i0.wp.com\/soy.usac.edu.gt\/wp-content\/uploads\/2018\/11\/lenina-garcia.jpg?resize=350%2C200&ssl=1","width":350,"height":200,"srcset":"https:\/\/i0.wp.com\/soy.usac.edu.gt\/wp-content\/uploads\/2018\/11\/lenina-garcia.jpg?resize=350%2C200&ssl=1 1x, https:\/\/i0.wp.com\/soy.usac.edu.gt\/wp-content\/uploads\/2018\/11\/lenina-garcia.jpg?resize=525%2C300&ssl=1 1.5x, https:\/\/i0.wp.com\/soy.usac.edu.gt\/wp-content\/uploads\/2018\/11\/lenina-garcia.jpg?resize=700%2C400&ssl=1 2x, https:\/\/i0.wp.com\/soy.usac.edu.gt\/wp-content\/uploads\/2018\/11\/lenina-garcia.jpg?resize=1050%2C600&ssl=1 3x"},"classes":[]},{"id":10946,"url":"https:\/\/soy.usac.edu.gt\/?p=10946","url_meta":{"origin":10768,"position":1},"title":"Realizan vista p\u00fablica contra el art\u00edculo 25 del Reglamento de la Ley Org\u00e1nica del Presupuesto","author":"Divisi\u00f3n de Publicidad","date":"3 marzo, 2020","format":false,"excerpt":"La Asociaci\u00f3n de Estudiantes Universitarios (AEU) busca que se excluya el art\u00edculo 25 del Reglamento de la Ley Org\u00e1nica del Presupuesto, por ser inconstitucional y causar agravios a la Universidad de San Carlos de Guatemala.\u00a0","rel":"","context":"En \u00abNoticias\u00bb","block_context":{"text":"Noticias","link":"https:\/\/soy.usac.edu.gt\/?cat=29"},"img":{"alt_text":"","src":"https:\/\/i0.wp.com\/soy.usac.edu.gt\/wp-content\/uploads\/2020\/03\/destacada-web-vista-pu%CC%81blica.jpg?resize=350%2C200&ssl=1","width":350,"height":200,"srcset":"https:\/\/i0.wp.com\/soy.usac.edu.gt\/wp-content\/uploads\/2020\/03\/destacada-web-vista-pu%CC%81blica.jpg?resize=350%2C200&ssl=1 1x, https:\/\/i0.wp.com\/soy.usac.edu.gt\/wp-content\/uploads\/2020\/03\/destacada-web-vista-pu%CC%81blica.jpg?resize=525%2C300&ssl=1 1.5x, https:\/\/i0.wp.com\/soy.usac.edu.gt\/wp-content\/uploads\/2020\/03\/destacada-web-vista-pu%CC%81blica.jpg?resize=700%2C400&ssl=1 2x, https:\/\/i0.wp.com\/soy.usac.edu.gt\/wp-content\/uploads\/2020\/03\/destacada-web-vista-pu%CC%81blica.jpg?resize=1050%2C600&ssl=1 3x"},"classes":[]},{"id":10713,"url":"https:\/\/soy.usac.edu.gt\/?p=10713","url_meta":{"origin":10768,"position":2},"title":"CSU pide que se cumpla sentencia por el 5% del presupuesto de la USAC.","author":"Divisi\u00f3n de Publicidad","date":"7 febrero, 2020","format":false,"excerpt":"El Consejo Superior Universitario y el Ingeniero Murphy Olympo Paiz Recinos, Rector de la Universidad de San Carlos de Guatemala (USAC), ante la sentencia emitida por la Corte de Constitucionalidad (CC) con respecto al c\u00e1lculo del presupuesto asignado a esta casa de estudios","rel":"","context":"En \u00abNoticias\u00bb","block_context":{"text":"Noticias","link":"https:\/\/soy.usac.edu.gt\/?cat=29"},"img":{"alt_text":"","src":"https:\/\/i0.wp.com\/soy.usac.edu.gt\/wp-content\/uploads\/2020\/02\/WhatsApp-Image-2020-02-07-at-06.55.47-150x150.jpeg?resize=350%2C200&ssl=1","width":350,"height":200,"srcset":"https:\/\/i0.wp.com\/soy.usac.edu.gt\/wp-content\/uploads\/2020\/02\/WhatsApp-Image-2020-02-07-at-06.55.47-150x150.jpeg?resize=350%2C200&ssl=1 1x, https:\/\/i0.wp.com\/soy.usac.edu.gt\/wp-content\/uploads\/2020\/02\/WhatsApp-Image-2020-02-07-at-06.55.47-150x150.jpeg?resize=525%2C300&ssl=1 1.5x, https:\/\/i0.wp.com\/soy.usac.edu.gt\/wp-content\/uploads\/2020\/02\/WhatsApp-Image-2020-02-07-at-06.55.47-150x150.jpeg?resize=700%2C400&ssl=1 2x"},"classes":[]},{"id":12414,"url":"https:\/\/soy.usac.edu.gt\/?p=12414","url_meta":{"origin":10768,"position":3},"title":"CSU solicita a CC aprobar recursos de aclaraci\u00f3n que permitir\u00e1n el 5% del presupuesto que ordena la constituci\u00f3n para la USAC.","author":"Divisi\u00f3n de Publicidad","date":"20 septiembre, 2020","format":false,"excerpt":"Invertir en educaci\u00f3n superior contribuye al desarrollo del pa\u00eds.","rel":"","context":"En \u00abNoticias\u00bb","block_context":{"text":"Noticias","link":"https:\/\/soy.usac.edu.gt\/?cat=29"},"img":{"alt_text":"","src":"","width":0,"height":0},"classes":[]},{"id":8582,"url":"https:\/\/soy.usac.edu.gt\/?p=8582","url_meta":{"origin":10768,"position":4},"title":"Estos son los resultados preliminares de la elecci\u00f3n de AEU","author":"Divisi\u00f3n de Publicidad","date":"8 octubre, 2019","format":false,"excerpt":"La agrupaci\u00f3n estudiantil Conciencia encabeza la elecci\u00f3n con doce cuerpos electorales ganados.\u00a0","rel":"","context":"En \u00abNoticias\u00bb","block_context":{"text":"Noticias","link":"https:\/\/soy.usac.edu.gt\/?cat=29"},"img":{"alt_text":"","src":"https:\/\/i0.wp.com\/soy.usac.edu.gt\/wp-content\/uploads\/2019\/10\/Elecci%C3%B3n.jpg?resize=350%2C200&ssl=1","width":350,"height":200,"srcset":"https:\/\/i0.wp.com\/soy.usac.edu.gt\/wp-content\/uploads\/2019\/10\/Elecci%C3%B3n.jpg?resize=350%2C200&ssl=1 1x, https:\/\/i0.wp.com\/soy.usac.edu.gt\/wp-content\/uploads\/2019\/10\/Elecci%C3%B3n.jpg?resize=525%2C300&ssl=1 1.5x, https:\/\/i0.wp.com\/soy.usac.edu.gt\/wp-content\/uploads\/2019\/10\/Elecci%C3%B3n.jpg?resize=700%2C400&ssl=1 2x, https:\/\/i0.wp.com\/soy.usac.edu.gt\/wp-content\/uploads\/2019\/10\/Elecci%C3%B3n.jpg?resize=1050%2C600&ssl=1 3x"},"classes":[]},{"id":12662,"url":"https:\/\/soy.usac.edu.gt\/?p=12662","url_meta":{"origin":10768,"position":5},"title":"CC cumplir\u00eda un a\u00f1o sin resolver recursos que permitir\u00edan el 5 % del presupuesto constitucional para la USAC","author":"Divisi\u00f3n de Publicidad","date":"22 octubre, 2020","format":false,"excerpt":"El Rector Ing. Murphy Paiz entreg\u00f3 un oficio dirigido a Gloria Porras, presidenta de la Corte de Constitucionalidad (CC), para solicitar que se resuelvan los recursos pendientes del expediente 5510-2018.","rel":"","context":"En \u00abNoticias\u00bb","block_context":{"text":"Noticias","link":"https:\/\/soy.usac.edu.gt\/?cat=29"},"img":{"alt_text":"","src":"https:\/\/i0.wp.com\/soy.usac.edu.gt\/wp-content\/uploads\/2020\/10\/DESTACADA-FACEBOOK.jpg?resize=350%2C200&ssl=1","width":350,"height":200,"srcset":"https:\/\/i0.wp.com\/soy.usac.edu.gt\/wp-content\/uploads\/2020\/10\/DESTACADA-FACEBOOK.jpg?resize=350%2C200&ssl=1 1x, https:\/\/i0.wp.com\/soy.usac.edu.gt\/wp-content\/uploads\/2020\/10\/DESTACADA-FACEBOOK.jpg?resize=525%2C300&ssl=1 1.5x, https:\/\/i0.wp.com\/soy.usac.edu.gt\/wp-content\/uploads\/2020\/10\/DESTACADA-FACEBOOK.jpg?resize=700%2C400&ssl=1 2x, https:\/\/i0.wp.com\/soy.usac.edu.gt\/wp-content\/uploads\/2020\/10\/DESTACADA-FACEBOOK.jpg?resize=1050%2C600&ssl=1 3x"},"classes":[]}],"jetpack_sharing_enabled":true,"_links":{"self":[{"href":"https:\/\/soy.usac.edu.gt\/index.php?rest_route=\/wp\/v2\/posts\/10768","targetHints":{"allow":["GET"]}}],"collection":[{"href":"https:\/\/soy.usac.edu.gt\/index.php?rest_route=\/wp\/v2\/posts"}],"about":[{"href":"https:\/\/soy.usac.edu.gt\/index.php?rest_route=\/wp\/v2\/types\/post"}],"author":[{"embeddable":true,"href":"https:\/\/soy.usac.edu.gt\/index.php?rest_route=\/wp\/v2\/users\/1"}],"replies":[{"embeddable":true,"href":"https:\/\/soy.usac.edu.gt\/index.php?rest_route=%2Fwp%2Fv2%2Fcomments&post=10768"}],"version-history":[{"count":0,"href":"https:\/\/soy.usac.edu.gt\/index.php?rest_route=\/wp\/v2\/posts\/10768\/revisions"}],"wp:featuredmedia":[{"embeddable":true,"href":"https:\/\/soy.usac.edu.gt\/index.php?rest_route=\/wp\/v2\/media\/10775"}],"wp:attachment":[{"href":"https:\/\/soy.usac.edu.gt\/index.php?rest_route=%2Fwp%2Fv2%2Fmedia&parent=10768"}],"wp:term":[{"taxonomy":"category","embeddable":true,"href":"https:\/\/soy.usac.edu.gt\/index.php?rest_route=%2Fwp%2Fv2%2Fcategories&post=10768"},{"taxonomy":"post_tag","embeddable":true,"href":"https:\/\/soy.usac.edu.gt\/index.php?rest_route=%2Fwp%2Fv2%2Ftags&post=10768"}],"curies":[{"name":"wp","href":"https:\/\/api.w.org\/{rel}","templated":true}]}}