{"id":10778,"date":"2020-02-18T12:34:48","date_gmt":"2020-02-18T18:34:48","guid":{"rendered":"https:\/\/soy.usac.edu.gt\/?p=10778"},"modified":"2020-03-05T14:42:20","modified_gmt":"2020-03-05T20:42:20","slug":"ingeniera-quimica-sancarlista-gana-premio-internacional","status":"publish","type":"post","link":"https:\/\/soy.usac.edu.gt\/?p=10778","title":{"rendered":"Ingeniera qu\u00edmica sancarlista gana premio internacional\u00a0"},"content":{"rendered":"\n<p style=\"text-align: justify;\"><em><strong>La Dra. Susana Arrechea fue reconocida con el galard\u00f3n Our Award-Winning Women in Science (OWSD), de la Fundaci\u00f3n Elsevier, en la categor\u00eda de Mujeres Cient\u00edficas en el Mundo en Desarrollo.\u00a0<\/strong><\/em><\/p>\n<p style=\"text-align: justify;\"><span style=\"font-weight: 400;\">La doctora Susana Arrechea, ingeniera qu\u00edmica de la Universidad de San Carlos de Guatemala, fue reconocida por su investigaci\u00f3n de aplicaciones industriales y ambientales de materiales de nanopart\u00edculas, nanotubos y grafeno, que pueden emplearse para crear materiales de construcci\u00f3n m\u00e1s sostenibles.<\/span><\/p>\n<p style=\"text-align: justify;\"><span style=\"font-weight: 400;\">La entrega de los galardones se llev\u00f3 a cabo en Seattle, Washington, el pasado 15 de febrero, en la reuni\u00f3n anual de la Asociaci\u00f3n Americana para el Avance de la Ciencia. Durante el evento fueron reconocidas otras cuatro cient\u00edficas de diferentes pa\u00edses, como Sri Lanka, Yemen y Bangladesh.\u00a0\u00a0<\/span><\/p>\n<figure id=\"attachment_10784\" aria-describedby=\"caption-attachment-10784\" style=\"width: 2048px\" class=\"wp-caption aligncenter\"><img loading=\"lazy\" decoding=\"async\" class=\"wp-image-10784 size-full\" src=\"https:\/\/soy.usac.edu.gt\/wp-content\/uploads\/2020\/02\/susana-arrechea.jpg\" alt=\"\" width=\"2048\" height=\"1102\" srcset=\"https:\/\/soy.usac.edu.gt\/wp-content\/uploads\/2020\/02\/susana-arrechea.jpg 2048w, https:\/\/soy.usac.edu.gt\/wp-content\/uploads\/2020\/02\/susana-arrechea-300x160.jpg 300w, https:\/\/soy.usac.edu.gt\/wp-content\/uploads\/2020\/02\/susana-arrechea-768x413.jpg 768w, https:\/\/soy.usac.edu.gt\/wp-content\/uploads\/2020\/02\/susana-arrechea-1024x551.jpg 1024w, https:\/\/soy.usac.edu.gt\/wp-content\/uploads\/2020\/02\/susana-arrechea-781x420.jpg 781w, https:\/\/soy.usac.edu.gt\/wp-content\/uploads\/2020\/02\/susana-arrechea-640x344.jpg 640w, https:\/\/soy.usac.edu.gt\/wp-content\/uploads\/2020\/02\/susana-arrechea-681x366.jpg 681w\" sizes=\"auto, (max-width: 2048px) 100vw, 2048px\" \/><figcaption id=\"caption-attachment-10784\" class=\"wp-caption-text\">Mujeres Galardonadas por la fundaci\u00f3n Elsevier.<\/figcaption><\/figure>\n<p style=\"text-align: justify;\"><span style=\"font-weight: 400;\">Susana Arrechea creci\u00f3 en la colonia El\u00a0 Milagro, orgullosa de sus or\u00edgenes, desde peque\u00f1a se interes\u00f3 por la ciencia hasta convertirse en una experta en temas de nanotecnolog\u00eda aplicada a materiales de construcci\u00f3n, energ\u00eda solar, proyectos de sostenibilidad y energ\u00eda renovable.<\/span><\/p>\n<p style=\"text-align: justify;\"><span style=\"font-weight: 400;\">Adem\u00e1s, la cient\u00edfica ha contribuido al desarrollo de la nanotecnolog\u00eda en Guatemala y participa en la mejora de la electrificaci\u00f3n solar, conectividad, alfabetizaci\u00f3n digital y STEM en las escuelas de las zonas rurales del pa\u00eds, en colaboraci\u00f3n con New Sun Road y Microsoft.\u00a0<\/span><\/p>\n<p>\u00a0<\/p>\n<blockquote class=\"td_quote_box td_box_center\">\n<h5 style=\"text-align: justify;\"><b>En detalle<\/b><\/h5>\n<h5 style=\"text-align: justify;\"><span style=\"font-weight: 400;\"><img loading=\"lazy\" decoding=\"async\" class=\"alignleft wp-image-10783 size-thumbnail\" src=\"https:\/\/soy.usac.edu.gt\/wp-content\/uploads\/2020\/02\/82518302_1406128586228001_2679911175814119424_o-1-150x150.jpg\" alt=\"\" width=\"150\" height=\"150\" \/>Egresada de\u00a0 Ingenier\u00eda Qu\u00edmica de la USAC, tambi\u00e9n trabaj\u00f3 como docente de Qu\u00edmica F\u00edsica en la Tricentenaria antes de obtener el grado de maestra y doctora en Nanociencia y Nanotecnolog\u00eda en la Universidad de Castilla-La Mancha, Espa\u00f1a.\u00a0<\/span><\/h5>\n<h5 style=\"text-align: justify;\"><span style=\"font-weight: 400;\">Despu\u00e9s de graduarse con el reconocimiento cum laude, trabaj\u00f3 como investigadora visitante en la Universidad de California-Berkeley, como parte de un proyecto Fulbright Nexus sobre energ\u00eda renovable, y m\u00e1s tarde en el Centro de Estudios de Biotecnolog\u00eda de la Universidad del Valle de Guatemala.<\/span><\/h5>\n<\/blockquote>\n<p>\u00a0<\/p>\n<h4><em><strong>Escucha su exposici\u00f3n en Tedx USAC, motivando a las ni\u00f1as a involucrarse en la ciencia.\u00a0<\/strong><\/em><\/h4>\n<p><div class=\"jetpack-video-wrapper\"><iframe loading=\"lazy\" title=\"\u00bfcient\u00edfica frustrada? | Susana Arrechea | TEDxUSAC\" width=\"640\" height=\"360\" src=\"https:\/\/www.youtube.com\/embed\/ZAJU8Eod3mM?feature=oembed\" frameborder=\"0\" allow=\"accelerometer; autoplay; clipboard-write; encrypted-media; gyroscope; picture-in-picture; web-share\" referrerpolicy=\"strict-origin-when-cross-origin\" allowfullscreen><\/iframe><\/div><\/p>\n<p>\u00a0<\/p>\n<p><img loading=\"lazy\" decoding=\"async\" class=\"aligncenter size-full wp-image-6047\" src=\"https:\/\/soy.usac.edu.gt\/wp-content\/uploads\/2019\/05\/Cr\u00e9ditos-prensa-06-1.png\" alt=\"\" width=\"5079\" height=\"1960\" srcset=\"https:\/\/soy.usac.edu.gt\/wp-content\/uploads\/2019\/05\/Cr\u00e9ditos-prensa-06-1.png 5079w, https:\/\/soy.usac.edu.gt\/wp-content\/uploads\/2019\/05\/Cr\u00e9ditos-prensa-06-1-300x116.png 300w, https:\/\/soy.usac.edu.gt\/wp-content\/uploads\/2019\/05\/Cr\u00e9ditos-prensa-06-1-768x296.png 768w, https:\/\/soy.usac.edu.gt\/wp-content\/uploads\/2019\/05\/Cr\u00e9ditos-prensa-06-1-1024x395.png 1024w, https:\/\/soy.usac.edu.gt\/wp-content\/uploads\/2019\/05\/Cr\u00e9ditos-prensa-06-1-1088x420.png 1088w, https:\/\/soy.usac.edu.gt\/wp-content\/uploads\/2019\/05\/Cr\u00e9ditos-prensa-06-1-640x247.png 640w, https:\/\/soy.usac.edu.gt\/wp-content\/uploads\/2019\/05\/Cr\u00e9ditos-prensa-06-1-681x263.png 681w\" sizes=\"auto, (max-width: 5079px) 100vw, 5079px\" \/><\/p>\n","protected":false},"excerpt":{"rendered":"<p>La Dra. Susana Arrechea fue reconocida con el galard\u00f3n Our Award-Winning Women in Science (OWSD), de la Fundaci\u00f3n Elsevier, en la categor\u00eda de Mujeres Cient\u00edficas en el Mundo en Desarrollo.\u00a0<\/p>\n","protected":false},"author":1,"featured_media":10781,"comment_status":"closed","ping_status":"open","sticky":false,"template":"","format":"standard","meta":{"_exactmetrics_skip_tracking":false,"_exactmetrics_sitenote_active":false,"_exactmetrics_sitenote_note":"","_exactmetrics_sitenote_category":0,"_jetpack_memberships_contains_paid_content":false,"footnotes":""},"categories":[122,96,29],"tags":[130,372],"class_list":["post-10778","post","type-post","status-publish","format-standard","has-post-thumbnail","hentry","category-ciencia-y-tecnologia","category-mas-noticias","category-noticias","tag-estudiantes","tag-orgullo-sancarlista"],"aioseo_notices":[],"jetpack_featured_media_url":"https:\/\/soy.usac.edu.gt\/wp-content\/uploads\/2020\/02\/Susana-Arrechea-gano-premio-OWSD-Elsevier-para-Mujeres-Cientificas.jpg","views":"","jetpack-related-posts":[{"id":20317,"url":"https:\/\/soy.usac.edu.gt\/?p=20317","url_meta":{"origin":10778,"position":0},"title":"Sancarlista recibe Premio Internacional de la Fundaci\u00f3n Princesa de Girona","author":"Divisi\u00f3n de Publicidad","date":"8 mayo, 2024","format":false,"excerpt":"Susana Arrechea, ingeniera qu\u00edmica, ha sido galardonada con el Premio Princesa de Girona Internacional 2024 en la categor\u00eda de \u201cCreaEmpresa\" por el proyecto Sun Road Guatemala y su labor en la digitalizaci\u00f3n de las comunidades rurales. La ceremonia \"Conexi\u00f3n talento iberoamericano\", donde recibi\u00f3 el premio, fue presidida por el rey\u2026","rel":"","context":"En \u00abCiencia y Tecnolog\u00eda\u00bb","block_context":{"text":"Ciencia y Tecnolog\u00eda","link":"https:\/\/soy.usac.edu.gt\/?cat=122"},"img":{"alt_text":"","src":"https:\/\/i0.wp.com\/soy.usac.edu.gt\/wp-content\/uploads\/2024\/05\/438059410_771926861747853_1976461147104942155_n.jpg?resize=350%2C200&ssl=1","width":350,"height":200,"srcset":"https:\/\/i0.wp.com\/soy.usac.edu.gt\/wp-content\/uploads\/2024\/05\/438059410_771926861747853_1976461147104942155_n.jpg?resize=350%2C200&ssl=1 1x, https:\/\/i0.wp.com\/soy.usac.edu.gt\/wp-content\/uploads\/2024\/05\/438059410_771926861747853_1976461147104942155_n.jpg?resize=525%2C300&ssl=1 1.5x, https:\/\/i0.wp.com\/soy.usac.edu.gt\/wp-content\/uploads\/2024\/05\/438059410_771926861747853_1976461147104942155_n.jpg?resize=700%2C400&ssl=1 2x, https:\/\/i0.wp.com\/soy.usac.edu.gt\/wp-content\/uploads\/2024\/05\/438059410_771926861747853_1976461147104942155_n.jpg?resize=1050%2C600&ssl=1 3x, https:\/\/i0.wp.com\/soy.usac.edu.gt\/wp-content\/uploads\/2024\/05\/438059410_771926861747853_1976461147104942155_n.jpg?resize=1400%2C800&ssl=1 4x"},"classes":[]},{"id":16574,"url":"https:\/\/soy.usac.edu.gt\/?p=16574","url_meta":{"origin":10778,"position":1},"title":"Reconocen labor de mujeres sancarlistas","author":"Divisi\u00f3n de Publicidad","date":"9 marzo, 2022","format":false,"excerpt":"En el marco de las celebraciones del D\u00eda Internacional de la Mujer, el Ministerio de Trabajo y Previsi\u00f3n Social reconoci\u00f3 a trabajadores de distintas instituciones p\u00fablicas y privadas con la Orden de la Excelencia Laboral.","rel":"","context":"En \u00abNoticias\u00bb","block_context":{"text":"Noticias","link":"https:\/\/soy.usac.edu.gt\/?cat=29"},"img":{"alt_text":"","src":"https:\/\/i0.wp.com\/soy.usac.edu.gt\/wp-content\/uploads\/2022\/03\/20-1.jpg?resize=350%2C200&ssl=1","width":350,"height":200,"srcset":"https:\/\/i0.wp.com\/soy.usac.edu.gt\/wp-content\/uploads\/2022\/03\/20-1.jpg?resize=350%2C200&ssl=1 1x, https:\/\/i0.wp.com\/soy.usac.edu.gt\/wp-content\/uploads\/2022\/03\/20-1.jpg?resize=525%2C300&ssl=1 1.5x, https:\/\/i0.wp.com\/soy.usac.edu.gt\/wp-content\/uploads\/2022\/03\/20-1.jpg?resize=700%2C400&ssl=1 2x, https:\/\/i0.wp.com\/soy.usac.edu.gt\/wp-content\/uploads\/2022\/03\/20-1.jpg?resize=1050%2C600&ssl=1 3x, https:\/\/i0.wp.com\/soy.usac.edu.gt\/wp-content\/uploads\/2022\/03\/20-1.jpg?resize=1400%2C800&ssl=1 4x"},"classes":[]},{"id":13411,"url":"https:\/\/soy.usac.edu.gt\/?p=13411","url_meta":{"origin":10778,"position":2},"title":"Sancarlista destaca por su carrera cient\u00edfica","author":"Divisi\u00f3n de Publicidad","date":"11 marzo, 2021","format":false,"excerpt":"Mar\u00eda Eugenia Cabrera Catal\u00e1n fue reconocida mundialmente a principios de febrero como ganadora del OWSD-Elsevier Foundation Award, entre cinco mujeres galardonadas.","rel":"","context":"En \u00abCiencia y Tecnolog\u00eda\u00bb","block_context":{"text":"Ciencia y Tecnolog\u00eda","link":"https:\/\/soy.usac.edu.gt\/?cat=122"},"img":{"alt_text":"","src":"https:\/\/i0.wp.com\/soy.usac.edu.gt\/wp-content\/uploads\/2021\/03\/Foto-1.jpg?resize=350%2C200&ssl=1","width":350,"height":200,"srcset":"https:\/\/i0.wp.com\/soy.usac.edu.gt\/wp-content\/uploads\/2021\/03\/Foto-1.jpg?resize=350%2C200&ssl=1 1x, https:\/\/i0.wp.com\/soy.usac.edu.gt\/wp-content\/uploads\/2021\/03\/Foto-1.jpg?resize=525%2C300&ssl=1 1.5x, https:\/\/i0.wp.com\/soy.usac.edu.gt\/wp-content\/uploads\/2021\/03\/Foto-1.jpg?resize=700%2C400&ssl=1 2x, https:\/\/i0.wp.com\/soy.usac.edu.gt\/wp-content\/uploads\/2021\/03\/Foto-1.jpg?resize=1050%2C600&ssl=1 3x, https:\/\/i0.wp.com\/soy.usac.edu.gt\/wp-content\/uploads\/2021\/03\/Foto-1.jpg?resize=1400%2C800&ssl=1 4x"},"classes":[]},{"id":16361,"url":"https:\/\/soy.usac.edu.gt\/?p=16361","url_meta":{"origin":10778,"position":3},"title":"Reconocen a exmiembros del CSU","author":"Divisi\u00f3n de Publicidad","date":"3 febrero, 2022","format":false,"excerpt":"Los profesionales se distinguieron por su trabajo realizado en favor de la universidad.","rel":"","context":"En \u00abNoticias\u00bb","block_context":{"text":"Noticias","link":"https:\/\/soy.usac.edu.gt\/?cat=29"},"img":{"alt_text":"","src":"https:\/\/i0.wp.com\/soy.usac.edu.gt\/wp-content\/uploads\/2019\/10\/cropped-rector%C3%ADa-reforma.jpg?resize=350%2C200&ssl=1","width":350,"height":200,"srcset":"https:\/\/i0.wp.com\/soy.usac.edu.gt\/wp-content\/uploads\/2019\/10\/cropped-rector%C3%ADa-reforma.jpg?resize=350%2C200&ssl=1 1x, https:\/\/i0.wp.com\/soy.usac.edu.gt\/wp-content\/uploads\/2019\/10\/cropped-rector%C3%ADa-reforma.jpg?resize=525%2C300&ssl=1 1.5x, https:\/\/i0.wp.com\/soy.usac.edu.gt\/wp-content\/uploads\/2019\/10\/cropped-rector%C3%ADa-reforma.jpg?resize=700%2C400&ssl=1 2x, https:\/\/i0.wp.com\/soy.usac.edu.gt\/wp-content\/uploads\/2019\/10\/cropped-rector%C3%ADa-reforma.jpg?resize=1050%2C600&ssl=1 3x, https:\/\/i0.wp.com\/soy.usac.edu.gt\/wp-content\/uploads\/2019\/10\/cropped-rector%C3%ADa-reforma.jpg?resize=1400%2C800&ssl=1 4x"},"classes":[]},{"id":14723,"url":"https:\/\/soy.usac.edu.gt\/?p=14723","url_meta":{"origin":10778,"position":4},"title":"Forbes destaca liderazgo centroamericano de tres mujeres sancarlistas","author":"Divisi\u00f3n de Publicidad","date":"20 julio, 2021","format":false,"excerpt":"El listado de 100 mujeres poderosas centroamericanas incluy\u00f3 a tres destacadas cient\u00edficas sancarlistas.","rel":"","context":"En \u00abNoticias\u00bb","block_context":{"text":"Noticias","link":"https:\/\/soy.usac.edu.gt\/?cat=29"},"img":{"alt_text":"","src":"https:\/\/i0.wp.com\/soy.usac.edu.gt\/wp-content\/uploads\/2021\/07\/sancarlistas-forbes.jpeg?resize=350%2C200&ssl=1","width":350,"height":200,"srcset":"https:\/\/i0.wp.com\/soy.usac.edu.gt\/wp-content\/uploads\/2021\/07\/sancarlistas-forbes.jpeg?resize=350%2C200&ssl=1 1x, https:\/\/i0.wp.com\/soy.usac.edu.gt\/wp-content\/uploads\/2021\/07\/sancarlistas-forbes.jpeg?resize=525%2C300&ssl=1 1.5x, https:\/\/i0.wp.com\/soy.usac.edu.gt\/wp-content\/uploads\/2021\/07\/sancarlistas-forbes.jpeg?resize=700%2C400&ssl=1 2x, https:\/\/i0.wp.com\/soy.usac.edu.gt\/wp-content\/uploads\/2021\/07\/sancarlistas-forbes.jpeg?resize=1050%2C600&ssl=1 3x"},"classes":[]},{"id":7886,"url":"https:\/\/soy.usac.edu.gt\/?p=7886","url_meta":{"origin":10778,"position":5},"title":"Sancarlistas destacan en festival de ciencia","author":"Edwin Medina","date":"1 agosto, 2019","format":false,"excerpt":"Uno de los eventos acad\u00e9micos m\u00e1s importantes de Latinoam\u00e9rica es la edici\u00f3n de los Veranos de la Ciencia\u00a0 realizada en Guanajuato, M\u00e9xico.","rel":"","context":"En \u00abNoticias\u00bb","block_context":{"text":"Noticias","link":"https:\/\/soy.usac.edu.gt\/?cat=29"},"img":{"alt_text":"","src":"https:\/\/i0.wp.com\/soy.usac.edu.gt\/wp-content\/uploads\/2019\/08\/DSC0756-1.jpg?resize=350%2C200&ssl=1","width":350,"height":200,"srcset":"https:\/\/i0.wp.com\/soy.usac.edu.gt\/wp-content\/uploads\/2019\/08\/DSC0756-1.jpg?resize=350%2C200&ssl=1 1x, https:\/\/i0.wp.com\/soy.usac.edu.gt\/wp-content\/uploads\/2019\/08\/DSC0756-1.jpg?resize=525%2C300&ssl=1 1.5x, https:\/\/i0.wp.com\/soy.usac.edu.gt\/wp-content\/uploads\/2019\/08\/DSC0756-1.jpg?resize=700%2C400&ssl=1 2x, https:\/\/i0.wp.com\/soy.usac.edu.gt\/wp-content\/uploads\/2019\/08\/DSC0756-1.jpg?resize=1050%2C600&ssl=1 3x, https:\/\/i0.wp.com\/soy.usac.edu.gt\/wp-content\/uploads\/2019\/08\/DSC0756-1.jpg?resize=1400%2C800&ssl=1 4x"},"classes":[]}],"jetpack_sharing_enabled":true,"_links":{"self":[{"href":"https:\/\/soy.usac.edu.gt\/index.php?rest_route=\/wp\/v2\/posts\/10778","targetHints":{"allow":["GET"]}}],"collection":[{"href":"https:\/\/soy.usac.edu.gt\/index.php?rest_route=\/wp\/v2\/posts"}],"about":[{"href":"https:\/\/soy.usac.edu.gt\/index.php?rest_route=\/wp\/v2\/types\/post"}],"author":[{"embeddable":true,"href":"https:\/\/soy.usac.edu.gt\/index.php?rest_route=\/wp\/v2\/users\/1"}],"replies":[{"embeddable":true,"href":"https:\/\/soy.usac.edu.gt\/index.php?rest_route=%2Fwp%2Fv2%2Fcomments&post=10778"}],"version-history":[{"count":0,"href":"https:\/\/soy.usac.edu.gt\/index.php?rest_route=\/wp\/v2\/posts\/10778\/revisions"}],"wp:featuredmedia":[{"embeddable":true,"href":"https:\/\/soy.usac.edu.gt\/index.php?rest_route=\/wp\/v2\/media\/10781"}],"wp:attachment":[{"href":"https:\/\/soy.usac.edu.gt\/index.php?rest_route=%2Fwp%2Fv2%2Fmedia&parent=10778"}],"wp:term":[{"taxonomy":"category","embeddable":true,"href":"https:\/\/soy.usac.edu.gt\/index.php?rest_route=%2Fwp%2Fv2%2Fcategories&post=10778"},{"taxonomy":"post_tag","embeddable":true,"href":"https:\/\/soy.usac.edu.gt\/index.php?rest_route=%2Fwp%2Fv2%2Ftags&post=10778"}],"curies":[{"name":"wp","href":"https:\/\/api.w.org\/{rel}","templated":true}]}}