{"id":10794,"date":"2020-02-19T08:31:17","date_gmt":"2020-02-19T14:31:17","guid":{"rendered":"https:\/\/soy.usac.edu.gt\/?p=10794"},"modified":"2020-02-19T16:16:14","modified_gmt":"2020-02-19T22:16:14","slug":"codecer-informa-que-educacion-superior-en-los-departamentos-esta-en-riesgo","status":"publish","type":"post","link":"https:\/\/soy.usac.edu.gt\/?p=10794","title":{"rendered":"CODECER informa que  educaci\u00f3n superior en los departamentos est\u00e1 en riesgo"},"content":{"rendered":"\n<p style=\"text-align: center;\"><strong>El Consejo de Directores de Escuelas no Facultativas y Centros Universitarios (CODECER) de la Universidad de San Carlos de Guatemala (USAC)<\/strong><\/p>\n<p style=\"text-align: justify;\">Ante la incierta situaci\u00f3n financiera institucional y su impacto en los programas de educaci\u00f3n superior p\u00fablica de las escuelas no facultativas y los centros universitarios<\/p>\n<p>\u00a0<\/p>\n<h5 style=\"text-align: center;\"><strong>MANIFIESTA: <\/strong><\/h5>\n<p style=\"text-align: justify;\">Que la prolongada incertidumbre sobre los recursos financieros de la USAC para el presente per\u00edodo fiscal ponen en riesgo la continuidad de los programas de educaci\u00f3n p\u00fablica superior que ofrecen los centros universitarios y las escuelas no facultativas que atienden al 47 % de la matr\u00edcula de la USAC distribuida en los 22 departamentos; m\u00e1s de 100 mil estudiantes han iniciado el ciclo lectivo 2020 en condiciones deficitarias de infraestructura, equipamiento, tecnolog\u00eda y espacios pedag\u00f3gicos dignos.<\/p>\n<p style=\"text-align: justify;\">Que la dif\u00edcil situaci\u00f3n presupuestal y financiera de la \u00fanica universidad p\u00fablica del pa\u00eds est\u00e1 afectando a una importante cantidad de profesores que prestan sus servicios profesionales en actividades de docencia, investigaci\u00f3n y extensi\u00f3n que contribuyen al progreso y desarrollo de los departamentos en los que tenemos programas de servicio social, apoyo a los gobiernos locales y acciones que coadyuvan a las pol\u00edticas p\u00fablicas que atienden las necesidades m\u00e1s sentidas de la poblaci\u00f3n.<\/p>\n<p style=\"text-align: justify;\">Que es imperativa la vigencia de lo resuelto por la Corte de Constitucionalidad (CC) el pasado 27 de noviembre de 2019, donde se exhorta al Congreso de la Rep\u00fablica y al Ministerio de Finanzas P\u00fablicas a que, en la formulaci\u00f3n del presupuesto de ingresos y egresos del Estado y sus readecuaciones, se acredite la asignaci\u00f3n presupuestaria constitucional para la USAC, calculada sobre la base del total de los ingresos tributarios; de lo contrario, se prolongar\u00e1 la zozobra de estudiantes de la provincia, que no tienen la certeza de continuar con sus estudios, principalmente, las cohortes de carreras nuevas que van avanzando en su formaci\u00f3n, y los servicios de extensi\u00f3n que atienden directamente a la poblaci\u00f3n.<\/p>\n<p>\u00a0<\/p>\n<h5 style=\"text-align: justify;\"><strong>Por lo anteriormente expuesto, solicitamos: <\/strong><\/h5>\n<p style=\"text-align: justify;\">1. A la Corte de Constitucionalidad, respetuosamente, la evacuaci\u00f3n oportuna de los recursos de aclaraci\u00f3n y ampliaci\u00f3n interpuestos, que dar\u00e1n mayor solidez y credibilidad a lo resuelto en la sentencia del Expediente 5510-2018, sentando precedente para el cumplimiento del situado del 5%, que debe ser trasladado en los t\u00e9rminos establecidos.<\/p>\n<p style=\"text-align: justify;\">2. Al Ministerio de Finanzas P\u00fablicas, tomar en cuenta para el dise\u00f1o de la readecuaci\u00f3n presupuestal del presente ejercicio fiscal y los futuros lo preceptuado por la CC, calculando el situado constitucional sobre la base del total de los ingresos tributarios sin ninguna deducci\u00f3n, en cumplimiento del art\u00edculo 84 constitucional, que establece que se debe \u201cprocurar un incremento presupuestal adecuado al aumento de su poblaci\u00f3n estudiantil o al mejoramiento del nivel acad\u00e9mico\u201d.<\/p>\n<p style=\"text-align: justify;\">3. Al Congreso de la Rep\u00fablica y en particular a los diputados distritales, a apoyar el dictamen a la propuesta de readecuaci\u00f3n presupuestal que incluya los recursos para la USAC y a aprobar en el pleno la normativa que permita que los estudiantes universitarios de los departamentos que representan, cuenten con los recursos para ampliar sus oportunidades de desarrollo humano y contribuir al progreso del pa\u00eds. Nos sumamos como autoridades de los Centros Universitarios y Escuelas no Facultativas, al Consejo Superior Universitario y a las autoridades centrales de la USAC, que han dado muestras de compromiso con la transparencia y probidad en el uso de los recursos del Estado, garantizando que los mismos ser\u00e1n invertidos con pertinencia y compromiso con el bien com\u00fan de la sociedad guatemalteca.<\/p>\n<p style=\"text-align: justify;\">\u00a0<\/p>\n<p style=\"text-align: center;\"><strong>\u201cID Y ENSE\u00d1AD A TODOS\u201d<\/strong><\/p>\n<p style=\"text-align: justify;\">\u00a0<\/p>\n<p style=\"text-align: right;\">Guatemala, 19 de febrero de 2020<\/p>\n","protected":false},"excerpt":{"rendered":"<p>Pronunciamiento del Consejo de Directores de Centros Universitarios Departamentales y Escuelas no Facultativas (CODECER) de la Universidad de San Carlos de Guatemala.\u00a0<\/p>\n","protected":false},"author":1,"featured_media":0,"comment_status":"closed","ping_status":"open","sticky":false,"template":"","format":"standard","meta":{"_exactmetrics_skip_tracking":false,"_exactmetrics_sitenote_active":false,"_exactmetrics_sitenote_note":"","_exactmetrics_sitenote_category":0,"_jetpack_memberships_contains_paid_content":false,"footnotes":""},"categories":[29,151],"tags":[616,227],"class_list":["post-10794","post","type-post","status-publish","format-standard","hentry","category-noticias","category-opinion","tag-codecer","tag-presupuesto-de-la-usac"],"aioseo_notices":[],"jetpack_featured_media_url":"","views":"","jetpack-related-posts":[{"id":12123,"url":"https:\/\/soy.usac.edu.gt\/?p=12123","url_meta":{"origin":10794,"position":0},"title":"CODECER solicita al Congreso aprobaci\u00f3n de iniciativa 5814","author":"Divisi\u00f3n de Publicidad","date":"3 agosto, 2020","format":false,"excerpt":"Pronunciamiento del Consejo de Directores de Centros Universitarios y Escuelas no Facultativas (CODECER) de la Universidad de San Carlos de Guatemala Ante la necesaria y urgente ejecuci\u00f3n de la tercera\u00a0 etapa del Programa de Inversi\u00f3n en Infraestructura, Maquinaria y Equipo para la Universidad de San \u00a0 Carlos de Guatemala MANIFIESTA:\u2026","rel":"","context":"En \u00abOpini\u00f3n\u00bb","block_context":{"text":"Opini\u00f3n","link":"https:\/\/soy.usac.edu.gt\/?cat=151"},"img":{"alt_text":"","src":"","width":0,"height":0},"classes":[]},{"id":9627,"url":"https:\/\/soy.usac.edu.gt\/?p=9627","url_meta":{"origin":10794,"position":1},"title":"Centros Universitarios solicitan 227.4 millones para concluir 2019","author":"Divisi\u00f3n de Publicidad","date":"11 noviembre, 2019","format":false,"excerpt":"Ante la situaci\u00f3n financiera y su impacto en los programas de educaci\u00f3n superior p\u00fablica de las Escuelas no Facultativas y los Centros Universitarios de los 22 departamentos de la Rep\u00fablica de Guatemala","rel":"","context":"En \u00abNoticias\u00bb","block_context":{"text":"Noticias","link":"https:\/\/soy.usac.edu.gt\/?cat=29"},"img":{"alt_text":"","src":"","width":0,"height":0},"classes":[]},{"id":9630,"url":"https:\/\/soy.usac.edu.gt\/?p=9630","url_meta":{"origin":10794,"position":2},"title":"USAC vuelve a afrontar crisis financiera por falta de presupuesto","author":"Divisi\u00f3n de Publicidad","date":"11 noviembre, 2019","format":false,"excerpt":"La Universidad necesita 227. 4 millones para terminar el a\u00f1o fiscal 2019, mientras afronta una reducci\u00f3n de Q 184.6 millones menos para su presupuesto de 2020.\u00a0","rel":"","context":"En \u00abNoticias\u00bb","block_context":{"text":"Noticias","link":"https:\/\/soy.usac.edu.gt\/?cat=29"},"img":{"alt_text":"","src":"https:\/\/i0.wp.com\/soy.usac.edu.gt\/wp-content\/uploads\/2019\/11\/IMG-0261.jpg?resize=350%2C200&ssl=1","width":350,"height":200,"srcset":"https:\/\/i0.wp.com\/soy.usac.edu.gt\/wp-content\/uploads\/2019\/11\/IMG-0261.jpg?resize=350%2C200&ssl=1 1x, https:\/\/i0.wp.com\/soy.usac.edu.gt\/wp-content\/uploads\/2019\/11\/IMG-0261.jpg?resize=525%2C300&ssl=1 1.5x, https:\/\/i0.wp.com\/soy.usac.edu.gt\/wp-content\/uploads\/2019\/11\/IMG-0261.jpg?resize=700%2C400&ssl=1 2x, https:\/\/i0.wp.com\/soy.usac.edu.gt\/wp-content\/uploads\/2019\/11\/IMG-0261.jpg?resize=1050%2C600&ssl=1 3x, https:\/\/i0.wp.com\/soy.usac.edu.gt\/wp-content\/uploads\/2019\/11\/IMG-0261.jpg?resize=1400%2C800&ssl=1 4x"},"classes":[]},{"id":11260,"url":"https:\/\/soy.usac.edu.gt\/?p=11260","url_meta":{"origin":10794,"position":3},"title":"As\u00ed qued\u00f3  integrada la\u00a0nueva Junta Directiva del CODECER","author":"Divisi\u00f3n de Publicidad","date":"13 marzo, 2020","format":false,"excerpt":"La nueva Junta Directiva del CODECER precidir\u00e1 el consejo durante el per\u00edodo 2020-2021.","rel":"","context":"En \u00abNoticias\u00bb","block_context":{"text":"Noticias","link":"https:\/\/soy.usac.edu.gt\/?cat=29"},"img":{"alt_text":"","src":"https:\/\/i0.wp.com\/soy.usac.edu.gt\/wp-content\/uploads\/2020\/03\/foto-junta-directiva-del-CODECERjpg.jpg?resize=350%2C200&ssl=1","width":350,"height":200,"srcset":"https:\/\/i0.wp.com\/soy.usac.edu.gt\/wp-content\/uploads\/2020\/03\/foto-junta-directiva-del-CODECERjpg.jpg?resize=350%2C200&ssl=1 1x, https:\/\/i0.wp.com\/soy.usac.edu.gt\/wp-content\/uploads\/2020\/03\/foto-junta-directiva-del-CODECERjpg.jpg?resize=525%2C300&ssl=1 1.5x, https:\/\/i0.wp.com\/soy.usac.edu.gt\/wp-content\/uploads\/2020\/03\/foto-junta-directiva-del-CODECERjpg.jpg?resize=700%2C400&ssl=1 2x"},"classes":[]},{"id":12456,"url":"https:\/\/soy.usac.edu.gt\/?p=12456","url_meta":{"origin":10794,"position":4},"title":"CODECER manifiesta su apoyo al CSU para concretar el contrato de pr\u00e9stamo con el BCIE","author":"Divisi\u00f3n de Publicidad","date":"23 septiembre, 2020","format":false,"excerpt":"El Consejo de Directores de Centros Universitarios y Escuelas no Facultativas ha otorgado y reitera su apoyo irrestricto al Consejo Superior Universitario y al se\u00f1or Rector Ing. Murphy Olimpo Paiz.","rel":"","context":"En \u00abNoticias\u00bb","block_context":{"text":"Noticias","link":"https:\/\/soy.usac.edu.gt\/?cat=29"},"img":{"alt_text":"","src":"","width":0,"height":0},"classes":[]},{"id":12866,"url":"https:\/\/soy.usac.edu.gt\/?p=12866","url_meta":{"origin":10794,"position":5},"title":"CODECER solicita traslado de presupuesto al MINFIN para pago de salarios","author":"Divisi\u00f3n de Publicidad","date":"12 noviembre, 2020","format":false,"excerpt":"Ante la dif\u00edcil situaci\u00f3n presupuestaria y financiera que sufren los centros universitarios y escuelas no facultativas de la Universidad de San Carlos de Guatemala","rel":"","context":"En \u00abOpini\u00f3n\u00bb","block_context":{"text":"Opini\u00f3n","link":"https:\/\/soy.usac.edu.gt\/?cat=151"},"img":{"alt_text":"","src":"","width":0,"height":0},"classes":[]}],"jetpack_sharing_enabled":true,"_links":{"self":[{"href":"https:\/\/soy.usac.edu.gt\/index.php?rest_route=\/wp\/v2\/posts\/10794","targetHints":{"allow":["GET"]}}],"collection":[{"href":"https:\/\/soy.usac.edu.gt\/index.php?rest_route=\/wp\/v2\/posts"}],"about":[{"href":"https:\/\/soy.usac.edu.gt\/index.php?rest_route=\/wp\/v2\/types\/post"}],"author":[{"embeddable":true,"href":"https:\/\/soy.usac.edu.gt\/index.php?rest_route=\/wp\/v2\/users\/1"}],"replies":[{"embeddable":true,"href":"https:\/\/soy.usac.edu.gt\/index.php?rest_route=%2Fwp%2Fv2%2Fcomments&post=10794"}],"version-history":[{"count":0,"href":"https:\/\/soy.usac.edu.gt\/index.php?rest_route=\/wp\/v2\/posts\/10794\/revisions"}],"wp:attachment":[{"href":"https:\/\/soy.usac.edu.gt\/index.php?rest_route=%2Fwp%2Fv2%2Fmedia&parent=10794"}],"wp:term":[{"taxonomy":"category","embeddable":true,"href":"https:\/\/soy.usac.edu.gt\/index.php?rest_route=%2Fwp%2Fv2%2Fcategories&post=10794"},{"taxonomy":"post_tag","embeddable":true,"href":"https:\/\/soy.usac.edu.gt\/index.php?rest_route=%2Fwp%2Fv2%2Ftags&post=10794"}],"curies":[{"name":"wp","href":"https:\/\/api.w.org\/{rel}","templated":true}]}}