{"id":10800,"date":"2020-02-20T10:15:45","date_gmt":"2020-02-20T16:15:45","guid":{"rendered":"https:\/\/soy.usac.edu.gt\/?p=10800"},"modified":"2020-02-20T10:17:45","modified_gmt":"2020-02-20T16:17:45","slug":"linea-de-atencion-de-emergencias","status":"publish","type":"post","link":"https:\/\/soy.usac.edu.gt\/?p=10800","title":{"rendered":"Linea de atenci\u00f3n de emergencias"},"content":{"rendered":"\n<p><span class=\"css-901oao css-16my406 r-1qd0xha r-ad9z0x r-bcqeeo r-qvutc0\">\u00bfTienes una emergencia? Para tu seguridad marca el 1592 o llama a la AEU! <\/span><span class=\"r-18u37iz\"><a class=\"css-4rbku5 css-18t94o4 css-901oao css-16my406 r-1n1174f r-1loqt21 r-1qd0xha r-ad9z0x r-bcqeeo r-qvutc0\" dir=\"ltr\" role=\"link\" href=\"http:\/\/twitter.com\/hashtag\/Usac?src=hashtag_click\" data-focusable=\"true\">#Usac<\/a><\/span> <span class=\"r-18u37iz\"><a class=\"css-4rbku5 css-18t94o4 css-901oao css-16my406 r-1n1174f r-1loqt21 r-1qd0xha r-ad9z0x r-bcqeeo r-qvutc0\" dir=\"ltr\" role=\"link\" href=\"http:\/\/twitter.com\/hashtag\/SoyUSAC?src=hashtag_click\" data-focusable=\"true\">#SoyUSAC<\/a><\/span><\/p>\n<p>\u00a0<\/p>\n<p><img loading=\"lazy\" decoding=\"async\" class=\"aligncenter size-full wp-image-7288\" src=\"https:\/\/soy.usac.edu.gt\/wp-content\/uploads\/2019\/07\/Cr\u00e9ditos-prensa-16.png\" alt=\"\" width=\"5079\" height=\"1960\" srcset=\"https:\/\/soy.usac.edu.gt\/wp-content\/uploads\/2019\/07\/Cr\u00e9ditos-prensa-16.png 5079w, https:\/\/soy.usac.edu.gt\/wp-content\/uploads\/2019\/07\/Cr\u00e9ditos-prensa-16-300x116.png 300w, https:\/\/soy.usac.edu.gt\/wp-content\/uploads\/2019\/07\/Cr\u00e9ditos-prensa-16-768x296.png 768w, https:\/\/soy.usac.edu.gt\/wp-content\/uploads\/2019\/07\/Cr\u00e9ditos-prensa-16-1024x395.png 1024w, https:\/\/soy.usac.edu.gt\/wp-content\/uploads\/2019\/07\/Cr\u00e9ditos-prensa-16-1088x420.png 1088w, https:\/\/soy.usac.edu.gt\/wp-content\/uploads\/2019\/07\/Cr\u00e9ditos-prensa-16-640x247.png 640w, https:\/\/soy.usac.edu.gt\/wp-content\/uploads\/2019\/07\/Cr\u00e9ditos-prensa-16-681x263.png 681w\" sizes=\"auto, (max-width: 5079px) 100vw, 5079px\" \/><\/p>\n","protected":false},"excerpt":{"rendered":"<p>\u00bfTienes una emergencia? Para tu seguridad marca el 1592 o llama a la AEU! #Usac #SoyUSAC<\/p>\n","protected":false},"author":14,"featured_media":6383,"comment_status":"closed","ping_status":"closed","sticky":false,"template":"","format":"video","meta":{"_exactmetrics_skip_tracking":false,"_exactmetrics_sitenote_active":false,"_exactmetrics_sitenote_note":"","_exactmetrics_sitenote_category":0,"_jetpack_memberships_contains_paid_content":false,"footnotes":""},"categories":[585,29,31],"tags":[],"class_list":["post-10800","post","type-post","status-publish","format-video","has-post-thumbnail","hentry","category-estudiantes","category-noticias","category-videos","post_format-post-format-video"],"aioseo_notices":[],"jetpack_featured_media_url":"https:\/\/soy.usac.edu.gt\/wp-content\/uploads\/2019\/05\/IMG_5456.jpg","views":"","jetpack-related-posts":[{"id":8551,"url":"https:\/\/soy.usac.edu.gt\/?p=8551","url_meta":{"origin":10800,"position":0},"title":"Elecciones AEU 2019","author":"Divisi\u00f3n de Publicidad","date":"7 octubre, 2019","format":"video","excerpt":"As\u00ed se desarrollan las elecciones de la Asosiaci\u00f3n de Estudiantes Universitarios AEU #SoyUsac","rel":"","context":"En \u00abVideos\u00bb","block_context":{"text":"Videos","link":"https:\/\/soy.usac.edu.gt\/?cat=31"},"img":{"alt_text":"","src":"https:\/\/i0.wp.com\/soy.usac.edu.gt\/wp-content\/uploads\/2019\/10\/maxresdefault-11.jpg?resize=350%2C200&ssl=1","width":350,"height":200,"srcset":"https:\/\/i0.wp.com\/soy.usac.edu.gt\/wp-content\/uploads\/2019\/10\/maxresdefault-11.jpg?resize=350%2C200&ssl=1 1x, https:\/\/i0.wp.com\/soy.usac.edu.gt\/wp-content\/uploads\/2019\/10\/maxresdefault-11.jpg?resize=525%2C300&ssl=1 1.5x, https:\/\/i0.wp.com\/soy.usac.edu.gt\/wp-content\/uploads\/2019\/10\/maxresdefault-11.jpg?resize=700%2C400&ssl=1 2x, https:\/\/i0.wp.com\/soy.usac.edu.gt\/wp-content\/uploads\/2019\/10\/maxresdefault-11.jpg?resize=1050%2C600&ssl=1 3x"},"classes":[]},{"id":12627,"url":"https:\/\/soy.usac.edu.gt\/?p=12627","url_meta":{"origin":10800,"position":1},"title":"Honran la memoria de Oliverio","author":"Divisi\u00f3n de Publicidad","date":"20 octubre, 2020","format":false,"excerpt":"A cuarenta y dos a\u00f1os de su vil asesinato por las fuerzas represivas del Estado de Guatemala, la universidad devel\u00f3 un busto para mantener viva la memoria del l\u00edder y m\u00e1rtir estudiantil.\u00a0","rel":"","context":"En \u00abEstudiantes\u00bb","block_context":{"text":"Estudiantes","link":"https:\/\/soy.usac.edu.gt\/?cat=585"},"img":{"alt_text":"","src":"https:\/\/i0.wp.com\/soy.usac.edu.gt\/wp-content\/uploads\/2020\/10\/WhatsApp-Image-2020-10-20-at-11.42.08-AM.jpeg?resize=350%2C200&ssl=1","width":350,"height":200,"srcset":"https:\/\/i0.wp.com\/soy.usac.edu.gt\/wp-content\/uploads\/2020\/10\/WhatsApp-Image-2020-10-20-at-11.42.08-AM.jpeg?resize=350%2C200&ssl=1 1x, https:\/\/i0.wp.com\/soy.usac.edu.gt\/wp-content\/uploads\/2020\/10\/WhatsApp-Image-2020-10-20-at-11.42.08-AM.jpeg?resize=525%2C300&ssl=1 1.5x, https:\/\/i0.wp.com\/soy.usac.edu.gt\/wp-content\/uploads\/2020\/10\/WhatsApp-Image-2020-10-20-at-11.42.08-AM.jpeg?resize=700%2C400&ssl=1 2x, https:\/\/i0.wp.com\/soy.usac.edu.gt\/wp-content\/uploads\/2020\/10\/WhatsApp-Image-2020-10-20-at-11.42.08-AM.jpeg?resize=1050%2C600&ssl=1 3x"},"classes":[]},{"id":3123,"url":"https:\/\/soy.usac.edu.gt\/?p=3123","url_meta":{"origin":10800,"position":2},"title":"AEU acciona contra el Legislativo","author":"Erick Iv\u00e1n de Le\u00f3n","date":"14 noviembre, 2018","format":false,"excerpt":"La Asociaci\u00f3n de Estudiantes Universitarios \u201cOliverio Casta\u00f1eda De Le\u00f3n\u201d (AEU) present\u00f3 la tarde del martes 13 de noviembre una acci\u00f3n constitucional de amparo contra el Congreso de la Rep\u00fablica ante la Corte de Constitucionalidad, \u201cpor atentar en contra del derecho a la educaci\u00f3n y el desarrollo de la poblaci\u00f3n\u201d, seg\u00fan\u2026","rel":"","context":"En \u00abNoticias\u00bb","block_context":{"text":"Noticias","link":"https:\/\/soy.usac.edu.gt\/?cat=29"},"img":{"alt_text":"","src":"https:\/\/i0.wp.com\/soy.usac.edu.gt\/wp-content\/uploads\/2018\/11\/lenina-garcia.jpg?resize=350%2C200&ssl=1","width":350,"height":200,"srcset":"https:\/\/i0.wp.com\/soy.usac.edu.gt\/wp-content\/uploads\/2018\/11\/lenina-garcia.jpg?resize=350%2C200&ssl=1 1x, https:\/\/i0.wp.com\/soy.usac.edu.gt\/wp-content\/uploads\/2018\/11\/lenina-garcia.jpg?resize=525%2C300&ssl=1 1.5x, https:\/\/i0.wp.com\/soy.usac.edu.gt\/wp-content\/uploads\/2018\/11\/lenina-garcia.jpg?resize=700%2C400&ssl=1 2x, https:\/\/i0.wp.com\/soy.usac.edu.gt\/wp-content\/uploads\/2018\/11\/lenina-garcia.jpg?resize=1050%2C600&ssl=1 3x"},"classes":[]},{"id":10768,"url":"https:\/\/soy.usac.edu.gt\/?p=10768","url_meta":{"origin":10800,"position":3},"title":"AEU solicita resolver recurso para ejecutar sentencia del 5 %","author":"Divisi\u00f3n de Publicidad","date":"18 febrero, 2020","format":false,"excerpt":"La Asociaci\u00f3n de Estudiantes Universitarios (AEU) entreg\u00f3 en la Corte de Constitucionalidad un memorial donde solicita que se ejecute la sentencia en favor del 5 % para que la USAC reciba el presupuesto adecuado este a\u00f1o.","rel":"","context":"En \u00abNoticias\u00bb","block_context":{"text":"Noticias","link":"https:\/\/soy.usac.edu.gt\/?cat=29"},"img":{"alt_text":"","src":"https:\/\/i0.wp.com\/soy.usac.edu.gt\/wp-content\/uploads\/2020\/02\/Captura-de-Pantalla-2020-02-18-a-las-09.14.54.png?resize=350%2C200&ssl=1","width":350,"height":200,"srcset":"https:\/\/i0.wp.com\/soy.usac.edu.gt\/wp-content\/uploads\/2020\/02\/Captura-de-Pantalla-2020-02-18-a-las-09.14.54.png?resize=350%2C200&ssl=1 1x, https:\/\/i0.wp.com\/soy.usac.edu.gt\/wp-content\/uploads\/2020\/02\/Captura-de-Pantalla-2020-02-18-a-las-09.14.54.png?resize=525%2C300&ssl=1 1.5x, https:\/\/i0.wp.com\/soy.usac.edu.gt\/wp-content\/uploads\/2020\/02\/Captura-de-Pantalla-2020-02-18-a-las-09.14.54.png?resize=700%2C400&ssl=1 2x, https:\/\/i0.wp.com\/soy.usac.edu.gt\/wp-content\/uploads\/2020\/02\/Captura-de-Pantalla-2020-02-18-a-las-09.14.54.png?resize=1050%2C600&ssl=1 3x, https:\/\/i0.wp.com\/soy.usac.edu.gt\/wp-content\/uploads\/2020\/02\/Captura-de-Pantalla-2020-02-18-a-las-09.14.54.png?resize=1400%2C800&ssl=1 4x"},"classes":[]},{"id":5364,"url":"https:\/\/soy.usac.edu.gt\/?p=5364","url_meta":{"origin":10800,"position":4},"title":"USAC anuncia implementaci\u00f3n de estrategia de seguridad","author":"Divisi\u00f3n de Publicidad","date":"28 marzo, 2019","format":false,"excerpt":"El rector Ing. Murphy Paiz explic\u00f3 las acciones que se llevar\u00e1n a cabo para mejorar la seguridad en las instalaciones de la universidad.","rel":"","context":"En \u00abNoticias\u00bb","block_context":{"text":"Noticias","link":"https:\/\/soy.usac.edu.gt\/?cat=29"},"img":{"alt_text":"","src":"https:\/\/i0.wp.com\/soy.usac.edu.gt\/wp-content\/uploads\/2019\/03\/DESTACADA-SEGURIDAD.jpeg?resize=350%2C200&ssl=1","width":350,"height":200,"srcset":"https:\/\/i0.wp.com\/soy.usac.edu.gt\/wp-content\/uploads\/2019\/03\/DESTACADA-SEGURIDAD.jpeg?resize=350%2C200&ssl=1 1x, https:\/\/i0.wp.com\/soy.usac.edu.gt\/wp-content\/uploads\/2019\/03\/DESTACADA-SEGURIDAD.jpeg?resize=525%2C300&ssl=1 1.5x, https:\/\/i0.wp.com\/soy.usac.edu.gt\/wp-content\/uploads\/2019\/03\/DESTACADA-SEGURIDAD.jpeg?resize=700%2C400&ssl=1 2x, https:\/\/i0.wp.com\/soy.usac.edu.gt\/wp-content\/uploads\/2019\/03\/DESTACADA-SEGURIDAD.jpeg?resize=1050%2C600&ssl=1 3x"},"classes":[]},{"id":9559,"url":"https:\/\/soy.usac.edu.gt\/?p=9559","url_meta":{"origin":10800,"position":5},"title":"Capacitan a trabajadores de la USAC en primeros auxilios","author":"Divisi\u00f3n de Publicidad","date":"5 noviembre, 2019","format":"video","excerpt":"Trabajadores administrativos que son enlaces del Consejo del Desarrollo Seguro de Desastres de la Universidad de San Carlos. Reciben capacitaci\u00f3n de primeros auxilios. #SoyUSAC","rel":"","context":"En \u00abVideos\u00bb","block_context":{"text":"Videos","link":"https:\/\/soy.usac.edu.gt\/?cat=31"},"img":{"alt_text":"","src":"https:\/\/i0.wp.com\/soy.usac.edu.gt\/wp-content\/uploads\/2019\/11\/maxresdefault-8.jpg?resize=350%2C200&ssl=1","width":350,"height":200,"srcset":"https:\/\/i0.wp.com\/soy.usac.edu.gt\/wp-content\/uploads\/2019\/11\/maxresdefault-8.jpg?resize=350%2C200&ssl=1 1x, https:\/\/i0.wp.com\/soy.usac.edu.gt\/wp-content\/uploads\/2019\/11\/maxresdefault-8.jpg?resize=525%2C300&ssl=1 1.5x, https:\/\/i0.wp.com\/soy.usac.edu.gt\/wp-content\/uploads\/2019\/11\/maxresdefault-8.jpg?resize=700%2C400&ssl=1 2x, https:\/\/i0.wp.com\/soy.usac.edu.gt\/wp-content\/uploads\/2019\/11\/maxresdefault-8.jpg?resize=1050%2C600&ssl=1 3x"},"classes":[]}],"jetpack_sharing_enabled":true,"_links":{"self":[{"href":"https:\/\/soy.usac.edu.gt\/index.php?rest_route=\/wp\/v2\/posts\/10800","targetHints":{"allow":["GET"]}}],"collection":[{"href":"https:\/\/soy.usac.edu.gt\/index.php?rest_route=\/wp\/v2\/posts"}],"about":[{"href":"https:\/\/soy.usac.edu.gt\/index.php?rest_route=\/wp\/v2\/types\/post"}],"author":[{"embeddable":true,"href":"https:\/\/soy.usac.edu.gt\/index.php?rest_route=\/wp\/v2\/users\/14"}],"replies":[{"embeddable":true,"href":"https:\/\/soy.usac.edu.gt\/index.php?rest_route=%2Fwp%2Fv2%2Fcomments&post=10800"}],"version-history":[{"count":0,"href":"https:\/\/soy.usac.edu.gt\/index.php?rest_route=\/wp\/v2\/posts\/10800\/revisions"}],"wp:featuredmedia":[{"embeddable":true,"href":"https:\/\/soy.usac.edu.gt\/index.php?rest_route=\/wp\/v2\/media\/6383"}],"wp:attachment":[{"href":"https:\/\/soy.usac.edu.gt\/index.php?rest_route=%2Fwp%2Fv2%2Fmedia&parent=10800"}],"wp:term":[{"taxonomy":"category","embeddable":true,"href":"https:\/\/soy.usac.edu.gt\/index.php?rest_route=%2Fwp%2Fv2%2Fcategories&post=10800"},{"taxonomy":"post_tag","embeddable":true,"href":"https:\/\/soy.usac.edu.gt\/index.php?rest_route=%2Fwp%2Fv2%2Ftags&post=10800"}],"curies":[{"name":"wp","href":"https:\/\/api.w.org\/{rel}","templated":true}]}}