{"id":10806,"date":"2020-02-21T09:10:24","date_gmt":"2020-02-21T15:10:24","guid":{"rendered":"https:\/\/soy.usac.edu.gt\/?p=10806"},"modified":"2020-03-05T14:42:06","modified_gmt":"2020-03-05T20:42:06","slug":"por-un-presupuesto-digno-para-la-educacion-superior","status":"publish","type":"post","link":"https:\/\/soy.usac.edu.gt\/?p=10806","title":{"rendered":"Por un presupuesto digno para la educaci\u00f3n superior"},"content":{"rendered":"\n<p><a class=\"yt-simple-endpoint style-scope yt-formatted-string\" dir=\"auto\" spellcheck=\"false\" href=\"http:\/\/www.youtube.com\/results?search_query=%23Usac\">#Usac<\/a><span class=\"style-scope yt-formatted-string\" dir=\"auto\"> requiere un presupuesto de 3,200 millones de quetzales, para 2020. <\/span><a class=\"yt-simple-endpoint style-scope yt-formatted-string\" dir=\"auto\" spellcheck=\"false\" href=\"http:\/\/www.youtube.com\/results?search_query=%23PresupuestoDigno\">#PresupuestoDigno<\/a><span class=\"style-scope yt-formatted-string\" dir=\"auto\"> #5%<\/span><\/p>\n<p>&nbsp;<\/p>\n<p>&nbsp;<\/p>\n<p><img loading=\"lazy\" decoding=\"async\" class=\"aligncenter size-full wp-image-6471\" src=\"https:\/\/soy.usac.edu.gt\/wp-content\/uploads\/2019\/05\/Cr\u00e9ditos-prensa-19.png\" alt=\"\" width=\"5079\" height=\"1960\" srcset=\"https:\/\/soy.usac.edu.gt\/wp-content\/uploads\/2019\/05\/Cr\u00e9ditos-prensa-19.png 5079w, https:\/\/soy.usac.edu.gt\/wp-content\/uploads\/2019\/05\/Cr\u00e9ditos-prensa-19-300x116.png 300w, https:\/\/soy.usac.edu.gt\/wp-content\/uploads\/2019\/05\/Cr\u00e9ditos-prensa-19-768x296.png 768w, https:\/\/soy.usac.edu.gt\/wp-content\/uploads\/2019\/05\/Cr\u00e9ditos-prensa-19-1024x395.png 1024w, https:\/\/soy.usac.edu.gt\/wp-content\/uploads\/2019\/05\/Cr\u00e9ditos-prensa-19-1088x420.png 1088w, https:\/\/soy.usac.edu.gt\/wp-content\/uploads\/2019\/05\/Cr\u00e9ditos-prensa-19-640x247.png 640w, https:\/\/soy.usac.edu.gt\/wp-content\/uploads\/2019\/05\/Cr\u00e9ditos-prensa-19-681x263.png 681w\" sizes=\"auto, (max-width: 5079px) 100vw, 5079px\" \/><\/p>\n","protected":false},"excerpt":{"rendered":"<p>#Usac requiere un presupuesto de 3,200 millones de quetzales, para 2020. #PresupuestoDigno #5%<\/p>\n","protected":false},"author":14,"featured_media":4064,"comment_status":"closed","ping_status":"open","sticky":false,"template":"","format":"video","meta":{"_exactmetrics_skip_tracking":false,"_exactmetrics_sitenote_active":false,"_exactmetrics_sitenote_note":"","_exactmetrics_sitenote_category":0,"_jetpack_memberships_contains_paid_content":false,"footnotes":""},"categories":[96,29,31],"tags":[],"class_list":["post-10806","post","type-post","status-publish","format-video","has-post-thumbnail","hentry","category-mas-noticias","category-noticias","category-videos","post_format-post-format-video"],"aioseo_notices":[],"jetpack_featured_media_url":"https:\/\/soy.usac.edu.gt\/wp-content\/uploads\/2019\/02\/Rector\u00eda2.jpg","views":"","jetpack-related-posts":[{"id":12417,"url":"https:\/\/soy.usac.edu.gt\/?p=12417","url_meta":{"origin":10806,"position":0},"title":"Usac informa sobre su dif\u00edcil situaci\u00f3n financiera","author":"Divisi\u00f3n de Publicidad","date":"21 septiembre, 2020","format":false,"excerpt":"La Direcci\u00f3n General Financiera de la Universidad de San Carlos de Guatemala Informa sobre la situaci\u00f3n financiera de la Universidad Como es de conocimiento p\u00fablico, la Universidad de San Carlos de Guatemala, se ha mantenido en una crisis financiera permanente en los \u00faltimos a\u00f1os debido al crecimiento de su poblaci\u00f3n\u2026","rel":"","context":"En \u00abSin categor\u00eda\u00bb","block_context":{"text":"Sin categor\u00eda","link":"https:\/\/soy.usac.edu.gt\/?cat=1"},"img":{"alt_text":"","src":"","width":0,"height":0},"classes":[]},{"id":9219,"url":"https:\/\/soy.usac.edu.gt\/?p=9219","url_meta":{"origin":10806,"position":1},"title":"USAC entrega al Congreso solicitud formal de presupuesto 2020","author":"Divisi\u00f3n de Publicidad","date":"25 octubre, 2019","format":false,"excerpt":"3 mil millones de quetzales necesita la universidad para cumplir con sus funciones el pr\u00f3ximo a\u00f1o.\u00a0","rel":"","context":"En \u00abNoticias\u00bb","block_context":{"text":"Noticias","link":"https:\/\/soy.usac.edu.gt\/?cat=29"},"img":{"alt_text":"","src":"https:\/\/i0.wp.com\/soy.usac.edu.gt\/wp-content\/uploads\/2019\/10\/comisi%C3%B3n-de-finanzas.jpg?resize=350%2C200&ssl=1","width":350,"height":200,"srcset":"https:\/\/i0.wp.com\/soy.usac.edu.gt\/wp-content\/uploads\/2019\/10\/comisi%C3%B3n-de-finanzas.jpg?resize=350%2C200&ssl=1 1x, https:\/\/i0.wp.com\/soy.usac.edu.gt\/wp-content\/uploads\/2019\/10\/comisi%C3%B3n-de-finanzas.jpg?resize=525%2C300&ssl=1 1.5x, https:\/\/i0.wp.com\/soy.usac.edu.gt\/wp-content\/uploads\/2019\/10\/comisi%C3%B3n-de-finanzas.jpg?resize=700%2C400&ssl=1 2x"},"classes":[]},{"id":3037,"url":"https:\/\/soy.usac.edu.gt\/?p=3037","url_meta":{"origin":10806,"position":2},"title":"Ing. Murphy Paiz defiente el presupuesto de la USAC","author":"Divisi\u00f3n de Publicidad","date":"8 noviembre, 2018","format":"video","excerpt":"#PorSiNoLoViste esta fue la petici\u00f3n del Rector de la Usac Ing. Murphy Paiz ante los jefes de bloque y Junta Directiva del Congreso, para abordar el dictamen emitido por la Comisi\u00f3n de Finanzas del Congreso que pretende reducir el presupuesto de la USAC para el 2019 en 259 millones de\u2026","rel":"","context":"En \u00abNoticias\u00bb","block_context":{"text":"Noticias","link":"https:\/\/soy.usac.edu.gt\/?cat=29"},"img":{"alt_text":"","src":"https:\/\/i0.wp.com\/soy.usac.edu.gt\/wp-content\/uploads\/2018\/11\/Rector-Murphy-Paiz.jpg?resize=350%2C200&ssl=1","width":350,"height":200,"srcset":"https:\/\/i0.wp.com\/soy.usac.edu.gt\/wp-content\/uploads\/2018\/11\/Rector-Murphy-Paiz.jpg?resize=350%2C200&ssl=1 1x, https:\/\/i0.wp.com\/soy.usac.edu.gt\/wp-content\/uploads\/2018\/11\/Rector-Murphy-Paiz.jpg?resize=525%2C300&ssl=1 1.5x, https:\/\/i0.wp.com\/soy.usac.edu.gt\/wp-content\/uploads\/2018\/11\/Rector-Murphy-Paiz.jpg?resize=700%2C400&ssl=1 2x, https:\/\/i0.wp.com\/soy.usac.edu.gt\/wp-content\/uploads\/2018\/11\/Rector-Murphy-Paiz.jpg?resize=1050%2C600&ssl=1 3x, https:\/\/i0.wp.com\/soy.usac.edu.gt\/wp-content\/uploads\/2018\/11\/Rector-Murphy-Paiz.jpg?resize=1400%2C800&ssl=1 4x"},"classes":[]},{"id":10768,"url":"https:\/\/soy.usac.edu.gt\/?p=10768","url_meta":{"origin":10806,"position":3},"title":"AEU solicita resolver recurso para ejecutar sentencia del 5 %","author":"Divisi\u00f3n de Publicidad","date":"18 febrero, 2020","format":false,"excerpt":"La Asociaci\u00f3n de Estudiantes Universitarios (AEU) entreg\u00f3 en la Corte de Constitucionalidad un memorial donde solicita que se ejecute la sentencia en favor del 5 % para que la USAC reciba el presupuesto adecuado este a\u00f1o.","rel":"","context":"En \u00abNoticias\u00bb","block_context":{"text":"Noticias","link":"https:\/\/soy.usac.edu.gt\/?cat=29"},"img":{"alt_text":"","src":"https:\/\/i0.wp.com\/soy.usac.edu.gt\/wp-content\/uploads\/2020\/02\/Captura-de-Pantalla-2020-02-18-a-las-09.14.54.png?resize=350%2C200&ssl=1","width":350,"height":200,"srcset":"https:\/\/i0.wp.com\/soy.usac.edu.gt\/wp-content\/uploads\/2020\/02\/Captura-de-Pantalla-2020-02-18-a-las-09.14.54.png?resize=350%2C200&ssl=1 1x, https:\/\/i0.wp.com\/soy.usac.edu.gt\/wp-content\/uploads\/2020\/02\/Captura-de-Pantalla-2020-02-18-a-las-09.14.54.png?resize=525%2C300&ssl=1 1.5x, https:\/\/i0.wp.com\/soy.usac.edu.gt\/wp-content\/uploads\/2020\/02\/Captura-de-Pantalla-2020-02-18-a-las-09.14.54.png?resize=700%2C400&ssl=1 2x, https:\/\/i0.wp.com\/soy.usac.edu.gt\/wp-content\/uploads\/2020\/02\/Captura-de-Pantalla-2020-02-18-a-las-09.14.54.png?resize=1050%2C600&ssl=1 3x, https:\/\/i0.wp.com\/soy.usac.edu.gt\/wp-content\/uploads\/2020\/02\/Captura-de-Pantalla-2020-02-18-a-las-09.14.54.png?resize=1400%2C800&ssl=1 4x"},"classes":[]},{"id":13008,"url":"https:\/\/soy.usac.edu.gt\/?p=13008","url_meta":{"origin":10806,"position":4},"title":"Se agudiza crisis financiera de la universidad","author":"Divisi\u00f3n de Publicidad","date":"18 diciembre, 2020","format":false,"excerpt":"La Universidad deber\u00e1 asumir sus compromisos y obligaciones para el pr\u00f3ximo a\u00f1o con un presupuesto desfinanciado","rel":"","context":"En \u00abNoticias\u00bb","block_context":{"text":"Noticias","link":"https:\/\/soy.usac.edu.gt\/?cat=29"},"img":{"alt_text":"","src":"","width":0,"height":0},"classes":[]},{"id":3222,"url":"https:\/\/soy.usac.edu.gt\/?p=3222","url_meta":{"origin":10806,"position":5},"title":"Mesa t\u00e9cnica acuerda buscar fondos para la USAC","author":"Divisi\u00f3n de Publicidad","date":"21 noviembre, 2018","format":false,"excerpt":"En la reuni\u00f3n con la mesa t\u00e9cnica, en Casa Larraz\u00e1bal del Organismo Legislativo, estuvo presente el Ing. Murphy Paiz, rector de la USAC; directores de los diferentes centros universitarios, sindicatos de esta casa de estudios; y el equipo de profesionales. El objetivo fue discutir el presupuesto de la USAC. El\u2026","rel":"","context":"En \u00abNoticias\u00bb","block_context":{"text":"Noticias","link":"https:\/\/soy.usac.edu.gt\/?cat=29"},"img":{"alt_text":"","src":"https:\/\/i0.wp.com\/soy.usac.edu.gt\/wp-content\/uploads\/2018\/11\/IMG_1005.jpg?resize=350%2C200&ssl=1","width":350,"height":200,"srcset":"https:\/\/i0.wp.com\/soy.usac.edu.gt\/wp-content\/uploads\/2018\/11\/IMG_1005.jpg?resize=350%2C200&ssl=1 1x, https:\/\/i0.wp.com\/soy.usac.edu.gt\/wp-content\/uploads\/2018\/11\/IMG_1005.jpg?resize=525%2C300&ssl=1 1.5x, https:\/\/i0.wp.com\/soy.usac.edu.gt\/wp-content\/uploads\/2018\/11\/IMG_1005.jpg?resize=700%2C400&ssl=1 2x, https:\/\/i0.wp.com\/soy.usac.edu.gt\/wp-content\/uploads\/2018\/11\/IMG_1005.jpg?resize=1050%2C600&ssl=1 3x, https:\/\/i0.wp.com\/soy.usac.edu.gt\/wp-content\/uploads\/2018\/11\/IMG_1005.jpg?resize=1400%2C800&ssl=1 4x"},"classes":[]}],"jetpack_sharing_enabled":true,"_links":{"self":[{"href":"https:\/\/soy.usac.edu.gt\/index.php?rest_route=\/wp\/v2\/posts\/10806","targetHints":{"allow":["GET"]}}],"collection":[{"href":"https:\/\/soy.usac.edu.gt\/index.php?rest_route=\/wp\/v2\/posts"}],"about":[{"href":"https:\/\/soy.usac.edu.gt\/index.php?rest_route=\/wp\/v2\/types\/post"}],"author":[{"embeddable":true,"href":"https:\/\/soy.usac.edu.gt\/index.php?rest_route=\/wp\/v2\/users\/14"}],"replies":[{"embeddable":true,"href":"https:\/\/soy.usac.edu.gt\/index.php?rest_route=%2Fwp%2Fv2%2Fcomments&post=10806"}],"version-history":[{"count":0,"href":"https:\/\/soy.usac.edu.gt\/index.php?rest_route=\/wp\/v2\/posts\/10806\/revisions"}],"wp:featuredmedia":[{"embeddable":true,"href":"https:\/\/soy.usac.edu.gt\/index.php?rest_route=\/wp\/v2\/media\/4064"}],"wp:attachment":[{"href":"https:\/\/soy.usac.edu.gt\/index.php?rest_route=%2Fwp%2Fv2%2Fmedia&parent=10806"}],"wp:term":[{"taxonomy":"category","embeddable":true,"href":"https:\/\/soy.usac.edu.gt\/index.php?rest_route=%2Fwp%2Fv2%2Fcategories&post=10806"},{"taxonomy":"post_tag","embeddable":true,"href":"https:\/\/soy.usac.edu.gt\/index.php?rest_route=%2Fwp%2Fv2%2Ftags&post=10806"}],"curies":[{"name":"wp","href":"https:\/\/api.w.org\/{rel}","templated":true}]}}