{"id":10918,"date":"2020-03-02T07:20:04","date_gmt":"2020-03-02T13:20:04","guid":{"rendered":"https:\/\/soy.usac.edu.gt\/?p=10918"},"modified":"2020-03-09T10:16:13","modified_gmt":"2020-03-09T16:16:13","slug":"edwin-contreras-fue-reelecto-en-el-cunsurori","status":"publish","type":"post","link":"https:\/\/soy.usac.edu.gt\/?p=10918","title":{"rendered":"Edwin Contreras fue reelecto en el CUNSURORI"},"content":{"rendered":"\n<h5 style=\"text-align: justify;\"><strong><em>Contreras ser\u00e1 director del Centro Universitario de Suroriente hasta 2024.<\/em><\/strong><\/h5>\n<p style=\"text-align: justify;\">El CUNSURORI eligi\u00f3 nuevamente al Lic. Edwin Wilfredo Contreras Cardona como director para el per\u00edodo 2020-2024.\u00a0<\/p>\n<p style=\"text-align: justify;\">La juramentaci\u00f3n de Contreras se llev\u00f3 a cabo en las instalaciones del CUNSURORI, Jalapa. El acto fue presidido por el Rector, Ing. Muyphy Paiz; secretario general, Arq. Carlos Valladares; y miembros del Consejo Superior Universitario.<\/p>\n<p style=\"text-align: justify;\">El Ing. Murphy Paiz coment\u00f3 que, en sus 42 a\u00f1os de historia, el centro universitario ha crecido con extensiones dentro del mismo departamento y programas educativos de primer nivel; actualmente cuenta con el grado acad\u00e9mico de doctorado y una poblaci\u00f3n de m\u00e1s de 2,300 estudiantes.<\/p>\n<div id='gallery-1' class='gallery galleryid-10918 gallery-columns-3 gallery-size-thumbnail'><figure class='gallery-item'>\n\t\t\t<div class='gallery-icon landscape'>\n\t\t\t\t<a href='https:\/\/soy.usac.edu.gt\/?attachment_id=10925'><img loading=\"lazy\" decoding=\"async\" width=\"150\" height=\"150\" src=\"https:\/\/soy.usac.edu.gt\/wp-content\/uploads\/2020\/03\/WhatsApp-Image-2020-02-28-at-7.36.53-PM-150x150.jpeg\" class=\"attachment-thumbnail size-thumbnail\" alt=\"\" aria-describedby=\"gallery-1-10925\" \/><\/a>\n\t\t\t<\/div>\n\t\t\t\t<figcaption class='wp-caption-text gallery-caption' id='gallery-1-10925'>\n\t\t\t\tMiembros del Consejo Superior Universitario durante el acto de juramentaci\u00f3n de Edwin Contreras a cargo del CUNSURORI\n\t\t\t\t<\/figcaption><\/figure><figure class='gallery-item'>\n\t\t\t<div class='gallery-icon landscape'>\n\t\t\t\t<a href='https:\/\/soy.usac.edu.gt\/?attachment_id=10927'><img loading=\"lazy\" decoding=\"async\" width=\"150\" height=\"150\" src=\"https:\/\/soy.usac.edu.gt\/wp-content\/uploads\/2020\/03\/WhatsApp-Image-2020-03-02-at-7.17.53-AM-150x150.jpeg\" class=\"attachment-thumbnail size-thumbnail\" alt=\"\" aria-describedby=\"gallery-1-10927\" \/><\/a>\n\t\t\t<\/div>\n\t\t\t\t<figcaption class='wp-caption-text gallery-caption' id='gallery-1-10927'>\n\t\t\t\tEl Secretario General Arq. Carlos Valladares dirigi\u00f3 el acto de juramentaci\u00f3n. \n\t\t\t\t<\/figcaption><\/figure><figure class='gallery-item'>\n\t\t\t<div class='gallery-icon landscape'>\n\t\t\t\t<a href='https:\/\/soy.usac.edu.gt\/?attachment_id=10923'><img loading=\"lazy\" decoding=\"async\" width=\"150\" height=\"150\" src=\"https:\/\/soy.usac.edu.gt\/wp-content\/uploads\/2020\/03\/WhatsApp-Image-2020-02-28-at-7.23.34-PM-9-150x150.jpeg\" class=\"attachment-thumbnail size-thumbnail\" alt=\"\" aria-describedby=\"gallery-1-10923\" \/><\/a>\n\t\t\t<\/div>\n\t\t\t\t<figcaption class='wp-caption-text gallery-caption' id='gallery-1-10923'>\n\t\t\t\tEdwin Contreras brinda un discurso tras ser juramentado como director para el periodo 2020-2024\n\t\t\t\t<\/figcaption><\/figure><figure class='gallery-item'>\n\t\t\t<div class='gallery-icon landscape'>\n\t\t\t\t<a href='https:\/\/soy.usac.edu.gt\/?attachment_id=10922'><img loading=\"lazy\" decoding=\"async\" width=\"150\" height=\"150\" src=\"https:\/\/soy.usac.edu.gt\/wp-content\/uploads\/2020\/03\/WhatsApp-Image-2020-02-28-at-7.23.34-PM-8-150x150.jpeg\" class=\"attachment-thumbnail size-thumbnail\" alt=\"\" aria-describedby=\"gallery-1-10922\" \/><\/a>\n\t\t\t<\/div>\n\t\t\t\t<figcaption class='wp-caption-text gallery-caption' id='gallery-1-10922'>\n\t\t\t\tMomento en el que  el rector Ing. Murphy Paiz juramenta a Edwin Contreras como director del CUNSURORI\n\t\t\t\t<\/figcaption><\/figure><figure class='gallery-item'>\n\t\t\t<div class='gallery-icon landscape'>\n\t\t\t\t<a href='https:\/\/soy.usac.edu.gt\/?attachment_id=10921'><img loading=\"lazy\" decoding=\"async\" width=\"150\" height=\"150\" src=\"https:\/\/soy.usac.edu.gt\/wp-content\/uploads\/2020\/03\/WhatsApp-Image-2020-02-28-at-7.23.34-PM-7-150x150.jpeg\" class=\"attachment-thumbnail size-thumbnail\" alt=\"\" aria-describedby=\"gallery-1-10921\" \/><\/a>\n\t\t\t<\/div>\n\t\t\t\t<figcaption class='wp-caption-text gallery-caption' id='gallery-1-10921'>\n\t\t\t\tEl rector Ing. Murphy Paiz le entrega el libro de leyes y reglamentos de la universidad al Lic. Edwin Contreras.\n\t\t\t\t<\/figcaption><\/figure><figure class='gallery-item'>\n\t\t\t<div class='gallery-icon landscape'>\n\t\t\t\t<a href='https:\/\/soy.usac.edu.gt\/?attachment_id=10919'><img loading=\"lazy\" decoding=\"async\" width=\"150\" height=\"150\" src=\"https:\/\/soy.usac.edu.gt\/wp-content\/uploads\/2020\/03\/WhatsApp-Image-2020-02-28-at-7.23.34-PM-5-150x150.jpeg\" class=\"attachment-thumbnail size-thumbnail\" alt=\"\" \/><\/a>\n\t\t\t<\/div><\/figure><figure class='gallery-item'>\n\t\t\t<div class='gallery-icon landscape'>\n\t\t\t\t<a href='https:\/\/soy.usac.edu.gt\/?attachment_id=10920'><img loading=\"lazy\" decoding=\"async\" width=\"150\" height=\"150\" src=\"https:\/\/soy.usac.edu.gt\/wp-content\/uploads\/2020\/03\/WhatsApp-Image-2020-02-28-at-7.23.34-PM-6-150x150.jpeg\" class=\"attachment-thumbnail size-thumbnail\" alt=\"\" aria-describedby=\"gallery-1-10920\" \/><\/a>\n\t\t\t<\/div>\n\t\t\t\t<figcaption class='wp-caption-text gallery-caption' id='gallery-1-10920'>\n\t\t\t\tEl rector da un discurso a los asistentes del acto de juramentaci\u00f3n en el CUNSURORI\n\t\t\t\t<\/figcaption><\/figure>\n\t\t<\/div>\n\n<p style=\"text-align: justify;\">\u201cPara nosotros es importante poder compartir compromisos, entrelazar objetivos y definir el trabajo en equipo de la administraci\u00f3n central y la administraci\u00f3n del centro. Con la presencia del gobierno universitario, respaldamos el mandato del actual director\u201d, declar\u00f3 el Rector.<\/p>\n<p style=\"text-align: justify;\">Al asumir su segunda gesti\u00f3n, Edwin Contreras expres\u00f3: \u201cEs un compromiso bastante s\u00f3lido con toda la poblaci\u00f3n estudiantil, egresados, personal docente y administrativo. Estoy contento y satisfecho con el trabajo que se ha hecho, pero a\u00fan debemos cumplir muchas metas y objetivos para que este centro siga desarroll\u00e1ndose\u201d. Durante el acto tambi\u00e9n fue reconocido por su labor en la primera gesti\u00f3n a cargo del CUNSURORI, periodo 2016-2020.<\/p>\n","protected":false},"excerpt":{"rendered":"<p>Contreras ser\u00e1 director del Centro Universitario de Sur Oriente hasta 2024<\/p>\n","protected":false},"author":1,"featured_media":10924,"comment_status":"closed","ping_status":"open","sticky":false,"template":"","format":"standard","meta":{"_exactmetrics_skip_tracking":false,"_exactmetrics_sitenote_active":false,"_exactmetrics_sitenote_note":"","_exactmetrics_sitenote_category":0,"_jetpack_memberships_contains_paid_content":false,"footnotes":""},"categories":[29,92],"tags":[183],"class_list":["post-10918","post","type-post","status-publish","format-standard","has-post-thumbnail","hentry","category-noticias","category-rectoria","tag-cunsurori"],"aioseo_notices":[],"jetpack_featured_media_url":"https:\/\/soy.usac.edu.gt\/wp-content\/uploads\/2020\/03\/WhatsApp-Image-2020-02-28-at-7.23.34-PM.jpeg","views":"","jetpack-related-posts":[{"id":11260,"url":"https:\/\/soy.usac.edu.gt\/?p=11260","url_meta":{"origin":10918,"position":0},"title":"As\u00ed qued\u00f3  integrada la\u00a0nueva Junta Directiva del CODECER","author":"Divisi\u00f3n de Publicidad","date":"13 marzo, 2020","format":false,"excerpt":"La nueva Junta Directiva del CODECER precidir\u00e1 el consejo durante el per\u00edodo 2020-2021.","rel":"","context":"En \u00abNoticias\u00bb","block_context":{"text":"Noticias","link":"https:\/\/soy.usac.edu.gt\/?cat=29"},"img":{"alt_text":"","src":"https:\/\/i0.wp.com\/soy.usac.edu.gt\/wp-content\/uploads\/2020\/03\/foto-junta-directiva-del-CODECERjpg.jpg?resize=350%2C200&ssl=1","width":350,"height":200,"srcset":"https:\/\/i0.wp.com\/soy.usac.edu.gt\/wp-content\/uploads\/2020\/03\/foto-junta-directiva-del-CODECERjpg.jpg?resize=350%2C200&ssl=1 1x, https:\/\/i0.wp.com\/soy.usac.edu.gt\/wp-content\/uploads\/2020\/03\/foto-junta-directiva-del-CODECERjpg.jpg?resize=525%2C300&ssl=1 1.5x, https:\/\/i0.wp.com\/soy.usac.edu.gt\/wp-content\/uploads\/2020\/03\/foto-junta-directiva-del-CODECERjpg.jpg?resize=700%2C400&ssl=1 2x"},"classes":[]},{"id":12456,"url":"https:\/\/soy.usac.edu.gt\/?p=12456","url_meta":{"origin":10918,"position":1},"title":"CODECER manifiesta su apoyo al CSU para concretar el contrato de pr\u00e9stamo con el BCIE","author":"Divisi\u00f3n de Publicidad","date":"23 septiembre, 2020","format":false,"excerpt":"El Consejo de Directores de Centros Universitarios y Escuelas no Facultativas ha otorgado y reitera su apoyo irrestricto al Consejo Superior Universitario y al se\u00f1or Rector Ing. Murphy Olimpo Paiz.","rel":"","context":"En \u00abNoticias\u00bb","block_context":{"text":"Noticias","link":"https:\/\/soy.usac.edu.gt\/?cat=29"},"img":{"alt_text":"","src":"","width":0,"height":0},"classes":[]},{"id":12727,"url":"https:\/\/soy.usac.edu.gt\/?p=12727","url_meta":{"origin":10918,"position":2},"title":"Licenciatura en Criminolog\u00eda y Criminal\u00edstica en modalidad virtual","author":"Divisi\u00f3n de Publicidad","date":"4 noviembre, 2020","format":false,"excerpt":"Esta opci\u00f3n acad\u00e9mica reci\u00e9n fue aprobada el pasado 23 de septiembre por el Consejo Superior Universitario y estar\u00e1 siendo avalada por el Centro Universitario de Suroriente (CUNSURORI), por lo que el egresado obtendr\u00e1 diploma y t\u00edtulo de esta unidad.","rel":"","context":"En \u00abNoticias\u00bb","block_context":{"text":"Noticias","link":"https:\/\/soy.usac.edu.gt\/?cat=29"},"img":{"alt_text":"","src":"https:\/\/i0.wp.com\/soy.usac.edu.gt\/wp-content\/uploads\/2020\/11\/84516_desktop_0e6dd054e2e36d159f7ddca159ba6c0f_photo.jpg?resize=350%2C200&ssl=1","width":350,"height":200,"srcset":"https:\/\/i0.wp.com\/soy.usac.edu.gt\/wp-content\/uploads\/2020\/11\/84516_desktop_0e6dd054e2e36d159f7ddca159ba6c0f_photo.jpg?resize=350%2C200&ssl=1 1x, https:\/\/i0.wp.com\/soy.usac.edu.gt\/wp-content\/uploads\/2020\/11\/84516_desktop_0e6dd054e2e36d159f7ddca159ba6c0f_photo.jpg?resize=525%2C300&ssl=1 1.5x, https:\/\/i0.wp.com\/soy.usac.edu.gt\/wp-content\/uploads\/2020\/11\/84516_desktop_0e6dd054e2e36d159f7ddca159ba6c0f_photo.jpg?resize=700%2C400&ssl=1 2x"},"classes":[]},{"id":12785,"url":"https:\/\/soy.usac.edu.gt\/?p=12785","url_meta":{"origin":10918,"position":3},"title":"USAC desarrolla proyectos sociales frente a la pandemia","author":"Divisi\u00f3n de Publicidad","date":"3 noviembre, 2020","format":false,"excerpt":"El Centro Universitario de Suroriente (CUNSURORI) y la Direcci\u00f3n General de Investigaci\u00f3n (DIGI) impulsaron un proyecto de avicultura en Jalapa, en apoyo a familias de escasos recursos afectadas por la emergencia sanitaria; esta iniciativa fue apoyada por el Rector de la USAC.","rel":"","context":"En \u00abSin categor\u00eda\u00bb","block_context":{"text":"Sin categor\u00eda","link":"https:\/\/soy.usac.edu.gt\/?cat=1"},"img":{"alt_text":"","src":"https:\/\/i0.wp.com\/soy.usac.edu.gt\/wp-content\/uploads\/2020\/11\/WhatsApp-Image-2020-11-03-at-2.49.34-PM.jpeg?resize=350%2C200&ssl=1","width":350,"height":200,"srcset":"https:\/\/i0.wp.com\/soy.usac.edu.gt\/wp-content\/uploads\/2020\/11\/WhatsApp-Image-2020-11-03-at-2.49.34-PM.jpeg?resize=350%2C200&ssl=1 1x, https:\/\/i0.wp.com\/soy.usac.edu.gt\/wp-content\/uploads\/2020\/11\/WhatsApp-Image-2020-11-03-at-2.49.34-PM.jpeg?resize=525%2C300&ssl=1 1.5x, https:\/\/i0.wp.com\/soy.usac.edu.gt\/wp-content\/uploads\/2020\/11\/WhatsApp-Image-2020-11-03-at-2.49.34-PM.jpeg?resize=700%2C400&ssl=1 2x, https:\/\/i0.wp.com\/soy.usac.edu.gt\/wp-content\/uploads\/2020\/11\/WhatsApp-Image-2020-11-03-at-2.49.34-PM.jpeg?resize=1050%2C600&ssl=1 3x"},"classes":[]},{"id":5960,"url":"https:\/\/soy.usac.edu.gt\/?p=5960","url_meta":{"origin":10918,"position":4},"title":"CSU juramenta a \u00a0Mike Rivera como nuevo director de la Escuela de Ciencia Pol\u00edtica","author":"Erick Iv\u00e1n de Le\u00f3n","date":"9 mayo, 2019","format":false,"excerpt":"El nuevo decano fue elegido para el periodo 2019-2023.\u00a0","rel":"","context":"En \u00abNoticias\u00bb","block_context":{"text":"Noticias","link":"https:\/\/soy.usac.edu.gt\/?cat=29"},"img":{"alt_text":"","src":"https:\/\/i0.wp.com\/soy.usac.edu.gt\/wp-content\/uploads\/2019\/05\/2-3.jpg?resize=350%2C200&ssl=1","width":350,"height":200,"srcset":"https:\/\/i0.wp.com\/soy.usac.edu.gt\/wp-content\/uploads\/2019\/05\/2-3.jpg?resize=350%2C200&ssl=1 1x, https:\/\/i0.wp.com\/soy.usac.edu.gt\/wp-content\/uploads\/2019\/05\/2-3.jpg?resize=525%2C300&ssl=1 1.5x, https:\/\/i0.wp.com\/soy.usac.edu.gt\/wp-content\/uploads\/2019\/05\/2-3.jpg?resize=700%2C400&ssl=1 2x, https:\/\/i0.wp.com\/soy.usac.edu.gt\/wp-content\/uploads\/2019\/05\/2-3.jpg?resize=1050%2C600&ssl=1 3x, https:\/\/i0.wp.com\/soy.usac.edu.gt\/wp-content\/uploads\/2019\/05\/2-3.jpg?resize=1400%2C800&ssl=1 4x"},"classes":[]},{"id":3442,"url":"https:\/\/soy.usac.edu.gt\/?p=3442","url_meta":{"origin":10918,"position":5},"title":"La atenci\u00f3n del IGSS podr\u00eda llegar al campus central","author":"Edwin Medina","date":"14 enero, 2019","format":false,"excerpt":"Trabajadores administrativos y docentes de la Universidad de San Carlos de Guatemala podr\u00edan recibir\u00a0 atenci\u00f3n m\u00e9dica especializada del IGSS en las instalaciones de esta casa de estudios. Durante el transcurso de la ma\u00f1ana de hoy, el presidente de la Junta Directiva del Instituto Guatemalteco de Seguridad Social (IGSS), Lic. Carlos\u2026","rel":"","context":"En \u00abNoticias\u00bb","block_context":{"text":"Noticias","link":"https:\/\/soy.usac.edu.gt\/?cat=29"},"img":{"alt_text":"","src":"https:\/\/i0.wp.com\/soy.usac.edu.gt\/wp-content\/uploads\/2019\/01\/UNIDAD-DE-SALUD-6.jpg?resize=350%2C200&ssl=1","width":350,"height":200,"srcset":"https:\/\/i0.wp.com\/soy.usac.edu.gt\/wp-content\/uploads\/2019\/01\/UNIDAD-DE-SALUD-6.jpg?resize=350%2C200&ssl=1 1x, https:\/\/i0.wp.com\/soy.usac.edu.gt\/wp-content\/uploads\/2019\/01\/UNIDAD-DE-SALUD-6.jpg?resize=525%2C300&ssl=1 1.5x, https:\/\/i0.wp.com\/soy.usac.edu.gt\/wp-content\/uploads\/2019\/01\/UNIDAD-DE-SALUD-6.jpg?resize=700%2C400&ssl=1 2x, https:\/\/i0.wp.com\/soy.usac.edu.gt\/wp-content\/uploads\/2019\/01\/UNIDAD-DE-SALUD-6.jpg?resize=1050%2C600&ssl=1 3x, https:\/\/i0.wp.com\/soy.usac.edu.gt\/wp-content\/uploads\/2019\/01\/UNIDAD-DE-SALUD-6.jpg?resize=1400%2C800&ssl=1 4x"},"classes":[]}],"jetpack_sharing_enabled":true,"_links":{"self":[{"href":"https:\/\/soy.usac.edu.gt\/index.php?rest_route=\/wp\/v2\/posts\/10918","targetHints":{"allow":["GET"]}}],"collection":[{"href":"https:\/\/soy.usac.edu.gt\/index.php?rest_route=\/wp\/v2\/posts"}],"about":[{"href":"https:\/\/soy.usac.edu.gt\/index.php?rest_route=\/wp\/v2\/types\/post"}],"author":[{"embeddable":true,"href":"https:\/\/soy.usac.edu.gt\/index.php?rest_route=\/wp\/v2\/users\/1"}],"replies":[{"embeddable":true,"href":"https:\/\/soy.usac.edu.gt\/index.php?rest_route=%2Fwp%2Fv2%2Fcomments&post=10918"}],"version-history":[{"count":0,"href":"https:\/\/soy.usac.edu.gt\/index.php?rest_route=\/wp\/v2\/posts\/10918\/revisions"}],"wp:featuredmedia":[{"embeddable":true,"href":"https:\/\/soy.usac.edu.gt\/index.php?rest_route=\/wp\/v2\/media\/10924"}],"wp:attachment":[{"href":"https:\/\/soy.usac.edu.gt\/index.php?rest_route=%2Fwp%2Fv2%2Fmedia&parent=10918"}],"wp:term":[{"taxonomy":"category","embeddable":true,"href":"https:\/\/soy.usac.edu.gt\/index.php?rest_route=%2Fwp%2Fv2%2Fcategories&post=10918"},{"taxonomy":"post_tag","embeddable":true,"href":"https:\/\/soy.usac.edu.gt\/index.php?rest_route=%2Fwp%2Fv2%2Ftags&post=10918"}],"curies":[{"name":"wp","href":"https:\/\/api.w.org\/{rel}","templated":true}]}}