{"id":10946,"date":"2020-03-03T16:10:39","date_gmt":"2020-03-03T22:10:39","guid":{"rendered":"https:\/\/soy.usac.edu.gt\/?p=10946"},"modified":"2020-03-03T16:10:41","modified_gmt":"2020-03-03T22:10:41","slug":"realizan-vista-publica-contra-el-articulo-25-del-reglamento-de-la-ley-organica-del-presupuesto","status":"publish","type":"post","link":"https:\/\/soy.usac.edu.gt\/?p=10946","title":{"rendered":"Realizan vista p\u00fablica contra el art\u00edculo 25 del Reglamento de la Ley Org\u00e1nica del Presupuesto"},"content":{"rendered":"\n<p style=\"text-align: justify;\"><b><i>La Asociaci\u00f3n de Estudiantes Universitarios (AEU) busca que se excluya el art\u00edculo 25 del Reglamento de la Ley Org\u00e1nica del Presupuesto, por ser inconstitucional y causar agravios a la Universidad de San Carlos de Guatemala.\u00a0<\/i><\/b><\/p>\n<p style=\"text-align: justify;\"><span style=\"font-weight: 400;\">El pol\u00e9mico art\u00edculo, adem\u00e1s de ser inconstitucional, afecta a la universidad por ser utilizado para calcular de forma err\u00e1tica el aporte constitucional de la Tricentenaria.\u00a0<\/span><\/p>\n<p style=\"text-align: justify;\"><span style=\"font-weight: 400;\">El art\u00edculo 25, titulado \u201cAsignaciones privativas\u201d proporciona una definici\u00f3n de los ingresos ordinarios y establece que para realizar el c\u00e1lculo de los aportes constitucionales antes se debe descontar, del monto total del presupuesto, una serie de gastos con destino espec\u00edfico. Lo anterior provoca que el aporte proporcionado a la universidad sea reducido.\u00a0<\/span><\/p>\n<p style=\"text-align: justify;\"><span style=\"font-weight: 400;\">Luis \u00c1lvarez, comisionado de Estudios Acad\u00e9micos de la AEU, explic\u00f3 que la vista p\u00fablica se llev\u00f3 a cabo para que se declare inconstitucional\u00a0 el art\u00edculo 25 del Acuerdo Gubernativo 540-2013.<\/span><\/p>\n<div id='gallery-1' class='gallery galleryid-10946 gallery-columns-3 gallery-size-thumbnail'><figure class='gallery-item'>\n\t\t\t<div class='gallery-icon landscape'>\n\t\t\t\t<a href='https:\/\/soy.usac.edu.gt\/?attachment_id=10949'><img loading=\"lazy\" decoding=\"async\" width=\"150\" height=\"150\" src=\"https:\/\/soy.usac.edu.gt\/wp-content\/uploads\/2020\/03\/4-para-web-150x150.jpg\" class=\"attachment-thumbnail size-thumbnail\" alt=\"\" aria-describedby=\"gallery-1-10949\" \/><\/a>\n\t\t\t<\/div>\n\t\t\t\t<figcaption class='wp-caption-text gallery-caption' id='gallery-1-10949'>\n\t\t\t\tMagistrados de la Corte de Constitucionalidad, durante la vista p\u00fablica. \n\t\t\t\t<\/figcaption><\/figure><figure class='gallery-item'>\n\t\t\t<div class='gallery-icon landscape'>\n\t\t\t\t<a href='https:\/\/soy.usac.edu.gt\/?attachment_id=10948'><img loading=\"lazy\" decoding=\"async\" width=\"150\" height=\"150\" src=\"https:\/\/soy.usac.edu.gt\/wp-content\/uploads\/2020\/03\/vista-publicados-150x150.jpg\" class=\"attachment-thumbnail size-thumbnail\" alt=\"\" aria-describedby=\"gallery-1-10948\" \/><\/a>\n\t\t\t<\/div>\n\t\t\t\t<figcaption class='wp-caption-text gallery-caption' id='gallery-1-10948'>\n\t\t\t\tC\u00e9sar Monterroso, mandatario judicial de la USAC\n\t\t\t\t<\/figcaption><\/figure>\n\t\t<\/div>\n\n<p style=\"text-align: justify;\"><span style=\"font-weight: 400;\">\u201cEl art\u00edculo tergiversa el esp\u00edritu de la Constituci\u00f3n. Adem\u00e1s, le da una excusa al Organismo Ejecutivo y al Organismo Legislativo para deducir gastos espec\u00edficos, con el fin de no dar el presupuesto que le corresponde\u00a0a la universidad\u201d. Explic\u00f3 que buscan que el art\u00edculo sea eliminado del ordenamiento jur\u00eddico.\u00a0<\/span><\/p>\n<p style=\"text-align: justify;\"><span style=\"font-weight: 400;\">Por su parte, C\u00e9sar Monterroso, mandatario judicial de la USAC, expuso que el art\u00edculo\u00a0 contraviene el principio de supremac\u00eda constitucional y comete cuatro agravios que afectan al c\u00e1lculo del presupuesto de la universidad. El art\u00edculo 173 de la Constituci\u00f3n establece que el presidente puede hacer ciertos reglamentos normativos, \u201cpero no puede contravenir lo que ya est\u00e1 establecido constitucionalmente\u201d, expuso.\u00a0<\/span><\/p>\n<h5><strong>Pronunciamiento de representantes de la AEU<\/strong><\/h5>\n<p><div class=\"jetpack-video-wrapper\"><iframe loading=\"lazy\" title=\"Realizan vista p\u00fablica contra el art\u00edculo 25 del Reglamento de la Ley Org\u00e1nica del Presupuesto\" width=\"640\" height=\"360\" src=\"https:\/\/www.youtube.com\/embed\/5yPHmAZtbHQ?feature=oembed\" frameborder=\"0\" allow=\"accelerometer; autoplay; clipboard-write; encrypted-media; gyroscope; picture-in-picture; web-share\" referrerpolicy=\"strict-origin-when-cross-origin\" allowfullscreen><\/iframe><\/div><\/p>\n<blockquote class=\"td_quote_box td_box_center\">\n<h5 style=\"text-align: justify;\"><b>Lee ac\u00e1 el art\u00edculo en discusi\u00f3n:<\/b><\/h5>\n<h5 style=\"text-align: justify;\"><b>ARTICULO 25. ASIGNACIONES PRIVATIVAS.<\/b><span style=\"font-weight: 400;\"> El presupuesto de ingresos ordinarios que el Congreso de la Rep\u00fablica de Guatemala aprueba para cada ejercicio fiscal ser\u00e1 la base para la determinaci\u00f3n de las asignaciones a que se refiere el art\u00edculo 22 de la ley. Los ingresos ordinarios est\u00e1n constituidos por los recursos de naturaleza recurrente, descont\u00e1ndose todo recurso que tenga por ley un destino espec\u00edfico y otras obligaciones de gasto establecidas en disposiciones constitucionales y ordinarias, por no constituir ingresos de libre disponibilidad para el Estado. En su c\u00e1lculo se tomar\u00e1n en cuenta las siguientes deducciones: a) Transferencias de fondos recibidas por el Gobierno Central, provenientes de instituciones p\u00fablicas o privadas; b) Reintegros de cantidades erogadas en ejercicios fiscales anteriores, ya que constituyen rectificaci\u00f3n de resultados de presupuestos fenecidos y no una fuente regular de ingresos; c) Venta de bienes o productos y la prestaci\u00f3n de servicios que constituyan disponibilidad espec\u00edfica a favor de las dependencias que los generan, as\u00ed como aquellos ingresos que por ley tengan un destino espec\u00edfico, tales como el descuento de montep\u00edo y los que en general se clasifican como ingresos propios; d) Productos obtenidos por la inversi\u00f3n de valores p\u00fablicos, de recursos del Fondo Global de Amortizaci\u00f3n del Gobierno constituido para el pago de obligaciones de deuda interna; e) Devoluciones de impuestos que no correspondan al Estado; y, f) Operaciones contables por fluctuaci\u00f3n de moneda que se reflejen en el Presupuesto de Ingresos del Estado.<\/span><\/h5>\n<\/blockquote>\n<p><img loading=\"lazy\" decoding=\"async\" class=\"aligncenter size-full wp-image-7369\" src=\"https:\/\/soy.usac.edu.gt\/wp-content\/uploads\/2019\/07\/Cr\u00e9ditos-prensa-01.png\" alt=\"\" width=\"5079\" height=\"1960\" srcset=\"https:\/\/soy.usac.edu.gt\/wp-content\/uploads\/2019\/07\/Cr\u00e9ditos-prensa-01.png 5079w, https:\/\/soy.usac.edu.gt\/wp-content\/uploads\/2019\/07\/Cr\u00e9ditos-prensa-01-300x116.png 300w, https:\/\/soy.usac.edu.gt\/wp-content\/uploads\/2019\/07\/Cr\u00e9ditos-prensa-01-768x296.png 768w, https:\/\/soy.usac.edu.gt\/wp-content\/uploads\/2019\/07\/Cr\u00e9ditos-prensa-01-1024x395.png 1024w, https:\/\/soy.usac.edu.gt\/wp-content\/uploads\/2019\/07\/Cr\u00e9ditos-prensa-01-1088x420.png 1088w, https:\/\/soy.usac.edu.gt\/wp-content\/uploads\/2019\/07\/Cr\u00e9ditos-prensa-01-640x247.png 640w, https:\/\/soy.usac.edu.gt\/wp-content\/uploads\/2019\/07\/Cr\u00e9ditos-prensa-01-681x263.png 681w\" sizes=\"auto, (max-width: 5079px) 100vw, 5079px\" \/><\/p>\n<p style=\"text-align: justify;\">\u00a0<\/p>\n","protected":false},"excerpt":{"rendered":"<p>La Asociaci\u00f3n de Estudiantes Universitarios (AEU) busca que se excluya el art\u00edculo 25 del Reglamento de la Ley Org\u00e1nica del Presupuesto, por ser inconstitucional y causar agravios a la Universidad de San Carlos de Guatemala.\u00a0<\/p>\n","protected":false},"author":1,"featured_media":10950,"comment_status":"closed","ping_status":"open","sticky":false,"template":"","format":"standard","meta":{"_exactmetrics_skip_tracking":false,"_exactmetrics_sitenote_active":false,"_exactmetrics_sitenote_note":"","_exactmetrics_sitenote_category":0,"_jetpack_memberships_contains_paid_content":false,"footnotes":""},"categories":[29],"tags":[227],"class_list":["post-10946","post","type-post","status-publish","format-standard","has-post-thumbnail","hentry","category-noticias","tag-presupuesto-de-la-usac"],"aioseo_notices":[],"jetpack_featured_media_url":"https:\/\/soy.usac.edu.gt\/wp-content\/uploads\/2020\/03\/destacada-web-vista-pu\u0301blica.jpg","views":"","jetpack-related-posts":[{"id":10713,"url":"https:\/\/soy.usac.edu.gt\/?p=10713","url_meta":{"origin":10946,"position":0},"title":"CSU pide que se cumpla sentencia por el 5% del presupuesto de la USAC.","author":"Divisi\u00f3n de Publicidad","date":"7 febrero, 2020","format":false,"excerpt":"El Consejo Superior Universitario y el Ingeniero Murphy Olympo Paiz Recinos, Rector de la Universidad de San Carlos de Guatemala (USAC), ante la sentencia emitida por la Corte de Constitucionalidad (CC) con respecto al c\u00e1lculo del presupuesto asignado a esta casa de estudios","rel":"","context":"En \u00abNoticias\u00bb","block_context":{"text":"Noticias","link":"https:\/\/soy.usac.edu.gt\/?cat=29"},"img":{"alt_text":"","src":"https:\/\/i0.wp.com\/soy.usac.edu.gt\/wp-content\/uploads\/2020\/02\/WhatsApp-Image-2020-02-07-at-06.55.47-150x150.jpeg?resize=350%2C200&ssl=1","width":350,"height":200,"srcset":"https:\/\/i0.wp.com\/soy.usac.edu.gt\/wp-content\/uploads\/2020\/02\/WhatsApp-Image-2020-02-07-at-06.55.47-150x150.jpeg?resize=350%2C200&ssl=1 1x, https:\/\/i0.wp.com\/soy.usac.edu.gt\/wp-content\/uploads\/2020\/02\/WhatsApp-Image-2020-02-07-at-06.55.47-150x150.jpeg?resize=525%2C300&ssl=1 1.5x, https:\/\/i0.wp.com\/soy.usac.edu.gt\/wp-content\/uploads\/2020\/02\/WhatsApp-Image-2020-02-07-at-06.55.47-150x150.jpeg?resize=700%2C400&ssl=1 2x"},"classes":[]},{"id":10885,"url":"https:\/\/soy.usac.edu.gt\/?p=10885","url_meta":{"origin":10946,"position":1},"title":"USAC debate sobre presupuesto","author":"Divisi\u00f3n de Publicidad","date":"28 febrero, 2020","format":false,"excerpt":"Profesionales de distintas \u00e1reas intervinieron en el debate \u201cHablemos sobre el presupuesto del 5 % constitucional de la USAC\u201d, en el que se analiz\u00f3 la necesidad de que esta casa de estudios cuente con recursos adecuados seg\u00fan su poblaci\u00f3n estudiantil. El evento tuvo por objetivo determinar el origen de las\u2026","rel":"","context":"En \u00abNoticias\u00bb","block_context":{"text":"Noticias","link":"https:\/\/soy.usac.edu.gt\/?cat=29"},"img":{"alt_text":"","src":"https:\/\/i0.wp.com\/soy.usac.edu.gt\/wp-content\/uploads\/2020\/02\/DEBATE-PRESUPUESTO-USAC-202012.jpg?resize=350%2C200&ssl=1","width":350,"height":200,"srcset":"https:\/\/i0.wp.com\/soy.usac.edu.gt\/wp-content\/uploads\/2020\/02\/DEBATE-PRESUPUESTO-USAC-202012.jpg?resize=350%2C200&ssl=1 1x, https:\/\/i0.wp.com\/soy.usac.edu.gt\/wp-content\/uploads\/2020\/02\/DEBATE-PRESUPUESTO-USAC-202012.jpg?resize=525%2C300&ssl=1 1.5x, https:\/\/i0.wp.com\/soy.usac.edu.gt\/wp-content\/uploads\/2020\/02\/DEBATE-PRESUPUESTO-USAC-202012.jpg?resize=700%2C400&ssl=1 2x, https:\/\/i0.wp.com\/soy.usac.edu.gt\/wp-content\/uploads\/2020\/02\/DEBATE-PRESUPUESTO-USAC-202012.jpg?resize=1050%2C600&ssl=1 3x, https:\/\/i0.wp.com\/soy.usac.edu.gt\/wp-content\/uploads\/2020\/02\/DEBATE-PRESUPUESTO-USAC-202012.jpg?resize=1400%2C800&ssl=1 4x"},"classes":[]},{"id":16029,"url":"https:\/\/soy.usac.edu.gt\/?p=16029","url_meta":{"origin":10946,"position":2},"title":"USAC exige el 5% del presupuesto del Estado para la educaci\u00f3n superior de calidad.","author":"Divisi\u00f3n de Publicidad","date":"18 noviembre, 2021","format":false,"excerpt":"La estabilidad del funcionamiento de la Universidad de San Carlos de Guatemala est\u00e1 afectada directamente por la aprobaci\u00f3n inadecuada del Presupuesto General de Ingresos y Egresos del Estado desde el a\u00f1o 2018, situaci\u00f3n que ha impactado directamente en las finanzas institucionales, generando una profunda crisis presupuestal y financiera que se\u2026","rel":"","context":"En \u00abOpini\u00f3n\u00bb","block_context":{"text":"Opini\u00f3n","link":"https:\/\/soy.usac.edu.gt\/?cat=125"},"img":{"alt_text":"","src":"https:\/\/i0.wp.com\/soy.usac.edu.gt\/wp-content\/uploads\/2021\/02\/COMUNICADO-IMAGEN-WEB.jpeg?resize=350%2C200&ssl=1","width":350,"height":200,"srcset":"https:\/\/i0.wp.com\/soy.usac.edu.gt\/wp-content\/uploads\/2021\/02\/COMUNICADO-IMAGEN-WEB.jpeg?resize=350%2C200&ssl=1 1x, https:\/\/i0.wp.com\/soy.usac.edu.gt\/wp-content\/uploads\/2021\/02\/COMUNICADO-IMAGEN-WEB.jpeg?resize=525%2C300&ssl=1 1.5x, https:\/\/i0.wp.com\/soy.usac.edu.gt\/wp-content\/uploads\/2021\/02\/COMUNICADO-IMAGEN-WEB.jpeg?resize=700%2C400&ssl=1 2x"},"classes":[]},{"id":12965,"url":"https:\/\/soy.usac.edu.gt\/?p=12965","url_meta":{"origin":10946,"position":3},"title":"CSU demanda a gobierno cumplir con las exigencias de la sociedad civil","author":"Divisi\u00f3n de Publicidad","date":"25 noviembre, 2020","format":false,"excerpt":"La Universidad de San Carlos condiciona su presencia en la instancia de di\u00e1logo; si se cumplen las demandas planteadas, a fin de evitar la confrontaci\u00f3n social.\u00a0","rel":"","context":"En \u00abNoticias\u00bb","block_context":{"text":"Noticias","link":"https:\/\/soy.usac.edu.gt\/?cat=29"},"img":{"alt_text":"","src":"","width":0,"height":0},"classes":[]},{"id":12520,"url":"https:\/\/soy.usac.edu.gt\/?p=12520","url_meta":{"origin":10946,"position":4},"title":"Usac enfrenta crisis financiera","author":"Divisi\u00f3n de Publicidad","date":"15 octubre, 2020","format":false,"excerpt":"El papel que desempe\u00f1a esta alma m\u00e1ter en el desarrollo del pa\u00eds es preponderante; atiende a m\u00e1s de la mitad de los estudiantes de nivel superior y, pese a sus limitaciones econ\u00f3micas, realiza destacados aportes acad\u00e9micos, sociales, cient\u00edficos y culturales.","rel":"","context":"En \u00abNoticias\u00bb","block_context":{"text":"Noticias","link":"https:\/\/soy.usac.edu.gt\/?cat=29"},"img":{"alt_text":"","src":"https:\/\/i0.wp.com\/soy.usac.edu.gt\/wp-content\/uploads\/2020\/10\/3.jpeg?resize=350%2C200&ssl=1","width":350,"height":200,"srcset":"https:\/\/i0.wp.com\/soy.usac.edu.gt\/wp-content\/uploads\/2020\/10\/3.jpeg?resize=350%2C200&ssl=1 1x, https:\/\/i0.wp.com\/soy.usac.edu.gt\/wp-content\/uploads\/2020\/10\/3.jpeg?resize=525%2C300&ssl=1 1.5x, https:\/\/i0.wp.com\/soy.usac.edu.gt\/wp-content\/uploads\/2020\/10\/3.jpeg?resize=700%2C400&ssl=1 2x, https:\/\/i0.wp.com\/soy.usac.edu.gt\/wp-content\/uploads\/2020\/10\/3.jpeg?resize=1050%2C600&ssl=1 3x"},"classes":[]},{"id":12866,"url":"https:\/\/soy.usac.edu.gt\/?p=12866","url_meta":{"origin":10946,"position":5},"title":"CODECER solicita traslado de presupuesto al MINFIN para pago de salarios","author":"Divisi\u00f3n de Publicidad","date":"12 noviembre, 2020","format":false,"excerpt":"Ante la dif\u00edcil situaci\u00f3n presupuestaria y financiera que sufren los centros universitarios y escuelas no facultativas de la Universidad de San Carlos de Guatemala","rel":"","context":"En \u00abOpini\u00f3n\u00bb","block_context":{"text":"Opini\u00f3n","link":"https:\/\/soy.usac.edu.gt\/?cat=151"},"img":{"alt_text":"","src":"","width":0,"height":0},"classes":[]}],"jetpack_sharing_enabled":true,"_links":{"self":[{"href":"https:\/\/soy.usac.edu.gt\/index.php?rest_route=\/wp\/v2\/posts\/10946","targetHints":{"allow":["GET"]}}],"collection":[{"href":"https:\/\/soy.usac.edu.gt\/index.php?rest_route=\/wp\/v2\/posts"}],"about":[{"href":"https:\/\/soy.usac.edu.gt\/index.php?rest_route=\/wp\/v2\/types\/post"}],"author":[{"embeddable":true,"href":"https:\/\/soy.usac.edu.gt\/index.php?rest_route=\/wp\/v2\/users\/1"}],"replies":[{"embeddable":true,"href":"https:\/\/soy.usac.edu.gt\/index.php?rest_route=%2Fwp%2Fv2%2Fcomments&post=10946"}],"version-history":[{"count":0,"href":"https:\/\/soy.usac.edu.gt\/index.php?rest_route=\/wp\/v2\/posts\/10946\/revisions"}],"wp:featuredmedia":[{"embeddable":true,"href":"https:\/\/soy.usac.edu.gt\/index.php?rest_route=\/wp\/v2\/media\/10950"}],"wp:attachment":[{"href":"https:\/\/soy.usac.edu.gt\/index.php?rest_route=%2Fwp%2Fv2%2Fmedia&parent=10946"}],"wp:term":[{"taxonomy":"category","embeddable":true,"href":"https:\/\/soy.usac.edu.gt\/index.php?rest_route=%2Fwp%2Fv2%2Fcategories&post=10946"},{"taxonomy":"post_tag","embeddable":true,"href":"https:\/\/soy.usac.edu.gt\/index.php?rest_route=%2Fwp%2Fv2%2Ftags&post=10946"}],"curies":[{"name":"wp","href":"https:\/\/api.w.org\/{rel}","templated":true}]}}