{"id":11189,"date":"2020-03-10T22:23:50","date_gmt":"2020-03-11T04:23:50","guid":{"rendered":"https:\/\/soy.usac.edu.gt\/?p=11189"},"modified":"2020-03-11T12:05:24","modified_gmt":"2020-03-11T18:05:24","slug":"realizan-encuentro-de-universidades-mesoamericanas-2","status":"publish","type":"post","link":"https:\/\/soy.usac.edu.gt\/?p=11189","title":{"rendered":"Realizan encuentro de universidades mesoamericanas"},"content":{"rendered":"\n<p style=\"text-align: justify;\"><strong>El Encuentro Acad\u00e9mico de Universidades Mesoamericanas \u201cTerritorios de Desarrollo y Diversidad, el Futuro Mesoamericano\u201d se llev\u00f3 a cabo en el MUSAC.<\/strong><\/p>\n<p style=\"text-align: justify;\">La Secretar\u00eda de Relaciones Exteriores de los Estados Unidos Mexicanos, el Consejo Superior Universitario Centroamericano (CSUCA), la Asociaci\u00f3n Nacional de Universidades e Instituciones de Educaci\u00f3n Superior (ANUIES) y la Universidad de San Carlos de Guatemala (USAC) realizaron el Encuentro Acad\u00e9mico de Universidades Mesoamericanas \u201cTerritorios de Desarrollo y Diversidad, el Futuro Mesoamericano\u201d en el museo universitario, en el Centro Hist\u00f3rico de Guatemala.<\/p>\n<p style=\"text-align: justify;\">Durante la actividad protocolaria de inauguraci\u00f3n, Abel Escartin Molina, jefe de Canciller\u00eda de la Embajada de M\u00e9xico, disert\u00f3 la conferencia magistral \u201cEl desarrollo econ\u00f3mico y social integral transfronterizo en Mesoam\u00e9rica\u201d, dirigida a autoridades, funcionarios, catedr\u00e1ticos y estudiantes.<\/p>\n<p style=\"text-align: justify;\">El Ing. Murphy Paiz, Rector de la USAC, al inaugurar el encuentro, dijo: \u201cEstamos dando un seguimiento responsable a la realizaci\u00f3n de objetivos y abriendo espacios a los actores principales ac\u00e1 reunidos, para que nuestras instituciones acad\u00e9micas est\u00e9n presentes en las agendas globales y trasciendan en la soluci\u00f3n de los problemas coyunturales a nivel local y extranjero\u201d.<\/p>\n<p style=\"text-align: justify;\">Paiz agreg\u00f3: \u201cEste encuentro presenta una valiosa oportunidad de di\u00e1logo, evaluaci\u00f3n y debate en torno a aportes que se presentar\u00e1n en relaci\u00f3n con la ciencia y la tecnolog\u00eda, mientras compartimos de manera inteligente nuestros talentos en la \u00a0consolidaci\u00f3n de objetivos a corto, mediano y largo plazo\u201d.<\/p>\n<p>\u00a0<\/p>\n<div id='gallery-1' class='gallery galleryid-11189 gallery-columns-3 gallery-size-thumbnail'><figure class='gallery-item'>\n\t\t\t<div class='gallery-icon landscape'>\n\t\t\t\t<a href='https:\/\/soy.usac.edu.gt\/?attachment_id=11183'><img loading=\"lazy\" decoding=\"async\" width=\"150\" height=\"150\" src=\"https:\/\/soy.usac.edu.gt\/wp-content\/uploads\/2020\/03\/destacada-150x150.jpg\" class=\"attachment-thumbnail size-thumbnail\" alt=\"\" aria-describedby=\"gallery-1-11183\" \/><\/a>\n\t\t\t<\/div>\n\t\t\t\t<figcaption class='wp-caption-text gallery-caption' id='gallery-1-11183'>\n\t\t\t\tParticipantes del encuentro de universidades mesoamericanas\n\t\t\t\t<\/figcaption><\/figure><figure class='gallery-item'>\n\t\t\t<div class='gallery-icon landscape'>\n\t\t\t\t<a href='https:\/\/soy.usac.edu.gt\/?attachment_id=11184'><img loading=\"lazy\" decoding=\"async\" width=\"150\" height=\"150\" src=\"https:\/\/soy.usac.edu.gt\/wp-content\/uploads\/2020\/03\/3-3-150x150.jpg\" class=\"attachment-thumbnail size-thumbnail\" alt=\"\" aria-describedby=\"gallery-1-11184\" \/><\/a>\n\t\t\t<\/div>\n\t\t\t\t<figcaption class='wp-caption-text gallery-caption' id='gallery-1-11184'>\n\t\t\t\tSecretario General Carlos Valladares Cerezo\n\t\t\t\t<\/figcaption><\/figure><figure class='gallery-item'>\n\t\t\t<div class='gallery-icon landscape'>\n\t\t\t\t<a href='https:\/\/soy.usac.edu.gt\/?attachment_id=11185'><img loading=\"lazy\" decoding=\"async\" width=\"150\" height=\"150\" src=\"https:\/\/soy.usac.edu.gt\/wp-content\/uploads\/2020\/03\/8-2-150x150.jpg\" class=\"attachment-thumbnail size-thumbnail\" alt=\"\" aria-describedby=\"gallery-1-11185\" \/><\/a>\n\t\t\t<\/div>\n\t\t\t\t<figcaption class='wp-caption-text gallery-caption' id='gallery-1-11185'>\n\t\t\t\tRector Ing. Murphy Paiz se dirige a los asistentes. \n\t\t\t\t<\/figcaption><\/figure><figure class='gallery-item'>\n\t\t\t<div class='gallery-icon landscape'>\n\t\t\t\t<a href='https:\/\/soy.usac.edu.gt\/?attachment_id=11171'><img loading=\"lazy\" decoding=\"async\" width=\"150\" height=\"150\" src=\"https:\/\/soy.usac.edu.gt\/wp-content\/uploads\/2020\/03\/4-2-150x150.jpg\" class=\"attachment-thumbnail size-thumbnail\" alt=\"\" \/><\/a>\n\t\t\t<\/div><\/figure><figure class='gallery-item'>\n\t\t\t<div class='gallery-icon landscape'>\n\t\t\t\t<a href='https:\/\/soy.usac.edu.gt\/?attachment_id=11172'><img loading=\"lazy\" decoding=\"async\" width=\"150\" height=\"150\" src=\"https:\/\/soy.usac.edu.gt\/wp-content\/uploads\/2020\/03\/6-2-150x150.jpg\" class=\"attachment-thumbnail size-thumbnail\" alt=\"\" \/><\/a>\n\t\t\t<\/div><\/figure><figure class='gallery-item'>\n\t\t\t<div class='gallery-icon landscape'>\n\t\t\t\t<a href='https:\/\/soy.usac.edu.gt\/?attachment_id=11174'><img loading=\"lazy\" decoding=\"async\" width=\"150\" height=\"150\" src=\"https:\/\/soy.usac.edu.gt\/wp-content\/uploads\/2020\/03\/10-1-150x150.jpg\" class=\"attachment-thumbnail size-thumbnail\" alt=\"\" \/><\/a>\n\t\t\t<\/div><\/figure><figure class='gallery-item'>\n\t\t\t<div class='gallery-icon landscape'>\n\t\t\t\t<a href='https:\/\/soy.usac.edu.gt\/?attachment_id=11175'><img loading=\"lazy\" decoding=\"async\" width=\"150\" height=\"150\" src=\"https:\/\/soy.usac.edu.gt\/wp-content\/uploads\/2020\/03\/12-1-150x150.jpg\" class=\"attachment-thumbnail size-thumbnail\" alt=\"\" \/><\/a>\n\t\t\t<\/div><\/figure><figure class='gallery-item'>\n\t\t\t<div class='gallery-icon landscape'>\n\t\t\t\t<a href='https:\/\/soy.usac.edu.gt\/?attachment_id=11176'><img loading=\"lazy\" decoding=\"async\" width=\"150\" height=\"150\" src=\"https:\/\/soy.usac.edu.gt\/wp-content\/uploads\/2020\/03\/13-2-150x150.jpg\" class=\"attachment-thumbnail size-thumbnail\" alt=\"\" \/><\/a>\n\t\t\t<\/div><\/figure><figure class='gallery-item'>\n\t\t\t<div class='gallery-icon landscape'>\n\t\t\t\t<a href='https:\/\/soy.usac.edu.gt\/?attachment_id=11177'><img loading=\"lazy\" decoding=\"async\" width=\"150\" height=\"150\" src=\"https:\/\/soy.usac.edu.gt\/wp-content\/uploads\/2020\/03\/14-1-150x150.jpg\" class=\"attachment-thumbnail size-thumbnail\" alt=\"\" \/><\/a>\n\t\t\t<\/div><\/figure><figure class='gallery-item'>\n\t\t\t<div class='gallery-icon landscape'>\n\t\t\t\t<a href='https:\/\/soy.usac.edu.gt\/?attachment_id=11178'><img loading=\"lazy\" decoding=\"async\" width=\"150\" height=\"150\" src=\"https:\/\/soy.usac.edu.gt\/wp-content\/uploads\/2020\/03\/16-1-150x150.jpg\" class=\"attachment-thumbnail size-thumbnail\" alt=\"\" \/><\/a>\n\t\t\t<\/div><\/figure><figure class='gallery-item'>\n\t\t\t<div class='gallery-icon landscape'>\n\t\t\t\t<a href='https:\/\/soy.usac.edu.gt\/?attachment_id=11179'><img loading=\"lazy\" decoding=\"async\" width=\"150\" height=\"150\" src=\"https:\/\/soy.usac.edu.gt\/wp-content\/uploads\/2020\/03\/18-1-150x150.jpg\" class=\"attachment-thumbnail size-thumbnail\" alt=\"\" \/><\/a>\n\t\t\t<\/div><\/figure><figure class='gallery-item'>\n\t\t\t<div class='gallery-icon landscape'>\n\t\t\t\t<a href='https:\/\/soy.usac.edu.gt\/?attachment_id=11180'><img loading=\"lazy\" decoding=\"async\" width=\"150\" height=\"150\" src=\"https:\/\/soy.usac.edu.gt\/wp-content\/uploads\/2020\/03\/21-150x150.jpg\" class=\"attachment-thumbnail size-thumbnail\" alt=\"\" \/><\/a>\n\t\t\t<\/div><\/figure><figure class='gallery-item'>\n\t\t\t<div class='gallery-icon landscape'>\n\t\t\t\t<a href='https:\/\/soy.usac.edu.gt\/?attachment_id=11181'><img loading=\"lazy\" decoding=\"async\" width=\"150\" height=\"150\" src=\"https:\/\/soy.usac.edu.gt\/wp-content\/uploads\/2020\/03\/29-150x150.jpg\" class=\"attachment-thumbnail size-thumbnail\" alt=\"\" \/><\/a>\n\t\t\t<\/div><\/figure><figure class='gallery-item'>\n\t\t\t<div class='gallery-icon landscape'>\n\t\t\t\t<a href='https:\/\/soy.usac.edu.gt\/?attachment_id=11182'><img loading=\"lazy\" decoding=\"async\" width=\"150\" height=\"150\" src=\"https:\/\/soy.usac.edu.gt\/wp-content\/uploads\/2020\/03\/34-150x150.jpg\" class=\"attachment-thumbnail size-thumbnail\" alt=\"\" \/><\/a>\n\t\t\t<\/div><\/figure>\n\t\t<\/div>\n\n<p style=\"text-align: justify;\">El maestro Jaime Valls Esponda, secretario general ejecutivo de ANUIES de M\u00e9xico, expres\u00f3 durante su discurso: \u201cEstamos convencidos de que esta actividad sumar\u00e1 esfuerzos para mejorar el acceso a la educaci\u00f3n superior, con el fin de formar ciudadanos comprometidos con el planteamiento de soluciones creativas a los problemas sociales\u201d.<\/p>\n<p style=\"text-align: justify;\">El Dr. Francisco Luciano Concheiro B\u00f3rquez, subsecretario de Educaci\u00f3n Superior de la Secretar\u00eda de Educaci\u00f3n P\u00fablica, indic\u00f3: \u201cPara nosotros es un honor estar en esta universidad heroica, que ha sido protagonista en la defensa de la democracia en los momentos cr\u00edticos de la historia de Guatemala, as\u00ed como en \u00a0la transformaci\u00f3n por el desarrollo colectivo\u201d. Agreg\u00f3: \u201cEsta actividad nos llena de esperanza de un futuro mejor para Mesoam\u00e9rica, que lograremos por medio de un intercambio social, redes econ\u00f3micas y vinculaci\u00f3n cient\u00edfica, en el marco de integraci\u00f3n de nuestra regi\u00f3n, apelando a nuestro pasado hist\u00f3rico com\u00fan\u201d.<\/p>\n<p style=\"text-align: justify;\">Despu\u00e9s de la actividad protocolaria de inauguraci\u00f3n, el maestro Abel Escartin Molina, jefe de Canciller\u00eda de la Embajada de M\u00e9xico, disert\u00f3 la conferencia magistral \u201cEl desarrollo econ\u00f3mico y social integral transfronterizo en Mesoam\u00e9rica\u201d, a autoridades, funcionarios, catedr\u00e1ticos y estudiantes, durante la cual explic\u00f3, entre otros puntos, el Proyecto de Integraci\u00f3n y Desarrollo de Mesoam\u00e9rica, \u201c\u00e1rea en la que grandes civilizaciones desarrollaron una gran diversidad \u00e9tnica, ling\u00fc\u00edstica y cient\u00edfica, hasta la llegada de los espa\u00f1oles\u201d, indic\u00f3 el conferenciante.<\/p>\n<p style=\"text-align: justify;\">El referido proyecto tiene varios ejes de acci\u00f3n, entre estos el econ\u00f3mico y el social, \u201cel primero incluye el comercio y el transporte; y el segundo, la salud, la gesti\u00f3n de riesgo y la vivienda\u201d, resalt\u00f3 el maestro Escartin Molina.<\/p>\n<p style=\"text-align: justify;\">\u201cMesoam\u00e9rica est\u00e1 llamada a ser una potencia, lo que nos permitir\u00eda salir mucho m\u00e1s fuertes al extranjero y negociar una posici\u00f3n de mayor poder con nuestros socios comerciales, en ese contexto, la universidad debe comunicar a la poblaci\u00f3n, el sector privado y el gobierno entre s\u00ed, pues conoce por su labor de investigaci\u00f3n los diversos aspectos sociales\u201d, concluy\u00f3.<\/p>\n<p style=\"text-align: justify;\">\u00a0<\/p>\n<p>\u00a0<\/p>\n<p><img loading=\"lazy\" decoding=\"async\" class=\"aligncenter size-full wp-image-8583\" src=\"https:\/\/soy.usac.edu.gt\/wp-content\/uploads\/2019\/10\/Cr\u00e9ditos-prensalozano-e-iv\u00e1n.jpg\" alt=\"\" width=\"5079\" height=\"1960\" srcset=\"https:\/\/soy.usac.edu.gt\/wp-content\/uploads\/2019\/10\/Cr\u00e9ditos-prensalozano-e-iv\u00e1n.jpg 5079w, https:\/\/soy.usac.edu.gt\/wp-content\/uploads\/2019\/10\/Cr\u00e9ditos-prensalozano-e-iv\u00e1n-300x116.jpg 300w, https:\/\/soy.usac.edu.gt\/wp-content\/uploads\/2019\/10\/Cr\u00e9ditos-prensalozano-e-iv\u00e1n-768x296.jpg 768w, https:\/\/soy.usac.edu.gt\/wp-content\/uploads\/2019\/10\/Cr\u00e9ditos-prensalozano-e-iv\u00e1n-1024x395.jpg 1024w, https:\/\/soy.usac.edu.gt\/wp-content\/uploads\/2019\/10\/Cr\u00e9ditos-prensalozano-e-iv\u00e1n-1088x420.jpg 1088w, https:\/\/soy.usac.edu.gt\/wp-content\/uploads\/2019\/10\/Cr\u00e9ditos-prensalozano-e-iv\u00e1n-640x247.jpg 640w, https:\/\/soy.usac.edu.gt\/wp-content\/uploads\/2019\/10\/Cr\u00e9ditos-prensalozano-e-iv\u00e1n-681x263.jpg 681w\" sizes=\"auto, (max-width: 5079px) 100vw, 5079px\" \/><\/p>\n","protected":false},"excerpt":{"rendered":"<p>El Encuentro Acad\u00e9mico de Universidades Mesoamericanas \u201cTerritorios de Desarrollo y Diversidad, el Futuro Mesoamericano\u201d se llev\u00f3 a cabo en el MUSAC.<\/p>\n","protected":false},"author":16,"featured_media":11168,"comment_status":"closed","ping_status":"open","sticky":false,"template":"","format":"standard","meta":{"_exactmetrics_skip_tracking":false,"_exactmetrics_sitenote_active":false,"_exactmetrics_sitenote_note":"","_exactmetrics_sitenote_category":0,"_jetpack_memberships_contains_paid_content":false,"footnotes":""},"categories":[29],"tags":[621],"class_list":["post-11189","post","type-post","status-publish","format-standard","has-post-thumbnail","hentry","category-noticias","tag-universidades-mesoamericanas"],"aioseo_notices":[],"jetpack_featured_media_url":"https:\/\/soy.usac.edu.gt\/wp-content\/uploads\/2020\/03\/1-2.jpg","views":"","jetpack-related-posts":[{"id":11194,"url":"https:\/\/soy.usac.edu.gt\/?p=11194","url_meta":{"origin":11189,"position":0},"title":"Universidades mesoamericanas se comprometen a trabajar en la soluci\u00f3n de problem\u00e1ticas regionales","author":"Divisi\u00f3n de Publicidad","date":"11 marzo, 2020","format":false,"excerpt":"Las universidades llegaron a acuerdos sobre trabajo en conjunto en temas como migraci\u00f3n, desarrollo y tecnolog\u00edas.","rel":"","context":"En \u00abNoticias\u00bb","block_context":{"text":"Noticias","link":"https:\/\/soy.usac.edu.gt\/?cat=29"},"img":{"alt_text":"","src":"https:\/\/i0.wp.com\/soy.usac.edu.gt\/wp-content\/uploads\/2020\/03\/WhatsApp-Image-2020-03-11-at-1.54.53-PM.jpeg?resize=350%2C200&ssl=1","width":350,"height":200,"srcset":"https:\/\/i0.wp.com\/soy.usac.edu.gt\/wp-content\/uploads\/2020\/03\/WhatsApp-Image-2020-03-11-at-1.54.53-PM.jpeg?resize=350%2C200&ssl=1 1x, https:\/\/i0.wp.com\/soy.usac.edu.gt\/wp-content\/uploads\/2020\/03\/WhatsApp-Image-2020-03-11-at-1.54.53-PM.jpeg?resize=525%2C300&ssl=1 1.5x, https:\/\/i0.wp.com\/soy.usac.edu.gt\/wp-content\/uploads\/2020\/03\/WhatsApp-Image-2020-03-11-at-1.54.53-PM.jpeg?resize=700%2C400&ssl=1 2x, https:\/\/i0.wp.com\/soy.usac.edu.gt\/wp-content\/uploads\/2020\/03\/WhatsApp-Image-2020-03-11-at-1.54.53-PM.jpeg?resize=1050%2C600&ssl=1 3x"},"classes":[]},{"id":18051,"url":"https:\/\/soy.usac.edu.gt\/?p=18051","url_meta":{"origin":11189,"position":1},"title":"USAC inicia el II Webinario M\u00e9xico y Centroam\u00e9rica: \u201cHistorias Compartidas\u201d","author":"Divisi\u00f3n de Publicidad","date":"22 agosto, 2022","format":false,"excerpt":"Como anfitriona del evento, que se realizar\u00e1 del 22 al 26 de agosto, esta casa de estudios dio la bienvenida a los representantes de universidades p\u00fablicas que abordar\u00e1n temas de inter\u00e9s en com\u00fan.","rel":"","context":"En \u00abNoticias\u00bb","block_context":{"text":"Noticias","link":"https:\/\/soy.usac.edu.gt\/?cat=29"},"img":{"alt_text":"","src":"https:\/\/i0.wp.com\/soy.usac.edu.gt\/wp-content\/uploads\/2022\/08\/Sin-titulo.png?resize=350%2C200&ssl=1","width":350,"height":200,"srcset":"https:\/\/i0.wp.com\/soy.usac.edu.gt\/wp-content\/uploads\/2022\/08\/Sin-titulo.png?resize=350%2C200&ssl=1 1x, https:\/\/i0.wp.com\/soy.usac.edu.gt\/wp-content\/uploads\/2022\/08\/Sin-titulo.png?resize=525%2C300&ssl=1 1.5x, https:\/\/i0.wp.com\/soy.usac.edu.gt\/wp-content\/uploads\/2022\/08\/Sin-titulo.png?resize=700%2C400&ssl=1 2x"},"classes":[]},{"id":11343,"url":"https:\/\/soy.usac.edu.gt\/?p=11343","url_meta":{"origin":11189,"position":2},"title":"CSU se solidariza con el rector de la Universidad Nacional de El Salvador","author":"Divisi\u00f3n de Publicidad","date":"30 marzo, 2020","format":false,"excerpt":"ANTE LA SITUACION ACTUAL\u00a0 DEL RECTOR DE LA UNIVERSIDAD NACIONAL DE EL SALVADOR","rel":"","context":"En \u00abNoticias\u00bb","block_context":{"text":"Noticias","link":"https:\/\/soy.usac.edu.gt\/?cat=29"},"img":{"alt_text":"","src":"","width":0,"height":0},"classes":[]},{"id":21432,"url":"https:\/\/soy.usac.edu.gt\/?p=21432","url_meta":{"origin":11189,"position":3},"title":"Juegos Regionales Universitarios CUNOC 2025","author":"Divisi\u00f3n de Publicidad","date":"10 abril, 2025","format":false,"excerpt":"Durante el lunes 7 y martes 8 de abril, el Centro Universitario de Occidente (CUNOC) fue sede de una de las celebraciones m\u00e1s grandes del deporte universitario en la regi\u00f3n: los Juegos Regionales Universitarios CUNOC 2025. A lo largo de dos intensas jornadas, se disputaron emocionantes encuentros en las disciplinas\u2026","rel":"","context":"En \u00abDepartamentales\u00bb","block_context":{"text":"Departamentales","link":"https:\/\/soy.usac.edu.gt\/?cat=66"},"img":{"alt_text":"","src":"https:\/\/i0.wp.com\/soy.usac.edu.gt\/wp-content\/uploads\/2025\/04\/WhatsApp-Image-2025-04-09-at-9.43.21-AM.jpeg?resize=350%2C200&ssl=1","width":350,"height":200,"srcset":"https:\/\/i0.wp.com\/soy.usac.edu.gt\/wp-content\/uploads\/2025\/04\/WhatsApp-Image-2025-04-09-at-9.43.21-AM.jpeg?resize=350%2C200&ssl=1 1x, https:\/\/i0.wp.com\/soy.usac.edu.gt\/wp-content\/uploads\/2025\/04\/WhatsApp-Image-2025-04-09-at-9.43.21-AM.jpeg?resize=525%2C300&ssl=1 1.5x, https:\/\/i0.wp.com\/soy.usac.edu.gt\/wp-content\/uploads\/2025\/04\/WhatsApp-Image-2025-04-09-at-9.43.21-AM.jpeg?resize=700%2C400&ssl=1 2x, https:\/\/i0.wp.com\/soy.usac.edu.gt\/wp-content\/uploads\/2025\/04\/WhatsApp-Image-2025-04-09-at-9.43.21-AM.jpeg?resize=1050%2C600&ssl=1 3x, https:\/\/i0.wp.com\/soy.usac.edu.gt\/wp-content\/uploads\/2025\/04\/WhatsApp-Image-2025-04-09-at-9.43.21-AM.jpeg?resize=1400%2C800&ssl=1 4x"},"classes":[]},{"id":7978,"url":"https:\/\/soy.usac.edu.gt\/?p=7978","url_meta":{"origin":11189,"position":4},"title":"Inici\u00f3 el trabajo de la Comisi\u00f3n de Postulaci\u00f3n para Salas de Apelaciones","author":"Divisi\u00f3n de Publicidad","date":"20 agosto, 2019","format":false,"excerpt":"La Postuladora determin\u00f3 que sus integrantes no podr\u00e1n utilizar celulares ni otros dispositivos durante la revisi\u00f3n de expedientes.","rel":"","context":"En \u00abNoticias\u00bb","block_context":{"text":"Noticias","link":"https:\/\/soy.usac.edu.gt\/?cat=29"},"img":{"alt_text":"","src":"https:\/\/i0.wp.com\/soy.usac.edu.gt\/wp-content\/uploads\/2019\/08\/WhatsApp-Image-2019-08-20-at-14.27.34-1.jpeg?resize=350%2C200&ssl=1","width":350,"height":200,"srcset":"https:\/\/i0.wp.com\/soy.usac.edu.gt\/wp-content\/uploads\/2019\/08\/WhatsApp-Image-2019-08-20-at-14.27.34-1.jpeg?resize=350%2C200&ssl=1 1x, https:\/\/i0.wp.com\/soy.usac.edu.gt\/wp-content\/uploads\/2019\/08\/WhatsApp-Image-2019-08-20-at-14.27.34-1.jpeg?resize=525%2C300&ssl=1 1.5x, https:\/\/i0.wp.com\/soy.usac.edu.gt\/wp-content\/uploads\/2019\/08\/WhatsApp-Image-2019-08-20-at-14.27.34-1.jpeg?resize=700%2C400&ssl=1 2x"},"classes":[]},{"id":7962,"url":"https:\/\/soy.usac.edu.gt\/?p=7962","url_meta":{"origin":11189,"position":5},"title":"Contin\u00faan las reuniones de la Comisi\u00f3n de Postulaci\u00f3n","author":"Divisi\u00f3n de Publicidad","date":"20 agosto, 2019","format":false,"excerpt":"El pleno de la Comisi\u00f3n de Postulaci\u00f3n para la Corte Suprema de Justicia aprob\u00f3 con 35 votos que la Universidad Mesoamericana (UMESO) sea la sede donde se llevar\u00e1n a cabo las sesiones los \u00a0lunes y mi\u00e9rcoles de 7:30 a 12:00 horas.","rel":"","context":"En \u00abNoticias\u00bb","block_context":{"text":"Noticias","link":"https:\/\/soy.usac.edu.gt\/?cat=29"},"img":{"alt_text":"","src":"https:\/\/i0.wp.com\/soy.usac.edu.gt\/wp-content\/uploads\/2019\/08\/WhatsApp-Image-2019-08-19-at-16.55.19.jpeg?resize=350%2C200&ssl=1","width":350,"height":200,"srcset":"https:\/\/i0.wp.com\/soy.usac.edu.gt\/wp-content\/uploads\/2019\/08\/WhatsApp-Image-2019-08-19-at-16.55.19.jpeg?resize=350%2C200&ssl=1 1x, https:\/\/i0.wp.com\/soy.usac.edu.gt\/wp-content\/uploads\/2019\/08\/WhatsApp-Image-2019-08-19-at-16.55.19.jpeg?resize=525%2C300&ssl=1 1.5x, https:\/\/i0.wp.com\/soy.usac.edu.gt\/wp-content\/uploads\/2019\/08\/WhatsApp-Image-2019-08-19-at-16.55.19.jpeg?resize=700%2C400&ssl=1 2x, https:\/\/i0.wp.com\/soy.usac.edu.gt\/wp-content\/uploads\/2019\/08\/WhatsApp-Image-2019-08-19-at-16.55.19.jpeg?resize=1050%2C600&ssl=1 3x"},"classes":[]}],"jetpack_sharing_enabled":true,"_links":{"self":[{"href":"https:\/\/soy.usac.edu.gt\/index.php?rest_route=\/wp\/v2\/posts\/11189","targetHints":{"allow":["GET"]}}],"collection":[{"href":"https:\/\/soy.usac.edu.gt\/index.php?rest_route=\/wp\/v2\/posts"}],"about":[{"href":"https:\/\/soy.usac.edu.gt\/index.php?rest_route=\/wp\/v2\/types\/post"}],"author":[{"embeddable":true,"href":"https:\/\/soy.usac.edu.gt\/index.php?rest_route=\/wp\/v2\/users\/16"}],"replies":[{"embeddable":true,"href":"https:\/\/soy.usac.edu.gt\/index.php?rest_route=%2Fwp%2Fv2%2Fcomments&post=11189"}],"version-history":[{"count":0,"href":"https:\/\/soy.usac.edu.gt\/index.php?rest_route=\/wp\/v2\/posts\/11189\/revisions"}],"wp:featuredmedia":[{"embeddable":true,"href":"https:\/\/soy.usac.edu.gt\/index.php?rest_route=\/wp\/v2\/media\/11168"}],"wp:attachment":[{"href":"https:\/\/soy.usac.edu.gt\/index.php?rest_route=%2Fwp%2Fv2%2Fmedia&parent=11189"}],"wp:term":[{"taxonomy":"category","embeddable":true,"href":"https:\/\/soy.usac.edu.gt\/index.php?rest_route=%2Fwp%2Fv2%2Fcategories&post=11189"},{"taxonomy":"post_tag","embeddable":true,"href":"https:\/\/soy.usac.edu.gt\/index.php?rest_route=%2Fwp%2Fv2%2Ftags&post=11189"}],"curies":[{"name":"wp","href":"https:\/\/api.w.org\/{rel}","templated":true}]}}