{"id":11409,"date":"2020-04-25T09:20:32","date_gmt":"2020-04-25T15:20:32","guid":{"rendered":"https:\/\/soy.usac.edu.gt\/?p=11409"},"modified":"2020-04-25T11:51:26","modified_gmt":"2020-04-25T17:51:26","slug":"csu-solicita-medidas-especiales-para-evitar-violencia-contra-la-mujer-durante-la-cuarentena","status":"publish","type":"post","link":"https:\/\/soy.usac.edu.gt\/?p=11409","title":{"rendered":"CSU solicita medidas especiales para evitar violencia contra la mujer durante la cuarentena"},"content":{"rendered":"\n<h5 style=\"text-align: center;\"><strong> EL CONSEJO SUPERIOR UNIVERSITARIO DE LA UNIVERSIDAD DE SAN CARLOS DE GUATEMALA Y EL RECTOR, M. Sc. ING. MURPHY OLYMPO PAIZ RECINOS, <\/strong><\/h5>\n<h5 style=\"text-align: center;\">A TRAV\u00c9S DEL INSTITUTO UNIVERSITARIO DE LA MUJER (IUMUSAC),<\/h5>\n<h5 style=\"text-align: center;\"><strong>ANTE LA SITUACI\u00d3N DE LAS MUJERES Y OTROS SECTORES VULNERABLES POR LA PANDEMIA PROVOCADA POR EL COVID-19 <\/strong><\/h5>\n<p>\u00a0<\/p>\n<p style=\"text-align: justify;\">La Universidad de San Carlos de Guatemala, en el actual contexto de la pandemia provocada por el COVID-19 considera relevante enfocarse en la poblaci\u00f3n femenina, que es m\u00e1s de la mitad de los habitantes de Guatemala. Los resultados del censo 2018, realizado por el Instituto Nacional de Estad\u00edstica (INE), develan que el 51.5% de la poblaci\u00f3n nacional son mujeres y entre otros, con bajo nivel de escolaridad, con una distribuci\u00f3n mayoritaria en los departamentos de Guatemala, Alta Verapaz, Huehuetenango, San Marcos, Quich\u00e9 y Quetzaltenango, entre otros.<\/p>\n<p style=\"text-align: justify;\">Durante las situaciones de emergencia, aumentan los riesgos de violencia hacia las mujeres, ni\u00f1as y ni\u00f1os. Seg\u00fan la ONU-Mujeres, esta constituye la \u201cm\u00e1s extendida violaci\u00f3n de los derechos humanos en el mundo\u201d, y de acuerdo con la Organizaci\u00f3n Mundial de la Salud, este es un problema de salud p\u00fablica de proporciones epid\u00e9micas. Seg\u00fan los datos m\u00e1s recientes del observatorio del Ministerio P\u00fablico de Guatemala, la violencia psicol\u00f3gica hacia las mujeres, ni\u00f1as y ni\u00f1os es la m\u00e1s denunciada, seguida de la violencia f\u00edsica y econ\u00f3mica.<\/p>\n<p style=\"text-align: justify;\">En concordancia con la legislaci\u00f3n vigente y la Constituci\u00f3n Pol\u00edtica de la Rep\u00fablica de Guatemala en los art\u00edculos 1o y 2o, que garantizan la protecci\u00f3n de la persona y la familia, las mujeres guatemaltecas tienen el derecho al reconocimiento, goce, ejercicio y protecci\u00f3n de todos sus derechos humanos, por lo que en la situaci\u00f3n actual de emergencia nacional por el COVID-19, el Estado de Guatemala est\u00e1 obligado a ser tutor y garante de su cumplimiento.<\/p>\n<p style=\"text-align: justify;\">A la vez, respetando los tratados internacionales en materia de derechos humanos de las mujeres firmados y ratificados por Guatemala, que establecen acciones afirmativas para el respeto de la dignidad como personas sujetas de derechos en diversos \u00e1mbitos.<\/p>\n<p style=\"text-align: justify;\"><strong>En cumplimiento al art\u00edculo 82 de la Constituci\u00f3n Pol\u00edtica de la Rep\u00fablica de Guatemala, que le asigna a la Universidad de San Carlos de Guatemala la funci\u00f3n de cooperar al estudio y soluci\u00f3n de los problemas nacionales,<\/strong><\/p>\n<p>\u00a0<\/p>\n<h5 style=\"text-align: center;\"><strong>RECOMIENDA: <\/strong><\/h5>\n<p>Que en las medidas adoptadas por el Estado de Guatemala frente a la pandemia generada por la COVID-19, se garantice y fortalezca el respeto de los derechos humanos de la poblaci\u00f3n. As\u00ed mismo se incluya el enfoque de g\u00e9nero diferenciado, que garantice el derecho de las mujeres, ni\u00f1as y ni\u00f1os a vivir libres de discriminaci\u00f3n y violencia. Se tenga presente que aumentan las brechas de g\u00e9nero en el per\u00edodo de crisis.<\/p>\n<h5 style=\"text-align: center;\"><strong>AL ORGANISMO EJECUTIVO: <\/strong><\/h5>\n<p style=\"text-align: justify;\">Que conformen equipos multidisciplinarios integrados con enfoque de equidad de g\u00e9nero para dar respuesta integral a m\u00faltiples factores de discriminaci\u00f3n que exacerban la vulnerabilidad de mujeres, ni\u00f1as y ni\u00f1os, incluyendo su situaci\u00f3n educacional, social, laboral, econ\u00f3mica, de salud, e incluso migratoria.<\/p>\n<p style=\"text-align: justify;\">Que asigne recursos financieros y humanos para facilitar la disponibilidad y acceso a servicios esenciales de salud sexual y reproductiva y los incluya entre las medidas de priorizaci\u00f3n a grupos espec\u00edficos durante la atenci\u00f3n a la crisis de COVID-19, considerando, asimismo, la situaci\u00f3n de movilidad de las comadronas que prestan servicio t\u00e9cnico a nivel nacional.<\/p>\n<p style=\"text-align: center;\">\u00a0<\/p>\n<h5 style=\"text-align: center;\"><strong>AL ORGANISMO JUDICIAL Y SECTOR JUSTICIA: <\/strong><\/h5>\n<p style=\"text-align: justify;\">Que el Ministerio P\u00fablico contin\u00fae brindando respuesta a las denuncias de violencia de g\u00e9nero, garantizando a las v\u00edctimas mujeres, ni\u00f1as y ni\u00f1os los mecanismos de protecci\u00f3n integral, seguimiento y penalizaci\u00f3n, y que permanezcan accesibles durante las medidas de restricci\u00f3n de movilidad y cuarentena, fortaleciendo y acondicionando centros de refugio y de resguardo.<\/p>\n<p style=\"text-align: justify;\">Que todas las dependencias del sector justicia trabajen activamente en pro de los derechos de las mujeres, ni\u00f1as y ni\u00f1os en Guatemala, en la resoluci\u00f3n eficaz y eficiente en la investigaci\u00f3n y debidos procesos judiciales.<\/p>\n<p style=\"text-align: justify;\">Que se fomente la cultura de denuncia y la convivencia pac\u00edfica, tolerancia, el respeto de los derechos humanos y la dignidad de las personas; espec\u00edficamente de las mujeres, ni\u00f1as y ni\u00f1os para el desarrollo integral de los habitantes, Promover y fortalecer la pol\u00edtica criminal relativa a la violencia intrafamiliar, violencia de g\u00e9nero y al trabajo infantil forzado.<\/p>\n<h5>\u00a0<\/h5>\n<h5 style=\"text-align: center;\"><strong>AL ORGANISMO LEGISLATIVO: <\/strong><\/h5>\n<p style=\"text-align: justify;\">Acelerar el proceso de elaboraci\u00f3n de dictamen, discusi\u00f3n y aprobaci\u00f3n de la iniciativa de ley 5452 \u201cLey de Desarrollo Econ\u00f3mico de la Mujeres\u201d, que lograr\u00e1 un impacto positivo sobre este sector importante de poblaci\u00f3n en Guatemala.<\/p>\n<p>\u00a0<\/p>\n<h5 style=\"text-align: center;\"><strong>A LAS AUTORIDADES LOCALES: <\/strong><\/h5>\n<p style=\"text-align: justify;\">Que a trav\u00e9s de las Oficinas de Atenci\u00f3n Municipal de la Mujer se estructuren planes de monitoreo y seguimiento, por enfrentar un mayor riesgo de infecci\u00f3n las mujeres expuestas en su rol laboral en los centros de salud, en trabajos de la econom\u00eda informal y de servicios en general.<\/p>\n<p style=\"text-align: justify;\">Que se garanticen los servicios b\u00e1sicos, como lo es la distribuci\u00f3n el agua en los lugares o comunidades en donde hay escasez del vital l\u00edquido, para la hidrataci\u00f3n y la correcta higiene personal de las familias.<\/p>\n<p>\u00a0<\/p>\n<h5 style=\"text-align: center;\"><strong>POR TANTO: <\/strong><\/h5>\n<p style=\"text-align: justify;\">La Universidad de San Carlos de Guatemala ofrece trabajar conjuntamente con los organismos Ejecutivo y Judicial para generar investigaciones que develen datos cualitativos y cuantitativos que fundamenten propuestas de pol\u00edticas p\u00fablicas y programas que incluyan el enfoque de equidad de g\u00e9nero en beneficio de toda la poblaci\u00f3n guatemalteca, especialmente de las mujeres, ni\u00f1as y ni\u00f1os.<\/p>\n<p>\u00a0<\/p>\n<h5 style=\"text-align: center;\">\u201cId y ense\u00f1ad a todos\u201d<\/h5>\n<p>\u00a0<\/p>\n<p style=\"text-align: right;\">Guatemala, 25 de abril de 2020<\/p>\n","protected":false},"excerpt":{"rendered":"<p>Durante las situaciones de emergencia, aumentan los riesgos de violencia hacia las mujeres y ni\u00f1as.\u00a0<\/p>\n","protected":false},"author":1,"featured_media":0,"comment_status":"closed","ping_status":"open","sticky":false,"template":"","format":"standard","meta":{"_exactmetrics_skip_tracking":false,"_exactmetrics_sitenote_active":false,"_exactmetrics_sitenote_note":"","_exactmetrics_sitenote_category":0,"_jetpack_memberships_contains_paid_content":false,"footnotes":""},"categories":[29,151],"tags":[317,625,624,218,199,626],"class_list":["post-11409","post","type-post","status-publish","format-standard","hentry","category-noticias","category-opinion","tag-consejo-superior-universitario","tag-coronavirus","tag-covid19","tag-iumusac","tag-mujeres","tag-pandemia"],"aioseo_notices":[],"jetpack_featured_media_url":"","views":"","jetpack-related-posts":[{"id":18962,"url":"https:\/\/soy.usac.edu.gt\/?p=18962","url_meta":{"origin":11409,"position":0},"title":"Inauguran congreso internacional de mujeres universitarias","author":"Divisi\u00f3n de Publicidad","date":"8 noviembre, 2022","format":false,"excerpt":"El evento busca promover un espacio de encuentro y constituye un mecanismo de articulaci\u00f3n del pensamiento y accionar de las acad\u00e9micas.","rel":"","context":"En \u00abNoticias\u00bb","block_context":{"text":"Noticias","link":"https:\/\/soy.usac.edu.gt\/?cat=29"},"img":{"alt_text":"","src":"https:\/\/i0.wp.com\/soy.usac.edu.gt\/wp-content\/uploads\/2020\/03\/destacada-mujeres.jpg?resize=350%2C200&ssl=1","width":350,"height":200,"srcset":"https:\/\/i0.wp.com\/soy.usac.edu.gt\/wp-content\/uploads\/2020\/03\/destacada-mujeres.jpg?resize=350%2C200&ssl=1 1x, https:\/\/i0.wp.com\/soy.usac.edu.gt\/wp-content\/uploads\/2020\/03\/destacada-mujeres.jpg?resize=525%2C300&ssl=1 1.5x, https:\/\/i0.wp.com\/soy.usac.edu.gt\/wp-content\/uploads\/2020\/03\/destacada-mujeres.jpg?resize=700%2C400&ssl=1 2x, https:\/\/i0.wp.com\/soy.usac.edu.gt\/wp-content\/uploads\/2020\/03\/destacada-mujeres.jpg?resize=1050%2C600&ssl=1 3x, https:\/\/i0.wp.com\/soy.usac.edu.gt\/wp-content\/uploads\/2020\/03\/destacada-mujeres.jpg?resize=1400%2C800&ssl=1 4x"},"classes":[]},{"id":11716,"url":"https:\/\/soy.usac.edu.gt\/?p=11716","url_meta":{"origin":11409,"position":1},"title":"USAC ofrece instalaciones ante emergencia del Covid-19","author":"Divisi\u00f3n de Publicidad","date":"25 mayo, 2020","format":false,"excerpt":"USAC se compromete a ceder inicialmente durante la crisis las instalaciones de la Residencia Universitaria.","rel":"","context":"En \u00abNoticias\u00bb","block_context":{"text":"Noticias","link":"https:\/\/soy.usac.edu.gt\/?cat=29"},"img":{"alt_text":"","src":"https:\/\/i0.wp.com\/soy.usac.edu.gt\/wp-content\/uploads\/2020\/02\/IMG_1408.jpg?resize=350%2C200&ssl=1","width":350,"height":200,"srcset":"https:\/\/i0.wp.com\/soy.usac.edu.gt\/wp-content\/uploads\/2020\/02\/IMG_1408.jpg?resize=350%2C200&ssl=1 1x, https:\/\/i0.wp.com\/soy.usac.edu.gt\/wp-content\/uploads\/2020\/02\/IMG_1408.jpg?resize=525%2C300&ssl=1 1.5x, https:\/\/i0.wp.com\/soy.usac.edu.gt\/wp-content\/uploads\/2020\/02\/IMG_1408.jpg?resize=700%2C400&ssl=1 2x, https:\/\/i0.wp.com\/soy.usac.edu.gt\/wp-content\/uploads\/2020\/02\/IMG_1408.jpg?resize=1050%2C600&ssl=1 3x, https:\/\/i0.wp.com\/soy.usac.edu.gt\/wp-content\/uploads\/2020\/02\/IMG_1408.jpg?resize=1400%2C800&ssl=1 4x"},"classes":[]},{"id":18583,"url":"https:\/\/soy.usac.edu.gt\/?p=18583","url_meta":{"origin":11409,"position":2},"title":"USAC reivindica los aportes de las mujeres en la historia","author":"Divisi\u00f3n de Publicidad","date":"6 octubre, 2022","format":false,"excerpt":"La C\u00e1tedra Historia, G\u00e9nero y Educaci\u00f3n Superior concientiz\u00f3 sobre la importancia de fortalecer la memoria hist\u00f3rica y reconocer el papel de la mujer en distintos contextos.","rel":"","context":"En \u00abNoticias\u00bb","block_context":{"text":"Noticias","link":"https:\/\/soy.usac.edu.gt\/?cat=29"},"img":{"alt_text":"","src":"https:\/\/i0.wp.com\/soy.usac.edu.gt\/wp-content\/uploads\/2022\/10\/4-1.jpg?resize=350%2C200&ssl=1","width":350,"height":200,"srcset":"https:\/\/i0.wp.com\/soy.usac.edu.gt\/wp-content\/uploads\/2022\/10\/4-1.jpg?resize=350%2C200&ssl=1 1x, https:\/\/i0.wp.com\/soy.usac.edu.gt\/wp-content\/uploads\/2022\/10\/4-1.jpg?resize=525%2C300&ssl=1 1.5x, https:\/\/i0.wp.com\/soy.usac.edu.gt\/wp-content\/uploads\/2022\/10\/4-1.jpg?resize=700%2C400&ssl=1 2x"},"classes":[]},{"id":13016,"url":"https:\/\/soy.usac.edu.gt\/?p=13016","url_meta":{"origin":11409,"position":3},"title":"Usac rechaza violencia contra las mujeres","author":"Divisi\u00f3n de Publicidad","date":"25 enero, 2021","format":false,"excerpt":"LAMENTAMOS LOS HECHOS DE VIOLENCIA CONTRA LAS MUJERES, ADOLESCENTES Y NI\u00d1AS","rel":"","context":"En \u00abNoticias\u00bb","block_context":{"text":"Noticias","link":"https:\/\/soy.usac.edu.gt\/?cat=29"},"img":{"alt_text":"","src":"","width":0,"height":0},"classes":[]},{"id":4651,"url":"https:\/\/soy.usac.edu.gt\/?p=4651","url_meta":{"origin":11409,"position":4},"title":"El rol de la mujer universitaria","author":"Edwin Medina","date":"8 marzo, 2019","format":false,"excerpt":"El Instituto Universitario de la Mujer repas\u00f3 a trav\u00e9s de la historia el empoderamiento de las mujeres y las luchas que han enfrentado hasta hoy.","rel":"","context":"En \u00abNoticias\u00bb","block_context":{"text":"Noticias","link":"https:\/\/soy.usac.edu.gt\/?cat=29"},"img":{"alt_text":"","src":"https:\/\/i0.wp.com\/soy.usac.edu.gt\/wp-content\/uploads\/2019\/03\/IMG_6647.jpg?resize=350%2C200&ssl=1","width":350,"height":200,"srcset":"https:\/\/i0.wp.com\/soy.usac.edu.gt\/wp-content\/uploads\/2019\/03\/IMG_6647.jpg?resize=350%2C200&ssl=1 1x, https:\/\/i0.wp.com\/soy.usac.edu.gt\/wp-content\/uploads\/2019\/03\/IMG_6647.jpg?resize=525%2C300&ssl=1 1.5x, https:\/\/i0.wp.com\/soy.usac.edu.gt\/wp-content\/uploads\/2019\/03\/IMG_6647.jpg?resize=700%2C400&ssl=1 2x, https:\/\/i0.wp.com\/soy.usac.edu.gt\/wp-content\/uploads\/2019\/03\/IMG_6647.jpg?resize=1050%2C600&ssl=1 3x, https:\/\/i0.wp.com\/soy.usac.edu.gt\/wp-content\/uploads\/2019\/03\/IMG_6647.jpg?resize=1400%2C800&ssl=1 4x"},"classes":[]},{"id":11294,"url":"https:\/\/soy.usac.edu.gt\/?p=11294","url_meta":{"origin":11409,"position":5},"title":"CSU: nos encontramos en los d\u00edas claves para detener la curva de contagios y evitar una tragedia nacional.","author":"Divisi\u00f3n de Publicidad","date":"22 marzo, 2020","format":false,"excerpt":"CSU insta al gobierno a adoptar una cuarentena general y desarrollar un plan de seguridad alimentaria y salud para el abastecimiento de productos e insumos para el sector con menor capacidad econ\u00f3mica. #Urgente #Coronavirus #Covid-19","rel":"","context":"En \u00abNoticias\u00bb","block_context":{"text":"Noticias","link":"https:\/\/soy.usac.edu.gt\/?cat=29"},"img":{"alt_text":"","src":"","width":0,"height":0},"classes":[]}],"jetpack_sharing_enabled":true,"_links":{"self":[{"href":"https:\/\/soy.usac.edu.gt\/index.php?rest_route=\/wp\/v2\/posts\/11409","targetHints":{"allow":["GET"]}}],"collection":[{"href":"https:\/\/soy.usac.edu.gt\/index.php?rest_route=\/wp\/v2\/posts"}],"about":[{"href":"https:\/\/soy.usac.edu.gt\/index.php?rest_route=\/wp\/v2\/types\/post"}],"author":[{"embeddable":true,"href":"https:\/\/soy.usac.edu.gt\/index.php?rest_route=\/wp\/v2\/users\/1"}],"replies":[{"embeddable":true,"href":"https:\/\/soy.usac.edu.gt\/index.php?rest_route=%2Fwp%2Fv2%2Fcomments&post=11409"}],"version-history":[{"count":4,"href":"https:\/\/soy.usac.edu.gt\/index.php?rest_route=\/wp\/v2\/posts\/11409\/revisions"}],"predecessor-version":[{"id":11413,"href":"https:\/\/soy.usac.edu.gt\/index.php?rest_route=\/wp\/v2\/posts\/11409\/revisions\/11413"}],"wp:attachment":[{"href":"https:\/\/soy.usac.edu.gt\/index.php?rest_route=%2Fwp%2Fv2%2Fmedia&parent=11409"}],"wp:term":[{"taxonomy":"category","embeddable":true,"href":"https:\/\/soy.usac.edu.gt\/index.php?rest_route=%2Fwp%2Fv2%2Fcategories&post=11409"},{"taxonomy":"post_tag","embeddable":true,"href":"https:\/\/soy.usac.edu.gt\/index.php?rest_route=%2Fwp%2Fv2%2Ftags&post=11409"}],"curies":[{"name":"wp","href":"https:\/\/api.w.org\/{rel}","templated":true}]}}