{"id":11415,"date":"2020-04-27T16:54:07","date_gmt":"2020-04-27T22:54:07","guid":{"rendered":"https:\/\/soy.usac.edu.gt\/?p=11415"},"modified":"2020-04-27T16:54:08","modified_gmt":"2020-04-27T22:54:08","slug":"csu-propone-soluciones-ante-la-oleada-de-incendios-forestales-en-el-pais","status":"publish","type":"post","link":"https:\/\/soy.usac.edu.gt\/?p=11415","title":{"rendered":"CSU propone soluciones ante la oleada de incendios forestales en el pa\u00eds"},"content":{"rendered":"\n<h5 style=\"text-align: center;\"><strong>EL CONSEJO SUPERIOR UNIVERSITARIO DE LA <\/strong><strong>UNIVERSIDAD DE SAN CARLOS DE GUATEMALA Y EL RECTOR\u00a0 <\/strong><strong>M.SC. ING. MURPHY OLYMPO PAIZ RECINOS<\/strong><\/h5>\n<h5 style=\"text-align: center;\"><strong>\u00a0<\/strong><strong>ANTE LA EMERGENCIA AMBIENTAL POR LA MULTIPLICACI\u00d3N DE LOS INCENDIOS FORESTALES QUE DESTRUYEN LA FLORA, FAUNA Y ECOSISTEMAS DE GUATEMALA<\/strong><\/h5>\n<h5><strong>\u00a0<\/strong><\/h5>\n<h5 style=\"text-align: center;\"><strong>CONSIDERANDO:<\/strong><\/h5>\n<p><strong>\u00a0<\/strong><\/p>\n<p style=\"text-align: justify;\">En pleno combate a la pandemia del COVID-19 en el pa\u00eds, seg\u00fan informaci\u00f3n oficial proporcionada por la Coordinadora Nacional para la Reducci\u00f3n de Desastres (CONRED), desde el inicio de la temporada de incendios forestales en diciembre de 2019, se han reportado mil setenta y ocho incendios en la Rep\u00fablica de Guatemala a la fecha, de los cuales 745 han sido en \u00e1reas forestales y 333 en zonas no forestales. Se ha determinado que la mayor\u00eda de ellos, a\u00f1o tras a\u00f1o, son provocados para favorecer actividades relacionadas con el narcotr\u00e1fico, ampliaci\u00f3n de la frontera ganadera o siembra de monocultivos.<\/p>\n<p style=\"text-align: justify;\">La regi\u00f3n de Mesoam\u00e9rica, en la cual se encuentra el territorio nacional, ocupa el segundo lugar de las regiones con mayor diversidad de especies y endemismo, alberga alrededor del 7 al 10 por ciento de las formas de vida conocidas en el planeta. Adem\u00e1s, Guatemala forma parte de los 20 pa\u00edses del mundo que integran el Grupo de Pa\u00edses Megadiversos A\ufb01nes a la Convenci\u00f3n de Naciones Unidas sobre la Diversidad Biol\u00f3gica, por su riqueza ambiental y cultural.<\/p>\n<p style=\"text-align: justify;\">La Universidad de San Carlos de Guatemala destina una parte de su presupuesto constitucional al estudio, resguardo y mantenimiento de \u00e1reas protegidas bajo su administraci\u00f3n, a trav\u00e9s del Centro de Estudios Conservacionistas (CECON), las cuales tambi\u00e9n se ven amenazadas por los incendios iniciados. Las \u00e1reas protegidas universitarias constituyen lo que se conoce como el Sistema Universitario de \u00c1reas Protegidas (SUAP) y contienen ecosistemas de bosque nuboso, selva tropical, humedales de agua dulce y ecosistemas marino-costeros. De esta forma, la universidad contribuye a la protecci\u00f3n de un medio ambiente sano y al equilibrio ecol\u00f3gico para la sociedad guatemalteca.<\/p>\n<p style=\"text-align: justify;\">La Constituci\u00f3n Pol\u00edtica de la Rep\u00fablica de Guatemala reconoce, en el art\u00edculo 64, de inter\u00e9s nacional la conservaci\u00f3n, la protecci\u00f3n y la mejora del patrimonio natural (un bien com\u00fan de los guatemaltecos); en su art\u00edculo 97, el derecho humano a un medio ambiente sano y equilibrio ecol\u00f3gico;\u00a0 y, en su art\u00edculo 126, declara de urgencia nacional y de inter\u00e9s social la reforestaci\u00f3n del pa\u00eds y la conservaci\u00f3n de los bosques. En la legislaci\u00f3n nacional, por medio del Decreto Legislativo 4-89, Ley de \u00c1reas Protegidas, se considera expl\u00edcitamente el deterioro y las presiones a las que la diversidad biol\u00f3gica se ve sometida. As\u00ed mismo, recientemente la Corte Interamericana de Derechos Humanos, en la Opini\u00f3n Consultiva OC-23\/17, de fecha 15 de noviembre de 2017, estableci\u00f3 los est\u00e1ndares internacionales de protecci\u00f3n del medio ambiente seg\u00fan los compromisos adquiridos por los Estados con la Convenci\u00f3n Americana de Derechos Humanos. \u00a0<\/p>\n<p style=\"text-align: justify;\">Por lo anterior, conscientes de que la emergencia sanitaria generada por la pandemia del COVID-19 ha demostrado la relaci\u00f3n intr\u00ednseca de la naturaleza con el ser humano y su vulnerabilidad ante ella,<\/p>\n<h5 style=\"text-align: center;\"><strong>\u00a0<\/strong><strong>SOLICITA:<\/strong><\/h5>\n<p><strong>\u00a0<\/strong><\/p>\n<ol>\n<li style=\"text-align: justify;\"><strong>Al Presidente Constitucional de la Rep\u00fablica<\/strong>, Dr. Alejandro Giammattei, continuar con los esfuerzos de combate contra la pandemia del COVID-19 y los incendios forestales, debido a que la p\u00e9rdida de los bosques del pa\u00eds tendr\u00e1 consecuencias presentes y futuras, como el aumento de temperatura, sequ\u00edas, destrucci\u00f3n de flora y fauna y disminuci\u00f3n de los dem\u00e1s beneficios de la naturaleza para la humanidad. Se recomienda incluir disposiciones espec\u00edficas de protecci\u00f3n al medio ambiente y recursos forestales dentro del Estado de Calamidad P\u00fablica, as\u00ed como la movilizaci\u00f3n temporal de fuerzas de seguridad ciudadana a los l\u00edmites de las reservas naturales para su protecci\u00f3n y asignaci\u00f3n de recursos para los bomberos forestales que combaten los incendios.<\/li>\n<\/ol>\n<p>\u00a0<\/p>\n<ol start=\"2\">\n<li style=\"text-align: justify;\"><strong>A las alcald\u00edas municipales y gobernaciones departamentales,<\/strong> coordinar esfuerzos y facilitar medios para generar estrategias efectivas de combate y prevenci\u00f3n comunitaria de los incendios forestales, con el prop\u00f3sito que se evite normalizar este desastre ecol\u00f3gico a\u00f1o tras a\u00f1o.<\/li>\n<\/ol>\n<p style=\"text-align: justify;\">\u00a0<\/p>\n<ol style=\"text-align: justify;\" start=\"3\">\n<li><strong>Al Ministerio de Ambiente y Recursos Naturales (MARN), Instituto Nacional de Bosques (INAB), Consejo Nacional de \u00c1reas Protegidas (CONAP) y a la Secretar\u00eda General de Planificaci\u00f3n (SEGEPLAN)<\/strong>, el dise\u00f1o urgente de pol\u00edticas p\u00fablicas multiculturales enfocadas en la conservaci\u00f3n de los bosques, que incluyan modelos exitosos, como las concesiones forestales comunitarias, soluciones a la problem\u00e1tica agraria del pa\u00eds y concientizaci\u00f3n sobre las consecuencias del cambio clim\u00e1tico en el mundo. La Universidad de San Carlos de Guatemala pone a disposici\u00f3n sus unidades acad\u00e9micas y de investigaci\u00f3n para coordinar esfuerzos cient\u00edficos y pol\u00edticos para el combate de este flagelo y protecci\u00f3n al medio ambiente.<\/li>\n<\/ol>\n<p style=\"text-align: justify;\">\u00a0<\/p>\n<ol style=\"text-align: justify;\" start=\"4\">\n<li><strong>Al Ministerio de Finanzas P\u00fablicas y dependencias del Gobierno Central,<\/strong> asignar un fondo de emergencia, para atender el combate y manejo de los incendios forestales con suficiente personal capacitado, insumos, combustible, veh\u00edculos, equipo y aeronaves bombero propias del Estado de Guatemala. Se debe asignar de igual manera recursos para apoyar actividades de prevenci\u00f3n, de concienciaci\u00f3n a la poblaci\u00f3n y de capacitaci\u00f3n a personal. Se sugiere apoyar directamente a las comunidades poseedoras de bosques comunales, administradores y co-administradores de \u00e1reas protegidas, al CONAP, INAB y municipalidades en los sitios donde los incendios afecten con mayor dureza.<\/li>\n<\/ol>\n<p style=\"text-align: justify;\">\u00a0<\/p>\n<ol style=\"text-align: justify;\" start=\"5\">\n<li><strong>Al Congreso de la Rep\u00fablica, Comisi\u00f3n de Derechos Humanos y dignatarios de la naci\u00f3n<\/strong>, la fiscalizaci\u00f3n del actuar de las entidades p\u00fablicas en la protecci\u00f3n del medio ambiente y conservaci\u00f3n de bosques. Adem\u00e1s, la promulgaci\u00f3n necesaria e inmediata de legislaci\u00f3n que proteja los derechos de la naturaleza, para que la sociedad, entidades p\u00fablicas y privadas adquieran un mayor compromiso con su conservaci\u00f3n y protecci\u00f3n.<\/li>\n<\/ol>\n<p style=\"text-align: justify;\">\u00a0<\/p>\n<ol start=\"6\">\n<li style=\"text-align: justify;\"><strong>Al procurador de los Derechos Humanos<\/strong>, en el uso de su legitimaci\u00f3n activa para la protecci\u00f3n de derechos humanos de la poblaci\u00f3n guatemalteca en su integralidad, accione ante los distintos \u00f3rganos de justicia ordinaria y constitucional, como ya ha sucedido en otros pa\u00edses en casos similares para la protecci\u00f3n de los recursos naturales. Lo anterior, con el objeto de que los \u00f3rganos de justicia, a trav\u00e9s de una sentencia estructural, establezcan est\u00e1ndares, mecanismos y plazos vinculantes para la protecci\u00f3n de los derechos humanos, garantizados en la Constituci\u00f3n Pol\u00edtica de la Rep\u00fablica de Guatemala y tratados internacionales de la materia, relacionados con el medio ambiente sano y conservaci\u00f3n de bosques.<\/li>\n<\/ol>\n<p style=\"text-align: justify;\"><strong>Para el combate de la pandemia, la crisis econ\u00f3mica-social y proteger al medio ambiente, es necesario unir esfuerzos entre todos los sectores y coordinar estrategias con actores civiles, autoridades locales y de pa\u00eds para superar la actual coyuntura hist\u00f3rica y construir una Guatemala m\u00e1s justa, humana y con sostenibilidad ambiental.<\/strong><\/p>\n<h5>\u00a0<\/h5>\n<h5 style=\"text-align: center;\"><strong>\u201cId y ense\u00f1ad a todos\u201d<\/strong><\/h5>\n<p>\u00a0<\/p>\n<p style=\"text-align: right;\"><strong>Guatemala, 27 de abril de 2020<\/strong><\/p>\n","protected":false},"excerpt":{"rendered":"<p>Desde el inicio de la temporada de incendios forestales en diciembre, se han reportado mil setenta y ocho incendios.<\/p>\n","protected":false},"author":1,"featured_media":0,"comment_status":"closed","ping_status":"open","sticky":false,"template":"","format":"standard","meta":{"_exactmetrics_skip_tracking":false,"_exactmetrics_sitenote_active":false,"_exactmetrics_sitenote_note":"","_exactmetrics_sitenote_category":0,"_jetpack_memberships_contains_paid_content":false,"footnotes":""},"categories":[29,125],"tags":[317,625,624,627,196],"class_list":["post-11415","post","type-post","status-publish","format-standard","hentry","category-noticias","category-opiniones","tag-consejo-superior-universitario","tag-coronavirus","tag-covid19","tag-incendios-forestales","tag-medio-ambiente"],"aioseo_notices":[],"jetpack_featured_media_url":"","views":"","jetpack-related-posts":[{"id":6602,"url":"https:\/\/soy.usac.edu.gt\/?p=6602","url_meta":{"origin":11415,"position":0},"title":"Demandan al Estado atender crisis ambiental","author":"Divisi\u00f3n de Publicidad","date":"5 junio, 2019","format":false,"excerpt":"El Consejo Superior Universitario hizo un llamado urgente a los tres poderes del Estado para que atiendan la crisis ambiental actual.","rel":"","context":"En \u00abM\u00e1s Noticias\u00bb","block_context":{"text":"M\u00e1s Noticias","link":"https:\/\/soy.usac.edu.gt\/?cat=96"},"img":{"alt_text":"","src":"","width":0,"height":0},"classes":[]},{"id":10162,"url":"https:\/\/soy.usac.edu.gt\/?p=10162","url_meta":{"origin":11415,"position":1},"title":"USAC firma acuerdo para promover investigaci\u00f3n y ense\u00f1anza de recursos renovables","author":"Divisi\u00f3n de Publicidad","date":"12 diciembre, 2019","format":false,"excerpt":"La Universidad de San Carlos de Guatemala y la Escuela Nacional Central de Agricultura (ENCA), trabajar\u00e1n en conjunto para promover la educaci\u00f3n e investigaci\u00f3n en agricultura y manejo de recursos renovables.\u00a0","rel":"","context":"En \u00abNoticias\u00bb","block_context":{"text":"Noticias","link":"https:\/\/soy.usac.edu.gt\/?cat=29"},"img":{"alt_text":"","src":"https:\/\/i0.wp.com\/soy.usac.edu.gt\/wp-content\/uploads\/2019\/12\/convenio-enca.jpeg?resize=350%2C200&ssl=1","width":350,"height":200,"srcset":"https:\/\/i0.wp.com\/soy.usac.edu.gt\/wp-content\/uploads\/2019\/12\/convenio-enca.jpeg?resize=350%2C200&ssl=1 1x, https:\/\/i0.wp.com\/soy.usac.edu.gt\/wp-content\/uploads\/2019\/12\/convenio-enca.jpeg?resize=525%2C300&ssl=1 1.5x, https:\/\/i0.wp.com\/soy.usac.edu.gt\/wp-content\/uploads\/2019\/12\/convenio-enca.jpeg?resize=700%2C400&ssl=1 2x, https:\/\/i0.wp.com\/soy.usac.edu.gt\/wp-content\/uploads\/2019\/12\/convenio-enca.jpeg?resize=1050%2C600&ssl=1 3x"},"classes":[]},{"id":8058,"url":"https:\/\/soy.usac.edu.gt\/?p=8058","url_meta":{"origin":11415,"position":2},"title":"Por el resguardo de los oc\u00e9anos","author":"Divisi\u00f3n de Publicidad","date":"5 septiembre, 2019","format":false,"excerpt":"La Universidad de San Carlos de Guatemala y la Universidad del Valle, en conjunto con Fundaeco, realizan el Segundo Simposio Nacional Marino Costero.","rel":"","context":"En \u00abCiencia y Tecnolog\u00eda\u00bb","block_context":{"text":"Ciencia y Tecnolog\u00eda","link":"https:\/\/soy.usac.edu.gt\/?cat=122"},"img":{"alt_text":"","src":"https:\/\/i0.wp.com\/soy.usac.edu.gt\/wp-content\/uploads\/2019\/09\/pescadores.jpg?resize=350%2C200&ssl=1","width":350,"height":200,"srcset":"https:\/\/i0.wp.com\/soy.usac.edu.gt\/wp-content\/uploads\/2019\/09\/pescadores.jpg?resize=350%2C200&ssl=1 1x, https:\/\/i0.wp.com\/soy.usac.edu.gt\/wp-content\/uploads\/2019\/09\/pescadores.jpg?resize=525%2C300&ssl=1 1.5x, https:\/\/i0.wp.com\/soy.usac.edu.gt\/wp-content\/uploads\/2019\/09\/pescadores.jpg?resize=700%2C400&ssl=1 2x, https:\/\/i0.wp.com\/soy.usac.edu.gt\/wp-content\/uploads\/2019\/09\/pescadores.jpg?resize=1050%2C600&ssl=1 3x, https:\/\/i0.wp.com\/soy.usac.edu.gt\/wp-content\/uploads\/2019\/09\/pescadores.jpg?resize=1400%2C800&ssl=1 4x"},"classes":[]},{"id":19534,"url":"https:\/\/soy.usac.edu.gt\/?p=19534","url_meta":{"origin":11415,"position":3},"title":"CUNZAC realiza Semana Informativa","author":"Divisi\u00f3n de Publicidad","date":"19 junio, 2023","format":false,"excerpt":"En el Centro Universitario de Zacapa (CUNZAC) se est\u00e1 llevando a cabo esta actividad, dirigida a las personas interesadas en ingresar a la USAC.","rel":"","context":"En \u00abNoticias\u00bb","block_context":{"text":"Noticias","link":"https:\/\/soy.usac.edu.gt\/?cat=29"},"img":{"alt_text":"","src":"https:\/\/i0.wp.com\/soy.usac.edu.gt\/wp-content\/uploads\/2023\/06\/WhatsApp-Image-2023-06-19-at-11.05.04-5.jpeg?resize=350%2C200&ssl=1","width":350,"height":200,"srcset":"https:\/\/i0.wp.com\/soy.usac.edu.gt\/wp-content\/uploads\/2023\/06\/WhatsApp-Image-2023-06-19-at-11.05.04-5.jpeg?resize=350%2C200&ssl=1 1x, https:\/\/i0.wp.com\/soy.usac.edu.gt\/wp-content\/uploads\/2023\/06\/WhatsApp-Image-2023-06-19-at-11.05.04-5.jpeg?resize=525%2C300&ssl=1 1.5x, https:\/\/i0.wp.com\/soy.usac.edu.gt\/wp-content\/uploads\/2023\/06\/WhatsApp-Image-2023-06-19-at-11.05.04-5.jpeg?resize=700%2C400&ssl=1 2x, https:\/\/i0.wp.com\/soy.usac.edu.gt\/wp-content\/uploads\/2023\/06\/WhatsApp-Image-2023-06-19-at-11.05.04-5.jpeg?resize=1050%2C600&ssl=1 3x, https:\/\/i0.wp.com\/soy.usac.edu.gt\/wp-content\/uploads\/2023\/06\/WhatsApp-Image-2023-06-19-at-11.05.04-5.jpeg?resize=1400%2C800&ssl=1 4x"},"classes":[]},{"id":8227,"url":"https:\/\/soy.usac.edu.gt\/?p=8227","url_meta":{"origin":11415,"position":4},"title":"USAC realiza Taller sobre Gesti\u00f3n Integral de Riesgo de Desastres","author":"Erick Iv\u00e1n de Le\u00f3n","date":"20 septiembre, 2019","format":false,"excerpt":"La Universidad de San Carlos (USAC) y la Bluefields Indian & Caribbean University (BICU) realizaron el taller \u201cTeor\u00eda curricular para la incorporaci\u00f3n de la gesti\u00f3n integral de riesgo de desastre (GIRD), y adaptaci\u00f3n al cambio clim\u00e1tico (ACC)\u201d","rel":"","context":"En \u00abNoticias\u00bb","block_context":{"text":"Noticias","link":"https:\/\/soy.usac.edu.gt\/?cat=29"},"img":{"alt_text":"","src":"https:\/\/i0.wp.com\/soy.usac.edu.gt\/wp-content\/uploads\/2019\/09\/1-30-1-696x464.jpg?resize=350%2C200&ssl=1","width":350,"height":200,"srcset":"https:\/\/i0.wp.com\/soy.usac.edu.gt\/wp-content\/uploads\/2019\/09\/1-30-1-696x464.jpg?resize=350%2C200&ssl=1 1x, https:\/\/i0.wp.com\/soy.usac.edu.gt\/wp-content\/uploads\/2019\/09\/1-30-1-696x464.jpg?resize=525%2C300&ssl=1 1.5x"},"classes":[]},{"id":17515,"url":"https:\/\/soy.usac.edu.gt\/?p=17515","url_meta":{"origin":11415,"position":5},"title":"Walter Mazariegos es electo rector de la USAC","author":"Divisi\u00f3n de Publicidad","date":"2 junio, 2022","format":false,"excerpt":"Con un total de 72 votos, el candidato fue electo por unanimidad el 14 de mayo. Posteriormente el Consejo\u00a0 Superior Universitario (CSU), reunido en sesi\u00f3n ordinaria, ratific\u00f3 con 21 votos a favor al M. A. Walter Mazariegos como rector.","rel":"","context":"En \u00abNoticias\u00bb","block_context":{"text":"Noticias","link":"https:\/\/soy.usac.edu.gt\/?cat=29"},"img":{"alt_text":"","src":"https:\/\/i0.wp.com\/soy.usac.edu.gt\/wp-content\/uploads\/2022\/06\/WhatsApp-Image-2022-06-02-at-9.55.25-AM-1.jpeg?resize=350%2C200&ssl=1","width":350,"height":200,"srcset":"https:\/\/i0.wp.com\/soy.usac.edu.gt\/wp-content\/uploads\/2022\/06\/WhatsApp-Image-2022-06-02-at-9.55.25-AM-1.jpeg?resize=350%2C200&ssl=1 1x, https:\/\/i0.wp.com\/soy.usac.edu.gt\/wp-content\/uploads\/2022\/06\/WhatsApp-Image-2022-06-02-at-9.55.25-AM-1.jpeg?resize=525%2C300&ssl=1 1.5x, https:\/\/i0.wp.com\/soy.usac.edu.gt\/wp-content\/uploads\/2022\/06\/WhatsApp-Image-2022-06-02-at-9.55.25-AM-1.jpeg?resize=700%2C400&ssl=1 2x"},"classes":[]}],"jetpack_sharing_enabled":true,"_links":{"self":[{"href":"https:\/\/soy.usac.edu.gt\/index.php?rest_route=\/wp\/v2\/posts\/11415","targetHints":{"allow":["GET"]}}],"collection":[{"href":"https:\/\/soy.usac.edu.gt\/index.php?rest_route=\/wp\/v2\/posts"}],"about":[{"href":"https:\/\/soy.usac.edu.gt\/index.php?rest_route=\/wp\/v2\/types\/post"}],"author":[{"embeddable":true,"href":"https:\/\/soy.usac.edu.gt\/index.php?rest_route=\/wp\/v2\/users\/1"}],"replies":[{"embeddable":true,"href":"https:\/\/soy.usac.edu.gt\/index.php?rest_route=%2Fwp%2Fv2%2Fcomments&post=11415"}],"version-history":[{"count":1,"href":"https:\/\/soy.usac.edu.gt\/index.php?rest_route=\/wp\/v2\/posts\/11415\/revisions"}],"predecessor-version":[{"id":11416,"href":"https:\/\/soy.usac.edu.gt\/index.php?rest_route=\/wp\/v2\/posts\/11415\/revisions\/11416"}],"wp:attachment":[{"href":"https:\/\/soy.usac.edu.gt\/index.php?rest_route=%2Fwp%2Fv2%2Fmedia&parent=11415"}],"wp:term":[{"taxonomy":"category","embeddable":true,"href":"https:\/\/soy.usac.edu.gt\/index.php?rest_route=%2Fwp%2Fv2%2Fcategories&post=11415"},{"taxonomy":"post_tag","embeddable":true,"href":"https:\/\/soy.usac.edu.gt\/index.php?rest_route=%2Fwp%2Fv2%2Ftags&post=11415"}],"curies":[{"name":"wp","href":"https:\/\/api.w.org\/{rel}","templated":true}]}}