{"id":11716,"date":"2020-05-25T14:14:01","date_gmt":"2020-05-25T20:14:01","guid":{"rendered":"https:\/\/soy.usac.edu.gt\/?p=11716"},"modified":"2020-05-25T14:14:02","modified_gmt":"2020-05-25T20:14:02","slug":"usac-ofrece-instalaciones-ante-emergencia-del-covid-19","status":"publish","type":"post","link":"https:\/\/soy.usac.edu.gt\/?p=11716","title":{"rendered":"USAC ofrece instalaciones ante emergencia del Covid-19"},"content":{"rendered":"\n<h4 style=\"text-align: center;\"><br \/><strong>UNIVERSIDAD DE SAN CARLOS DE GUATEMALA EL CONSEJO SUPERIOR UNIVERSITARIO Y EL SE\u00d1OR RECTOR ING. MSC. MURPHY OLIMPO PAIZ RECINOS <\/strong><\/h4>\n<p style=\"text-align: justify;\"><br \/>Es momento de actuar en unidad, priorizando el esfuerzo colectivo, salvaguardar la salud de la poblaci\u00f3n guatemalteca ante la etapa de contagio territorial de la pandemia Covid 19 y su masificaci\u00f3n.<\/p>\n<p style=\"text-align: justify;\"><strong>HACE SABER A LAS AUTORIDADES DEL MINISTERIO DE SALUD P\u00daBLICA Y ASISTENCIA SOCIAL DEL GOBIERNO DE GUATEMALA, AL INSTITUTO GUATEMALTECO DE SEGURIDAD SOCIAL, Y A LA OPINION NACIONAL E INTERNACIONAL. <\/strong><\/p>\n<p style=\"text-align: justify;\">El Consejo Superior Universitario de esta casa de estudios ha solicitado a las autoridades de la administraci\u00f3n central, a establecer una comisi\u00f3n conformada por profesionales especialistas de las dependencias siguientes: Direcci\u00f3n General de Administraci\u00f3n, de la Unidad de Salud, del Centro de Estudios de Desarrollo Seguro y Desastres y de Planificaci\u00f3n, con el objetivo de hacer las evaluaciones correspondientes para poner a disposici\u00f3n de las autoridades nacionales de salud, las instalaciones Universitarias a nivel central y departamental, que correspondan a infraestructura del patrimonio universitario, para ser utilizados en actividades prioritarias para el combate al COVID-19, como lo pueden ser: albergues temporales de enfermos de s\u00edntomas leves, para instalaci\u00f3n de laboratorios, o para el albergue de trabajadores del sector salud.<\/p>\n<p style=\"text-align: justify;\">La Universidad de San Carlos de Guatemala, se compromete inicialmente a ceder durante la crisis las instalaciones de la Residencia Universitaria de la USAC, ubicada en la zona 1 de la ciudad capital. Debiendo la instituci\u00f3n de salud que lo solicite comprometerse a colocar el personal de servicios que corresponda, para garantizar el resguardo de las condiciones de bioseguridad necesarias.<\/p>\n<h5 style=\"text-align: center;\"><br \/><strong>\u00abID Y ENSE\u00d1ADA TODOS\u00bb <\/strong><\/h5>\n<h5 style=\"text-align: right;\"><strong>Guatemala, 25 de mayo de 2020.<\/strong><\/h5>\n<p style=\"text-align: justify;\">\u00a0<\/p>\n<p style=\"text-align: justify;\"><img loading=\"lazy\" decoding=\"async\" class=\"aligncenter size-full wp-image-10617\" src=\"https:\/\/soy.usac.edu.gt\/wp-content\/uploads\/2020\/02\/IMG_1408.jpg\" alt=\"\" width=\"3504\" height=\"2336\" srcset=\"https:\/\/soy.usac.edu.gt\/wp-content\/uploads\/2020\/02\/IMG_1408.jpg 3504w, https:\/\/soy.usac.edu.gt\/wp-content\/uploads\/2020\/02\/IMG_1408-300x200.jpg 300w, https:\/\/soy.usac.edu.gt\/wp-content\/uploads\/2020\/02\/IMG_1408-768x512.jpg 768w, https:\/\/soy.usac.edu.gt\/wp-content\/uploads\/2020\/02\/IMG_1408-1024x683.jpg 1024w, https:\/\/soy.usac.edu.gt\/wp-content\/uploads\/2020\/02\/IMG_1408-630x420.jpg 630w, https:\/\/soy.usac.edu.gt\/wp-content\/uploads\/2020\/02\/IMG_1408-640x427.jpg 640w, https:\/\/soy.usac.edu.gt\/wp-content\/uploads\/2020\/02\/IMG_1408-681x454.jpg 681w\" sizes=\"auto, (max-width: 3504px) 100vw, 3504px\" \/><\/p>\n<p>\u00a0<\/p>\n<blockquote class=\"td_quote_box td_box_center\">\n<h5 style=\"text-align: justify;\"><strong>Residencia Universitaria<\/strong><\/h5>\n<h5 style=\"text-align: justify;\">Este ser\u00e1 el primer edificio que la universidad pone a disposici\u00f3n del Ministerio de Salud para poder atender a pacientes con COVID-19, ubicado en la 14 calle 6ta av. A 6-32 z. 1.\u00a0<\/h5>\n<h5 style=\"text-align: justify;\">Estas instalaciones son utilizadas normalmente para albergar a acad\u00e9micos, catedr\u00e1ticos y estudiantes nacionales e internacionales que participan en actividades acad\u00e9micas y cient\u00edficas de la universidad, por ello cuenta con ba\u00f1os, cocinas, salas de uso com\u00fan y habitaciones.\u00a0 \u00a0<\/h5>\n<\/blockquote>\n<p>\u00a0<\/p>\n<p>\u00a0<\/p>\n","protected":false},"excerpt":{"rendered":"<p>USAC se compromete a ceder inicialmente durante la crisis las instalaciones de la Residencia Universitaria. <\/p>\n","protected":false},"author":1,"featured_media":0,"comment_status":"closed","ping_status":"open","sticky":false,"template":"","format":"standard","meta":{"_exactmetrics_skip_tracking":false,"_exactmetrics_sitenote_active":false,"_exactmetrics_sitenote_note":"","_exactmetrics_sitenote_category":0,"_jetpack_memberships_contains_paid_content":false,"footnotes":""},"categories":[29,125,151],"tags":[317,625,628,626],"class_list":["post-11716","post","type-post","status-publish","format-standard","hentry","category-noticias","category-opiniones","category-opinion","tag-consejo-superior-universitario","tag-coronavirus","tag-covid-19","tag-pandemia"],"aioseo_notices":[],"jetpack_featured_media_url":"","views":"","jetpack-related-posts":[{"id":11529,"url":"https:\/\/soy.usac.edu.gt\/?p=11529","url_meta":{"origin":11716,"position":0},"title":"Urge que el Estado involucre a la academia en las acciones para contrarrestar la pandemia.","author":"Divisi\u00f3n de Publicidad","date":"21 mayo, 2020","format":false,"excerpt":"Urge un esfuerzo nacional estatal, multidisciplinario e intersectorial, con el valioso aporte de las instituciones acad\u00e9micas, para responder de mejor forma a las necesidades de la sociedad guatemalteca.","rel":"","context":"En \u00abNoticias\u00bb","block_context":{"text":"Noticias","link":"https:\/\/soy.usac.edu.gt\/?cat=29"},"img":{"alt_text":"","src":"","width":0,"height":0},"classes":[]},{"id":11770,"url":"https:\/\/soy.usac.edu.gt\/?p=11770","url_meta":{"origin":11716,"position":1},"title":"CSU hace un llamado a no desatender a personas con discapacidad durante la pandemia","author":"Divisi\u00f3n de Publicidad","date":"3 junio, 2020","format":false,"excerpt":"Ante la situaci\u00f3n de vulnerabilidad de la poblaci\u00f3n Guatemalteca en condici\u00f3n de discapacidad en la presente pandemia del COVID-19.","rel":"","context":"En \u00abNoticias\u00bb","block_context":{"text":"Noticias","link":"https:\/\/soy.usac.edu.gt\/?cat=29"},"img":{"alt_text":"","src":"","width":0,"height":0},"classes":[]},{"id":11294,"url":"https:\/\/soy.usac.edu.gt\/?p=11294","url_meta":{"origin":11716,"position":2},"title":"CSU: nos encontramos en los d\u00edas claves para detener la curva de contagios y evitar una tragedia nacional.","author":"Divisi\u00f3n de Publicidad","date":"22 marzo, 2020","format":false,"excerpt":"CSU insta al gobierno a adoptar una cuarentena general y desarrollar un plan de seguridad alimentaria y salud para el abastecimiento de productos e insumos para el sector con menor capacidad econ\u00f3mica. #Urgente #Coronavirus #Covid-19","rel":"","context":"En \u00abNoticias\u00bb","block_context":{"text":"Noticias","link":"https:\/\/soy.usac.edu.gt\/?cat=29"},"img":{"alt_text":"","src":"","width":0,"height":0},"classes":[]},{"id":14834,"url":"https:\/\/soy.usac.edu.gt\/?p=14834","url_meta":{"origin":11716,"position":3},"title":"USAC se une al Paro Nacional","author":"Divisi\u00f3n de Publicidad","date":"28 julio, 2021","format":false,"excerpt":"En el marco de la convocatoria a la jornada de manifestaciones del 29 de julio de 2021 a la comunidad sancarlista y a la sociedad en general","rel":"","context":"En \u00abNoticias\u00bb","block_context":{"text":"Noticias","link":"https:\/\/soy.usac.edu.gt\/?cat=29"},"img":{"alt_text":"","src":"https:\/\/i0.wp.com\/soy.usac.edu.gt\/wp-content\/uploads\/2021\/02\/COMUNICADO-IMAGEN-WEB.jpeg?resize=350%2C200&ssl=1","width":350,"height":200,"srcset":"https:\/\/i0.wp.com\/soy.usac.edu.gt\/wp-content\/uploads\/2021\/02\/COMUNICADO-IMAGEN-WEB.jpeg?resize=350%2C200&ssl=1 1x, https:\/\/i0.wp.com\/soy.usac.edu.gt\/wp-content\/uploads\/2021\/02\/COMUNICADO-IMAGEN-WEB.jpeg?resize=525%2C300&ssl=1 1.5x, https:\/\/i0.wp.com\/soy.usac.edu.gt\/wp-content\/uploads\/2021\/02\/COMUNICADO-IMAGEN-WEB.jpeg?resize=700%2C400&ssl=1 2x"},"classes":[]},{"id":11370,"url":"https:\/\/soy.usac.edu.gt\/?p=11370","url_meta":{"origin":11716,"position":4},"title":"USAC present\u00f3 iniciativa para resarcir a trabajadores  de salud que se contagien de coronavirus","author":"Divisi\u00f3n de Publicidad","date":"17 abril, 2020","format":false,"excerpt":"PRESENTACI\u00d3N DE INICIATIVA DE LEY DE CREACI\u00d3N DE LA SUBCUENTA PARA RESARCIR A TRABAJADORES DEL \u00c1REA DE SALUD QUE RESULTEN CONTAGIADOS\u00a0 POR EL COVID-19 EN EJERCICIO DE SUS LABORES","rel":"","context":"En \u00abNoticias\u00bb","block_context":{"text":"Noticias","link":"https:\/\/soy.usac.edu.gt\/?cat=29"},"img":{"alt_text":"","src":"https:\/\/i0.wp.com\/soy.usac.edu.gt\/wp-content\/uploads\/2020\/04\/WhatsApp-Image-2020-04-17-at-22.29.32-150x150.jpeg?resize=350%2C200&ssl=1","width":350,"height":200,"srcset":"https:\/\/i0.wp.com\/soy.usac.edu.gt\/wp-content\/uploads\/2020\/04\/WhatsApp-Image-2020-04-17-at-22.29.32-150x150.jpeg?resize=350%2C200&ssl=1 1x, https:\/\/i0.wp.com\/soy.usac.edu.gt\/wp-content\/uploads\/2020\/04\/WhatsApp-Image-2020-04-17-at-22.29.32-150x150.jpeg?resize=525%2C300&ssl=1 1.5x, https:\/\/i0.wp.com\/soy.usac.edu.gt\/wp-content\/uploads\/2020\/04\/WhatsApp-Image-2020-04-17-at-22.29.32-150x150.jpeg?resize=700%2C400&ssl=1 2x, https:\/\/i0.wp.com\/soy.usac.edu.gt\/wp-content\/uploads\/2020\/04\/WhatsApp-Image-2020-04-17-at-22.29.32-150x150.jpeg?resize=1050%2C600&ssl=1 3x"},"classes":[]},{"id":11536,"url":"https:\/\/soy.usac.edu.gt\/?p=11536","url_meta":{"origin":11716,"position":5},"title":"Un homenaje a la AEU, en su centenario","author":"Divisi\u00f3n de Publicidad","date":"22 mayo, 2020","format":false,"excerpt":"AEU, Asosiaci\u00f3n de Estudiantes Universitarios. USAC","rel":"","context":"En \u00abNoticias\u00bb","block_context":{"text":"Noticias","link":"https:\/\/soy.usac.edu.gt\/?cat=29"},"img":{"alt_text":"","src":"","width":0,"height":0},"classes":[]}],"jetpack_sharing_enabled":true,"_links":{"self":[{"href":"https:\/\/soy.usac.edu.gt\/index.php?rest_route=\/wp\/v2\/posts\/11716","targetHints":{"allow":["GET"]}}],"collection":[{"href":"https:\/\/soy.usac.edu.gt\/index.php?rest_route=\/wp\/v2\/posts"}],"about":[{"href":"https:\/\/soy.usac.edu.gt\/index.php?rest_route=\/wp\/v2\/types\/post"}],"author":[{"embeddable":true,"href":"https:\/\/soy.usac.edu.gt\/index.php?rest_route=\/wp\/v2\/users\/1"}],"replies":[{"embeddable":true,"href":"https:\/\/soy.usac.edu.gt\/index.php?rest_route=%2Fwp%2Fv2%2Fcomments&post=11716"}],"version-history":[{"count":3,"href":"https:\/\/soy.usac.edu.gt\/index.php?rest_route=\/wp\/v2\/posts\/11716\/revisions"}],"predecessor-version":[{"id":11719,"href":"https:\/\/soy.usac.edu.gt\/index.php?rest_route=\/wp\/v2\/posts\/11716\/revisions\/11719"}],"wp:attachment":[{"href":"https:\/\/soy.usac.edu.gt\/index.php?rest_route=%2Fwp%2Fv2%2Fmedia&parent=11716"}],"wp:term":[{"taxonomy":"category","embeddable":true,"href":"https:\/\/soy.usac.edu.gt\/index.php?rest_route=%2Fwp%2Fv2%2Fcategories&post=11716"},{"taxonomy":"post_tag","embeddable":true,"href":"https:\/\/soy.usac.edu.gt\/index.php?rest_route=%2Fwp%2Fv2%2Ftags&post=11716"}],"curies":[{"name":"wp","href":"https:\/\/api.w.org\/{rel}","templated":true}]}}