{"id":11813,"date":"2020-06-24T10:11:04","date_gmt":"2020-06-24T16:11:04","guid":{"rendered":"https:\/\/soy.usac.edu.gt\/?p=11813"},"modified":"2020-06-28T09:59:17","modified_gmt":"2020-06-28T15:59:17","slug":"laboratorios-de-usac-inician-analisis-de-pruebas-de-covid-19","status":"publish","type":"post","link":"https:\/\/soy.usac.edu.gt\/?p=11813","title":{"rendered":"Laboratorios de USAC inician an\u00e1lisis de pruebas de COVID-19"},"content":{"rendered":"\n<p style=\"text-align: justify;\"><em><strong>El Ministerio de Salud P\u00fablica y Asistencia Social entreg\u00f3 los reactivos y las primeras muestras ayer.<\/strong><\/em><\/p>\n<p style=\"text-align: justify;\">El Ministerio de Salud P\u00fablica y Asistencia Social entreg\u00f3 ayer al Laboratorio de Referencia Regional de Sanidad Animal<strong> (<\/strong>LARRSA), de la Facultad de Medicina Veterinaria y Zootecnia, los reactivos y las muestras que fueron tomadas a personas sospechosas de estar infectadas con coronavirus. Las muestras ser\u00e1n analizadas luego de haberse firmado un convenio de cooperaci\u00f3n que as\u00ed lo permite. El ministerio, adem\u00e1s, entreg\u00f3 insumos de laboratorio que utilizan los t\u00e9cnicos profesionales, consistentes en cabinas de trabajo, micropipetas autom\u00e1ticas, reactivos qu\u00edmicos, entre otros.<\/p>\n<p style=\"text-align: justify;\">La USAC, en cambio, proporciona el laboratorio y el recurso humano calificado; adem\u00e1s, se realizan las pruebas sin ning\u00fan costo, con el fin de colaborar con el sistema de salud y la poblaci\u00f3n guatemalteca en general.<\/p>\n<p style=\"text-align: justify;\"><em>\u201cAyer fue el primer d\u00eda de recepci\u00f3n de muestras, por lo que hoy, 24 de junio, podremos generar los primeros resultados\u201d,<\/em> coment\u00f3 la doctora Mayra Motta, quien tiene a su cargo el laboratorio LARRSA, ubicado en el edificio M-10 de la Ciudad Universitaria, zona 12.<\/p>\n<p><span style=\"color: #3366ff;\"><strong><em>\u21d2 Con la metodolog\u00eda de biolog\u00eda molecular podr\u00edan\u00a0 realizarse\u00a0 200 pruebas diarias en el <\/em>Laboratorio Cl\u00ednico Popular (LABOCLIP) de la universidad, ubicado en z 1<em>.<\/em><\/strong><\/span><\/p>\n<p style=\"text-align: justify;\">LARRSA\u00a0 tendr\u00e1 la capacidad de realizar 100 pruebas diagn\u00f3sticas en 5 horas, ac\u00e1 estar\u00e1n trabajando 4 personas espec\u00edficamente en los diagn\u00f3sticos y otras 3 en la digitaci\u00f3n de los datos que ser\u00e1n enviados,\u00a0 tambi\u00e9n se utilizar\u00e1 el m\u00e9todo de biolog\u00eda molecular para el proceso.<\/p>\n<p style=\"text-align: justify;\">El laboratorio analizar\u00e1 las muestras y, v\u00eda electr\u00f3nica, se trasladar\u00e1n\u00a0 los resultados al ministerio, indic\u00f3 el decano de la Facultad de Ciencias Qu\u00edmicas y Farmacia, Pablo Oliva, quien explic\u00f3 que trabajar\u00e1n en turnos de 24 horas con las medidas de bioseguridad y\u00a0 trajes de protecci\u00f3n requeridos.<\/p>\n<p style=\"text-align: justify;\">El Laboratorio Cl\u00ednico Popular (LABOCLIP), ubicado en la zona 1, tambi\u00e9n se adapt\u00f3 para poder trabajar una metodolog\u00eda de biolog\u00eda molecular, la cual se emplea en las pruebas estandarizadas a nivel mundial; adem\u00e1s, se incluyeron las \u00e1reas de bioseguridad para el personal que estar\u00e1 laborando en esas instalaciones.\u00a0 Este segundo laboratorio est\u00e1 a la espera de recibir los insumos para iniciar el an\u00e1lisis de muestras.<\/p>\n<blockquote class=\"td_quote_box td_box_center\">\n<h5 style=\"text-align: justify;\">LABOCLIP\u00a0 cuenta con\u00a0 20 qu\u00edmicos bi\u00f3logos y 1 bi\u00f3loga, en su mayor\u00eda, trabajadores de\u00a0 la USAC, adem\u00e1s de voluntarios,\u00a0 para trabajar\u00a0 el proceso diagn\u00f3stico de pruebas de coronavirus.<\/h5>\n<\/blockquote>\n<p><img loading=\"lazy\" decoding=\"async\" class=\"aligncenter size-full wp-image-11823\" src=\"https:\/\/soy.usac.edu.gt\/wp-content\/uploads\/2020\/06\/larssa-8.jpg\" alt=\"\" width=\"1920\" height=\"1080\" srcset=\"https:\/\/soy.usac.edu.gt\/wp-content\/uploads\/2020\/06\/larssa-8.jpg 1920w, https:\/\/soy.usac.edu.gt\/wp-content\/uploads\/2020\/06\/larssa-8-300x169.jpg 300w, https:\/\/soy.usac.edu.gt\/wp-content\/uploads\/2020\/06\/larssa-8-1024x576.jpg 1024w, https:\/\/soy.usac.edu.gt\/wp-content\/uploads\/2020\/06\/larssa-8-768x432.jpg 768w, https:\/\/soy.usac.edu.gt\/wp-content\/uploads\/2020\/06\/larssa-8-1536x864.jpg 1536w, https:\/\/soy.usac.edu.gt\/wp-content\/uploads\/2020\/06\/larssa-8-747x420.jpg 747w, https:\/\/soy.usac.edu.gt\/wp-content\/uploads\/2020\/06\/larssa-8-640x360.jpg 640w, https:\/\/soy.usac.edu.gt\/wp-content\/uploads\/2020\/06\/larssa-8-681x383.jpg 681w\" sizes=\"auto, (max-width: 1920px) 100vw, 1920px\" \/><\/p>\n<h5 style=\"text-align: justify;\"><strong>M\u00e9todo de trabajo<\/strong><\/h5>\n<p style=\"text-align: justify;\">Recientemente la cartera de salud dio a conocer una nueva metodolog\u00eda que se podr\u00eda emplear en el diagn\u00f3stico del coronavirus, donde la\u00a0 muestra es obtenida de la misma forma, a trav\u00e9s de\u00a0 un hisopado nasofar\u00edngeo; lo que cambia\u00a0 con respecto al primer m\u00e9todo es un an\u00e1lisis de prueba de ant\u00edgenos, este\u00a0 tiene algunas\u00a0 ventajas \u2014destac\u00f3 el decano de la Facultad de Ciencias Qu\u00edmicas y Farmacia, Lic. Pablo Oliva\u2014,\u00a0 ya que en\u00a0 el LABOCLIP la metodolog\u00eda se utiliza diariamente por los profesionales y\u00a0 solo se requieren las pruebas para poder obtener el resultado, luego del an\u00e1lisis cl\u00ednico realizado por el personal t\u00e9cnico de este laboratorio.\u00a0\u00a0<\/p>\n<p style=\"text-align: justify;\">Una desventaja de la\u00a0 metodolog\u00eda con ant\u00edgenos es que puede arrojar falsos negativos, por lo que estos deber\u00e1n ser sometidos al m\u00e9todo de\u00a0 biolog\u00eda molecular, pero los resultados positivos s\u00ed ser\u00e1n validados como tal.<\/p>\n<h5 style=\"text-align: justify;\"><strong>Apoyo a otras instancias <\/strong><\/h5>\n<p style=\"text-align: justify;\">Personal de la Facultad de Ciencias Qu\u00edmicas y Farmacia ha dado acompa\u00f1amiento para asesorar\u00a0 en el manejo adecuado de las sustancias qu\u00edmicas, desinfecci\u00f3n y uso apropiado de medicamentos.<\/p>\n<p style=\"text-align: justify;\">La Asociaci\u00f3n Nacional de Municipalidades (ANAM) est\u00e1 siendo asesorada por la facultad desde el punto de vista acad\u00e9mico, para realizar procesos adecuados de desinfecci\u00f3n en los municipios del pa\u00eds, con el objetivo de evitar errores en el uso de las sustancias qu\u00edmicas.<\/p>\n<blockquote class=\"td_quote_box td_box_center\">El ant\u00edgeno es una sustancia que al introducirse en el organismo induce en este una respuesta inmunitaria, provocando la formaci\u00f3n de anticuerpos.<\/blockquote>\n<p style=\"text-align: justify;\">\u00a0<\/p>\n<p>\u00a0<\/p>\n<h4 style=\"text-align: justify;\"><strong><span style=\"color: #3366ff;\"><em>\u21d2 Con la metodolog\u00eda\u00a0 a trav\u00e9s de ant\u00edgenos se pueden hacer hasta 100 pruebas en 24 horas.<\/em><\/span><\/strong><\/h4>\n<p><div class=\"jetpack-video-wrapper\"><iframe loading=\"lazy\" title=\"Usac contra el coronavirus\" width=\"640\" height=\"360\" src=\"https:\/\/www.youtube.com\/embed\/hWcII5WsgP0?feature=oembed\" frameborder=\"0\" allow=\"accelerometer; autoplay; clipboard-write; encrypted-media; gyroscope; picture-in-picture; web-share\" referrerpolicy=\"strict-origin-when-cross-origin\" allowfullscreen><\/iframe><\/div><\/p>\n<p>\u00a0<\/p>\n<p>\u00a0<\/p>\n<p><img loading=\"lazy\" decoding=\"async\" class=\"aligncenter size-full wp-image-8920\" src=\"https:\/\/soy.usac.edu.gt\/wp-content\/uploads\/2019\/10\/Cr\u00e9ditos-prensa-08.png\" alt=\"\" width=\"5079\" height=\"1960\" srcset=\"https:\/\/soy.usac.edu.gt\/wp-content\/uploads\/2019\/10\/Cr\u00e9ditos-prensa-08.png 5079w, https:\/\/soy.usac.edu.gt\/wp-content\/uploads\/2019\/10\/Cr\u00e9ditos-prensa-08-300x116.png 300w, https:\/\/soy.usac.edu.gt\/wp-content\/uploads\/2019\/10\/Cr\u00e9ditos-prensa-08-768x296.png 768w, https:\/\/soy.usac.edu.gt\/wp-content\/uploads\/2019\/10\/Cr\u00e9ditos-prensa-08-1024x395.png 1024w, https:\/\/soy.usac.edu.gt\/wp-content\/uploads\/2019\/10\/Cr\u00e9ditos-prensa-08-1088x420.png 1088w, https:\/\/soy.usac.edu.gt\/wp-content\/uploads\/2019\/10\/Cr\u00e9ditos-prensa-08-640x247.png 640w, https:\/\/soy.usac.edu.gt\/wp-content\/uploads\/2019\/10\/Cr\u00e9ditos-prensa-08-681x263.png 681w\" sizes=\"auto, (max-width: 5079px) 100vw, 5079px\" \/><\/p>\n<p style=\"text-align: justify;\">\u00a0<\/p>\n\n\n","protected":false},"excerpt":{"rendered":"<p>El Ministerio de Salud P\u00fablica y Asistencia Social entreg\u00f3 los reactivos y las primeras muestras ayer.<\/p>\n","protected":false},"author":14,"featured_media":11817,"comment_status":"closed","ping_status":"open","sticky":false,"template":"","format":"standard","meta":{"_exactmetrics_skip_tracking":false,"_exactmetrics_sitenote_active":false,"_exactmetrics_sitenote_note":"","_exactmetrics_sitenote_category":0,"_jetpack_memberships_contains_paid_content":false,"footnotes":""},"categories":[122,96,29],"tags":[625,626,264],"class_list":["post-11813","post","type-post","status-publish","format-standard","has-post-thumbnail","hentry","category-ciencia-y-tecnologia","category-mas-noticias","category-noticias","tag-coronavirus","tag-pandemia","tag-usac"],"aioseo_notices":[],"jetpack_featured_media_url":"https:\/\/soy.usac.edu.gt\/wp-content\/uploads\/2020\/06\/larssa-9.jpg","views":"","jetpack-related-posts":[{"id":13418,"url":"https:\/\/soy.usac.edu.gt\/?p=13418","url_meta":{"origin":11813,"position":0},"title":"Un a\u00f1o de pandemia","author":"Divisi\u00f3n de Publicidad","date":"12 marzo, 2021","format":false,"excerpt":"As\u00ed ha afrontado la pandemia la Universidad","rel":"","context":"En \u00abNoticias\u00bb","block_context":{"text":"Noticias","link":"https:\/\/soy.usac.edu.gt\/?cat=29"},"img":{"alt_text":"","src":"https:\/\/i0.wp.com\/soy.usac.edu.gt\/wp-content\/uploads\/2021\/03\/destacada-pandemia-min.jpg?resize=350%2C200&ssl=1","width":350,"height":200,"srcset":"https:\/\/i0.wp.com\/soy.usac.edu.gt\/wp-content\/uploads\/2021\/03\/destacada-pandemia-min.jpg?resize=350%2C200&ssl=1 1x, https:\/\/i0.wp.com\/soy.usac.edu.gt\/wp-content\/uploads\/2021\/03\/destacada-pandemia-min.jpg?resize=525%2C300&ssl=1 1.5x, https:\/\/i0.wp.com\/soy.usac.edu.gt\/wp-content\/uploads\/2021\/03\/destacada-pandemia-min.jpg?resize=700%2C400&ssl=1 2x, https:\/\/i0.wp.com\/soy.usac.edu.gt\/wp-content\/uploads\/2021\/03\/destacada-pandemia-min.jpg?resize=1050%2C600&ssl=1 3x, https:\/\/i0.wp.com\/soy.usac.edu.gt\/wp-content\/uploads\/2021\/03\/destacada-pandemia-min.jpg?resize=1400%2C800&ssl=1 4x"},"classes":[]},{"id":12228,"url":"https:\/\/soy.usac.edu.gt\/?p=12228","url_meta":{"origin":11813,"position":1},"title":"USAC inaugura segundo laboratorio para analizar pruebas de la enfermedad COVID-19","author":"Divisi\u00f3n de Publicidad","date":"20 agosto, 2020","format":false,"excerpt":"El nuevo laboratorio procesar\u00e1 cinco mil muestras en los pr\u00f3ximos tres meses.","rel":"","context":"En \u00abCiencia y Tecnolog\u00eda\u00bb","block_context":{"text":"Ciencia y Tecnolog\u00eda","link":"https:\/\/soy.usac.edu.gt\/?cat=122"},"img":{"alt_text":"","src":"https:\/\/i0.wp.com\/soy.usac.edu.gt\/wp-content\/uploads\/2020\/08\/LABOCLIP-DESTACADA-WEB.jpg?resize=350%2C200&ssl=1","width":350,"height":200,"srcset":"https:\/\/i0.wp.com\/soy.usac.edu.gt\/wp-content\/uploads\/2020\/08\/LABOCLIP-DESTACADA-WEB.jpg?resize=350%2C200&ssl=1 1x, https:\/\/i0.wp.com\/soy.usac.edu.gt\/wp-content\/uploads\/2020\/08\/LABOCLIP-DESTACADA-WEB.jpg?resize=525%2C300&ssl=1 1.5x, https:\/\/i0.wp.com\/soy.usac.edu.gt\/wp-content\/uploads\/2020\/08\/LABOCLIP-DESTACADA-WEB.jpg?resize=700%2C400&ssl=1 2x"},"classes":[]},{"id":11440,"url":"https:\/\/soy.usac.edu.gt\/?p=11440","url_meta":{"origin":11813,"position":2},"title":"Entregan equipo de protecci\u00f3n para combate del COVID-19 en Quetzaltenago","author":"Edwin Medina","date":"3 mayo, 2020","format":false,"excerpt":"Alrededor de 500 dispositivos de protecci\u00f3n fueron entregados a trabajadores del sector salud en Quetzaltenango y San Marcos.","rel":"","context":"En \u00abCiencia y Tecnolog\u00eda\u00bb","block_context":{"text":"Ciencia y Tecnolog\u00eda","link":"https:\/\/soy.usac.edu.gt\/?cat=122"},"img":{"alt_text":"","src":"https:\/\/i0.wp.com\/soy.usac.edu.gt\/wp-content\/uploads\/2020\/05\/destacada-xela.jpg?resize=350%2C200&ssl=1","width":350,"height":200,"srcset":"https:\/\/i0.wp.com\/soy.usac.edu.gt\/wp-content\/uploads\/2020\/05\/destacada-xela.jpg?resize=350%2C200&ssl=1 1x, https:\/\/i0.wp.com\/soy.usac.edu.gt\/wp-content\/uploads\/2020\/05\/destacada-xela.jpg?resize=525%2C300&ssl=1 1.5x, https:\/\/i0.wp.com\/soy.usac.edu.gt\/wp-content\/uploads\/2020\/05\/destacada-xela.jpg?resize=700%2C400&ssl=1 2x, https:\/\/i0.wp.com\/soy.usac.edu.gt\/wp-content\/uploads\/2020\/05\/destacada-xela.jpg?resize=1050%2C600&ssl=1 3x"},"classes":[]},{"id":11716,"url":"https:\/\/soy.usac.edu.gt\/?p=11716","url_meta":{"origin":11813,"position":3},"title":"USAC ofrece instalaciones ante emergencia del Covid-19","author":"Divisi\u00f3n de Publicidad","date":"25 mayo, 2020","format":false,"excerpt":"USAC se compromete a ceder inicialmente durante la crisis las instalaciones de la Residencia Universitaria.","rel":"","context":"En \u00abNoticias\u00bb","block_context":{"text":"Noticias","link":"https:\/\/soy.usac.edu.gt\/?cat=29"},"img":{"alt_text":"","src":"https:\/\/i0.wp.com\/soy.usac.edu.gt\/wp-content\/uploads\/2020\/02\/IMG_1408.jpg?resize=350%2C200&ssl=1","width":350,"height":200,"srcset":"https:\/\/i0.wp.com\/soy.usac.edu.gt\/wp-content\/uploads\/2020\/02\/IMG_1408.jpg?resize=350%2C200&ssl=1 1x, https:\/\/i0.wp.com\/soy.usac.edu.gt\/wp-content\/uploads\/2020\/02\/IMG_1408.jpg?resize=525%2C300&ssl=1 1.5x, https:\/\/i0.wp.com\/soy.usac.edu.gt\/wp-content\/uploads\/2020\/02\/IMG_1408.jpg?resize=700%2C400&ssl=1 2x, https:\/\/i0.wp.com\/soy.usac.edu.gt\/wp-content\/uploads\/2020\/02\/IMG_1408.jpg?resize=1050%2C600&ssl=1 3x, https:\/\/i0.wp.com\/soy.usac.edu.gt\/wp-content\/uploads\/2020\/02\/IMG_1408.jpg?resize=1400%2C800&ssl=1 4x"},"classes":[]},{"id":11321,"url":"https:\/\/soy.usac.edu.gt\/?p=11321","url_meta":{"origin":11813,"position":4},"title":"USAC\u00a0 entreg\u00f3 mascarillas de protecci\u00f3n facial \u00a0a hospitales","author":"Divisi\u00f3n de Publicidad","date":"30 marzo, 2020","format":false,"excerpt":"USAC entrega donativo de caretas de protecci\u00f3n para la atenci\u00f3n de pacientes de coronavirus a personal m\u00e9dico del Hospital San Juan de Dios.","rel":"","context":"En \u00abNoticias\u00bb","block_context":{"text":"Noticias","link":"https:\/\/soy.usac.edu.gt\/?cat=29"},"img":{"alt_text":"","src":"https:\/\/i0.wp.com\/soy.usac.edu.gt\/wp-content\/uploads\/2020\/03\/WhatsApp-Image-2020-03-30-at-12.59.20-PM.jpeg?resize=350%2C200&ssl=1","width":350,"height":200,"srcset":"https:\/\/i0.wp.com\/soy.usac.edu.gt\/wp-content\/uploads\/2020\/03\/WhatsApp-Image-2020-03-30-at-12.59.20-PM.jpeg?resize=350%2C200&ssl=1 1x, https:\/\/i0.wp.com\/soy.usac.edu.gt\/wp-content\/uploads\/2020\/03\/WhatsApp-Image-2020-03-30-at-12.59.20-PM.jpeg?resize=525%2C300&ssl=1 1.5x, https:\/\/i0.wp.com\/soy.usac.edu.gt\/wp-content\/uploads\/2020\/03\/WhatsApp-Image-2020-03-30-at-12.59.20-PM.jpeg?resize=700%2C400&ssl=1 2x, https:\/\/i0.wp.com\/soy.usac.edu.gt\/wp-content\/uploads\/2020\/03\/WhatsApp-Image-2020-03-30-at-12.59.20-PM.jpeg?resize=1050%2C600&ssl=1 3x"},"classes":[]},{"id":11370,"url":"https:\/\/soy.usac.edu.gt\/?p=11370","url_meta":{"origin":11813,"position":5},"title":"USAC present\u00f3 iniciativa para resarcir a trabajadores  de salud que se contagien de coronavirus","author":"Divisi\u00f3n de Publicidad","date":"17 abril, 2020","format":false,"excerpt":"PRESENTACI\u00d3N DE INICIATIVA DE LEY DE CREACI\u00d3N DE LA SUBCUENTA PARA RESARCIR A TRABAJADORES DEL \u00c1REA DE SALUD QUE RESULTEN CONTAGIADOS\u00a0 POR EL COVID-19 EN EJERCICIO DE SUS LABORES","rel":"","context":"En \u00abNoticias\u00bb","block_context":{"text":"Noticias","link":"https:\/\/soy.usac.edu.gt\/?cat=29"},"img":{"alt_text":"","src":"https:\/\/i0.wp.com\/soy.usac.edu.gt\/wp-content\/uploads\/2020\/04\/WhatsApp-Image-2020-04-17-at-22.29.32-150x150.jpeg?resize=350%2C200&ssl=1","width":350,"height":200,"srcset":"https:\/\/i0.wp.com\/soy.usac.edu.gt\/wp-content\/uploads\/2020\/04\/WhatsApp-Image-2020-04-17-at-22.29.32-150x150.jpeg?resize=350%2C200&ssl=1 1x, https:\/\/i0.wp.com\/soy.usac.edu.gt\/wp-content\/uploads\/2020\/04\/WhatsApp-Image-2020-04-17-at-22.29.32-150x150.jpeg?resize=525%2C300&ssl=1 1.5x, https:\/\/i0.wp.com\/soy.usac.edu.gt\/wp-content\/uploads\/2020\/04\/WhatsApp-Image-2020-04-17-at-22.29.32-150x150.jpeg?resize=700%2C400&ssl=1 2x, https:\/\/i0.wp.com\/soy.usac.edu.gt\/wp-content\/uploads\/2020\/04\/WhatsApp-Image-2020-04-17-at-22.29.32-150x150.jpeg?resize=1050%2C600&ssl=1 3x"},"classes":[]}],"jetpack_sharing_enabled":true,"_links":{"self":[{"href":"https:\/\/soy.usac.edu.gt\/index.php?rest_route=\/wp\/v2\/posts\/11813","targetHints":{"allow":["GET"]}}],"collection":[{"href":"https:\/\/soy.usac.edu.gt\/index.php?rest_route=\/wp\/v2\/posts"}],"about":[{"href":"https:\/\/soy.usac.edu.gt\/index.php?rest_route=\/wp\/v2\/types\/post"}],"author":[{"embeddable":true,"href":"https:\/\/soy.usac.edu.gt\/index.php?rest_route=\/wp\/v2\/users\/14"}],"replies":[{"embeddable":true,"href":"https:\/\/soy.usac.edu.gt\/index.php?rest_route=%2Fwp%2Fv2%2Fcomments&post=11813"}],"version-history":[{"count":13,"href":"https:\/\/soy.usac.edu.gt\/index.php?rest_route=\/wp\/v2\/posts\/11813\/revisions"}],"predecessor-version":[{"id":11835,"href":"https:\/\/soy.usac.edu.gt\/index.php?rest_route=\/wp\/v2\/posts\/11813\/revisions\/11835"}],"wp:featuredmedia":[{"embeddable":true,"href":"https:\/\/soy.usac.edu.gt\/index.php?rest_route=\/wp\/v2\/media\/11817"}],"wp:attachment":[{"href":"https:\/\/soy.usac.edu.gt\/index.php?rest_route=%2Fwp%2Fv2%2Fmedia&parent=11813"}],"wp:term":[{"taxonomy":"category","embeddable":true,"href":"https:\/\/soy.usac.edu.gt\/index.php?rest_route=%2Fwp%2Fv2%2Fcategories&post=11813"},{"taxonomy":"post_tag","embeddable":true,"href":"https:\/\/soy.usac.edu.gt\/index.php?rest_route=%2Fwp%2Fv2%2Ftags&post=11813"}],"curies":[{"name":"wp","href":"https:\/\/api.w.org\/{rel}","templated":true}]}}