{"id":11836,"date":"2020-06-25T10:55:22","date_gmt":"2020-06-25T16:55:22","guid":{"rendered":"https:\/\/soy.usac.edu.gt\/?p=11836"},"modified":"2020-06-25T14:21:06","modified_gmt":"2020-06-25T20:21:06","slug":"maestro-es-a-usted-a-quien-volteamos-a-ver-siempre-para-saber-que-el-futuro-no-es-oscuro","status":"publish","type":"post","link":"https:\/\/soy.usac.edu.gt\/?p=11836","title":{"rendered":"Maestro, es a usted a quien volteamos a ver siempre para saber que el futuro no es oscuro."},"content":{"rendered":"\n<h5 style=\"text-align: center;\"><strong>El Consejo Superior Universitario y el M.Sc. Ing. Murphy Olympo Paiz Recinos\u00a0 env\u00edan un mensaje en el d\u00eda del maestro<\/strong><\/h5>\n<h5>\u00a0<\/h5>\n<h5 style=\"text-align: center;\"><strong>El maestro<\/strong><\/h5>\n<p style=\"text-align: justify;\">Un 25 de junio de 1944, en una manifestaci\u00f3n llevada a cabo por el deseo de libertad contra el gobierno de Ponce Vaides, cae la maestra Mar\u00eda Chinchilla, representante del gremio magisterial de la \u00e9poca, provocando un reconocimiento a los anhelos de libertad y democracia para tener un pa\u00eds en el que se pudiese vivir en paz, con oportunidades iguales para todos y lograr un desarrollo en todos los espacios de la vida humana. Este d\u00eda en homenaje a ella, queda instituido como el D\u00eda del Maestro.<\/p>\n<p style=\"text-align: justify;\">Este a\u00f1o, a pesar de las circunstancias que estamos viviendo, no podemos dejar de patentizar un reconocimiento al esfuerzo que maestras y maestros de todos los niveles llevan a cabo para garantizar que ni\u00f1os, j\u00f3venes y adultos tengan acceso a una educaci\u00f3n que permita que el pa\u00eds se desarrolle y encuentre siempre la direcci\u00f3n justa para que, a pesar de las vicisitudes, tengan siempre la atenci\u00f3n que estimule sus mentes y sus corazones para ser mejores personas cada d\u00eda.<\/p>\n<p style=\"text-align: justify;\">Est\u00e1 en el maestro la gran responsabilidad de estimular, emocionar y provocar en sus estudiantes la b\u00fasqueda de respuestas que contribuyan a la resoluci\u00f3n de los problemas con los que nuestra sociedad se enfrenta. Demostrarles no solamente lo que el pa\u00eds es, sino buscar con ellos el camino que les haga sentirse satisfechos por el producto de su esfuerzo, de no dejarse vencer, de no amilanarse ante los problemas que la vida presenta, a que cada uno de sus estudiantes vea en su interior la capacidad para descubrir, para inventar, para saber por qu\u00e9 debe luchar;\u00a0 a reconocer las injusticias y no permitirlas.<\/p>\n<p style=\"text-align: justify;\">Maestro, es a usted a quien volteamos a ver siempre para saber que el futuro no es oscuro, sino lleno de esperanza, es a usted a quien volteamos a ver cuando el dolor y la angustia se asoman, para que siempre llene de optimismo los corazones de sus estudiantes, con la esperanza de que ma\u00f1ana las cosas pueden ser mejores.<\/p>\n<p style=\"text-align: justify;\">Usted, maestro, tiene siempre en sus manos las preguntas que estimulan la b\u00fasqueda y el pensamiento de los alumnos, usted les da la oportunidad de que adquieran las competencias que esta sociedad necesita para ir hacia adelante.\u00a0 Es usted quien les ayuda a entender muchas veces lo que es democracia, lo que es inclusi\u00f3n; lo que es racismo, lo que significa la necedad e intransigencia y el da\u00f1o que estas ideas hacen a la sociedad.\u00a0 Usted les da la oportunidad de que comprendan la necesidad de ser tolerantes, emp\u00e1ticos y solidarios, usted les ense\u00f1a a ser valientes, a saborear la victoria y la derrota. Les ense\u00f1a a ser ciudadanos en toda la extensi\u00f3n de la palabra, a reconocer el imperio de la ley y la responsabilidad que tienen con su entorno, desde la familia hasta la sociedad.<\/p>\n<p style=\"text-align: justify;\">No hay en la historia de la humanidad espacios donde no haya habido un maestro que empujara a trav\u00e9s de la educaci\u00f3n el desarrollo.<\/p>\n<p style=\"text-align: justify;\">Hoy la sociedad se ha visto empujada por las circunstancias a cambiar quiz\u00e1 la idea de escuela, de sus programas de estudio, de buscar m\u00e1s y nuevas formas de\u00a0 educar, pero siempre\u00a0 estar\u00e1 esa figura quijotesca y de fuerza que es representada por el maestro, esa figura que orienta para asegurar que por encima de todo la esperanza de una mejor forma de vida\u00a0 est\u00e9 siempre presente en sus estudiantes\u00a0 y eso nos asegura que no habr\u00e1 nada que nos doblegue, que nos venza, y que nos pondr\u00e1 de rodillas \u00fanicamente ante la presencia sentida de Dios.<\/p>\n<p style=\"text-align: justify;\">En este a\u00f1o la pandemia llamada\u00a0 COVID-19 afect\u00f3 principalmente la salud, la econom\u00eda y la educaci\u00f3n mundial; en nuestra universidad esto representa un reto para continuar las actividades docentes, las cuales han ido mejorando conforme los docentes y estudiantes se han adaptado y capacitado en la modalidad no presencial, la actitud de seguir adelante da el valor de lo que es en esencia el docente sancarlista.<\/p>\n<p style=\"text-align: justify;\">Es para el Consejo Superior Universitario y para el se\u00f1or Rector, Ing. Murphy Olympo Paiz Recinos, un honor aprovechar esta oportunidad para reconocer esa figura que tiene matices \u00fanicos y transformadores, y queremos que, hasta el \u00faltimo rinc\u00f3n de esta hermosa tierra llamada Guatemala, llegue nuestra gratitud por todo su esfuerzo.<\/p>\n<h5 style=\"text-align: center;\"><strong>\u00a1FELIZ D\u00cdA DEL MAESTRO!<\/strong><\/h5>\n<h5 style=\"text-align: center;\"><strong>\u201cID Y ENSE\u00d1AD A TODOS\u201d<\/strong><\/h5>\n<p>\u00a0<\/p>\n<p>\u00a0<\/p>\n<p style=\"text-align: right;\"><strong>Guatemala, 25 de junio de 2020<\/strong><\/p>\n","protected":false},"excerpt":{"rendered":"<p>Un 25 de junio de 1944, en una manifestaci\u00f3n llevada a cabo por el deseo de libertad contra el gobierno de Ponce Vaides, cae la maestra Mar\u00eda Chinchilla, representante del gremio magisterial de la \u00e9poca.<\/p>\n","protected":false},"author":1,"featured_media":11838,"comment_status":"closed","ping_status":"open","sticky":false,"template":"","format":"standard","meta":{"_exactmetrics_skip_tracking":false,"_exactmetrics_sitenote_active":false,"_exactmetrics_sitenote_note":"","_exactmetrics_sitenote_category":0,"_jetpack_memberships_contains_paid_content":false,"footnotes":""},"categories":[29,151],"tags":[317,329],"class_list":["post-11836","post","type-post","status-publish","format-standard","has-post-thumbnail","hentry","category-noticias","category-opinion","tag-consejo-superior-universitario","tag-rector-ing-murphy-paiz"],"aioseo_notices":[],"jetpack_featured_media_url":"https:\/\/soy.usac.edu.gt\/wp-content\/uploads\/2020\/06\/fernando-quevedo-web.jpg","views":"","jetpack-related-posts":[{"id":11068,"url":"https:\/\/soy.usac.edu.gt\/?p=11068","url_meta":{"origin":11836,"position":0},"title":"Ala\u00edde Foppa, doctora honoris causa in mem\u00f3riam","author":"Erick Iv\u00e1n de Le\u00f3n","date":"6 marzo, 2020","format":false,"excerpt":"El Consejo Superior Universitario (CSU), de la Universidad de San Carlos (USAC), concedi\u00f3 un homenaje p\u00f3stumo a la maestra Ala\u00edde Foppa, otorg\u00e1ndole in mem\u00f3riam la distinci\u00f3n Doctora Honoris Causa, en un acto conmemorativo realizado en el museo universitario, al que asistieron autoridades, catedr\u00e1ticos, estudiantes, profesionales e invitados especiales.","rel":"","context":"En \u00abNoticias\u00bb","block_context":{"text":"Noticias","link":"https:\/\/soy.usac.edu.gt\/?cat=29"},"img":{"alt_text":"","src":"https:\/\/i0.wp.com\/soy.usac.edu.gt\/wp-content\/uploads\/2020\/03\/WhatsApp-Image-2020-03-06-at-7.00.01-PM.jpeg?resize=350%2C200&ssl=1","width":350,"height":200,"srcset":"https:\/\/i0.wp.com\/soy.usac.edu.gt\/wp-content\/uploads\/2020\/03\/WhatsApp-Image-2020-03-06-at-7.00.01-PM.jpeg?resize=350%2C200&ssl=1 1x, https:\/\/i0.wp.com\/soy.usac.edu.gt\/wp-content\/uploads\/2020\/03\/WhatsApp-Image-2020-03-06-at-7.00.01-PM.jpeg?resize=525%2C300&ssl=1 1.5x, https:\/\/i0.wp.com\/soy.usac.edu.gt\/wp-content\/uploads\/2020\/03\/WhatsApp-Image-2020-03-06-at-7.00.01-PM.jpeg?resize=700%2C400&ssl=1 2x, https:\/\/i0.wp.com\/soy.usac.edu.gt\/wp-content\/uploads\/2020\/03\/WhatsApp-Image-2020-03-06-at-7.00.01-PM.jpeg?resize=1050%2C600&ssl=1 3x"},"classes":[]},{"id":21967,"url":"https:\/\/soy.usac.edu.gt\/?p=21967","url_meta":{"origin":11836,"position":1},"title":"USAC honra la trayectoria humanista de la Maestra Marta Herminia Mu\u00f1oz Cajas","author":"Divisi\u00f3n de Publicidad","date":"18 septiembre, 2025","format":false,"excerpt":"La Universidad de San Carlos de Guatemala (USAC), a trav\u00e9s de la Facultad de Humanidades, realiz\u00f3 la entrega de la Medalla Humanista \u201cDr. Juan Jos\u00e9 Ar\u00e9valo Bermejo\u201d, el m\u00e1ximo reconocimiento otorgado por esta unidad acad\u00e9mica a profesionales cuya labor refleja un compromiso ejemplar con la educaci\u00f3n, la \u00e9tica y los\u2026","rel":"","context":"En \u00abActividades\u00bb","block_context":{"text":"Actividades","link":"https:\/\/soy.usac.edu.gt\/?cat=126"},"img":{"alt_text":"","src":"https:\/\/i0.wp.com\/soy.usac.edu.gt\/wp-content\/uploads\/2025\/09\/WhatsApp-Image-2025-09-18-at-12.52.23-PM-3.jpeg?resize=350%2C200&ssl=1","width":350,"height":200,"srcset":"https:\/\/i0.wp.com\/soy.usac.edu.gt\/wp-content\/uploads\/2025\/09\/WhatsApp-Image-2025-09-18-at-12.52.23-PM-3.jpeg?resize=350%2C200&ssl=1 1x, https:\/\/i0.wp.com\/soy.usac.edu.gt\/wp-content\/uploads\/2025\/09\/WhatsApp-Image-2025-09-18-at-12.52.23-PM-3.jpeg?resize=525%2C300&ssl=1 1.5x, https:\/\/i0.wp.com\/soy.usac.edu.gt\/wp-content\/uploads\/2025\/09\/WhatsApp-Image-2025-09-18-at-12.52.23-PM-3.jpeg?resize=700%2C400&ssl=1 2x, https:\/\/i0.wp.com\/soy.usac.edu.gt\/wp-content\/uploads\/2025\/09\/WhatsApp-Image-2025-09-18-at-12.52.23-PM-3.jpeg?resize=1050%2C600&ssl=1 3x, https:\/\/i0.wp.com\/soy.usac.edu.gt\/wp-content\/uploads\/2025\/09\/WhatsApp-Image-2025-09-18-at-12.52.23-PM-3.jpeg?resize=1400%2C800&ssl=1 4x"},"classes":[]},{"id":7876,"url":"https:\/\/soy.usac.edu.gt\/?p=7876","url_meta":{"origin":11836,"position":2},"title":"Dra. Amarillis G\u00f3mez recibe Medalla Universitaria","author":"Erick Iv\u00e1n de Le\u00f3n","date":"29 julio, 2019","format":false,"excerpt":"El Consejo Superior Universitario (CSU) homenaje\u00f3 a la Dra. Amarillis Saravia G\u00f3mez con la distinci\u00f3n Medalla Universitaria por su trayectoria como docente e investigadora.","rel":"","context":"En \u00abNoticias\u00bb","block_context":{"text":"Noticias","link":"https:\/\/soy.usac.edu.gt\/?cat=29"},"img":{"alt_text":"","src":"https:\/\/i0.wp.com\/soy.usac.edu.gt\/wp-content\/uploads\/2019\/07\/DSC_0035-1.jpg?resize=350%2C200&ssl=1","width":350,"height":200,"srcset":"https:\/\/i0.wp.com\/soy.usac.edu.gt\/wp-content\/uploads\/2019\/07\/DSC_0035-1.jpg?resize=350%2C200&ssl=1 1x, https:\/\/i0.wp.com\/soy.usac.edu.gt\/wp-content\/uploads\/2019\/07\/DSC_0035-1.jpg?resize=525%2C300&ssl=1 1.5x, https:\/\/i0.wp.com\/soy.usac.edu.gt\/wp-content\/uploads\/2019\/07\/DSC_0035-1.jpg?resize=700%2C400&ssl=1 2x, https:\/\/i0.wp.com\/soy.usac.edu.gt\/wp-content\/uploads\/2019\/07\/DSC_0035-1.jpg?resize=1050%2C600&ssl=1 3x, https:\/\/i0.wp.com\/soy.usac.edu.gt\/wp-content\/uploads\/2019\/07\/DSC_0035-1.jpg?resize=1400%2C800&ssl=1 4x"},"classes":[]},{"id":10151,"url":"https:\/\/soy.usac.edu.gt\/?p=10151","url_meta":{"origin":11836,"position":3},"title":"M\u00e1s de 4 mil maestros de preprimaria y primaria se graduaron en interculturalidad","author":"Divisi\u00f3n de Publicidad","date":"11 diciembre, 2019","format":false,"excerpt":"La Sexta Cohorte del Programa Acad\u00e9mico de Desarrollo Profesional Docente, est\u00e1 integrada por maestros de todo el pa\u00eds.\u00a0","rel":"","context":"En \u00abNoticias\u00bb","block_context":{"text":"Noticias","link":"https:\/\/soy.usac.edu.gt\/?cat=29"},"img":{"alt_text":"","src":"https:\/\/i0.wp.com\/soy.usac.edu.gt\/wp-content\/uploads\/2019\/12\/IMG_8849.jpg?resize=350%2C200&ssl=1","width":350,"height":200,"srcset":"https:\/\/i0.wp.com\/soy.usac.edu.gt\/wp-content\/uploads\/2019\/12\/IMG_8849.jpg?resize=350%2C200&ssl=1 1x, https:\/\/i0.wp.com\/soy.usac.edu.gt\/wp-content\/uploads\/2019\/12\/IMG_8849.jpg?resize=525%2C300&ssl=1 1.5x"},"classes":[]},{"id":4069,"url":"https:\/\/soy.usac.edu.gt\/?p=4069","url_meta":{"origin":11836,"position":4},"title":"Juramentan a decano\u00a0de la Facultad de Ciencias Qu\u00edmicas y Farmacia","author":"Divisi\u00f3n de Publicidad","date":"14 febrero, 2019","format":false,"excerpt":"Pablo Ernesto Oliva Soto fue juramentado decano de la Facultad de Ciencias Qu\u00edmicas y Farmacia para el per\u00edodo 2019-2023. Las autoridades del Consejo Superior Universitario presidieron el acto acad\u00e9mico de investidura y juramentaci\u00f3n del maestro Pablo Ernesto Oliva Soto como decano de la Facultad de Ciencias Qu\u00edmicas y Farmacia, per\u00edodo\u2026","rel":"","context":"En \u00abNoticias\u00bb","block_context":{"text":"Noticias","link":"https:\/\/soy.usac.edu.gt\/?cat=29"},"img":{"alt_text":"","src":"https:\/\/i0.wp.com\/soy.usac.edu.gt\/wp-content\/uploads\/2019\/02\/2-2.jpg?resize=350%2C200&ssl=1","width":350,"height":200,"srcset":"https:\/\/i0.wp.com\/soy.usac.edu.gt\/wp-content\/uploads\/2019\/02\/2-2.jpg?resize=350%2C200&ssl=1 1x, https:\/\/i0.wp.com\/soy.usac.edu.gt\/wp-content\/uploads\/2019\/02\/2-2.jpg?resize=525%2C300&ssl=1 1.5x, https:\/\/i0.wp.com\/soy.usac.edu.gt\/wp-content\/uploads\/2019\/02\/2-2.jpg?resize=700%2C400&ssl=1 2x, https:\/\/i0.wp.com\/soy.usac.edu.gt\/wp-content\/uploads\/2019\/02\/2-2.jpg?resize=1050%2C600&ssl=1 3x, https:\/\/i0.wp.com\/soy.usac.edu.gt\/wp-content\/uploads\/2019\/02\/2-2.jpg?resize=1400%2C800&ssl=1 4x"},"classes":[]},{"id":6968,"url":"https:\/\/soy.usac.edu.gt\/?p=6968","url_meta":{"origin":11836,"position":5},"title":"Reconocen labor de  catedr\u00e1ticos sancarlistas","author":"Divisi\u00f3n de Publicidad","date":"25 junio, 2019","format":false,"excerpt":"Catedr\u00e1ticos universitarios fueron reconocidos por su excelencia y trayectoria.\u00a0","rel":"","context":"En \u00abNoticias\u00bb","block_context":{"text":"Noticias","link":"https:\/\/soy.usac.edu.gt\/?cat=29"},"img":{"alt_text":"","src":"https:\/\/i0.wp.com\/soy.usac.edu.gt\/wp-content\/uploads\/2019\/06\/DESTACADA.jpeg?resize=350%2C200&ssl=1","width":350,"height":200,"srcset":"https:\/\/i0.wp.com\/soy.usac.edu.gt\/wp-content\/uploads\/2019\/06\/DESTACADA.jpeg?resize=350%2C200&ssl=1 1x, https:\/\/i0.wp.com\/soy.usac.edu.gt\/wp-content\/uploads\/2019\/06\/DESTACADA.jpeg?resize=525%2C300&ssl=1 1.5x, https:\/\/i0.wp.com\/soy.usac.edu.gt\/wp-content\/uploads\/2019\/06\/DESTACADA.jpeg?resize=700%2C400&ssl=1 2x, https:\/\/i0.wp.com\/soy.usac.edu.gt\/wp-content\/uploads\/2019\/06\/DESTACADA.jpeg?resize=1050%2C600&ssl=1 3x"},"classes":[]}],"jetpack_sharing_enabled":true,"_links":{"self":[{"href":"https:\/\/soy.usac.edu.gt\/index.php?rest_route=\/wp\/v2\/posts\/11836","targetHints":{"allow":["GET"]}}],"collection":[{"href":"https:\/\/soy.usac.edu.gt\/index.php?rest_route=\/wp\/v2\/posts"}],"about":[{"href":"https:\/\/soy.usac.edu.gt\/index.php?rest_route=\/wp\/v2\/types\/post"}],"author":[{"embeddable":true,"href":"https:\/\/soy.usac.edu.gt\/index.php?rest_route=\/wp\/v2\/users\/1"}],"replies":[{"embeddable":true,"href":"https:\/\/soy.usac.edu.gt\/index.php?rest_route=%2Fwp%2Fv2%2Fcomments&post=11836"}],"version-history":[{"count":4,"href":"https:\/\/soy.usac.edu.gt\/index.php?rest_route=\/wp\/v2\/posts\/11836\/revisions"}],"predecessor-version":[{"id":11842,"href":"https:\/\/soy.usac.edu.gt\/index.php?rest_route=\/wp\/v2\/posts\/11836\/revisions\/11842"}],"wp:featuredmedia":[{"embeddable":true,"href":"https:\/\/soy.usac.edu.gt\/index.php?rest_route=\/wp\/v2\/media\/11838"}],"wp:attachment":[{"href":"https:\/\/soy.usac.edu.gt\/index.php?rest_route=%2Fwp%2Fv2%2Fmedia&parent=11836"}],"wp:term":[{"taxonomy":"category","embeddable":true,"href":"https:\/\/soy.usac.edu.gt\/index.php?rest_route=%2Fwp%2Fv2%2Fcategories&post=11836"},{"taxonomy":"post_tag","embeddable":true,"href":"https:\/\/soy.usac.edu.gt\/index.php?rest_route=%2Fwp%2Fv2%2Ftags&post=11836"}],"curies":[{"name":"wp","href":"https:\/\/api.w.org\/{rel}","templated":true}]}}