{"id":11846,"date":"2020-06-26T17:40:04","date_gmt":"2020-06-26T23:40:04","guid":{"rendered":"https:\/\/soy.usac.edu.gt\/?p=11846"},"modified":"2020-06-26T17:40:05","modified_gmt":"2020-06-26T23:40:05","slug":"csu-se-pronuncia-por-el-impacto-de-la-pandemia-en-el-sistema-nacional-de-salud","status":"publish","type":"post","link":"https:\/\/soy.usac.edu.gt\/?p=11846","title":{"rendered":"CSU se pronuncia por el impacto de la pandemia en el sistema nacional de salud"},"content":{"rendered":"\n<h5 style=\"text-align: center;\"><strong>EL CONSEJO SUPERIOR UNIVERSITARIO DE LA UNIVERSIDAD DE SAN CARLOS DE GUATEMALA Y EL RECTOR, M. SC. ING. MURPHY OLYMPO PAIZ RECINOS,<\/strong><\/h5>\n<h5 style=\"text-align: center;\"><strong>ANTE EL IMPACTO QUE EST\u00c1 TENIENDO LA PANDEMIA DE LA COVID-19 SOBRE EL SISTEMA NACIONAL DE SALUD, AS\u00cd COMO EN LA LETALIDAD DE LOS PACIENTES, A LA PRESIDENCIA, AL CONGRESO DE LA REP\u00daBLICA Y A LA POBLACI\u00d3N EN GENERAL<\/strong><\/h5>\n<h5 style=\"text-align: center;\"><strong>MANIFIESTA<\/strong><\/h5>\n<p style=\"text-align: justify;\">El contagio y la transmisi\u00f3n intensa del virus SARS COV-2, el incremento de casos positivos y el comportamiento de la letalidad del mismo afecta la salud, la estabilidad econ\u00f3mica y condici\u00f3n social de las familias guatemaltecas.<\/p>\n<p style=\"text-align: justify;\">Su reconocimiento profundo de solidaridad con los trabajadores del sistema nacional de salud, especialmente con los m\u00e9dicos residentes, m\u00e9dicos generales, m\u00e9dicos jefes especialistas y dem\u00e1s profesionales en el \u00e1rea de salud, junto a los t\u00e9cnicos vinculados a la atenci\u00f3n directa de pacientes, externamos nuestras muestras de condolencia a las familias y compa\u00f1eros de aquellos trabajadores de la salud que en cumplimiento de su deber han fallecido a causa de esta enfermedad.<\/p>\n<p style=\"text-align: justify;\">La evidente falta de Equipo de Protecci\u00f3n Personal (EPP), insumos y capacitaci\u00f3n para realizar sus tareas de atenci\u00f3n; la mitad de los trabajadores del sistema nacional de salud (p\u00fablico y privado) a\u00fan contin\u00faan en riesgo de ser infectados, lo que se ver\u00eda reflejado en la disminuci\u00f3n del personal para atender a los pacientes que acuden al sistema. Lo que deriva en alto riesgo para la salud f\u00edsica, mental y financiera de los trabajadores de salud.<\/p>\n<h5 style=\"text-align: center;\"><strong>RECOMIENDA <\/strong><\/h5>\n<p style=\"text-align: justify;\">A los diputados del Congreso de la Rep\u00fablica priorizar, discutir y aprobar la iniciativa de ley de creaci\u00f3n de la subcuenta para resarcir a trabajadores del \u00e1rea de salud que resulten contagiados por la COVID-19 en ejercicio de sus labores, la cual fue presentada por esta casa de estudios para beneficiar a los trabajadores de salud afectados y a las familias de aquellos que han ofrendado su vida en cumplimiento de su deber.<\/p>\n<p style=\"text-align: justify;\">A las nuevas autoridades del Ministerio de Salud P\u00fablica y Asistencia Social (MSPAS), se les solicita que den prioridad al mejoramiento de su capacidad de ejecuci\u00f3n y de otorgar disponibilidad de insumos en EPP, y proporcionar la capacitaci\u00f3n que garantice su correcto uso, con el fin de proteger el bienestar f\u00edsico, mental y social de los trabajadores de salud y de sus familias asumiendo el rol rector institucional que les corresponde.<\/p>\n<p style=\"text-align: justify;\">Fortalecer el Laboratorio Nacional de Salud, con una mayor cantidad de personal y recursos e invertir los fondos asignados en salud para esta pandemia en el fortalecimiento de la red de laboratorios existente a nivel regional, realizando m\u00e1s pruebas de forma descentralizada y mejorando la identificaci\u00f3n de casos a nivel pa\u00eds.<\/p>\n<p style=\"text-align: justify;\">Al MSPAS, verificar la calidad de las pruebas y fijar los precios de las pruebas disponibles en el mercado nacional, estableciendo criterios de uso y dictando normas de cumplimiento obligatorio, que garantice el uso adecuado de las mismas y fortalecer el sistema de notificaci\u00f3n obligatoria, a modo que el ente rector cuente con informaci\u00f3n veraz y oportuna del sector p\u00fablico y privado. A nivel general, debemos dise\u00f1ar y ejecutar el nuevo modelo del sistema de salud del Estado.<\/p>\n<p style=\"text-align: justify;\">Es necesario el fortalecimiento de la Direcci\u00f3n General del Sistema Integral de Atenci\u00f3n Primaria en Salud (SIAS) y de los servicios comunitarios de salud, de modo que sea ah\u00ed donde se atienda a la mayor cantidad de la demanda de servicios y la b\u00fasqueda activa de los casos. El diagn\u00f3stico oportuno permitir\u00e1 derivar a los hospitales \u00fanicamente los casos que requieran una atenci\u00f3n especializada.<\/p>\n<p style=\"text-align: justify;\">Que no se suspenda y asegure el uso transparente y eficiente en la ejecuci\u00f3n de los recursos financieros en la adquisici\u00f3n de los insumos, medicamentos y equipo necesario para atenci\u00f3n de la poblaci\u00f3n por la atenci\u00f3n m\u00e9dica y sanitaria del COVID-19 y otras enfermedades que amenazan la vida de los guatemaltecos.<\/p>\n<p style=\"text-align: justify;\">El Consejo Nacional de Salud puede jugar un papel preponderante en aspectos de monitoreo y transparencia garantizando el acceso libre y transparente a la informaci\u00f3n epidemiol\u00f3gica y un manejo adecuado de la misma. Requiriendo la activaci\u00f3n del mismo.<\/p>\n<p style=\"text-align: justify;\">Guatemala, Chimaltenango y Sacatep\u00e9quez siguen siendo los lugares con m\u00e1s contagio. Para dar mejor respuesta en la red de servicios, deber\u00eda intensificarse las medidas de confinamiento y restricci\u00f3n en estos tres departamentos. Para lo cual nos comprometemos a colaborar en evaluar las medidas a implementar.<\/p>\n<p style=\"text-align: justify;\">La Universidad de San Carlos de Guatemala reitera su compromiso con el pueblo de Guatemala, su solidaridad con los estudiantes del EPS, residentes, profesionales, t\u00e9cnicos y trabajadores del \u00e1rea de la salud por ayudar al pa\u00eds a superar esta amenaza y a participar de forma activa en el dise\u00f1o de una ruta que encamine al pa\u00eds al retorno de la normalidad.<\/p>\n<h5 style=\"text-align: center;\"><strong>POR LA DIGNIFICACI\u00d3N DEL SECTOR SALUD DEL ESTADO<\/strong><\/h5>\n<p><strong>\u00a0<\/strong><\/p>\n<h5 style=\"text-align: center;\"><strong>\u201cId y ense\u00f1ad a todos\u201d<\/strong><\/h5>\n<p style=\"text-align: right;\">Guatemala, 26 de junio de 2020<\/p>\n","protected":false},"excerpt":{"rendered":"<p>Ante el impacto que est\u00e1 teniendo la pandemia del covid-19 sobre el sistema nacional de salud y su letalidad en la poblaci\u00f3n guatemalteca.  <\/p>\n","protected":false},"author":1,"featured_media":0,"comment_status":"closed","ping_status":"open","sticky":false,"template":"","format":"standard","meta":{"_exactmetrics_skip_tracking":false,"_exactmetrics_sitenote_active":false,"_exactmetrics_sitenote_note":"","_exactmetrics_sitenote_category":0,"_jetpack_memberships_contains_paid_content":false,"footnotes":""},"categories":[29,151],"tags":[],"class_list":["post-11846","post","type-post","status-publish","format-standard","hentry","category-noticias","category-opinion"],"aioseo_notices":[],"jetpack_featured_media_url":"","views":"","jetpack-related-posts":[{"id":13418,"url":"https:\/\/soy.usac.edu.gt\/?p=13418","url_meta":{"origin":11846,"position":0},"title":"Un a\u00f1o de pandemia","author":"Divisi\u00f3n de Publicidad","date":"12 marzo, 2021","format":false,"excerpt":"As\u00ed ha afrontado la pandemia la Universidad","rel":"","context":"En \u00abNoticias\u00bb","block_context":{"text":"Noticias","link":"https:\/\/soy.usac.edu.gt\/?cat=29"},"img":{"alt_text":"","src":"https:\/\/i0.wp.com\/soy.usac.edu.gt\/wp-content\/uploads\/2021\/03\/destacada-pandemia-min.jpg?resize=350%2C200&ssl=1","width":350,"height":200,"srcset":"https:\/\/i0.wp.com\/soy.usac.edu.gt\/wp-content\/uploads\/2021\/03\/destacada-pandemia-min.jpg?resize=350%2C200&ssl=1 1x, https:\/\/i0.wp.com\/soy.usac.edu.gt\/wp-content\/uploads\/2021\/03\/destacada-pandemia-min.jpg?resize=525%2C300&ssl=1 1.5x, https:\/\/i0.wp.com\/soy.usac.edu.gt\/wp-content\/uploads\/2021\/03\/destacada-pandemia-min.jpg?resize=700%2C400&ssl=1 2x, https:\/\/i0.wp.com\/soy.usac.edu.gt\/wp-content\/uploads\/2021\/03\/destacada-pandemia-min.jpg?resize=1050%2C600&ssl=1 3x, https:\/\/i0.wp.com\/soy.usac.edu.gt\/wp-content\/uploads\/2021\/03\/destacada-pandemia-min.jpg?resize=1400%2C800&ssl=1 4x"},"classes":[]},{"id":11471,"url":"https:\/\/soy.usac.edu.gt\/?p=11471","url_meta":{"origin":11846,"position":1},"title":"CSU hace recomendaciones para evitar el colapso del Sistema Nacional de Salud","author":"Divisi\u00f3n de Publicidad","date":"10 mayo, 2020","format":false,"excerpt":"De continuar este incremento sostenido en los indicadores de la evoluci\u00f3n de la pandemia, la capacidad instalada de infraestructura hospitalaria y personal de salud puede llegar a colapsar.","rel":"","context":"En \u00abNoticias\u00bb","block_context":{"text":"Noticias","link":"https:\/\/soy.usac.edu.gt\/?cat=29"},"img":{"alt_text":"","src":"","width":0,"height":0},"classes":[]},{"id":11370,"url":"https:\/\/soy.usac.edu.gt\/?p=11370","url_meta":{"origin":11846,"position":2},"title":"USAC present\u00f3 iniciativa para resarcir a trabajadores  de salud que se contagien de coronavirus","author":"Divisi\u00f3n de Publicidad","date":"17 abril, 2020","format":false,"excerpt":"PRESENTACI\u00d3N DE INICIATIVA DE LEY DE CREACI\u00d3N DE LA SUBCUENTA PARA RESARCIR A TRABAJADORES DEL \u00c1REA DE SALUD QUE RESULTEN CONTAGIADOS\u00a0 POR EL COVID-19 EN EJERCICIO DE SUS LABORES","rel":"","context":"En \u00abNoticias\u00bb","block_context":{"text":"Noticias","link":"https:\/\/soy.usac.edu.gt\/?cat=29"},"img":{"alt_text":"","src":"https:\/\/i0.wp.com\/soy.usac.edu.gt\/wp-content\/uploads\/2020\/04\/WhatsApp-Image-2020-04-17-at-22.29.32-150x150.jpeg?resize=350%2C200&ssl=1","width":350,"height":200,"srcset":"https:\/\/i0.wp.com\/soy.usac.edu.gt\/wp-content\/uploads\/2020\/04\/WhatsApp-Image-2020-04-17-at-22.29.32-150x150.jpeg?resize=350%2C200&ssl=1 1x, https:\/\/i0.wp.com\/soy.usac.edu.gt\/wp-content\/uploads\/2020\/04\/WhatsApp-Image-2020-04-17-at-22.29.32-150x150.jpeg?resize=525%2C300&ssl=1 1.5x, https:\/\/i0.wp.com\/soy.usac.edu.gt\/wp-content\/uploads\/2020\/04\/WhatsApp-Image-2020-04-17-at-22.29.32-150x150.jpeg?resize=700%2C400&ssl=1 2x, https:\/\/i0.wp.com\/soy.usac.edu.gt\/wp-content\/uploads\/2020\/04\/WhatsApp-Image-2020-04-17-at-22.29.32-150x150.jpeg?resize=1050%2C600&ssl=1 3x"},"classes":[]},{"id":11358,"url":"https:\/\/soy.usac.edu.gt\/?p=11358","url_meta":{"origin":11846,"position":3},"title":"CSU recomienda ampliaci\u00f3n de toque de queda y cuarentena general","author":"Divisi\u00f3n de Publicidad","date":"12 abril, 2020","format":false,"excerpt":"Ante el aumento de casos activos de COVID-19 en el territorio de Guatemala y el pr\u00f3ximo vencimiento de las medidas de distanciamiento social decretadas por el Organismo Ejecutivo,","rel":"","context":"En \u00abNoticias\u00bb","block_context":{"text":"Noticias","link":"https:\/\/soy.usac.edu.gt\/?cat=29"},"img":{"alt_text":"","src":"","width":0,"height":0},"classes":[]},{"id":15310,"url":"https:\/\/soy.usac.edu.gt\/?p=15310","url_meta":{"origin":11846,"position":4},"title":"Aportes de EPSUM al sector salud","author":"Divisi\u00f3n de Publicidad","date":"4 octubre, 2021","format":false,"excerpt":"El Ejercicio Profesional Supervisado Multidisciplinario (EPSUM) de la USAC ha contribuido a fortalecer entidades estatales y diversos servicios que se brindan a la poblaci\u00f3n con la incorporaci\u00f3n de estudiantes de Ciencias M\u00e9dicas, Enfermer\u00eda, Ciencias Psicol\u00f3gicas, Nutrici\u00f3n, Trabajo Social, Qu\u00edmica Biol\u00f3gica y Biolog\u00eda.","rel":"","context":"En \u00abNoticias\u00bb","block_context":{"text":"Noticias","link":"https:\/\/soy.usac.edu.gt\/?cat=29"},"img":{"alt_text":"","src":"https:\/\/i0.wp.com\/soy.usac.edu.gt\/wp-content\/uploads\/2021\/10\/epsum-otra.jpg?resize=350%2C200&ssl=1","width":350,"height":200,"srcset":"https:\/\/i0.wp.com\/soy.usac.edu.gt\/wp-content\/uploads\/2021\/10\/epsum-otra.jpg?resize=350%2C200&ssl=1 1x, https:\/\/i0.wp.com\/soy.usac.edu.gt\/wp-content\/uploads\/2021\/10\/epsum-otra.jpg?resize=525%2C300&ssl=1 1.5x, https:\/\/i0.wp.com\/soy.usac.edu.gt\/wp-content\/uploads\/2021\/10\/epsum-otra.jpg?resize=700%2C400&ssl=1 2x, https:\/\/i0.wp.com\/soy.usac.edu.gt\/wp-content\/uploads\/2021\/10\/epsum-otra.jpg?resize=1050%2C600&ssl=1 3x"},"classes":[]},{"id":11294,"url":"https:\/\/soy.usac.edu.gt\/?p=11294","url_meta":{"origin":11846,"position":5},"title":"CSU: nos encontramos en los d\u00edas claves para detener la curva de contagios y evitar una tragedia nacional.","author":"Divisi\u00f3n de Publicidad","date":"22 marzo, 2020","format":false,"excerpt":"CSU insta al gobierno a adoptar una cuarentena general y desarrollar un plan de seguridad alimentaria y salud para el abastecimiento de productos e insumos para el sector con menor capacidad econ\u00f3mica. #Urgente #Coronavirus #Covid-19","rel":"","context":"En \u00abNoticias\u00bb","block_context":{"text":"Noticias","link":"https:\/\/soy.usac.edu.gt\/?cat=29"},"img":{"alt_text":"","src":"","width":0,"height":0},"classes":[]}],"jetpack_sharing_enabled":true,"_links":{"self":[{"href":"https:\/\/soy.usac.edu.gt\/index.php?rest_route=\/wp\/v2\/posts\/11846","targetHints":{"allow":["GET"]}}],"collection":[{"href":"https:\/\/soy.usac.edu.gt\/index.php?rest_route=\/wp\/v2\/posts"}],"about":[{"href":"https:\/\/soy.usac.edu.gt\/index.php?rest_route=\/wp\/v2\/types\/post"}],"author":[{"embeddable":true,"href":"https:\/\/soy.usac.edu.gt\/index.php?rest_route=\/wp\/v2\/users\/1"}],"replies":[{"embeddable":true,"href":"https:\/\/soy.usac.edu.gt\/index.php?rest_route=%2Fwp%2Fv2%2Fcomments&post=11846"}],"version-history":[{"count":1,"href":"https:\/\/soy.usac.edu.gt\/index.php?rest_route=\/wp\/v2\/posts\/11846\/revisions"}],"predecessor-version":[{"id":11847,"href":"https:\/\/soy.usac.edu.gt\/index.php?rest_route=\/wp\/v2\/posts\/11846\/revisions\/11847"}],"wp:attachment":[{"href":"https:\/\/soy.usac.edu.gt\/index.php?rest_route=%2Fwp%2Fv2%2Fmedia&parent=11846"}],"wp:term":[{"taxonomy":"category","embeddable":true,"href":"https:\/\/soy.usac.edu.gt\/index.php?rest_route=%2Fwp%2Fv2%2Fcategories&post=11846"},{"taxonomy":"post_tag","embeddable":true,"href":"https:\/\/soy.usac.edu.gt\/index.php?rest_route=%2Fwp%2Fv2%2Ftags&post=11846"}],"curies":[{"name":"wp","href":"https:\/\/api.w.org\/{rel}","templated":true}]}}