{"id":11848,"date":"2020-06-27T18:40:17","date_gmt":"2020-06-28T00:40:17","guid":{"rendered":"https:\/\/soy.usac.edu.gt\/?p=11848"},"modified":"2020-06-27T19:04:32","modified_gmt":"2020-06-28T01:04:32","slug":"reconocimiento-a-la-excelencia-academica-del-docente-de-grado-postgrado-e-investigador-universitario-2020","status":"publish","type":"post","link":"https:\/\/soy.usac.edu.gt\/?p=11848","title":{"rendered":"Reconocimiento a la excelencia acad\u00e9mica del docente de grado, postgrado, e investigador universitario 2020"},"content":{"rendered":"\n<p style=\"text-align: justify;\">Uno de los criterios centrales para evaluar el correcto desempe\u00f1o de una universidad es el grado de preparaci\u00f3n y rendimiento de sus docentes e investigadores; es trabajar para alcanzar la excelencia acad\u00e9mica. Nuestro campo de acci\u00f3n, en materia de ense\u00f1anza-aprendizaje e investigaci\u00f3n, abarca tanto los niveles de grado como los de postgrado.<\/p>\n<p style=\"text-align: justify;\">Nuestra universidad se esfuerza por elevar en forma constante la calidad acad\u00e9mica de sus docentes, y estos sin duda se esmeran por dar lo mejor de s\u00ed para mantener a esta casa de estudios ocupando el sitial que le corresponde como la mejor universidad del pa\u00eds y como una de las mejores de la regi\u00f3n centroamericana.<\/p>\n<p style=\"text-align: justify;\">Convencidos de que la mejor forma de cumplir los mandatos constitucionales que debe acatar la Universidad de San Carlos de Guatemala es elevando la calidad acad\u00e9mica de sus docentes, hoy honramos a quienes honran a la universidad por medio de su dedicaci\u00f3n y disciplina para alcanzar este objetivo de trabajo perenne e interminable, el cual consiste en ampliar los propios conocimientos cient\u00edficos y las t\u00e9cnicas did\u00e1cticas para transmitirlos en el aula. Esto se logra a trav\u00e9s del estudio y la investigaci\u00f3n, as\u00ed como mediante la dedicaci\u00f3n disciplinada a la ense\u00f1anza.<\/p>\n<p style=\"text-align: justify;\">Por ello, la universidad reconoce cada a\u00f1o a los docentes m\u00e1s destacados en cuanto a su excelencia acad\u00e9mica en el aula y en la investigaci\u00f3n, tanto en el nivel de grado como en el de postgrado. Al hacerlo, responsablemente acepta que en sus docentes descansa su prestigio acad\u00e9mico y que son ellos la columna vertebral del cuerpo universitario como instituci\u00f3n.<\/p>\n<p style=\"text-align: justify;\">Un saludo para todos los galardonados, un agradecimiento en nombre de la comunidad universitaria por su entrega y disciplina para forjar nuevas generaciones de acad\u00e9micos, intelectuales y profesionales que sin duda har\u00e1n suya la misi\u00f3n de servir a nuestro pa\u00eds y a nuestro pueblo, que es al que se debe el quehacer universitario p\u00fablico.<\/p>\n<p style=\"text-align: justify;\">Cumpliendo con el mandato constitucional que la acredita como rectora de la educaci\u00f3n p\u00fablica superior de nuestro pa\u00eds, la Universidad de San Carlos de Guatemala se complace de dar a conocer a los docentes de grado y postgrado que para el a\u00f1o 2020 han alcanzado a trav\u00e9s de un trabajo responsable la mayor evaluaci\u00f3n de calidad acad\u00e9mica seg\u00fan los par\u00e1metros definidos por nuestra Universidad. Esta alma mater se honra al reconocerlos y por ello los insta a continuar con su encomiable trabajo, consistente en alcanzar mayores alturas intelectuales y acad\u00e9micas, pues solo as\u00ed podr\u00e1 esta casa de estudios cumplir con su misi\u00f3n y su lema.<\/p>\n<p style=\"text-align: center;\"><strong>\u201cId y Ense\u00f1ad a Todos\u201d<\/strong><\/p>\n<p style=\"text-align: center;\"><em><strong>M.Sc. Ing. Murphy Olympo Paiz Recinos<\/strong><\/em><br \/><em><strong>Rector<\/strong><\/em><\/p>\n<p>\u00a0<\/p>\n<div style=\"text-align: center;\">\n<div style=\"margin: 8px 0px 4px;\"><a href=\"https:\/\/www.calameo.com\/books\/0063389261b0fe1b13bbe\" target=\"_blank\" rel=\"noopener noreferrer\">Reconocimiento a la excelencia acad\u00e9mica del docente de grado, postgrado, e investigador universitario 2020<\/a><\/div>\n<iframe loading=\"lazy\" style=\"margin: 0 auto;\" src=\"\/\/v.calameo.com\/?bkcode=0063389261b0fe1b13bbe\" width=\"300\" height=\"194\" frameborder=\"0\" scrolling=\"no\" allowfullscreen=\"allowfullscreen\"><\/iframe>\n<div style=\"margin: 4px 0px 8px;\"><a href=\"http:\/\/www.calameo.com\/\">Publish at Calameo<\/a><\/div>\n<\/div>\n","protected":false},"excerpt":{"rendered":"","protected":false},"author":1,"featured_media":11851,"comment_status":"closed","ping_status":"open","sticky":false,"template":"","format":"standard","meta":{"_exactmetrics_skip_tracking":false,"_exactmetrics_sitenote_active":false,"_exactmetrics_sitenote_note":"","_exactmetrics_sitenote_category":0,"_jetpack_memberships_contains_paid_content":false,"footnotes":""},"categories":[29,635,92],"tags":[634],"class_list":["post-11848","post","type-post","status-publish","format-standard","has-post-thumbnail","hentry","category-noticias","category-premios-y-galardones","category-rectoria","tag-reconocimiento-a-la-excelencia-academica-docente"],"aioseo_notices":[],"jetpack_featured_media_url":"https:\/\/soy.usac.edu.gt\/wp-content\/uploads\/2020\/06\/RECTORI\u0301A-web.jpg","views":"","jetpack-related-posts":[{"id":14356,"url":"https:\/\/soy.usac.edu.gt\/?p=14356","url_meta":{"origin":11848,"position":0},"title":"Premiar\u00e1n la excelencia acad\u00e9mica de los docentes universitarios","author":"Divisi\u00f3n de Publicidad","date":"26 mayo, 2021","format":false,"excerpt":"El Consejo Superior Universitario (CSU) acord\u00f3 reconocer los m\u00e9ritos acad\u00e9micos de los\u00a0 profesores e investigadores de la USAC.","rel":"","context":"En \u00abNoticias\u00bb","block_context":{"text":"Noticias","link":"https:\/\/soy.usac.edu.gt\/?cat=29"},"img":{"alt_text":"","src":"https:\/\/i0.wp.com\/soy.usac.edu.gt\/wp-content\/uploads\/2021\/05\/WhatsApp-Image-2021-05-27-at-11.24.51.jpeg?resize=350%2C200&ssl=1","width":350,"height":200,"srcset":"https:\/\/i0.wp.com\/soy.usac.edu.gt\/wp-content\/uploads\/2021\/05\/WhatsApp-Image-2021-05-27-at-11.24.51.jpeg?resize=350%2C200&ssl=1 1x, https:\/\/i0.wp.com\/soy.usac.edu.gt\/wp-content\/uploads\/2021\/05\/WhatsApp-Image-2021-05-27-at-11.24.51.jpeg?resize=525%2C300&ssl=1 1.5x, https:\/\/i0.wp.com\/soy.usac.edu.gt\/wp-content\/uploads\/2021\/05\/WhatsApp-Image-2021-05-27-at-11.24.51.jpeg?resize=700%2C400&ssl=1 2x, https:\/\/i0.wp.com\/soy.usac.edu.gt\/wp-content\/uploads\/2021\/05\/WhatsApp-Image-2021-05-27-at-11.24.51.jpeg?resize=1050%2C600&ssl=1 3x"},"classes":[]},{"id":21592,"url":"https:\/\/soy.usac.edu.gt\/?p=21592","url_meta":{"origin":11848,"position":1},"title":"Docentes que inspiran","author":"Divisi\u00f3n de Publicidad","date":"24 junio, 2025","format":false,"excerpt":"USAC entrega el Premio a la Excelencia Universitaria La Universidad de San Carlos reconoce el compromiso, la vocaci\u00f3n y la excelencia de quienes forman a las futuras generaciones. Con el objetivo de enaltecer la labor acad\u00e9mica de quienes dedican su vida a la ense\u00f1anza y la investigaci\u00f3n, la Universidad de\u2026","rel":"","context":"En \u00abActividades\u00bb","block_context":{"text":"Actividades","link":"https:\/\/soy.usac.edu.gt\/?cat=126"},"img":{"alt_text":"","src":"https:\/\/i0.wp.com\/soy.usac.edu.gt\/wp-content\/uploads\/2025\/06\/WhatsApp-Image-2025-06-26-at-3.09.21-PM.jpeg?resize=350%2C200&ssl=1","width":350,"height":200,"srcset":"https:\/\/i0.wp.com\/soy.usac.edu.gt\/wp-content\/uploads\/2025\/06\/WhatsApp-Image-2025-06-26-at-3.09.21-PM.jpeg?resize=350%2C200&ssl=1 1x, https:\/\/i0.wp.com\/soy.usac.edu.gt\/wp-content\/uploads\/2025\/06\/WhatsApp-Image-2025-06-26-at-3.09.21-PM.jpeg?resize=525%2C300&ssl=1 1.5x, https:\/\/i0.wp.com\/soy.usac.edu.gt\/wp-content\/uploads\/2025\/06\/WhatsApp-Image-2025-06-26-at-3.09.21-PM.jpeg?resize=700%2C400&ssl=1 2x, https:\/\/i0.wp.com\/soy.usac.edu.gt\/wp-content\/uploads\/2025\/06\/WhatsApp-Image-2025-06-26-at-3.09.21-PM.jpeg?resize=1050%2C600&ssl=1 3x, https:\/\/i0.wp.com\/soy.usac.edu.gt\/wp-content\/uploads\/2025\/06\/WhatsApp-Image-2025-06-26-at-3.09.21-PM.jpeg?resize=1400%2C800&ssl=1 4x"},"classes":[]},{"id":22154,"url":"https:\/\/soy.usac.edu.gt\/?p=22154","url_meta":{"origin":11848,"position":2},"title":"SEP realiza Asamblea General para impulsar la excelencia acad\u00e9mica","author":"Divisi\u00f3n de Publicidad","date":"6 octubre, 2025","format":false,"excerpt":"En un espacio de di\u00e1logo acad\u00e9mico y reconocimiento institucional, la Universidad de San Carlos de Guatemala, a trav\u00e9s del Sistema de Estudios de Postgrado (SEP), celebr\u00f3 la Asamblea General Ordinaria No. 04-2025, reafirmando su compromiso con la excelencia, la innovaci\u00f3n y la internacionalizaci\u00f3n de los programas de posgrado. Entre las\u2026","rel":"","context":"En \u00abActividades\u00bb","block_context":{"text":"Actividades","link":"https:\/\/soy.usac.edu.gt\/?cat=126"},"img":{"alt_text":"","src":"https:\/\/i0.wp.com\/soy.usac.edu.gt\/wp-content\/uploads\/2025\/10\/DSC00567-1-scaled.jpg?resize=350%2C200&ssl=1","width":350,"height":200,"srcset":"https:\/\/i0.wp.com\/soy.usac.edu.gt\/wp-content\/uploads\/2025\/10\/DSC00567-1-scaled.jpg?resize=350%2C200&ssl=1 1x, https:\/\/i0.wp.com\/soy.usac.edu.gt\/wp-content\/uploads\/2025\/10\/DSC00567-1-scaled.jpg?resize=525%2C300&ssl=1 1.5x, https:\/\/i0.wp.com\/soy.usac.edu.gt\/wp-content\/uploads\/2025\/10\/DSC00567-1-scaled.jpg?resize=700%2C400&ssl=1 2x, https:\/\/i0.wp.com\/soy.usac.edu.gt\/wp-content\/uploads\/2025\/10\/DSC00567-1-scaled.jpg?resize=1050%2C600&ssl=1 3x, https:\/\/i0.wp.com\/soy.usac.edu.gt\/wp-content\/uploads\/2025\/10\/DSC00567-1-scaled.jpg?resize=1400%2C800&ssl=1 4x"},"classes":[]},{"id":22433,"url":"https:\/\/soy.usac.edu.gt\/?p=22433","url_meta":{"origin":11848,"position":3},"title":"Compromiso y excelencia:","author":"Divisi\u00f3n de Publicidad","date":"18 noviembre, 2025","format":false,"excerpt":"USAC celebra a sus estudiantes becados. En la USAC, cada beca representa una historia que avanza, un sue\u00f1o que se fortalece y un talento que encuentra camino. Con ese esp\u00edritu, se realiz\u00f3 el Encuentro Acad\u00e9mico de Docentes Becados USAC 2022\u20132025, un espacio donde los profesores beneficiados compartieron logros, experiencias y\u2026","rel":"","context":"En \u00abActividades\u00bb","block_context":{"text":"Actividades","link":"https:\/\/soy.usac.edu.gt\/?cat=126"},"img":{"alt_text":"","src":"https:\/\/i0.wp.com\/soy.usac.edu.gt\/wp-content\/uploads\/2025\/11\/WhatsApp-Image-2025-11-19-at-9.42.12-AM-2.jpeg?resize=350%2C200&ssl=1","width":350,"height":200,"srcset":"https:\/\/i0.wp.com\/soy.usac.edu.gt\/wp-content\/uploads\/2025\/11\/WhatsApp-Image-2025-11-19-at-9.42.12-AM-2.jpeg?resize=350%2C200&ssl=1 1x, https:\/\/i0.wp.com\/soy.usac.edu.gt\/wp-content\/uploads\/2025\/11\/WhatsApp-Image-2025-11-19-at-9.42.12-AM-2.jpeg?resize=525%2C300&ssl=1 1.5x, https:\/\/i0.wp.com\/soy.usac.edu.gt\/wp-content\/uploads\/2025\/11\/WhatsApp-Image-2025-11-19-at-9.42.12-AM-2.jpeg?resize=700%2C400&ssl=1 2x, https:\/\/i0.wp.com\/soy.usac.edu.gt\/wp-content\/uploads\/2025\/11\/WhatsApp-Image-2025-11-19-at-9.42.12-AM-2.jpeg?resize=1050%2C600&ssl=1 3x, https:\/\/i0.wp.com\/soy.usac.edu.gt\/wp-content\/uploads\/2025\/11\/WhatsApp-Image-2025-11-19-at-9.42.12-AM-2.jpeg?resize=1400%2C800&ssl=1 4x"},"classes":[]},{"id":6968,"url":"https:\/\/soy.usac.edu.gt\/?p=6968","url_meta":{"origin":11848,"position":4},"title":"Reconocen labor de  catedr\u00e1ticos sancarlistas","author":"Divisi\u00f3n de Publicidad","date":"25 junio, 2019","format":false,"excerpt":"Catedr\u00e1ticos universitarios fueron reconocidos por su excelencia y trayectoria.\u00a0","rel":"","context":"En \u00abNoticias\u00bb","block_context":{"text":"Noticias","link":"https:\/\/soy.usac.edu.gt\/?cat=29"},"img":{"alt_text":"","src":"https:\/\/i0.wp.com\/soy.usac.edu.gt\/wp-content\/uploads\/2019\/06\/DESTACADA.jpeg?resize=350%2C200&ssl=1","width":350,"height":200,"srcset":"https:\/\/i0.wp.com\/soy.usac.edu.gt\/wp-content\/uploads\/2019\/06\/DESTACADA.jpeg?resize=350%2C200&ssl=1 1x, https:\/\/i0.wp.com\/soy.usac.edu.gt\/wp-content\/uploads\/2019\/06\/DESTACADA.jpeg?resize=525%2C300&ssl=1 1.5x, https:\/\/i0.wp.com\/soy.usac.edu.gt\/wp-content\/uploads\/2019\/06\/DESTACADA.jpeg?resize=700%2C400&ssl=1 2x, https:\/\/i0.wp.com\/soy.usac.edu.gt\/wp-content\/uploads\/2019\/06\/DESTACADA.jpeg?resize=1050%2C600&ssl=1 3x"},"classes":[]},{"id":21179,"url":"https:\/\/soy.usac.edu.gt\/?p=21179","url_meta":{"origin":11848,"position":5},"title":"USAC: 349 a\u00f1os transformando la educaci\u00f3n","author":"Divisi\u00f3n de Publicidad","date":"31 enero, 2025","format":false,"excerpt":"En un emotivo acto, la comunidad universitaria conmemor\u00f3 la trayectoria de esta instituci\u00f3n como un legado que se forja constantemente para innovar y garantizar una educaci\u00f3n superior aut\u00f3noma, p\u00fablica y gratuita. \u00a0 Autoridades universitarias, estudiantes, docentes y trabajadores administrativos se reunieron para reconocer y reafirmar el papel de la USAC\u2026","rel":"","context":"En \u00abActividades\u00bb","block_context":{"text":"Actividades","link":"https:\/\/soy.usac.edu.gt\/?cat=126"},"img":{"alt_text":"","src":"https:\/\/i0.wp.com\/soy.usac.edu.gt\/wp-content\/uploads\/2025\/01\/WhatsApp-Image-2025-01-29-at-5.05.46-PM-2.jpeg?resize=350%2C200&ssl=1","width":350,"height":200,"srcset":"https:\/\/i0.wp.com\/soy.usac.edu.gt\/wp-content\/uploads\/2025\/01\/WhatsApp-Image-2025-01-29-at-5.05.46-PM-2.jpeg?resize=350%2C200&ssl=1 1x, https:\/\/i0.wp.com\/soy.usac.edu.gt\/wp-content\/uploads\/2025\/01\/WhatsApp-Image-2025-01-29-at-5.05.46-PM-2.jpeg?resize=525%2C300&ssl=1 1.5x, https:\/\/i0.wp.com\/soy.usac.edu.gt\/wp-content\/uploads\/2025\/01\/WhatsApp-Image-2025-01-29-at-5.05.46-PM-2.jpeg?resize=700%2C400&ssl=1 2x, https:\/\/i0.wp.com\/soy.usac.edu.gt\/wp-content\/uploads\/2025\/01\/WhatsApp-Image-2025-01-29-at-5.05.46-PM-2.jpeg?resize=1050%2C600&ssl=1 3x"},"classes":[]}],"jetpack_sharing_enabled":true,"_links":{"self":[{"href":"https:\/\/soy.usac.edu.gt\/index.php?rest_route=\/wp\/v2\/posts\/11848","targetHints":{"allow":["GET"]}}],"collection":[{"href":"https:\/\/soy.usac.edu.gt\/index.php?rest_route=\/wp\/v2\/posts"}],"about":[{"href":"https:\/\/soy.usac.edu.gt\/index.php?rest_route=\/wp\/v2\/types\/post"}],"author":[{"embeddable":true,"href":"https:\/\/soy.usac.edu.gt\/index.php?rest_route=\/wp\/v2\/users\/1"}],"replies":[{"embeddable":true,"href":"https:\/\/soy.usac.edu.gt\/index.php?rest_route=%2Fwp%2Fv2%2Fcomments&post=11848"}],"version-history":[{"count":5,"href":"https:\/\/soy.usac.edu.gt\/index.php?rest_route=\/wp\/v2\/posts\/11848\/revisions"}],"predecessor-version":[{"id":11877,"href":"https:\/\/soy.usac.edu.gt\/index.php?rest_route=\/wp\/v2\/posts\/11848\/revisions\/11877"}],"wp:featuredmedia":[{"embeddable":true,"href":"https:\/\/soy.usac.edu.gt\/index.php?rest_route=\/wp\/v2\/media\/11851"}],"wp:attachment":[{"href":"https:\/\/soy.usac.edu.gt\/index.php?rest_route=%2Fwp%2Fv2%2Fmedia&parent=11848"}],"wp:term":[{"taxonomy":"category","embeddable":true,"href":"https:\/\/soy.usac.edu.gt\/index.php?rest_route=%2Fwp%2Fv2%2Fcategories&post=11848"},{"taxonomy":"post_tag","embeddable":true,"href":"https:\/\/soy.usac.edu.gt\/index.php?rest_route=%2Fwp%2Fv2%2Ftags&post=11848"}],"curies":[{"name":"wp","href":"https:\/\/api.w.org\/{rel}","templated":true}]}}