{"id":11865,"date":"2020-06-28T09:56:31","date_gmt":"2020-06-28T15:56:31","guid":{"rendered":"https:\/\/soy.usac.edu.gt\/?p=11865"},"modified":"2020-06-28T09:58:37","modified_gmt":"2020-06-28T15:58:37","slug":"convocatoria-para-el-programa-de-becas-2020","status":"publish","type":"post","link":"https:\/\/soy.usac.edu.gt\/?p=11865","title":{"rendered":"Convocatoria para el programa de BECAS 2020"},"content":{"rendered":"\n<p><span class=\"style-scope yt-formatted-string\" dir=\"auto\">USAC con un fuerte compromiso con la juventud, te presenta una oportunidad para alcanzar tus metas. <\/span><a class=\"yt-simple-endpoint style-scope yt-formatted-string\" dir=\"auto\" spellcheck=\"false\" href=\"https:\/\/www.youtube.com\/results?search_query=%23BECAS2020\">#BECAS2020<\/a><\/p>\n","protected":false},"excerpt":{"rendered":"<p>USAC con un fuerte compromiso con la juventud, te presenta una oportunidad para alcanzar tus metas.<br \/>\n#BECAS2020 <\/p>\n","protected":false},"author":1,"featured_media":11874,"comment_status":"closed","ping_status":"open","sticky":false,"template":"","format":"video","meta":{"_exactmetrics_skip_tracking":false,"_exactmetrics_sitenote_active":false,"_exactmetrics_sitenote_note":"","_exactmetrics_sitenote_category":0,"_jetpack_memberships_contains_paid_content":false,"footnotes":""},"categories":[233,585,29,31],"tags":[112],"class_list":["post-11865","post","type-post","status-publish","format-video","has-post-thumbnail","hentry","category-becas-y-convocatorias-2","category-estudiantes","category-noticias","category-videos","tag-becas-y-convocatorias","post_format-post-format-video"],"aioseo_notices":[],"jetpack_featured_media_url":"https:\/\/soy.usac.edu.gt\/wp-content\/uploads\/2020\/06\/hqdefault-5.jpg","views":"","jetpack-related-posts":[{"id":22671,"url":"https:\/\/soy.usac.edu.gt\/?p=22671","url_meta":{"origin":11865,"position":0},"title":"Educaci\u00f3n que transforma vidas:","author":"Divisi\u00f3n de Publicidad","date":"27 febrero, 2026","format":false,"excerpt":"USAC entrega becas de inclusi\u00f3n y continuidad La inclusi\u00f3n cobra sentido cuando se traduce en acciones concretas. En el Aula Magna de la Facultad de Humanidades, Edificio S-4, se realiz\u00f3 el acto protocolario de entrega de la Beca para estudiantes en condici\u00f3n de discapacidad y la Beca de continuidad acad\u00e9mica\u2026","rel":"","context":"En \u00abActividades\u00bb","block_context":{"text":"Actividades","link":"https:\/\/soy.usac.edu.gt\/?cat=126"},"img":{"alt_text":"","src":"https:\/\/i0.wp.com\/soy.usac.edu.gt\/wp-content\/uploads\/2026\/03\/WhatsApp-Image-2026-03-03-at-12.38.48-PM.jpeg?resize=350%2C200&ssl=1","width":350,"height":200,"srcset":"https:\/\/i0.wp.com\/soy.usac.edu.gt\/wp-content\/uploads\/2026\/03\/WhatsApp-Image-2026-03-03-at-12.38.48-PM.jpeg?resize=350%2C200&ssl=1 1x, https:\/\/i0.wp.com\/soy.usac.edu.gt\/wp-content\/uploads\/2026\/03\/WhatsApp-Image-2026-03-03-at-12.38.48-PM.jpeg?resize=525%2C300&ssl=1 1.5x, https:\/\/i0.wp.com\/soy.usac.edu.gt\/wp-content\/uploads\/2026\/03\/WhatsApp-Image-2026-03-03-at-12.38.48-PM.jpeg?resize=700%2C400&ssl=1 2x, https:\/\/i0.wp.com\/soy.usac.edu.gt\/wp-content\/uploads\/2026\/03\/WhatsApp-Image-2026-03-03-at-12.38.48-PM.jpeg?resize=1050%2C600&ssl=1 3x, https:\/\/i0.wp.com\/soy.usac.edu.gt\/wp-content\/uploads\/2026\/03\/WhatsApp-Image-2026-03-03-at-12.38.48-PM.jpeg?resize=1400%2C800&ssl=1 4x"},"classes":[]},{"id":2963,"url":"https:\/\/soy.usac.edu.gt\/?p=2963","url_meta":{"origin":11865,"position":1},"title":"Oportunidad de beca completa para estudiar en Suecia","author":"Divisi\u00f3n de Publicidad","date":"4 noviembre, 2018","format":false,"excerpt":"\u00bfTienes ambici\u00f3n, experiencia de liderazgo y una s\u00f3lida formaci\u00f3n profesional? El Instituto Sueco de Becas de Estudios (SISS) esta brindando la oportunidad para que profesionales sancarlistas puedan\u00a0aplicar para obtener una maestr\u00eda en Suecia totalmente financiada. La informaci\u00f3n sobre la convocatoria estar\u00e1 disponible el 1 de diciembre de 2018 para los\u2026","rel":"","context":"En \u00abBecas y Convocatorias\u00bb","block_context":{"text":"Becas y Convocatorias","link":"https:\/\/soy.usac.edu.gt\/?cat=127"},"img":{"alt_text":"","src":"https:\/\/i0.wp.com\/soy.usac.edu.gt\/wp-content\/uploads\/2018\/11\/sweden.jpg?resize=350%2C200&ssl=1","width":350,"height":200,"srcset":"https:\/\/i0.wp.com\/soy.usac.edu.gt\/wp-content\/uploads\/2018\/11\/sweden.jpg?resize=350%2C200&ssl=1 1x, https:\/\/i0.wp.com\/soy.usac.edu.gt\/wp-content\/uploads\/2018\/11\/sweden.jpg?resize=525%2C300&ssl=1 1.5x, https:\/\/i0.wp.com\/soy.usac.edu.gt\/wp-content\/uploads\/2018\/11\/sweden.jpg?resize=700%2C400&ssl=1 2x"},"classes":[]},{"id":22433,"url":"https:\/\/soy.usac.edu.gt\/?p=22433","url_meta":{"origin":11865,"position":2},"title":"Compromiso y excelencia:","author":"Divisi\u00f3n de Publicidad","date":"18 noviembre, 2025","format":false,"excerpt":"USAC celebra a sus estudiantes becados. En la USAC, cada beca representa una historia que avanza, un sue\u00f1o que se fortalece y un talento que encuentra camino. Con ese esp\u00edritu, se realiz\u00f3 el Encuentro Acad\u00e9mico de Docentes Becados USAC 2022\u20132025, un espacio donde los profesores beneficiados compartieron logros, experiencias y\u2026","rel":"","context":"En \u00abActividades\u00bb","block_context":{"text":"Actividades","link":"https:\/\/soy.usac.edu.gt\/?cat=126"},"img":{"alt_text":"","src":"https:\/\/i0.wp.com\/soy.usac.edu.gt\/wp-content\/uploads\/2025\/11\/WhatsApp-Image-2025-11-19-at-9.42.12-AM-2.jpeg?resize=350%2C200&ssl=1","width":350,"height":200,"srcset":"https:\/\/i0.wp.com\/soy.usac.edu.gt\/wp-content\/uploads\/2025\/11\/WhatsApp-Image-2025-11-19-at-9.42.12-AM-2.jpeg?resize=350%2C200&ssl=1 1x, https:\/\/i0.wp.com\/soy.usac.edu.gt\/wp-content\/uploads\/2025\/11\/WhatsApp-Image-2025-11-19-at-9.42.12-AM-2.jpeg?resize=525%2C300&ssl=1 1.5x, https:\/\/i0.wp.com\/soy.usac.edu.gt\/wp-content\/uploads\/2025\/11\/WhatsApp-Image-2025-11-19-at-9.42.12-AM-2.jpeg?resize=700%2C400&ssl=1 2x, https:\/\/i0.wp.com\/soy.usac.edu.gt\/wp-content\/uploads\/2025\/11\/WhatsApp-Image-2025-11-19-at-9.42.12-AM-2.jpeg?resize=1050%2C600&ssl=1 3x, https:\/\/i0.wp.com\/soy.usac.edu.gt\/wp-content\/uploads\/2025\/11\/WhatsApp-Image-2025-11-19-at-9.42.12-AM-2.jpeg?resize=1400%2C800&ssl=1 4x"},"classes":[]},{"id":8826,"url":"https:\/\/soy.usac.edu.gt\/?p=8826","url_meta":{"origin":11865,"position":3},"title":"Festival de Becas, una oportunidad para crecer","author":"Divisi\u00f3n de Publicidad","date":"12 octubre, 2019","format":false,"excerpt":"El Festival de Becas ser\u00e1 una actividad importante para toda la poblaci\u00f3n estudiantil guatemalteca, por todas las oportunidades de estudio que brindar\u00e1n las embajadas acreditadas en el pa\u00eds y distintas instituciones.","rel":"","context":"En \u00abBecas y Convocatorias\u00bb","block_context":{"text":"Becas y Convocatorias","link":"https:\/\/soy.usac.edu.gt\/?cat=127"},"img":{"alt_text":"","src":"https:\/\/i0.wp.com\/soy.usac.edu.gt\/wp-content\/uploads\/2019\/10\/feria-de-becas-dos.jpeg?resize=350%2C200&ssl=1","width":350,"height":200,"srcset":"https:\/\/i0.wp.com\/soy.usac.edu.gt\/wp-content\/uploads\/2019\/10\/feria-de-becas-dos.jpeg?resize=350%2C200&ssl=1 1x, https:\/\/i0.wp.com\/soy.usac.edu.gt\/wp-content\/uploads\/2019\/10\/feria-de-becas-dos.jpeg?resize=525%2C300&ssl=1 1.5x, https:\/\/i0.wp.com\/soy.usac.edu.gt\/wp-content\/uploads\/2019\/10\/feria-de-becas-dos.jpeg?resize=700%2C400&ssl=1 2x, https:\/\/i0.wp.com\/soy.usac.edu.gt\/wp-content\/uploads\/2019\/10\/feria-de-becas-dos.jpeg?resize=1050%2C600&ssl=1 3x"},"classes":[]},{"id":7211,"url":"https:\/\/soy.usac.edu.gt\/?p=7211","url_meta":{"origin":11865,"position":4},"title":"Oportunidades de becas en Guatemala y el extranjero","author":"Divisi\u00f3n de Publicidad","date":"28 junio, 2019","format":false,"excerpt":"La USAC te informa sobre las becas para licenciaturas, diplomados y posgrados a los que puedes optar.","rel":"","context":"En \u00abBecas y Convocatorias\u00bb","block_context":{"text":"Becas y Convocatorias","link":"https:\/\/soy.usac.edu.gt\/?cat=127"},"img":{"alt_text":"","src":"https:\/\/i0.wp.com\/soy.usac.edu.gt\/wp-content\/uploads\/2019\/06\/CALUSAC-12.jpg?resize=350%2C200&ssl=1","width":350,"height":200,"srcset":"https:\/\/i0.wp.com\/soy.usac.edu.gt\/wp-content\/uploads\/2019\/06\/CALUSAC-12.jpg?resize=350%2C200&ssl=1 1x, https:\/\/i0.wp.com\/soy.usac.edu.gt\/wp-content\/uploads\/2019\/06\/CALUSAC-12.jpg?resize=525%2C300&ssl=1 1.5x, https:\/\/i0.wp.com\/soy.usac.edu.gt\/wp-content\/uploads\/2019\/06\/CALUSAC-12.jpg?resize=700%2C400&ssl=1 2x, https:\/\/i0.wp.com\/soy.usac.edu.gt\/wp-content\/uploads\/2019\/06\/CALUSAC-12.jpg?resize=1050%2C600&ssl=1 3x, https:\/\/i0.wp.com\/soy.usac.edu.gt\/wp-content\/uploads\/2019\/06\/CALUSAC-12.jpg?resize=1400%2C800&ssl=1 4x"},"classes":[]},{"id":2969,"url":"https:\/\/soy.usac.edu.gt\/?p=2969","url_meta":{"origin":11865,"position":5},"title":"Abierta convocatoria de Becas Excelencia Eiffel","author":"Divisi\u00f3n de Publicidad","date":"4 noviembre, 2018","format":false,"excerpt":"La convocatoria de\u00a0becas Eiffel Excellence Programme estar\u00e1 abierta hasta el 11 de enero de 2019. Para poder aplicar se debe de ser estudiante y no pasar de los treinta a\u00f1os de edad. Las becas ser\u00e1n en nistituciones francesas de educaci\u00f3n superior y son otorgadas por el Ministerio para Europa y\u2026","rel":"","context":"En \u00abBecas y Convocatorias\u00bb","block_context":{"text":"Becas y Convocatorias","link":"https:\/\/soy.usac.edu.gt\/?cat=127"},"img":{"alt_text":"","src":"https:\/\/i0.wp.com\/soy.usac.edu.gt\/wp-content\/uploads\/2018\/11\/torre_eiffel2016.jpg?resize=350%2C200&ssl=1","width":350,"height":200,"srcset":"https:\/\/i0.wp.com\/soy.usac.edu.gt\/wp-content\/uploads\/2018\/11\/torre_eiffel2016.jpg?resize=350%2C200&ssl=1 1x, https:\/\/i0.wp.com\/soy.usac.edu.gt\/wp-content\/uploads\/2018\/11\/torre_eiffel2016.jpg?resize=525%2C300&ssl=1 1.5x, https:\/\/i0.wp.com\/soy.usac.edu.gt\/wp-content\/uploads\/2018\/11\/torre_eiffel2016.jpg?resize=700%2C400&ssl=1 2x"},"classes":[]}],"jetpack_sharing_enabled":true,"_links":{"self":[{"href":"https:\/\/soy.usac.edu.gt\/index.php?rest_route=\/wp\/v2\/posts\/11865","targetHints":{"allow":["GET"]}}],"collection":[{"href":"https:\/\/soy.usac.edu.gt\/index.php?rest_route=\/wp\/v2\/posts"}],"about":[{"href":"https:\/\/soy.usac.edu.gt\/index.php?rest_route=\/wp\/v2\/types\/post"}],"author":[{"embeddable":true,"href":"https:\/\/soy.usac.edu.gt\/index.php?rest_route=\/wp\/v2\/users\/1"}],"replies":[{"embeddable":true,"href":"https:\/\/soy.usac.edu.gt\/index.php?rest_route=%2Fwp%2Fv2%2Fcomments&post=11865"}],"version-history":[{"count":1,"href":"https:\/\/soy.usac.edu.gt\/index.php?rest_route=\/wp\/v2\/posts\/11865\/revisions"}],"predecessor-version":[{"id":11866,"href":"https:\/\/soy.usac.edu.gt\/index.php?rest_route=\/wp\/v2\/posts\/11865\/revisions\/11866"}],"wp:featuredmedia":[{"embeddable":true,"href":"https:\/\/soy.usac.edu.gt\/index.php?rest_route=\/wp\/v2\/media\/11874"}],"wp:attachment":[{"href":"https:\/\/soy.usac.edu.gt\/index.php?rest_route=%2Fwp%2Fv2%2Fmedia&parent=11865"}],"wp:term":[{"taxonomy":"category","embeddable":true,"href":"https:\/\/soy.usac.edu.gt\/index.php?rest_route=%2Fwp%2Fv2%2Fcategories&post=11865"},{"taxonomy":"post_tag","embeddable":true,"href":"https:\/\/soy.usac.edu.gt\/index.php?rest_route=%2Fwp%2Fv2%2Ftags&post=11865"}],"curies":[{"name":"wp","href":"https:\/\/api.w.org\/{rel}","templated":true}]}}