{"id":11878,"date":"2020-06-29T12:46:39","date_gmt":"2020-06-29T18:46:39","guid":{"rendered":"https:\/\/soy.usac.edu.gt\/?p=11878"},"modified":"2020-06-29T13:07:19","modified_gmt":"2020-06-29T19:07:19","slug":"la-coordinadora-general-de-planificacion-presenta-instructivo-para-la-formulacion-del-poa-institucional","status":"publish","type":"post","link":"https:\/\/soy.usac.edu.gt\/?p=11878","title":{"rendered":"La Coordinadora General de Planificacio\u0301n, presenta instructivo para la formulaci\u00f3n del POA institucional"},"content":{"rendered":"\n<p style=\"text-align: justify;\">El Instructivo para la Formulacio\u0301n del Plan Operativo Anual y Multianual, contiene los lineamientos para la formulacio\u0301n del Plan Operativo Anual \u2013POA- y Multianual en la plataforma auxiliar POA\/USAC.<\/p>\n<p style=\"text-align: justify;\">La formulacio\u0301n de la Programacio\u0301n Operativa Anual, debe fortalecer la gestio\u0301n administrativa y financiera de la Universidad de San Carlos de Guatemala, con la finalidad de cumplir con los objetivos institucionales, <em>transparentar y optimizar los procesos de planificacio\u0301n de cada una de las unidades acade\u0301micas y administrativas de la Universidad. <\/em><\/p>\n<p style=\"text-align: justify;\">Para ello a partir del ejercicio fiscal 2020, el POA\/Presupuesto se hara\u0301 de manera coordinada con el Departamento de Presupuesto de la Direccio\u0301n General Financiera. La Coordinadora General de Planificacio\u0301n, pone a disposicio\u0301n de los responsables de planificacio\u0301n el presente instructivo.<\/p>\n<h5><strong>Vea ac\u00e1 el instructivo<\/strong><\/h5>\n<div style=\"text-align: center;\">\n<div style=\"margin: 8px 0px 4px;\"><a href=\"https:\/\/www.calameo.com\/books\/006338926b76d12786742\" target=\"_blank\" rel=\"noopener noreferrer\">Instructivo General De Planificaci\u00f3n<\/a><\/div>\n<iframe loading=\"lazy\" style=\"margin: 0 auto;\" src=\"\/\/v.calameo.com\/?bkcode=006338926b76d12786742\" width=\"300\" height=\"194\" frameborder=\"0\" scrolling=\"no\" allowfullscreen=\"allowfullscreen\"><\/iframe>\n<div style=\"margin: 4px 0px 8px;\"><a href=\"http:\/\/www.calameo.com\/\">Publish at Calameo<\/a><\/div>\n<\/div>\n\n\n\n<div class=\"wp-block-buttons is-layout-flex wp-block-buttons-is-layout-flex\">\n<div class=\"wp-block-button\"><a class=\"wp-block-button__link has-background has-vivid-cyan-blue-background-color\" href=\"https:\/\/soy.usac.edu.gt\/wp-content\/uploads\/2020\/06\/INSTRUCTIVO-GENERAL-DE-PLANIFICACION.pdf\" target=\"_blank\" rel=\"noreferrer noopener\">Descarga<\/a><\/div>\n<\/div>\n","protected":false},"excerpt":{"rendered":"<p>El Instructivo para la Formulacio\u0301n del Plan Operativo Anual y Multianual, contiene los lineamientos para la formulacio\u0301n del Plan Operativo Anual \u2013POA- y Multianual en la plataforma auxiliar POA\/USAC.<\/p>\n","protected":false},"author":1,"featured_media":11921,"comment_status":"closed","ping_status":"open","sticky":false,"template":"","format":"standard","meta":{"_exactmetrics_skip_tracking":false,"_exactmetrics_sitenote_active":false,"_exactmetrics_sitenote_note":"","_exactmetrics_sitenote_category":0,"_jetpack_memberships_contains_paid_content":false,"footnotes":""},"categories":[29,636],"tags":[639,638,637],"class_list":["post-11878","post","type-post","status-publish","format-standard","has-post-thumbnail","hentry","category-noticias","category-seccion-legal","tag-coordinadora-general-de-planificacion","tag-poa","tag-seccion-legal"],"aioseo_notices":[],"jetpack_featured_media_url":"https:\/\/soy.usac.edu.gt\/wp-content\/uploads\/2020\/06\/weblegal.jpg","views":"","jetpack-related-posts":[{"id":19335,"url":"https:\/\/soy.usac.edu.gt\/?p=19335","url_meta":{"origin":11878,"position":0},"title":"USAC presenta Plan Estrat\u00e9gico 2030","author":"Divisi\u00f3n de Publicidad","date":"29 mayo, 2023","format":false,"excerpt":"El documento plantea l\u00edneas de acci\u00f3n que impulsan la excelencia acad\u00e9mica, la extensi\u00f3n universitaria y el quehacer apegado a la realidad y necesidades de la sociedad guatemalteca.","rel":"","context":"En \u00abNoticias\u00bb","block_context":{"text":"Noticias","link":"https:\/\/soy.usac.edu.gt\/?cat=29"},"img":{"alt_text":"","src":"https:\/\/i0.wp.com\/soy.usac.edu.gt\/wp-content\/uploads\/2023\/05\/349504352_1031254598071209_7790233223196233675_n.jpg?resize=350%2C200&ssl=1","width":350,"height":200,"srcset":"https:\/\/i0.wp.com\/soy.usac.edu.gt\/wp-content\/uploads\/2023\/05\/349504352_1031254598071209_7790233223196233675_n.jpg?resize=350%2C200&ssl=1 1x, https:\/\/i0.wp.com\/soy.usac.edu.gt\/wp-content\/uploads\/2023\/05\/349504352_1031254598071209_7790233223196233675_n.jpg?resize=525%2C300&ssl=1 1.5x, https:\/\/i0.wp.com\/soy.usac.edu.gt\/wp-content\/uploads\/2023\/05\/349504352_1031254598071209_7790233223196233675_n.jpg?resize=700%2C400&ssl=1 2x, https:\/\/i0.wp.com\/soy.usac.edu.gt\/wp-content\/uploads\/2023\/05\/349504352_1031254598071209_7790233223196233675_n.jpg?resize=1050%2C600&ssl=1 3x, https:\/\/i0.wp.com\/soy.usac.edu.gt\/wp-content\/uploads\/2023\/05\/349504352_1031254598071209_7790233223196233675_n.jpg?resize=1400%2C800&ssl=1 4x"},"classes":[]},{"id":7423,"url":"https:\/\/soy.usac.edu.gt\/?p=7423","url_meta":{"origin":11878,"position":1},"title":"La USAC contribuir\u00e1 a lograr los Objetivos de Desarrollo Sostenible","author":"Edwin Medina","date":"16 julio, 2019","format":false,"excerpt":"Los ODS son parte del Plan K\u00b4atun 2032 y\u00a0 buscan erradicar la pobreza y generar espacios de\u00a0 paz en un panorama ideal de convivencia.","rel":"","context":"En \u00abM\u00e1s Noticias\u00bb","block_context":{"text":"M\u00e1s Noticias","link":"https:\/\/soy.usac.edu.gt\/?cat=96"},"img":{"alt_text":"","src":"https:\/\/i0.wp.com\/soy.usac.edu.gt\/wp-content\/uploads\/2019\/07\/EDLO0930.jpg?resize=350%2C200&ssl=1","width":350,"height":200,"srcset":"https:\/\/i0.wp.com\/soy.usac.edu.gt\/wp-content\/uploads\/2019\/07\/EDLO0930.jpg?resize=350%2C200&ssl=1 1x, https:\/\/i0.wp.com\/soy.usac.edu.gt\/wp-content\/uploads\/2019\/07\/EDLO0930.jpg?resize=525%2C300&ssl=1 1.5x, https:\/\/i0.wp.com\/soy.usac.edu.gt\/wp-content\/uploads\/2019\/07\/EDLO0930.jpg?resize=700%2C400&ssl=1 2x, https:\/\/i0.wp.com\/soy.usac.edu.gt\/wp-content\/uploads\/2019\/07\/EDLO0930.jpg?resize=1050%2C600&ssl=1 3x, https:\/\/i0.wp.com\/soy.usac.edu.gt\/wp-content\/uploads\/2019\/07\/EDLO0930.jpg?resize=1400%2C800&ssl=1 4x"},"classes":[]},{"id":22154,"url":"https:\/\/soy.usac.edu.gt\/?p=22154","url_meta":{"origin":11878,"position":2},"title":"SEP realiza Asamblea General para impulsar la excelencia acad\u00e9mica","author":"Divisi\u00f3n de Publicidad","date":"6 octubre, 2025","format":false,"excerpt":"En un espacio de di\u00e1logo acad\u00e9mico y reconocimiento institucional, la Universidad de San Carlos de Guatemala, a trav\u00e9s del Sistema de Estudios de Postgrado (SEP), celebr\u00f3 la Asamblea General Ordinaria No. 04-2025, reafirmando su compromiso con la excelencia, la innovaci\u00f3n y la internacionalizaci\u00f3n de los programas de posgrado. Entre las\u2026","rel":"","context":"En \u00abActividades\u00bb","block_context":{"text":"Actividades","link":"https:\/\/soy.usac.edu.gt\/?cat=126"},"img":{"alt_text":"","src":"https:\/\/i0.wp.com\/soy.usac.edu.gt\/wp-content\/uploads\/2025\/10\/DSC00567-1-scaled.jpg?resize=350%2C200&ssl=1","width":350,"height":200,"srcset":"https:\/\/i0.wp.com\/soy.usac.edu.gt\/wp-content\/uploads\/2025\/10\/DSC00567-1-scaled.jpg?resize=350%2C200&ssl=1 1x, https:\/\/i0.wp.com\/soy.usac.edu.gt\/wp-content\/uploads\/2025\/10\/DSC00567-1-scaled.jpg?resize=525%2C300&ssl=1 1.5x, https:\/\/i0.wp.com\/soy.usac.edu.gt\/wp-content\/uploads\/2025\/10\/DSC00567-1-scaled.jpg?resize=700%2C400&ssl=1 2x, https:\/\/i0.wp.com\/soy.usac.edu.gt\/wp-content\/uploads\/2025\/10\/DSC00567-1-scaled.jpg?resize=1050%2C600&ssl=1 3x, https:\/\/i0.wp.com\/soy.usac.edu.gt\/wp-content\/uploads\/2025\/10\/DSC00567-1-scaled.jpg?resize=1400%2C800&ssl=1 4x"},"classes":[]},{"id":7661,"url":"https:\/\/soy.usac.edu.gt\/?p=7661","url_meta":{"origin":11878,"position":3},"title":"La Divisi\u00f3n de Protocolo realiza capacitaci\u00f3n","author":"Erick Iv\u00e1n de Le\u00f3n","date":"23 julio, 2019","format":false,"excerpt":"La Divisi\u00f3n de Protocolo ofreci\u00f3 dos conferencias en torno a temas como etiqueta, ceremonia, log\u00edstica y liderazgo a profesionales y estudiantes de la comunidad universitaria en el Aula Magna Igl\u00fa.","rel":"","context":"En \u00abNoticias\u00bb","block_context":{"text":"Noticias","link":"https:\/\/soy.usac.edu.gt\/?cat=29"},"img":{"alt_text":"","src":"https:\/\/i0.wp.com\/soy.usac.edu.gt\/wp-content\/uploads\/2019\/07\/IMG_5249.jpg?resize=350%2C200&ssl=1","width":350,"height":200,"srcset":"https:\/\/i0.wp.com\/soy.usac.edu.gt\/wp-content\/uploads\/2019\/07\/IMG_5249.jpg?resize=350%2C200&ssl=1 1x, https:\/\/i0.wp.com\/soy.usac.edu.gt\/wp-content\/uploads\/2019\/07\/IMG_5249.jpg?resize=525%2C300&ssl=1 1.5x, https:\/\/i0.wp.com\/soy.usac.edu.gt\/wp-content\/uploads\/2019\/07\/IMG_5249.jpg?resize=700%2C400&ssl=1 2x, https:\/\/i0.wp.com\/soy.usac.edu.gt\/wp-content\/uploads\/2019\/07\/IMG_5249.jpg?resize=1050%2C600&ssl=1 3x, https:\/\/i0.wp.com\/soy.usac.edu.gt\/wp-content\/uploads\/2019\/07\/IMG_5249.jpg?resize=1400%2C800&ssl=1 4x"},"classes":[]},{"id":22215,"url":"https:\/\/soy.usac.edu.gt\/?p=22215","url_meta":{"origin":11878,"position":4},"title":"Universidad de San Carlos impulsa jornada m\u00e9dica en alianza con el IGSS","author":"Divisi\u00f3n de Publicidad","date":"14 octubre, 2025","format":false,"excerpt":"Con el objetivo de fortalecer el bienestar de su comunidad universitaria, La Universidad de San Carlos de Guatemala, en alianza con el Instituto Guatemalteco de Seguridad Social (IGSS), lleva a cabo la Semana de la Seguridad Social, una jornada dedicada al bienestar y la salud de los trabajadores universitarios del\u2026","rel":"","context":"En \u00abActividades\u00bb","block_context":{"text":"Actividades","link":"https:\/\/soy.usac.edu.gt\/?cat=126"},"img":{"alt_text":"","src":"https:\/\/i0.wp.com\/soy.usac.edu.gt\/wp-content\/uploads\/2025\/10\/WhatsApp-Image-2025-10-14-at-4.21.56-PM-2.jpeg?resize=350%2C200&ssl=1","width":350,"height":200,"srcset":"https:\/\/i0.wp.com\/soy.usac.edu.gt\/wp-content\/uploads\/2025\/10\/WhatsApp-Image-2025-10-14-at-4.21.56-PM-2.jpeg?resize=350%2C200&ssl=1 1x, https:\/\/i0.wp.com\/soy.usac.edu.gt\/wp-content\/uploads\/2025\/10\/WhatsApp-Image-2025-10-14-at-4.21.56-PM-2.jpeg?resize=525%2C300&ssl=1 1.5x, https:\/\/i0.wp.com\/soy.usac.edu.gt\/wp-content\/uploads\/2025\/10\/WhatsApp-Image-2025-10-14-at-4.21.56-PM-2.jpeg?resize=700%2C400&ssl=1 2x, https:\/\/i0.wp.com\/soy.usac.edu.gt\/wp-content\/uploads\/2025\/10\/WhatsApp-Image-2025-10-14-at-4.21.56-PM-2.jpeg?resize=1050%2C600&ssl=1 3x, https:\/\/i0.wp.com\/soy.usac.edu.gt\/wp-content\/uploads\/2025\/10\/WhatsApp-Image-2025-10-14-at-4.21.56-PM-2.jpeg?resize=1400%2C800&ssl=1 4x"},"classes":[]},{"id":8250,"url":"https:\/\/soy.usac.edu.gt\/?p=8250","url_meta":{"origin":11878,"position":5},"title":"Trabajadores de Rector\u00eda eligen a sus representantes para el proceso de Reforma Universitaria","author":"Divisi\u00f3n de Publicidad","date":"24 septiembre, 2019","format":false,"excerpt":"Los profesionales Gisela C\u00e1rcamo y Carlos Porras fueron elegidos como representantes de los trabajadores de Rector\u00eda para conformar la Comisi\u00f3n de Reforma Universitaria (CRU), ente que ser\u00e1 el encargado de dirigir el proceso.\u00a0","rel":"","context":"En \u00abNoticias\u00bb","block_context":{"text":"Noticias","link":"https:\/\/soy.usac.edu.gt\/?cat=29"},"img":{"alt_text":"","src":"https:\/\/i0.wp.com\/soy.usac.edu.gt\/wp-content\/uploads\/2019\/09\/Destacada.jpg?resize=350%2C200&ssl=1","width":350,"height":200,"srcset":"https:\/\/i0.wp.com\/soy.usac.edu.gt\/wp-content\/uploads\/2019\/09\/Destacada.jpg?resize=350%2C200&ssl=1 1x, https:\/\/i0.wp.com\/soy.usac.edu.gt\/wp-content\/uploads\/2019\/09\/Destacada.jpg?resize=525%2C300&ssl=1 1.5x, https:\/\/i0.wp.com\/soy.usac.edu.gt\/wp-content\/uploads\/2019\/09\/Destacada.jpg?resize=700%2C400&ssl=1 2x, https:\/\/i0.wp.com\/soy.usac.edu.gt\/wp-content\/uploads\/2019\/09\/Destacada.jpg?resize=1050%2C600&ssl=1 3x, https:\/\/i0.wp.com\/soy.usac.edu.gt\/wp-content\/uploads\/2019\/09\/Destacada.jpg?resize=1400%2C800&ssl=1 4x"},"classes":[]}],"jetpack_sharing_enabled":true,"_links":{"self":[{"href":"https:\/\/soy.usac.edu.gt\/index.php?rest_route=\/wp\/v2\/posts\/11878","targetHints":{"allow":["GET"]}}],"collection":[{"href":"https:\/\/soy.usac.edu.gt\/index.php?rest_route=\/wp\/v2\/posts"}],"about":[{"href":"https:\/\/soy.usac.edu.gt\/index.php?rest_route=\/wp\/v2\/types\/post"}],"author":[{"embeddable":true,"href":"https:\/\/soy.usac.edu.gt\/index.php?rest_route=\/wp\/v2\/users\/1"}],"replies":[{"embeddable":true,"href":"https:\/\/soy.usac.edu.gt\/index.php?rest_route=%2Fwp%2Fv2%2Fcomments&post=11878"}],"version-history":[{"count":5,"href":"https:\/\/soy.usac.edu.gt\/index.php?rest_route=\/wp\/v2\/posts\/11878\/revisions"}],"predecessor-version":[{"id":11923,"href":"https:\/\/soy.usac.edu.gt\/index.php?rest_route=\/wp\/v2\/posts\/11878\/revisions\/11923"}],"wp:featuredmedia":[{"embeddable":true,"href":"https:\/\/soy.usac.edu.gt\/index.php?rest_route=\/wp\/v2\/media\/11921"}],"wp:attachment":[{"href":"https:\/\/soy.usac.edu.gt\/index.php?rest_route=%2Fwp%2Fv2%2Fmedia&parent=11878"}],"wp:term":[{"taxonomy":"category","embeddable":true,"href":"https:\/\/soy.usac.edu.gt\/index.php?rest_route=%2Fwp%2Fv2%2Fcategories&post=11878"},{"taxonomy":"post_tag","embeddable":true,"href":"https:\/\/soy.usac.edu.gt\/index.php?rest_route=%2Fwp%2Fv2%2Ftags&post=11878"}],"curies":[{"name":"wp","href":"https:\/\/api.w.org\/{rel}","templated":true}]}}