{"id":11948,"date":"2020-07-01T20:51:32","date_gmt":"2020-07-02T02:51:32","guid":{"rendered":"https:\/\/soy.usac.edu.gt\/?p=11948"},"modified":"2020-07-01T20:51:33","modified_gmt":"2020-07-02T02:51:33","slug":"csu-demanda-fortalecer-el-respeto-al-orden-constitucional","status":"publish","type":"post","link":"https:\/\/soy.usac.edu.gt\/?p=11948","title":{"rendered":"CSU demanda fortalecer el respeto al orden constitucional"},"content":{"rendered":"\n<h5 style=\"text-align: center;\"><strong>EL CONSEJO SUPERIOR UNIVERSITARIO DE LA UNIVERSIDAD DE SAN CARLOS DE GUATEMALA Y EL RECTOR MSC. ING. MURPHY OLYMPO PAIZ RECINOS <\/strong><\/h5>\n<h5 style=\"text-align: center;\"><strong>ANTE LOS ACONTECIMIENTOS RECIENTES EN EL PA\u00cdS <\/strong><\/h5>\n<h5 style=\"text-align: center;\"><strong>CONSIDERANDO: <\/strong><\/h5>\n<p style=\"text-align: justify;\">La funci\u00f3n esencial de la Corte de Constitucionalidad es la defensa del orden constitucional; act\u00faa como tribunal colegiado con independencia de los dem\u00e1s organismos del Estado y ejerce funciones espec\u00edficas que le asigna la Constituci\u00f3n y la ley de la materia. Como ente especializado en la interpretaci\u00f3n de las normas constitucionales, de conformidad con el Art\u00edculo 185 de la Ley de Amparo, Exhibici\u00f3n Personal y de Constitucionalidad, emite resoluciones vinculantes para el poder p\u00fablico y \u00f3rganos del Estado.<\/p>\n<p style=\"text-align: justify;\">Conscientes de que la Universidad de San Carlos de Guatemala debe contribuir y aportar soluciones dirigidas al fortalecimiento institucional, para consolidar nuestro sistema democr\u00e1tico, el estado de derecho e independencia judicial, ante el evidente conflicto de intereses en torno a la integraci\u00f3n de la n\u00f3mina de aspirantes a Magistrados de Corte Suprema de Justicia y Magistrados de la Corte de Apelaciones, demanda <strong>fortalecer el respeto al orden constitucional del pa\u00eds y la paz social,<\/strong> a trav\u00e9s de una instancia de mediaci\u00f3n integrada por los Presidentes de los tres poderes del Estado y por el Presidente de la Corte de Constitucionalidad, teniendo como observadores y testigos de honor al Rector de la Universidad de San Carlos de Guatemala, al Presidente del Colegio de Abogados y Notarios de Guatemala y al Procurador de los Derechos Humanos, por medio de la cual se garantice el imperio de la ley.<\/p>\n<p style=\"text-align: justify;\">Esta Casa de Estudios Superiores manifiesta su disponibilidad de contribuir en la resoluci\u00f3n del conflicto, velando por la gobernabilidad y estabilidad del pa\u00eds.<\/p>\n<h5 style=\"text-align: center;\"><strong>POR LO ANTERIOR HACE UN LLAMADO: <\/strong><\/h5>\n<p style=\"text-align: justify;\"><strong>1.<\/strong> A la reflexi\u00f3n por el respeto a la Constituci\u00f3n Pol\u00edtica de la Rep\u00fablica de Guatemala, las leyes ordinarias, los poderes y obligaciones del Estado, y el uso de los mecanismos o recursos legales para resolver la controversia antes que la misma provoque un conflicto social de mayor relevancia.<\/p>\n<p style=\"text-align: justify;\"><strong>2.<\/strong> A los Organismos del Estado y a la Corte de Constitucionalidad a integrar la instancia de mediaci\u00f3n propuesta para resolver el conflicto, sin rompimiento del orden constitucional y con estricto apego a la ley, para hacer prevalecer el estado de derecho.<\/p>\n<p style=\"text-align: justify;\"><strong>La Universidad de San Carlos de Guatemala contribuye a fomentar la cultura democr\u00e1tica, al servicio de la poblaci\u00f3n guatemalteca, con su capital humano y conocimiento cient\u00edfico-social.<\/strong><\/p>\n<p style=\"text-align: center;\"><strong>\u00abID Y ENSE\u00d1AD A TODOS\u00bb <\/strong><\/p>\n<p style=\"text-align: right;\">Guatemala, 1 de julio de 2020.<\/p>\n","protected":false},"excerpt":{"rendered":"<p>Esta Casa de Estudios Superiores manifiesta su disponibilidad de contribuir en la resoluci\u00f3n del conflicto, velando por la gobernabilidad y estabilidad del pa\u00eds.<\/p>\n","protected":false},"author":1,"featured_media":0,"comment_status":"closed","ping_status":"open","sticky":false,"template":"","format":"standard","meta":{"_exactmetrics_skip_tracking":false,"_exactmetrics_sitenote_active":false,"_exactmetrics_sitenote_note":"","_exactmetrics_sitenote_category":0,"_jetpack_memberships_contains_paid_content":false,"footnotes":""},"categories":[29,151],"tags":[317,642,641],"class_list":["post-11948","post","type-post","status-publish","format-standard","hentry","category-noticias","category-opinion","tag-consejo-superior-universitario","tag-corte-de-constitucionalidad","tag-corte-suprema-de-justicia"],"aioseo_notices":[],"jetpack_featured_media_url":"","views":"","jetpack-related-posts":[{"id":13988,"url":"https:\/\/soy.usac.edu.gt\/?p=13988","url_meta":{"origin":11948,"position":0},"title":"Comunicado del CSU a la poblaci\u00f3n en general","author":"Divisi\u00f3n de Publicidad","date":"26 abril, 2021","format":false,"excerpt":"El Consejo Superior Universitario y \u00a0El Rector en funciones, Dr. Jorge Fernando Orellana Oliva, de la\u00a0Universidad de San Carlos de Guatemala Ante la resoluci\u00f3n de fecha 12 de abril de 2021, de la Sala Primera de lo Contencioso Administrativo, constituida en tribunal de amparo, dentro del Amparo 01011-2021-00083 que otorg\u00f3\u2026","rel":"","context":"En \u00abSin categor\u00eda\u00bb","block_context":{"text":"Sin categor\u00eda","link":"https:\/\/soy.usac.edu.gt\/?cat=1"},"img":{"alt_text":"","src":"https:\/\/i0.wp.com\/soy.usac.edu.gt\/wp-content\/uploads\/2021\/02\/COMUNICADO-IMAGEN-WEB.jpeg?resize=350%2C200&ssl=1","width":350,"height":200,"srcset":"https:\/\/i0.wp.com\/soy.usac.edu.gt\/wp-content\/uploads\/2021\/02\/COMUNICADO-IMAGEN-WEB.jpeg?resize=350%2C200&ssl=1 1x, https:\/\/i0.wp.com\/soy.usac.edu.gt\/wp-content\/uploads\/2021\/02\/COMUNICADO-IMAGEN-WEB.jpeg?resize=525%2C300&ssl=1 1.5x, https:\/\/i0.wp.com\/soy.usac.edu.gt\/wp-content\/uploads\/2021\/02\/COMUNICADO-IMAGEN-WEB.jpeg?resize=700%2C400&ssl=1 2x"},"classes":[]},{"id":12497,"url":"https:\/\/soy.usac.edu.gt\/?p=12497","url_meta":{"origin":11948,"position":1},"title":"CSU se pronuncia ante situaci\u00f3n de la CC","author":"Divisi\u00f3n de Publicidad","date":"8 octubre, 2020","format":false,"excerpt":"La instituci\u00f3n jur\u00eddica de magistraturas suplentes, como todo \u00f3rgano colegiado de justicia, tiene como fin fundamental garantizar la impartici\u00f3n de justicia ante casos fortuitos.","rel":"","context":"En \u00abNoticias\u00bb","block_context":{"text":"Noticias","link":"https:\/\/soy.usac.edu.gt\/?cat=29"},"img":{"alt_text":"","src":"","width":0,"height":0},"classes":[]},{"id":3411,"url":"https:\/\/soy.usac.edu.gt\/?p=3411","url_meta":{"origin":11948,"position":2},"title":"COMUNICADO DE PRENSA","author":"Divisi\u00f3n de Publicidad","date":"9 enero, 2019","format":false,"excerpt":"La Universidad de San Carlos de Guatemala y el Consejo Superior Universitario hacen saber a la opini\u00f3n p\u00fablica: \u00a0 La Universidad de San Carlos de Guatemala, ha dado seguimiento a la actual crisis institucional provocada por las acciones del Organismo Ejecutivo como respuesta al trabajo realizado por la CICIG. Derivado\u2026","rel":"","context":"En \u00abNoticias\u00bb","block_context":{"text":"Noticias","link":"https:\/\/soy.usac.edu.gt\/?cat=29"},"img":{"alt_text":"","src":"https:\/\/i0.wp.com\/soy.usac.edu.gt\/wp-content\/uploads\/2019\/01\/Comunicado-de-prensa-01.jpg?resize=350%2C200&ssl=1","width":350,"height":200,"srcset":"https:\/\/i0.wp.com\/soy.usac.edu.gt\/wp-content\/uploads\/2019\/01\/Comunicado-de-prensa-01.jpg?resize=350%2C200&ssl=1 1x, https:\/\/i0.wp.com\/soy.usac.edu.gt\/wp-content\/uploads\/2019\/01\/Comunicado-de-prensa-01.jpg?resize=525%2C300&ssl=1 1.5x, https:\/\/i0.wp.com\/soy.usac.edu.gt\/wp-content\/uploads\/2019\/01\/Comunicado-de-prensa-01.jpg?resize=700%2C400&ssl=1 2x, https:\/\/i0.wp.com\/soy.usac.edu.gt\/wp-content\/uploads\/2019\/01\/Comunicado-de-prensa-01.jpg?resize=1050%2C600&ssl=1 3x, https:\/\/i0.wp.com\/soy.usac.edu.gt\/wp-content\/uploads\/2019\/01\/Comunicado-de-prensa-01.jpg?resize=1400%2C800&ssl=1 4x"},"classes":[]},{"id":10862,"url":"https:\/\/soy.usac.edu.gt\/?p=10862","url_meta":{"origin":11948,"position":3},"title":"CSU rechaza posicionamiento de sectores que adversan el presupuesto para la USAC","author":"Divisi\u00f3n de Publicidad","date":"28 febrero, 2020","format":false,"excerpt":"Su rechazo ante el posicionamiento de sectores que adversan el mandato de otorgar los recursos que establece el art\u00edculo 84 constitucional para la USAC","rel":"","context":"En \u00abM\u00e1s Noticias\u00bb","block_context":{"text":"M\u00e1s Noticias","link":"https:\/\/soy.usac.edu.gt\/?cat=96"},"img":{"alt_text":"","src":"","width":0,"height":0},"classes":[]},{"id":14042,"url":"https:\/\/soy.usac.edu.gt\/?p=14042","url_meta":{"origin":11948,"position":4},"title":"En relaci\u00f3n al Proceso de Designaci\u00f3n de Magistrados  Titular y Suplente por el CSU ante la CC","author":"Divisi\u00f3n de Publicidad","date":"26 febrero, 2021","format":false,"excerpt":"En relaci\u00f3n al Proceso de Designaci\u00f3n de Magistrados (as) Titular y Suplente por el Consejo Superior Universitario de la Universidad de San Carlos de Guatemala ante la Corte de Constitucionalidad, per\u00edodo 2021-2026,","rel":"","context":"En \u00abNoticias\u00bb","block_context":{"text":"Noticias","link":"https:\/\/soy.usac.edu.gt\/?cat=29"},"img":{"alt_text":"","src":"https:\/\/i0.wp.com\/soy.usac.edu.gt\/wp-content\/uploads\/2021\/02\/COMUNICADO-IMAGEN-WEB.jpeg?resize=350%2C200&ssl=1","width":350,"height":200,"srcset":"https:\/\/i0.wp.com\/soy.usac.edu.gt\/wp-content\/uploads\/2021\/02\/COMUNICADO-IMAGEN-WEB.jpeg?resize=350%2C200&ssl=1 1x, https:\/\/i0.wp.com\/soy.usac.edu.gt\/wp-content\/uploads\/2021\/02\/COMUNICADO-IMAGEN-WEB.jpeg?resize=525%2C300&ssl=1 1.5x, https:\/\/i0.wp.com\/soy.usac.edu.gt\/wp-content\/uploads\/2021\/02\/COMUNICADO-IMAGEN-WEB.jpeg?resize=700%2C400&ssl=1 2x"},"classes":[]},{"id":16029,"url":"https:\/\/soy.usac.edu.gt\/?p=16029","url_meta":{"origin":11948,"position":5},"title":"USAC exige el 5% del presupuesto del Estado para la educaci\u00f3n superior de calidad.","author":"Divisi\u00f3n de Publicidad","date":"18 noviembre, 2021","format":false,"excerpt":"La estabilidad del funcionamiento de la Universidad de San Carlos de Guatemala est\u00e1 afectada directamente por la aprobaci\u00f3n inadecuada del Presupuesto General de Ingresos y Egresos del Estado desde el a\u00f1o 2018, situaci\u00f3n que ha impactado directamente en las finanzas institucionales, generando una profunda crisis presupuestal y financiera que se\u2026","rel":"","context":"En \u00abOpini\u00f3n\u00bb","block_context":{"text":"Opini\u00f3n","link":"https:\/\/soy.usac.edu.gt\/?cat=125"},"img":{"alt_text":"","src":"https:\/\/i0.wp.com\/soy.usac.edu.gt\/wp-content\/uploads\/2021\/02\/COMUNICADO-IMAGEN-WEB.jpeg?resize=350%2C200&ssl=1","width":350,"height":200,"srcset":"https:\/\/i0.wp.com\/soy.usac.edu.gt\/wp-content\/uploads\/2021\/02\/COMUNICADO-IMAGEN-WEB.jpeg?resize=350%2C200&ssl=1 1x, https:\/\/i0.wp.com\/soy.usac.edu.gt\/wp-content\/uploads\/2021\/02\/COMUNICADO-IMAGEN-WEB.jpeg?resize=525%2C300&ssl=1 1.5x, https:\/\/i0.wp.com\/soy.usac.edu.gt\/wp-content\/uploads\/2021\/02\/COMUNICADO-IMAGEN-WEB.jpeg?resize=700%2C400&ssl=1 2x"},"classes":[]}],"jetpack_sharing_enabled":true,"_links":{"self":[{"href":"https:\/\/soy.usac.edu.gt\/index.php?rest_route=\/wp\/v2\/posts\/11948","targetHints":{"allow":["GET"]}}],"collection":[{"href":"https:\/\/soy.usac.edu.gt\/index.php?rest_route=\/wp\/v2\/posts"}],"about":[{"href":"https:\/\/soy.usac.edu.gt\/index.php?rest_route=\/wp\/v2\/types\/post"}],"author":[{"embeddable":true,"href":"https:\/\/soy.usac.edu.gt\/index.php?rest_route=\/wp\/v2\/users\/1"}],"replies":[{"embeddable":true,"href":"https:\/\/soy.usac.edu.gt\/index.php?rest_route=%2Fwp%2Fv2%2Fcomments&post=11948"}],"version-history":[{"count":1,"href":"https:\/\/soy.usac.edu.gt\/index.php?rest_route=\/wp\/v2\/posts\/11948\/revisions"}],"predecessor-version":[{"id":11949,"href":"https:\/\/soy.usac.edu.gt\/index.php?rest_route=\/wp\/v2\/posts\/11948\/revisions\/11949"}],"wp:attachment":[{"href":"https:\/\/soy.usac.edu.gt\/index.php?rest_route=%2Fwp%2Fv2%2Fmedia&parent=11948"}],"wp:term":[{"taxonomy":"category","embeddable":true,"href":"https:\/\/soy.usac.edu.gt\/index.php?rest_route=%2Fwp%2Fv2%2Fcategories&post=11948"},{"taxonomy":"post_tag","embeddable":true,"href":"https:\/\/soy.usac.edu.gt\/index.php?rest_route=%2Fwp%2Fv2%2Ftags&post=11948"}],"curies":[{"name":"wp","href":"https:\/\/api.w.org\/{rel}","templated":true}]}}