{"id":12109,"date":"2020-07-27T22:08:43","date_gmt":"2020-07-28T04:08:43","guid":{"rendered":"https:\/\/soy.usac.edu.gt\/?p=12109"},"modified":"2020-07-27T22:08:43","modified_gmt":"2020-07-28T04:08:43","slug":"actividades-academicas-y-administrativas-continuan-en-linea-para-el-mes-de-agosto","status":"publish","type":"post","link":"https:\/\/soy.usac.edu.gt\/?p=12109","title":{"rendered":"Actividades acad\u00e9micas y administrativas contin\u00faan en l\u00ednea para el mes de agosto."},"content":{"rendered":"\n<h5 style=\"text-align: center;\"><strong>COMUNICADO DEL SE\u00d1OR RECTOR, ING. MURPHY OLYMPO PAIZ RECINOS, PARA LA COMUNIDAD UNIVERSITARIA Y PUEBLO DE GUATEMALA <\/strong><\/h5>\n<h5 style=\"text-align: center;\"><em><strong>Considerando las \u00faltimas disposiciones de apertura del pa\u00eds dadas a conocer recientemente: <\/strong><\/em><\/h5>\n<p style=\"text-align: justify;\">En relaci\u00f3n con determinadas noticias que tienden a confundir a la comunidad sancarlista, me permito exponer que el Consejo Superior Universitario ha establecido que durante el mes de agosto se debe trabajar en casa aprovechando la metodolog\u00eda virtual.<\/p>\n<p style=\"text-align: justify;\">Que de igual manera, durante los pr\u00f3ximos d\u00edas, se evaluar\u00e1 si hay condiciones para implementar a partir de septiembre actividades acad\u00e9micas de conformidad con los protocolos correspondientes para laboratorios o pr\u00e1cticas, que aseguren las competencias de formaci\u00f3n de algunas profesiones; y en lo administrativo, el regreso escalonado.<\/p>\n<p style=\"text-align: justify;\">El Consejo Superior Universitario, en el uso de sus facultades, y su servidor, en representaci\u00f3n de la Universidad de San Carlos de Guatemala, desde el 13 de marzo, fuimos claros y firmes en suspender las actividades presenciales. De continuar la tendencia en un aumento que ponga en peligro a la comunidad universitaria, a sus familias y sociedad en general, <strong>dicha disposici\u00f3n no cambiar\u00e1.<\/strong><\/p>\n<p>\u00a0<\/p>\n<h5 style=\"text-align: center;\"><em><strong>En mi calidad de Rector, me permito solicitar: <\/strong><\/em><\/h5>\n<p style=\"text-align: justify;\">A las autoridades de Gobierno central, invertir todos los recursos necesarios en el plan de contingencia al COVID-19, lo cual significa mejora de la inversi\u00f3n de compra de equipo de protecci\u00f3n de salud, pago de salarios, y, especialmente, la entrega de la bolsa de estudios para los alumnos que han logrado sostener a trav\u00e9s del Ejercicio Profesional Supervisado parte de la responsabilidad del trabajo del Ministerio de Salud P\u00fablica y Asistencia Social en diferentes comunidades.<\/p>\n<p style=\"text-align: justify;\">Al Congreso de la Rep\u00fablica de Guatemala, analizar y evaluar la iniciativa de ley para el resarcimiento a los profesionales del sector salud y sus familias presentada como Universidad de San Carlos de Guatemala, evaluar la figura de un fondo que asegure a los j\u00f3venes universitarios el tener acceso de conectividad en internet para no perjudicar sus estudios y aprobar el presupuesto necesario para que a partir del a\u00f1o 2021 se puedan iniciar diferentes profesiones del sector salud como parte de la oferta acad\u00e9mica de la Universidad de San Carlos de Guatemala en diferentes departamentos o regiones del pa\u00eds y cumplir con una mejora sustancial del sector salud a nivel nacional.<\/p>\n<h5 style=\"text-align: center;\"><em><strong>Por lo tanto, manifiesto: <\/strong><\/em><\/h5>\n<p style=\"text-align: justify;\">Nuestro compromiso a colaborar y acompa\u00f1ar al pueblo de Guatemala en esta lucha que debemos sobreponer a muchas adversidades, confiando en nuestra capacidad y confianza como personas responsables y solidarias con nuestros hermanos guatemaltecos, respetando lo valiosa que es la vida de todo ser humano.<\/p>\n<p style=\"text-align: justify;\">\u00a0<\/p>\n<h5 style=\"text-align: center;\"><em><strong>\u201cId y ense\u00f1ad a todos\u201d<\/strong> <\/em><\/h5>\n<p style=\"text-align: right;\">Guatemala, 27 de julio de 2020<\/p>\n","protected":false},"excerpt":{"rendered":"<p>De continuar la tendencia en un aumento que ponga en peligro a la comunidad universitaria, a sus familias y sociedad en general, dicha disposici\u00f3n no cambiar\u00e1.<\/p>\n","protected":false},"author":1,"featured_media":0,"comment_status":"closed","ping_status":"open","sticky":false,"template":"","format":"standard","meta":{"_exactmetrics_skip_tracking":false,"_exactmetrics_sitenote_active":false,"_exactmetrics_sitenote_note":"","_exactmetrics_sitenote_category":0,"_jetpack_memberships_contains_paid_content":false,"footnotes":""},"categories":[29,151],"tags":[],"class_list":["post-12109","post","type-post","status-publish","format-standard","hentry","category-noticias","category-opinion"],"aioseo_notices":[],"jetpack_featured_media_url":"","views":"","jetpack-related-posts":[{"id":12217,"url":"https:\/\/soy.usac.edu.gt\/?p=12217","url_meta":{"origin":12109,"position":0},"title":"CSU ratifica la virtualidad en todos los procesos acad\u00e9micos y administrativos de la USAC","author":"Divisi\u00f3n de Publicidad","date":"15 agosto, 2020","format":false,"excerpt":"Todos los procesos administrativos y acad\u00e9micos se llevar\u00e1n a cabo de forma electr\u00f3nica.","rel":"","context":"En \u00abNoticias\u00bb","block_context":{"text":"Noticias","link":"https:\/\/soy.usac.edu.gt\/?cat=29"},"img":{"alt_text":"","src":"","width":0,"height":0},"classes":[]},{"id":17822,"url":"https:\/\/soy.usac.edu.gt\/?p=17822","url_meta":{"origin":12109,"position":1},"title":"La universidad, ante la toma de instalaciones universitarias, informa.","author":"Divisi\u00f3n de Publicidad","date":"2 agosto, 2022","format":false,"excerpt":"Nuestras actividades en favor de la sociedad guatemalteca se han visto afectadas por las medidas de hecho tomadas por un grupo de manifestantes que no representan a toda la comunidad sancarlista.","rel":"","context":"En \u00abSin categor\u00eda\u00bb","block_context":{"text":"Sin categor\u00eda","link":"https:\/\/soy.usac.edu.gt\/?cat=1"},"img":{"alt_text":"","src":"https:\/\/i0.wp.com\/soy.usac.edu.gt\/wp-content\/uploads\/2021\/02\/COMUNICADO-IMAGEN-WEB.jpeg?resize=350%2C200&ssl=1","width":350,"height":200,"srcset":"https:\/\/i0.wp.com\/soy.usac.edu.gt\/wp-content\/uploads\/2021\/02\/COMUNICADO-IMAGEN-WEB.jpeg?resize=350%2C200&ssl=1 1x, https:\/\/i0.wp.com\/soy.usac.edu.gt\/wp-content\/uploads\/2021\/02\/COMUNICADO-IMAGEN-WEB.jpeg?resize=525%2C300&ssl=1 1.5x, https:\/\/i0.wp.com\/soy.usac.edu.gt\/wp-content\/uploads\/2021\/02\/COMUNICADO-IMAGEN-WEB.jpeg?resize=700%2C400&ssl=1 2x"},"classes":[]},{"id":12028,"url":"https:\/\/soy.usac.edu.gt\/?p=12028","url_meta":{"origin":12109,"position":2},"title":"Actividades universitarias contin\u00faan en modalidad virtual","author":"Divisi\u00f3n de Publicidad","date":"10 julio, 2020","format":false,"excerpt":"Debido al incremento de personas contagiadas de coronavirus, las clases continuar\u00e1n imparti\u00e9ndose en l\u00ednea durante los meses restantes del 2020.","rel":"","context":"En \u00abEstudiantes\u00bb","block_context":{"text":"Estudiantes","link":"https:\/\/soy.usac.edu.gt\/?cat=585"},"img":{"alt_text":"","src":"https:\/\/i0.wp.com\/soy.usac.edu.gt\/wp-content\/uploads\/2020\/07\/2.-rotu%CC%81lo-usac.jpg?resize=350%2C200&ssl=1","width":350,"height":200,"srcset":"https:\/\/i0.wp.com\/soy.usac.edu.gt\/wp-content\/uploads\/2020\/07\/2.-rotu%CC%81lo-usac.jpg?resize=350%2C200&ssl=1 1x, https:\/\/i0.wp.com\/soy.usac.edu.gt\/wp-content\/uploads\/2020\/07\/2.-rotu%CC%81lo-usac.jpg?resize=525%2C300&ssl=1 1.5x, https:\/\/i0.wp.com\/soy.usac.edu.gt\/wp-content\/uploads\/2020\/07\/2.-rotu%CC%81lo-usac.jpg?resize=700%2C400&ssl=1 2x"},"classes":[]},{"id":14506,"url":"https:\/\/soy.usac.edu.gt\/?p=14506","url_meta":{"origin":12109,"position":3},"title":"En el segundo semestre la USAC seguir\u00e1 impartiendo clases en l\u00ednea","author":"Divisi\u00f3n de Publicidad","date":"9 junio, 2021","format":false,"excerpt":"Algunas actividades acad\u00e9micas podr\u00edan ser presenciales, como los laboratorios.","rel":"","context":"En \u00abEstudiantes\u00bb","block_context":{"text":"Estudiantes","link":"https:\/\/soy.usac.edu.gt\/?cat=585"},"img":{"alt_text":"","src":"https:\/\/i0.wp.com\/soy.usac.edu.gt\/wp-content\/uploads\/2021\/06\/ESTUDIANTES-DURANTE-PANDEMIA15.jpeg?resize=350%2C200&ssl=1","width":350,"height":200,"srcset":"https:\/\/i0.wp.com\/soy.usac.edu.gt\/wp-content\/uploads\/2021\/06\/ESTUDIANTES-DURANTE-PANDEMIA15.jpeg?resize=350%2C200&ssl=1 1x, https:\/\/i0.wp.com\/soy.usac.edu.gt\/wp-content\/uploads\/2021\/06\/ESTUDIANTES-DURANTE-PANDEMIA15.jpeg?resize=525%2C300&ssl=1 1.5x, https:\/\/i0.wp.com\/soy.usac.edu.gt\/wp-content\/uploads\/2021\/06\/ESTUDIANTES-DURANTE-PANDEMIA15.jpeg?resize=700%2C400&ssl=1 2x, https:\/\/i0.wp.com\/soy.usac.edu.gt\/wp-content\/uploads\/2021\/06\/ESTUDIANTES-DURANTE-PANDEMIA15.jpeg?resize=1050%2C600&ssl=1 3x"},"classes":[]},{"id":16019,"url":"https:\/\/soy.usac.edu.gt\/?p=16019","url_meta":{"origin":12109,"position":4},"title":"Primer semestre de 2022 continuar\u00e1 siendo virtual","author":"Divisi\u00f3n de Publicidad","date":"5 noviembre, 2021","format":false,"excerpt":"El Consejo Superior Universitario (CSU) autoriz\u00f3 que, durante el primer semestre de 2022, las actividades acad\u00e9micas contin\u00faen en modalidad virtual, pero cada unidad acad\u00e9mica tendr\u00e1 la libertad y responsabilidad de tomar esta decisi\u00f3n.","rel":"","context":"En \u00abNoticias\u00bb","block_context":{"text":"Noticias","link":"https:\/\/soy.usac.edu.gt\/?cat=29"},"img":{"alt_text":"","src":"https:\/\/i0.wp.com\/soy.usac.edu.gt\/wp-content\/uploads\/2021\/07\/ESTUDIANTES-CON-MASCARILLA-FRENTE-A-RECTORIA.jpeg?resize=350%2C200&ssl=1","width":350,"height":200,"srcset":"https:\/\/i0.wp.com\/soy.usac.edu.gt\/wp-content\/uploads\/2021\/07\/ESTUDIANTES-CON-MASCARILLA-FRENTE-A-RECTORIA.jpeg?resize=350%2C200&ssl=1 1x, https:\/\/i0.wp.com\/soy.usac.edu.gt\/wp-content\/uploads\/2021\/07\/ESTUDIANTES-CON-MASCARILLA-FRENTE-A-RECTORIA.jpeg?resize=525%2C300&ssl=1 1.5x, https:\/\/i0.wp.com\/soy.usac.edu.gt\/wp-content\/uploads\/2021\/07\/ESTUDIANTES-CON-MASCARILLA-FRENTE-A-RECTORIA.jpeg?resize=700%2C400&ssl=1 2x, https:\/\/i0.wp.com\/soy.usac.edu.gt\/wp-content\/uploads\/2021\/07\/ESTUDIANTES-CON-MASCARILLA-FRENTE-A-RECTORIA.jpeg?resize=1050%2C600&ssl=1 3x"},"classes":[]},{"id":7661,"url":"https:\/\/soy.usac.edu.gt\/?p=7661","url_meta":{"origin":12109,"position":5},"title":"La Divisi\u00f3n de Protocolo realiza capacitaci\u00f3n","author":"Erick Iv\u00e1n de Le\u00f3n","date":"23 julio, 2019","format":false,"excerpt":"La Divisi\u00f3n de Protocolo ofreci\u00f3 dos conferencias en torno a temas como etiqueta, ceremonia, log\u00edstica y liderazgo a profesionales y estudiantes de la comunidad universitaria en el Aula Magna Igl\u00fa.","rel":"","context":"En \u00abNoticias\u00bb","block_context":{"text":"Noticias","link":"https:\/\/soy.usac.edu.gt\/?cat=29"},"img":{"alt_text":"","src":"https:\/\/i0.wp.com\/soy.usac.edu.gt\/wp-content\/uploads\/2019\/07\/IMG_5249.jpg?resize=350%2C200&ssl=1","width":350,"height":200,"srcset":"https:\/\/i0.wp.com\/soy.usac.edu.gt\/wp-content\/uploads\/2019\/07\/IMG_5249.jpg?resize=350%2C200&ssl=1 1x, https:\/\/i0.wp.com\/soy.usac.edu.gt\/wp-content\/uploads\/2019\/07\/IMG_5249.jpg?resize=525%2C300&ssl=1 1.5x, https:\/\/i0.wp.com\/soy.usac.edu.gt\/wp-content\/uploads\/2019\/07\/IMG_5249.jpg?resize=700%2C400&ssl=1 2x, https:\/\/i0.wp.com\/soy.usac.edu.gt\/wp-content\/uploads\/2019\/07\/IMG_5249.jpg?resize=1050%2C600&ssl=1 3x, https:\/\/i0.wp.com\/soy.usac.edu.gt\/wp-content\/uploads\/2019\/07\/IMG_5249.jpg?resize=1400%2C800&ssl=1 4x"},"classes":[]}],"jetpack_sharing_enabled":true,"_links":{"self":[{"href":"https:\/\/soy.usac.edu.gt\/index.php?rest_route=\/wp\/v2\/posts\/12109","targetHints":{"allow":["GET"]}}],"collection":[{"href":"https:\/\/soy.usac.edu.gt\/index.php?rest_route=\/wp\/v2\/posts"}],"about":[{"href":"https:\/\/soy.usac.edu.gt\/index.php?rest_route=\/wp\/v2\/types\/post"}],"author":[{"embeddable":true,"href":"https:\/\/soy.usac.edu.gt\/index.php?rest_route=\/wp\/v2\/users\/1"}],"replies":[{"embeddable":true,"href":"https:\/\/soy.usac.edu.gt\/index.php?rest_route=%2Fwp%2Fv2%2Fcomments&post=12109"}],"version-history":[{"count":3,"href":"https:\/\/soy.usac.edu.gt\/index.php?rest_route=\/wp\/v2\/posts\/12109\/revisions"}],"predecessor-version":[{"id":12112,"href":"https:\/\/soy.usac.edu.gt\/index.php?rest_route=\/wp\/v2\/posts\/12109\/revisions\/12112"}],"wp:attachment":[{"href":"https:\/\/soy.usac.edu.gt\/index.php?rest_route=%2Fwp%2Fv2%2Fmedia&parent=12109"}],"wp:term":[{"taxonomy":"category","embeddable":true,"href":"https:\/\/soy.usac.edu.gt\/index.php?rest_route=%2Fwp%2Fv2%2Fcategories&post=12109"},{"taxonomy":"post_tag","embeddable":true,"href":"https:\/\/soy.usac.edu.gt\/index.php?rest_route=%2Fwp%2Fv2%2Ftags&post=12109"}],"curies":[{"name":"wp","href":"https:\/\/api.w.org\/{rel}","templated":true}]}}