{"id":12113,"date":"2020-07-20T11:31:21","date_gmt":"2020-07-20T17:31:21","guid":{"rendered":"https:\/\/soy.usac.edu.gt\/?p=12113"},"modified":"2020-08-03T11:33:21","modified_gmt":"2020-08-03T17:33:21","slug":"revista-de-la-universidad-de-san-carlos-no-43","status":"publish","type":"post","link":"https:\/\/soy.usac.edu.gt\/?p=12113","title":{"rendered":"Revista de la Universidad de San Carlos No. 43"},"content":{"rendered":"\n<h4><em><strong>En esta edici\u00f3n podr\u00e1s leer<\/strong><\/em><\/h4>\n<div class=\"page\" title=\"Page 2\">\n<div class=\"layoutArea\">\n<div class=\"column\">\n<p><strong>Ensayos<\/strong><\/p>\n<ul>\n<li>El derecho a no son\u0303ar<\/li>\n<li>Nosotros, los \u00abanormales\u00bb.<\/li>\n<li>Elogio de lo inu\u0301til<\/li>\n<\/ul>\n<p><strong>Letras<\/strong><\/p>\n<div class=\"page\" title=\"Page 2\">\n<div class=\"layoutArea\">\n<div class=\"column\">\n<p>Mapi Godoy, Francisco Alejandro Me\u0301ndez, Rafael Cuevas Molina, Hector Eliu\u0301 Cifuentes.&nbsp;<\/p>\n<\/div>\n<p><strong>Entrevista<\/strong><\/p>\n<div class=\"page\" title=\"Page 2\">\n<div class=\"layoutArea\">\n<div class=\"column\">\n<p>Mariana Enri\u0301quez: \u00abSoy reacia a la literatura de mujeres como<span style=\"font-size: inherit;\">una expresio\u0301n de lo i\u0301ntimo\u00bb. <\/span><span style=\"font-size: inherit;\">Luciana Reif<\/span><\/p>\n<\/div>\n<\/div>\n<div class=\"layoutArea\">\n<p><strong>Arte<\/strong><\/p>\n<div class=\"page\" title=\"Page 2\">\n<div class=\"layoutArea\">\n<div class=\"column\">\n<p>Cecilia Porras Sa\u0301enz: Polimorfismo y resistencia<\/p>\n<\/div>\n<div class=\"page\" title=\"Page 2\">\n<div class=\"layoutArea\">\n<div class=\"column\">\n<p><strong>Comentario<\/strong><\/p>\n<p>El regreso de los demonios salvajes<\/p>\n<\/div>\n<p><strong>Tiempos recios<\/strong><\/p>\n<div class=\"page\" title=\"Page 2\">\n<div class=\"layoutArea\">\n<div class=\"column\">\n<div class=\"page\" title=\"Page 2\">\n<div class=\"layoutArea\">\n<div class=\"column\">\n<p>Lester Olivero<\/p>\n<\/div>\n<\/div>\n<\/div>\n<\/div>\n<\/div>\n<\/div>\n<\/div>\n<\/div>\n<\/div>\n<\/div>\n<\/div>\n<\/div>\n<\/div>\n<\/div>\n<\/div>\n<\/div>\n<\/div>\n\n\n\n<div class=\"wp-block-buttons is-layout-flex wp-block-buttons-is-layout-flex\">\n<div class=\"wp-block-button\"><a class=\"wp-block-button__link has-background has-vivid-cyan-blue-background-color\" href=\"https:\/\/soy.usac.edu.gt\/wp-content\/uploads\/2020\/08\/REVISTA-43.pdf\" target=\"_blank\" rel=\"noreferrer noopener\">Descarga ac\u00e1 la revista<\/a><\/div>\n<\/div>\n\n\n\n<div class=\"wp-block-media-text alignwide is-stacked-on-mobile\"><figure class=\"wp-block-media-text__media\"><img loading=\"lazy\" decoding=\"async\" width=\"792\" height=\"1024\" src=\"https:\/\/soy.usac.edu.gt\/wp-content\/uploads\/2020\/08\/Captura-de-Pantalla-2020-08-03-a-las-11.15.46-792x1024.png\" alt=\"\" class=\"wp-image-12115\" srcset=\"https:\/\/soy.usac.edu.gt\/wp-content\/uploads\/2020\/08\/Captura-de-Pantalla-2020-08-03-a-las-11.15.46-792x1024.png 792w, https:\/\/soy.usac.edu.gt\/wp-content\/uploads\/2020\/08\/Captura-de-Pantalla-2020-08-03-a-las-11.15.46-232x300.png 232w, https:\/\/soy.usac.edu.gt\/wp-content\/uploads\/2020\/08\/Captura-de-Pantalla-2020-08-03-a-las-11.15.46-768x993.png 768w, https:\/\/soy.usac.edu.gt\/wp-content\/uploads\/2020\/08\/Captura-de-Pantalla-2020-08-03-a-las-11.15.46-1188x1536.png 1188w, https:\/\/soy.usac.edu.gt\/wp-content\/uploads\/2020\/08\/Captura-de-Pantalla-2020-08-03-a-las-11.15.46-1584x2048.png 1584w, https:\/\/soy.usac.edu.gt\/wp-content\/uploads\/2020\/08\/Captura-de-Pantalla-2020-08-03-a-las-11.15.46-325x420.png 325w, https:\/\/soy.usac.edu.gt\/wp-content\/uploads\/2020\/08\/Captura-de-Pantalla-2020-08-03-a-las-11.15.46-640x827.png 640w, https:\/\/soy.usac.edu.gt\/wp-content\/uploads\/2020\/08\/Captura-de-Pantalla-2020-08-03-a-las-11.15.46-681x880.png 681w, https:\/\/soy.usac.edu.gt\/wp-content\/uploads\/2020\/08\/Captura-de-Pantalla-2020-08-03-a-las-11.15.46.png 1742w\" sizes=\"auto, (max-width: 792px) 100vw, 792px\" \/><\/figure><div class=\"wp-block-media-text__content\">\n<p class=\"has-large-font-size\"><\/p>\n<\/div><\/div>\n\n\n\n<div style=\"text-align: center;\">\n<div style=\"margin: 8px 0px 4px;\"><a href=\"https:\/\/www.calameo.com\/books\/006338926c9ce76e1f85b\" target=\"_blank\" rel=\"noopener noreferrer\">Revista de la Universidad de San Carlos No. 43<\/a><\/div>\n<iframe loading=\"lazy\" style=\"margin: 0 auto;\" src=\"\/\/v.calameo.com\/?bkcode=006338926c9ce76e1f85b\" width=\"300\" height=\"194\" frameborder=\"0\" scrolling=\"no\" allowfullscreen=\"allowfullscreen\"><\/iframe>\n<div style=\"margin: 4px 0px 8px;\"><a href=\"http:\/\/www.calameo.com\/\">Publish at Calameo<\/a><\/div>\n<\/div>\n","protected":false},"excerpt":{"rendered":"<p>Revista de arte y cultura de la USAC. <\/p>\n","protected":false},"author":1,"featured_media":12114,"comment_status":"closed","ping_status":"open","sticky":false,"template":"","format":"standard","meta":{"_exactmetrics_skip_tracking":false,"_exactmetrics_sitenote_active":false,"_exactmetrics_sitenote_note":"","_exactmetrics_sitenote_category":0,"_jetpack_memberships_contains_paid_content":false,"footnotes":""},"categories":[97,123,399],"tags":[400],"class_list":["post-12113","post","type-post","status-publish","format-standard","has-post-thumbnail","hentry","category-cultura-noticias","category-cultura-mas","category-revista-de-la-universidad","tag-revista-de-la-universidad-de-san-carlos"],"aioseo_notices":[],"jetpack_featured_media_url":"https:\/\/soy.usac.edu.gt\/wp-content\/uploads\/2020\/08\/Captura-de-Pantalla-2020-08-03-a-las-11.14.35.png","views":"","jetpack-related-posts":[{"id":6163,"url":"https:\/\/soy.usac.edu.gt\/?p=6163","url_meta":{"origin":12113,"position":0},"title":"Revista de la Universidad de San Carlos No. 40","author":"Divisi\u00f3n de Publicidad","date":"17 mayo, 2019","format":false,"excerpt":"En esta edici\u00f3n podr\u00e1s leer ensayos, poes\u00eda, art\u00edculos, entre ellos:Bajo las piedras de C\u00e9sar Vallejo\/ De Jaime Barrios CarrilloPoder y etnicidad en el arte contempor\u00e1neo guatemalteco\/ De Mario Roberto Morales.Hasta pronto, Humberto Ak\u2019abal\/ De Jonathan Van Der Henst.","rel":"","context":"En \u00abCultura\u00bb","block_context":{"text":"Cultura","link":"https:\/\/soy.usac.edu.gt\/?cat=97"},"img":{"alt_text":"","src":"https:\/\/i0.wp.com\/soy.usac.edu.gt\/wp-content\/uploads\/2019\/05\/revista-40-redes-foto-redes.png?resize=350%2C200&ssl=1","width":350,"height":200,"srcset":"https:\/\/i0.wp.com\/soy.usac.edu.gt\/wp-content\/uploads\/2019\/05\/revista-40-redes-foto-redes.png?resize=350%2C200&ssl=1 1x, https:\/\/i0.wp.com\/soy.usac.edu.gt\/wp-content\/uploads\/2019\/05\/revista-40-redes-foto-redes.png?resize=525%2C300&ssl=1 1.5x, https:\/\/i0.wp.com\/soy.usac.edu.gt\/wp-content\/uploads\/2019\/05\/revista-40-redes-foto-redes.png?resize=700%2C400&ssl=1 2x"},"classes":[]},{"id":12967,"url":"https:\/\/soy.usac.edu.gt\/?p=12967","url_meta":{"origin":12113,"position":1},"title":"Revista de la Universidad de San Carlos No. 47","author":"Divisi\u00f3n de Publicidad","date":"26 noviembre, 2020","format":false,"excerpt":"Revista de arte y cultura de la universidad.","rel":"","context":"En \u00abNoticias\u00bb","block_context":{"text":"Noticias","link":"https:\/\/soy.usac.edu.gt\/?cat=29"},"img":{"alt_text":"","src":"https:\/\/i0.wp.com\/soy.usac.edu.gt\/wp-content\/uploads\/2020\/11\/Captura-de-Pantalla-2020-11-26-a-las-08.54.06.png?resize=350%2C200&ssl=1","width":350,"height":200,"srcset":"https:\/\/i0.wp.com\/soy.usac.edu.gt\/wp-content\/uploads\/2020\/11\/Captura-de-Pantalla-2020-11-26-a-las-08.54.06.png?resize=350%2C200&ssl=1 1x, https:\/\/i0.wp.com\/soy.usac.edu.gt\/wp-content\/uploads\/2020\/11\/Captura-de-Pantalla-2020-11-26-a-las-08.54.06.png?resize=525%2C300&ssl=1 1.5x, https:\/\/i0.wp.com\/soy.usac.edu.gt\/wp-content\/uploads\/2020\/11\/Captura-de-Pantalla-2020-11-26-a-las-08.54.06.png?resize=700%2C400&ssl=1 2x, https:\/\/i0.wp.com\/soy.usac.edu.gt\/wp-content\/uploads\/2020\/11\/Captura-de-Pantalla-2020-11-26-a-las-08.54.06.png?resize=1050%2C600&ssl=1 3x, https:\/\/i0.wp.com\/soy.usac.edu.gt\/wp-content\/uploads\/2020\/11\/Captura-de-Pantalla-2020-11-26-a-las-08.54.06.png?resize=1400%2C800&ssl=1 4x"},"classes":[]},{"id":12241,"url":"https:\/\/soy.usac.edu.gt\/?p=12241","url_meta":{"origin":12113,"position":2},"title":"Revista de la Universidad de San Carlos No. 45","author":"Divisi\u00f3n de Publicidad","date":"22 agosto, 2020","format":false,"excerpt":"En est\u00e1 edici\u00f3n podr\u00e1s leer; Ensayos, Control y vigilancia en tiempos del coronavirus\/ Linda Romero Ordun\u0303a","rel":"","context":"En \u00abCultura\u00bb","block_context":{"text":"Cultura","link":"https:\/\/soy.usac.edu.gt\/?cat=97"},"img":{"alt_text":"","src":"https:\/\/i0.wp.com\/soy.usac.edu.gt\/wp-content\/uploads\/2020\/08\/revista-destacada.jpg?resize=350%2C200&ssl=1","width":350,"height":200,"srcset":"https:\/\/i0.wp.com\/soy.usac.edu.gt\/wp-content\/uploads\/2020\/08\/revista-destacada.jpg?resize=350%2C200&ssl=1 1x, https:\/\/i0.wp.com\/soy.usac.edu.gt\/wp-content\/uploads\/2020\/08\/revista-destacada.jpg?resize=525%2C300&ssl=1 1.5x, https:\/\/i0.wp.com\/soy.usac.edu.gt\/wp-content\/uploads\/2020\/08\/revista-destacada.jpg?resize=700%2C400&ssl=1 2x, https:\/\/i0.wp.com\/soy.usac.edu.gt\/wp-content\/uploads\/2020\/08\/revista-destacada.jpg?resize=1050%2C600&ssl=1 3x"},"classes":[]},{"id":4628,"url":"https:\/\/soy.usac.edu.gt\/?p=4628","url_meta":{"origin":12113,"position":3},"title":"Revista de la Universidad de San Carlos No. 39","author":"Divisi\u00f3n de Publicidad","date":"8 marzo, 2019","format":false,"excerpt":"Esta edici\u00f3n contiene piezas del artista Erick Boror","rel":"","context":"En \u00abCultura\u00bb","block_context":{"text":"Cultura","link":"https:\/\/soy.usac.edu.gt\/?cat=123"},"img":{"alt_text":"","src":"https:\/\/i0.wp.com\/soy.usac.edu.gt\/wp-content\/uploads\/2019\/03\/revista-39-final-1.jpg?resize=350%2C200&ssl=1","width":350,"height":200,"srcset":"https:\/\/i0.wp.com\/soy.usac.edu.gt\/wp-content\/uploads\/2019\/03\/revista-39-final-1.jpg?resize=350%2C200&ssl=1 1x, https:\/\/i0.wp.com\/soy.usac.edu.gt\/wp-content\/uploads\/2019\/03\/revista-39-final-1.jpg?resize=525%2C300&ssl=1 1.5x, https:\/\/i0.wp.com\/soy.usac.edu.gt\/wp-content\/uploads\/2019\/03\/revista-39-final-1.jpg?resize=700%2C400&ssl=1 2x, https:\/\/i0.wp.com\/soy.usac.edu.gt\/wp-content\/uploads\/2019\/03\/revista-39-final-1.jpg?resize=1050%2C600&ssl=1 3x, https:\/\/i0.wp.com\/soy.usac.edu.gt\/wp-content\/uploads\/2019\/03\/revista-39-final-1.jpg?resize=1400%2C800&ssl=1 4x"},"classes":[]},{"id":13486,"url":"https:\/\/soy.usac.edu.gt\/?p=13486","url_meta":{"origin":12113,"position":4},"title":"Revista de la Universidad de San Carlos No. 48","author":"Divisi\u00f3n de Publicidad","date":"19 marzo, 2021","format":false,"excerpt":"En est\u00e1 edici\u00f3n podr\u00e1s leer ensayos De Francisco G\u00f3mez Carpinteiro, Ruth Piedrasanta Herrera y Mario Casta\u00f1eda.","rel":"","context":"En \u00abCultura\u00bb","block_context":{"text":"Cultura","link":"https:\/\/soy.usac.edu.gt\/?cat=97"},"img":{"alt_text":"","src":"https:\/\/i0.wp.com\/soy.usac.edu.gt\/wp-content\/uploads\/2021\/03\/Captura-de-Pantalla-2021-03-19-a-las-09.52.29.png?resize=350%2C200&ssl=1","width":350,"height":200,"srcset":"https:\/\/i0.wp.com\/soy.usac.edu.gt\/wp-content\/uploads\/2021\/03\/Captura-de-Pantalla-2021-03-19-a-las-09.52.29.png?resize=350%2C200&ssl=1 1x, https:\/\/i0.wp.com\/soy.usac.edu.gt\/wp-content\/uploads\/2021\/03\/Captura-de-Pantalla-2021-03-19-a-las-09.52.29.png?resize=525%2C300&ssl=1 1.5x, https:\/\/i0.wp.com\/soy.usac.edu.gt\/wp-content\/uploads\/2021\/03\/Captura-de-Pantalla-2021-03-19-a-las-09.52.29.png?resize=700%2C400&ssl=1 2x, https:\/\/i0.wp.com\/soy.usac.edu.gt\/wp-content\/uploads\/2021\/03\/Captura-de-Pantalla-2021-03-19-a-las-09.52.29.png?resize=1050%2C600&ssl=1 3x, https:\/\/i0.wp.com\/soy.usac.edu.gt\/wp-content\/uploads\/2021\/03\/Captura-de-Pantalla-2021-03-19-a-las-09.52.29.png?resize=1400%2C800&ssl=1 4x"},"classes":[]},{"id":15156,"url":"https:\/\/soy.usac.edu.gt\/?p=15156","url_meta":{"origin":12113,"position":5},"title":"Revista de la Universidad de San Carlos No. 50","author":"Divisi\u00f3n de Publicidad","date":"22 septiembre, 2021","format":false,"excerpt":"Lee ensayos, poes\u00eda, cr\u00edtica, debate y m\u00e1s.","rel":"","context":"En \u00abCultura\u00bb","block_context":{"text":"Cultura","link":"https:\/\/soy.usac.edu.gt\/?cat=97"},"img":{"alt_text":"","src":"https:\/\/i0.wp.com\/soy.usac.edu.gt\/wp-content\/uploads\/2021\/09\/WhatsApp-Image-2021-09-22-at-16.56.18.jpeg?resize=350%2C200&ssl=1","width":350,"height":200,"srcset":"https:\/\/i0.wp.com\/soy.usac.edu.gt\/wp-content\/uploads\/2021\/09\/WhatsApp-Image-2021-09-22-at-16.56.18.jpeg?resize=350%2C200&ssl=1 1x, https:\/\/i0.wp.com\/soy.usac.edu.gt\/wp-content\/uploads\/2021\/09\/WhatsApp-Image-2021-09-22-at-16.56.18.jpeg?resize=525%2C300&ssl=1 1.5x, https:\/\/i0.wp.com\/soy.usac.edu.gt\/wp-content\/uploads\/2021\/09\/WhatsApp-Image-2021-09-22-at-16.56.18.jpeg?resize=700%2C400&ssl=1 2x, https:\/\/i0.wp.com\/soy.usac.edu.gt\/wp-content\/uploads\/2021\/09\/WhatsApp-Image-2021-09-22-at-16.56.18.jpeg?resize=1050%2C600&ssl=1 3x"},"classes":[]}],"jetpack_sharing_enabled":true,"_links":{"self":[{"href":"https:\/\/soy.usac.edu.gt\/index.php?rest_route=\/wp\/v2\/posts\/12113","targetHints":{"allow":["GET"]}}],"collection":[{"href":"https:\/\/soy.usac.edu.gt\/index.php?rest_route=\/wp\/v2\/posts"}],"about":[{"href":"https:\/\/soy.usac.edu.gt\/index.php?rest_route=\/wp\/v2\/types\/post"}],"author":[{"embeddable":true,"href":"https:\/\/soy.usac.edu.gt\/index.php?rest_route=\/wp\/v2\/users\/1"}],"replies":[{"embeddable":true,"href":"https:\/\/soy.usac.edu.gt\/index.php?rest_route=%2Fwp%2Fv2%2Fcomments&post=12113"}],"version-history":[{"count":4,"href":"https:\/\/soy.usac.edu.gt\/index.php?rest_route=\/wp\/v2\/posts\/12113\/revisions"}],"predecessor-version":[{"id":12120,"href":"https:\/\/soy.usac.edu.gt\/index.php?rest_route=\/wp\/v2\/posts\/12113\/revisions\/12120"}],"wp:featuredmedia":[{"embeddable":true,"href":"https:\/\/soy.usac.edu.gt\/index.php?rest_route=\/wp\/v2\/media\/12114"}],"wp:attachment":[{"href":"https:\/\/soy.usac.edu.gt\/index.php?rest_route=%2Fwp%2Fv2%2Fmedia&parent=12113"}],"wp:term":[{"taxonomy":"category","embeddable":true,"href":"https:\/\/soy.usac.edu.gt\/index.php?rest_route=%2Fwp%2Fv2%2Fcategories&post=12113"},{"taxonomy":"post_tag","embeddable":true,"href":"https:\/\/soy.usac.edu.gt\/index.php?rest_route=%2Fwp%2Fv2%2Ftags&post=12113"}],"curies":[{"name":"wp","href":"https:\/\/api.w.org\/{rel}","templated":true}]}}