{"id":12337,"date":"2020-09-10T16:50:39","date_gmt":"2020-09-10T22:50:39","guid":{"rendered":"https:\/\/soy.usac.edu.gt\/?p=12337"},"modified":"2020-09-11T07:54:20","modified_gmt":"2020-09-11T13:54:20","slug":"congreso-aprueba-en-primera-lectura-la-iniciativa-5814","status":"publish","type":"post","link":"https:\/\/soy.usac.edu.gt\/?p=12337","title":{"rendered":"Congreso conoce en primera lectura la Iniciativa 5814"},"content":{"rendered":"\n<p style=\"text-align: justify;\"><em><strong>La iniciativa planteada por la universidad beneficiar\u00e1 a la poblaci\u00f3n estudiantil.<\/strong><\/em><\/p>\n<p style=\"text-align: justify;\">La iniciativa que tiene como fin derogar el art\u00edculo No. 5 del Decreto 3-2019, a solicitud del Banco Centroamericano de Integraci\u00f3n Econ\u00f3mica, fue conocido hoy en primera lectura en el pleno del Congreso de la Rep\u00fablica.\u00a0<\/p>\n<p style=\"text-align: justify;\">Tras la aprobaci\u00f3n de esta iniciativa se podr\u00e1 firmar el convenio que otorgar\u00e1 un pr\u00e9stamo de USD 120 millones para infraestructura, maquinaria y equipo de la Universidad de San Carlos de Guatemala, que ya fue aprobado por el Congreso en 2019.\u00a0<\/p>\n<p style=\"text-align: justify;\">A pesar de que varios diputados se manifestaron a favor de apoyar la aprobaci\u00f3n de la iniciativa de urgencia nacional, los votos no fueron suficientes; por ello, al final, solo se conoci\u00f3 la primera lectura del documento. Se necesitar\u00e1n dos sesiones parlamentarias m\u00e1s y la aprobaci\u00f3n de la redacci\u00f3n final para que la iniciativa entre en vigor.\u00a0<\/p>\n<p style=\"text-align: justify;\">\u201cEl tiempo avanza administrativamente, estamos perdiendo espacios y capacidad de gesti\u00f3n, hay otros temas de importancia nacional que est\u00e1n pendientes de aprobaci\u00f3n. Esto ha dificultado que se discuta el tema de la universidad, hoy vamos a tratar de hacer conciencia\u201d, declar\u00f3 el Rector durante la sesi\u00f3n de jefes de bloque que se llev\u00f3 en horas de la ma\u00f1ana, en la que se conoci\u00f3 a profundidad el tema del pr\u00e9stamo del BCIE.\u00a0<\/p>\n<div id='gallery-1' class='gallery galleryid-12337 gallery-columns-3 gallery-size-thumbnail'><figure class='gallery-item'>\n\t\t\t<div class='gallery-icon landscape'>\n\t\t\t\t<a href='https:\/\/soy.usac.edu.gt\/?attachment_id=12339'><img loading=\"lazy\" decoding=\"async\" width=\"150\" height=\"150\" src=\"https:\/\/soy.usac.edu.gt\/wp-content\/uploads\/2020\/09\/IMG_0468-150x150.jpg\" class=\"attachment-thumbnail size-thumbnail\" alt=\"\" aria-describedby=\"gallery-1-12339\" \/><\/a>\n\t\t\t<\/div>\n\t\t\t\t<figcaption class='wp-caption-text gallery-caption' id='gallery-1-12339'>\n\t\t\t\tEl rector particip\u00f3 en la ma\u00f1ana en una reuni\u00f3n de Jefes de Bloque\n\t\t\t\t<\/figcaption><\/figure><figure class='gallery-item'>\n\t\t\t<div class='gallery-icon landscape'>\n\t\t\t\t<a href='https:\/\/soy.usac.edu.gt\/?attachment_id=12338'><img loading=\"lazy\" decoding=\"async\" width=\"150\" height=\"150\" src=\"https:\/\/soy.usac.edu.gt\/wp-content\/uploads\/2020\/09\/IMG_0475-150x150.jpg\" class=\"attachment-thumbnail size-thumbnail\" alt=\"\" \/><\/a>\n\t\t\t<\/div><\/figure>\n\t\t<\/div>\n\n<p style=\"text-align: justify;\"><br \/><br \/><strong>Un largo tr\u00e1mite para su aprobaci\u00f3n<\/strong><\/p>\n<p style=\"text-align: justify;\">Las negociaciones del pr\u00e9stamo de USD 120 millones iniciaron en 2010. El 26 de noviembre se present\u00f3 la iniciativa al Congreso. Se aprob\u00f3 en tercera lectura el 6 de marzo de 2019 y fue publicada en el Diario Oficial el 30 de abril.\u00a0<\/p>\n<p style=\"text-align: justify;\">Tras ser aprobado el pr\u00e9stamo, la universidad debi\u00f3 realizar varios compromisos administrativos; entre ellos,\u00a0integrarse al Sistema Integrado de Administraci\u00f3n Financiera (SICOIN). Seg\u00fan declaraciones del Ministerio de Finanzas (MINFIN), la USAC ya ha avanzado un 90 % en este proceso.\u00a0<\/p>\n<p style=\"text-align: justify;\">Ahora un error en el art\u00edculo 5 de la ley que autoriz\u00f3 el pr\u00e9stamo debe ser derogado o modificado a solicitud del BCIE para que se pueda firmar el convenio y entregar los recursos.\u00a0<\/p>\n<p style=\"text-align: justify;\"><img loading=\"lazy\" decoding=\"async\" class=\"aligncenter size-full wp-image-8074\" src=\"https:\/\/soy.usac.edu.gt\/wp-content\/uploads\/2019\/09\/Cr\u00e9ditos-prensa-06.png\" alt=\"\" width=\"5079\" height=\"1960\" srcset=\"https:\/\/soy.usac.edu.gt\/wp-content\/uploads\/2019\/09\/Cr\u00e9ditos-prensa-06.png 5079w, https:\/\/soy.usac.edu.gt\/wp-content\/uploads\/2019\/09\/Cr\u00e9ditos-prensa-06-300x116.png 300w, https:\/\/soy.usac.edu.gt\/wp-content\/uploads\/2019\/09\/Cr\u00e9ditos-prensa-06-768x296.png 768w, https:\/\/soy.usac.edu.gt\/wp-content\/uploads\/2019\/09\/Cr\u00e9ditos-prensa-06-1024x395.png 1024w, https:\/\/soy.usac.edu.gt\/wp-content\/uploads\/2019\/09\/Cr\u00e9ditos-prensa-06-1088x420.png 1088w, https:\/\/soy.usac.edu.gt\/wp-content\/uploads\/2019\/09\/Cr\u00e9ditos-prensa-06-640x247.png 640w, https:\/\/soy.usac.edu.gt\/wp-content\/uploads\/2019\/09\/Cr\u00e9ditos-prensa-06-681x263.png 681w\" sizes=\"auto, (max-width: 5079px) 100vw, 5079px\" \/><\/p>\n","protected":false},"excerpt":{"rendered":"","protected":false},"author":1,"featured_media":12340,"comment_status":"closed","ping_status":"open","sticky":false,"template":"","format":"standard","meta":{"_exactmetrics_skip_tracking":false,"_exactmetrics_sitenote_active":false,"_exactmetrics_sitenote_note":"","_exactmetrics_sitenote_category":0,"_jetpack_memberships_contains_paid_content":false,"footnotes":""},"categories":[29],"tags":[347],"class_list":["post-12337","post","type-post","status-publish","format-standard","has-post-thumbnail","hentry","category-noticias","tag-prestamo-bcie"],"aioseo_notices":[],"jetpack_featured_media_url":"https:\/\/soy.usac.edu.gt\/wp-content\/uploads\/2020\/09\/WhatsApp-Image-2020-09-10-at-4.38.56-PM.jpeg","views":"","jetpack-related-posts":[{"id":4175,"url":"https:\/\/soy.usac.edu.gt\/?p=4175","url_meta":{"origin":12337,"position":0},"title":"USAC busca la aprobaci\u00f3n de un pr\u00e9stamo de USD 120 millones","author":"Divisi\u00f3n de Publicidad","date":"20 febrero, 2019","format":false,"excerpt":"La Universidad de San Carlos de Guatemala est\u00e1 gestionando en el Congreso la aprobaci\u00f3n de un pr\u00e9stamo de USD 120 millones que realizar\u00eda el Banco Centroamericano de Integraci\u00f3n Econ\u00f3mica (BCIE) para invertir en equipamiento e infraestructura. El rector, Ing. Murphy Paiz, se reuni\u00f3 hoy con los jefes de bloque del\u2026","rel":"","context":"En \u00abM\u00e1s Noticias\u00bb","block_context":{"text":"M\u00e1s Noticias","link":"https:\/\/soy.usac.edu.gt\/?cat=96"},"img":{"alt_text":"","src":"https:\/\/i0.wp.com\/soy.usac.edu.gt\/wp-content\/uploads\/2019\/02\/A68I0312.jpg?resize=350%2C200&ssl=1","width":350,"height":200,"srcset":"https:\/\/i0.wp.com\/soy.usac.edu.gt\/wp-content\/uploads\/2019\/02\/A68I0312.jpg?resize=350%2C200&ssl=1 1x, https:\/\/i0.wp.com\/soy.usac.edu.gt\/wp-content\/uploads\/2019\/02\/A68I0312.jpg?resize=525%2C300&ssl=1 1.5x, https:\/\/i0.wp.com\/soy.usac.edu.gt\/wp-content\/uploads\/2019\/02\/A68I0312.jpg?resize=700%2C400&ssl=1 2x, https:\/\/i0.wp.com\/soy.usac.edu.gt\/wp-content\/uploads\/2019\/02\/A68I0312.jpg?resize=1050%2C600&ssl=1 3x, https:\/\/i0.wp.com\/soy.usac.edu.gt\/wp-content\/uploads\/2019\/02\/A68I0312.jpg?resize=1400%2C800&ssl=1 4x"},"classes":[]},{"id":8948,"url":"https:\/\/soy.usac.edu.gt\/?p=8948","url_meta":{"origin":12337,"position":1},"title":"La USAC ha presentado 39 proyectos de ley","author":"Divisi\u00f3n de Publicidad","date":"24 octubre, 2019","format":false,"excerpt":"No hay ninguna otra universidad aut\u00f3noma y p\u00fablica en Latinoam\u00e9rica que tenga la facultad de presentar proyectos de ley, como la Universidad de San Carlos de Guatemala.\u00a0","rel":"","context":"En \u00abNoticias\u00bb","block_context":{"text":"Noticias","link":"https:\/\/soy.usac.edu.gt\/?cat=29"},"img":{"alt_text":"","src":"https:\/\/i0.wp.com\/soy.usac.edu.gt\/wp-content\/uploads\/2019\/10\/CONGRESO-2.jpg?resize=350%2C200&ssl=1","width":350,"height":200,"srcset":"https:\/\/i0.wp.com\/soy.usac.edu.gt\/wp-content\/uploads\/2019\/10\/CONGRESO-2.jpg?resize=350%2C200&ssl=1 1x, https:\/\/i0.wp.com\/soy.usac.edu.gt\/wp-content\/uploads\/2019\/10\/CONGRESO-2.jpg?resize=525%2C300&ssl=1 1.5x, https:\/\/i0.wp.com\/soy.usac.edu.gt\/wp-content\/uploads\/2019\/10\/CONGRESO-2.jpg?resize=700%2C400&ssl=1 2x, https:\/\/i0.wp.com\/soy.usac.edu.gt\/wp-content\/uploads\/2019\/10\/CONGRESO-2.jpg?resize=1050%2C600&ssl=1 3x, https:\/\/i0.wp.com\/soy.usac.edu.gt\/wp-content\/uploads\/2019\/10\/CONGRESO-2.jpg?resize=1400%2C800&ssl=1 4x"},"classes":[]},{"id":12123,"url":"https:\/\/soy.usac.edu.gt\/?p=12123","url_meta":{"origin":12337,"position":2},"title":"CODECER solicita al Congreso aprobaci\u00f3n de iniciativa 5814","author":"Divisi\u00f3n de Publicidad","date":"3 agosto, 2020","format":false,"excerpt":"Pronunciamiento del Consejo de Directores de Centros Universitarios y Escuelas no Facultativas (CODECER) de la Universidad de San Carlos de Guatemala Ante la necesaria y urgente ejecuci\u00f3n de la tercera\u00a0 etapa del Programa de Inversi\u00f3n en Infraestructura, Maquinaria y Equipo para la Universidad de San \u00a0 Carlos de Guatemala MANIFIESTA:\u2026","rel":"","context":"En \u00abOpini\u00f3n\u00bb","block_context":{"text":"Opini\u00f3n","link":"https:\/\/soy.usac.edu.gt\/?cat=151"},"img":{"alt_text":"","src":"","width":0,"height":0},"classes":[]},{"id":12333,"url":"https:\/\/soy.usac.edu.gt\/?p=12333","url_meta":{"origin":12337,"position":3},"title":"CSU solicita aprobaci\u00f3n de la iniciativa 5814, que beneficiar\u00e1 a la USAC.","author":"Divisi\u00f3n de Publicidad","date":"10 septiembre, 2020","format":false,"excerpt":"Solicitamos al honorable Congreso de la Rep\u00fablica la aprobaci\u00f3n de la iniciativa 5814, que ha sido dictaminada favorablemente por la Comisi\u00f3n de Finanzas P\u00fablicas y Moneda, para que se atiendan prontamente las necesidades de la comunidad universitaria.","rel":"","context":"En \u00abNoticias\u00bb","block_context":{"text":"Noticias","link":"https:\/\/soy.usac.edu.gt\/?cat=29"},"img":{"alt_text":"","src":"","width":0,"height":0},"classes":[]},{"id":3478,"url":"https:\/\/soy.usac.edu.gt\/?p=3478","url_meta":{"origin":12337,"position":4},"title":"USAC hace un llamado a respetar el Estado de derecho durante las elecciones","author":"Divisi\u00f3n de Publicidad","date":"18 enero, 2019","format":false,"excerpt":"La universidad, en conferencia de prensa, reiter\u00f3 su compromiso de acompa\u00f1ar en calidad de observadora el proceso de Elecciones Generales 2019. Tras la oficializaci\u00f3n que hizo el Tribunal Supremo Electoral (TSE) de dar por iniciada la convocatoria para el proceso de Elecciones 2019, el Consejo Superior Universitario (CSU) manifest\u00f3 su\u2026","rel":"","context":"En \u00abNoticias\u00bb","block_context":{"text":"Noticias","link":"https:\/\/soy.usac.edu.gt\/?cat=29"},"img":{"alt_text":"","src":"https:\/\/i0.wp.com\/soy.usac.edu.gt\/wp-content\/uploads\/2019\/01\/6db8c909-bac9-4e47-ad6d-83b3ff6dd9c3.jpg?resize=350%2C200&ssl=1","width":350,"height":200,"srcset":"https:\/\/i0.wp.com\/soy.usac.edu.gt\/wp-content\/uploads\/2019\/01\/6db8c909-bac9-4e47-ad6d-83b3ff6dd9c3.jpg?resize=350%2C200&ssl=1 1x, https:\/\/i0.wp.com\/soy.usac.edu.gt\/wp-content\/uploads\/2019\/01\/6db8c909-bac9-4e47-ad6d-83b3ff6dd9c3.jpg?resize=525%2C300&ssl=1 1.5x, https:\/\/i0.wp.com\/soy.usac.edu.gt\/wp-content\/uploads\/2019\/01\/6db8c909-bac9-4e47-ad6d-83b3ff6dd9c3.jpg?resize=700%2C400&ssl=1 2x, https:\/\/i0.wp.com\/soy.usac.edu.gt\/wp-content\/uploads\/2019\/01\/6db8c909-bac9-4e47-ad6d-83b3ff6dd9c3.jpg?resize=1050%2C600&ssl=1 3x"},"classes":[]},{"id":12456,"url":"https:\/\/soy.usac.edu.gt\/?p=12456","url_meta":{"origin":12337,"position":5},"title":"CODECER manifiesta su apoyo al CSU para concretar el contrato de pr\u00e9stamo con el BCIE","author":"Divisi\u00f3n de Publicidad","date":"23 septiembre, 2020","format":false,"excerpt":"El Consejo de Directores de Centros Universitarios y Escuelas no Facultativas ha otorgado y reitera su apoyo irrestricto al Consejo Superior Universitario y al se\u00f1or Rector Ing. Murphy Olimpo Paiz.","rel":"","context":"En \u00abNoticias\u00bb","block_context":{"text":"Noticias","link":"https:\/\/soy.usac.edu.gt\/?cat=29"},"img":{"alt_text":"","src":"","width":0,"height":0},"classes":[]}],"jetpack_sharing_enabled":true,"_links":{"self":[{"href":"https:\/\/soy.usac.edu.gt\/index.php?rest_route=\/wp\/v2\/posts\/12337","targetHints":{"allow":["GET"]}}],"collection":[{"href":"https:\/\/soy.usac.edu.gt\/index.php?rest_route=\/wp\/v2\/posts"}],"about":[{"href":"https:\/\/soy.usac.edu.gt\/index.php?rest_route=\/wp\/v2\/types\/post"}],"author":[{"embeddable":true,"href":"https:\/\/soy.usac.edu.gt\/index.php?rest_route=\/wp\/v2\/users\/1"}],"replies":[{"embeddable":true,"href":"https:\/\/soy.usac.edu.gt\/index.php?rest_route=%2Fwp%2Fv2%2Fcomments&post=12337"}],"version-history":[{"count":3,"href":"https:\/\/soy.usac.edu.gt\/index.php?rest_route=\/wp\/v2\/posts\/12337\/revisions"}],"predecessor-version":[{"id":12344,"href":"https:\/\/soy.usac.edu.gt\/index.php?rest_route=\/wp\/v2\/posts\/12337\/revisions\/12344"}],"wp:featuredmedia":[{"embeddable":true,"href":"https:\/\/soy.usac.edu.gt\/index.php?rest_route=\/wp\/v2\/media\/12340"}],"wp:attachment":[{"href":"https:\/\/soy.usac.edu.gt\/index.php?rest_route=%2Fwp%2Fv2%2Fmedia&parent=12337"}],"wp:term":[{"taxonomy":"category","embeddable":true,"href":"https:\/\/soy.usac.edu.gt\/index.php?rest_route=%2Fwp%2Fv2%2Fcategories&post=12337"},{"taxonomy":"post_tag","embeddable":true,"href":"https:\/\/soy.usac.edu.gt\/index.php?rest_route=%2Fwp%2Fv2%2Ftags&post=12337"}],"curies":[{"name":"wp","href":"https:\/\/api.w.org\/{rel}","templated":true}]}}