{"id":12345,"date":"2020-09-11T07:49:40","date_gmt":"2020-09-11T13:49:40","guid":{"rendered":"https:\/\/soy.usac.edu.gt\/?p=12345"},"modified":"2020-09-11T08:10:29","modified_gmt":"2020-09-11T14:10:29","slug":"csu-se-pronuncia-ante-ocupacion-de-edificio-de-rectoria","status":"publish","type":"post","link":"https:\/\/soy.usac.edu.gt\/?p=12345","title":{"rendered":"CSU se pronuncia ante ocupaci\u00f3n de edificio de rector\u00eda"},"content":{"rendered":"\n<p style=\"text-align: center;\"><strong>El Consejo Superior Universitario de la Universidad de San Carlos de Guatemala<\/strong><\/p>\n<p style=\"text-align: center;\"><strong>y el rector M.Sc. Ing. Murphy Olympo Paiz Recinos<\/strong><\/p>\n<p style=\"text-align: center;\"><strong>Considerando<\/strong><\/p>\n<p style=\"text-align: justify;\">El d\u00eda jueves 10 de septiembre un grupo de personas que en redes sociales se identifican como integrantes de grupos estudiantiles (CEU y FERG) y que se negaron a identificarse ocuparon el Edificio de la Rector\u00eda de la Universidad de San Carlos de Guatemala y manifestaron, a trav\u00e9s de p\u00e1ginas de redes sociales, su intenci\u00f3n de permanecer indefinidamente dentro del mismo.<\/p>\n<p style=\"text-align: justify;\">Que la Universidad de San Carlos de Guatemala, atendiendo las disposiciones estatales y las tomadas por el Consejo Superior Universitario, relativas al resguardo de la salud de los integrantes de la comunidad universitaria, tiene suspendidas todas las actividades presenciales, salvo aquellas indispensables para el funcionamiento de lo b\u00e1sico administrativo.<\/p>\n<p style=\"text-align: justify;\">Que una acci\u00f3n \u00a0como la iniciada por estas personas pone en riesgo su salud y la de trabajadores administrativos y de seguridad que se encuentran en ese recinto universitario, as\u00ed como la integridad del patrimonio universitario.<\/p>\n<p style=\"text-align: justify;\">Que el continuar con las medidas de hecho afecta gravemente el quehacer universitario, impide el trabajo administrativo en gran medida de la Universidad, pone en riesgo los servidores de la red inform\u00e1tica que actualmente es el soporte de un porcentaje considerable de unidades acad\u00e9micas y por otro lado limita el trabajo de algunas dependencias como la Contralor\u00eda General de Cuentas.<\/p>\n<p style=\"text-align: center;\"><strong>Expresan<\/strong><\/p>\n<p style=\"text-align: justify;\">Un llamado a los participantes en esta indebida acci\u00f3n de fuerza a deponer las medidas de hecho utilizadas, que ponen en riesgo su salud y la de los trabajadores universitarios.<\/p>\n<p style=\"text-align: justify;\">La total apertura y disposici\u00f3n de las autoridades universitarias a instaurar el di\u00e1logo, utilizando los mecanismos y canales institucionales para plantear sus pretensiones.<\/p>\n<p style=\"text-align: justify;\">Su llamado a la comunidad universitaria sancarlista a permanecer atenta a la evoluci\u00f3n de esta impropia situaci\u00f3n, teniendo la seguridad que el gobierno universitario actuar\u00e1 con total mesura y responsabilidad, en defensa de la autonom\u00eda universitaria, resguardo del patrimonio universitario y la seguridad e integridad de las personas afectadas por esta medida de fuerza.<\/p>\n<p style=\"text-align: center;\"><strong>\u201cId y ense\u00f1ad a todos\u201d<\/strong><\/p>\n<p style=\"text-align: right;\">Guatemala, 11 de septiembre de 2020<\/p>\n","protected":false},"excerpt":{"rendered":"<p>Un llamado a los participantes en esta indebida acci\u00f3n de fuerza a deponer las medidas de hecho.<\/p>\n","protected":false},"author":1,"featured_media":0,"comment_status":"closed","ping_status":"open","sticky":false,"template":"","format":"standard","meta":{"_exactmetrics_skip_tracking":false,"_exactmetrics_sitenote_active":false,"_exactmetrics_sitenote_note":"","_exactmetrics_sitenote_category":0,"_jetpack_memberships_contains_paid_content":false,"footnotes":""},"categories":[29,151],"tags":[],"class_list":["post-12345","post","type-post","status-publish","format-standard","hentry","category-noticias","category-opinion"],"aioseo_notices":[],"jetpack_featured_media_url":"","views":"","jetpack-related-posts":[{"id":3687,"url":"https:\/\/soy.usac.edu.gt\/?p=3687","url_meta":{"origin":12345,"position":0},"title":"COMUNICADO DE PRENSA","author":"Divisi\u00f3n de Publicidad","date":"30 enero, 2019","format":false,"excerpt":"El Consejo Superior Universitario a todos los estudiantes de esta casa de estudios y al pueblo de Guatemala en general, INFORMA: 1. Que durante el ciclo de estudios superiores 2019 no se han registrado bautizos a estudiantes de primer ingreso, ya que estas acciones est\u00e1n prohibidas por el Consejo Superior\u2026","rel":"","context":"En \u00abNoticias\u00bb","block_context":{"text":"Noticias","link":"https:\/\/soy.usac.edu.gt\/?cat=29"},"img":{"alt_text":"","src":"https:\/\/i0.wp.com\/soy.usac.edu.gt\/wp-content\/uploads\/2019\/01\/Comunicado-de-prensa-01.jpg?resize=350%2C200&ssl=1","width":350,"height":200,"srcset":"https:\/\/i0.wp.com\/soy.usac.edu.gt\/wp-content\/uploads\/2019\/01\/Comunicado-de-prensa-01.jpg?resize=350%2C200&ssl=1 1x, https:\/\/i0.wp.com\/soy.usac.edu.gt\/wp-content\/uploads\/2019\/01\/Comunicado-de-prensa-01.jpg?resize=525%2C300&ssl=1 1.5x, https:\/\/i0.wp.com\/soy.usac.edu.gt\/wp-content\/uploads\/2019\/01\/Comunicado-de-prensa-01.jpg?resize=700%2C400&ssl=1 2x, https:\/\/i0.wp.com\/soy.usac.edu.gt\/wp-content\/uploads\/2019\/01\/Comunicado-de-prensa-01.jpg?resize=1050%2C600&ssl=1 3x, https:\/\/i0.wp.com\/soy.usac.edu.gt\/wp-content\/uploads\/2019\/01\/Comunicado-de-prensa-01.jpg?resize=1400%2C800&ssl=1 4x"},"classes":[]},{"id":13039,"url":"https:\/\/soy.usac.edu.gt\/?p=13039","url_meta":{"origin":12345,"position":1},"title":"Servicios virtuales en riesgo por la toma de edificios","author":"Divisi\u00f3n de Publicidad","date":"31 enero, 2021","format":false,"excerpt":"El Consejo Superior Universitario de la Universidad de San Carlos de Guatemala y el Rector M. Sc. Ing. Murphy Olympo Paiz Recinos En relaci\u00f3n con la toma de edificios de rector\u00eda y la direcci\u00f3n general de administraci\u00f3n, y sus repercusiones en la calidad del servicio virtual que se brinda a\u2026","rel":"","context":"En \u00abNoticias\u00bb","block_context":{"text":"Noticias","link":"https:\/\/soy.usac.edu.gt\/?cat=29"},"img":{"alt_text":"","src":"","width":0,"height":0},"classes":[]},{"id":12406,"url":"https:\/\/soy.usac.edu.gt\/?p=12406","url_meta":{"origin":12345,"position":2},"title":"CSU se pronuncia ante los \u00faltimos sucesos","author":"Divisi\u00f3n de Publicidad","date":"18 septiembre, 2020","format":false,"excerpt":"Conclusiones alcanzadas del di\u00e1logo establecido","rel":"","context":"En \u00abNoticias\u00bb","block_context":{"text":"Noticias","link":"https:\/\/soy.usac.edu.gt\/?cat=29"},"img":{"alt_text":"","src":"https:\/\/i0.wp.com\/soy.usac.edu.gt\/wp-content\/uploads\/2020\/09\/boleti%CC%81n-informativo.jpg?resize=350%2C200&ssl=1","width":350,"height":200,"srcset":"https:\/\/i0.wp.com\/soy.usac.edu.gt\/wp-content\/uploads\/2020\/09\/boleti%CC%81n-informativo.jpg?resize=350%2C200&ssl=1 1x, https:\/\/i0.wp.com\/soy.usac.edu.gt\/wp-content\/uploads\/2020\/09\/boleti%CC%81n-informativo.jpg?resize=525%2C300&ssl=1 1.5x, https:\/\/i0.wp.com\/soy.usac.edu.gt\/wp-content\/uploads\/2020\/09\/boleti%CC%81n-informativo.jpg?resize=700%2C400&ssl=1 2x"},"classes":[]},{"id":4383,"url":"https:\/\/soy.usac.edu.gt\/?p=4383","url_meta":{"origin":12345,"position":3},"title":"CSU acord\u00f3 que contin\u00fae la investigaci\u00f3n para identificar a estudiantes que participaron en bautizos.","author":"Divisi\u00f3n de Publicidad","date":"3 marzo, 2019","format":false,"excerpt":"El CSU acord\u00f3 que contin\u00fae la investigaci\u00f3n que permita identificar a los estudiantes que participaron en las actividades prohibidas de bautizo, con el objeto de deducir responsabilidades.","rel":"","context":"En \u00abNoticias\u00bb","block_context":{"text":"Noticias","link":"https:\/\/soy.usac.edu.gt\/?cat=29"},"img":{"alt_text":"","src":"","width":0,"height":0},"classes":[]},{"id":15378,"url":"https:\/\/soy.usac.edu.gt\/?p=15378","url_meta":{"origin":12345,"position":4},"title":"Convocatoria a elecci\u00f3n de rector de la USAC, per\u00edodo 2022-2026","author":"Divisi\u00f3n de Publicidad","date":"7 octubre, 2021","format":false,"excerpt":"Convocar a la integraci\u00f3n del Cuerpo Electoral Universitario, a fin de que los profesores y estudiantes de las diez (10) Facultades de la Universidad, que satisfagan los requisitos legales y estatutarios; y los miembros de los catorce (14) Colegios Profesionales, que tambi\u00e9n satisfagan los requisitos legales y estatutarios, procedan a\u2026","rel":"","context":"En \u00abBecas y Convocatorias\u00bb","block_context":{"text":"Becas y Convocatorias","link":"https:\/\/soy.usac.edu.gt\/?cat=127"},"img":{"alt_text":"","src":"https:\/\/i0.wp.com\/soy.usac.edu.gt\/wp-content\/uploads\/2021\/01\/convocatoria_Mesa-de-trabajo-1.jpg?resize=350%2C200&ssl=1","width":350,"height":200,"srcset":"https:\/\/i0.wp.com\/soy.usac.edu.gt\/wp-content\/uploads\/2021\/01\/convocatoria_Mesa-de-trabajo-1.jpg?resize=350%2C200&ssl=1 1x, https:\/\/i0.wp.com\/soy.usac.edu.gt\/wp-content\/uploads\/2021\/01\/convocatoria_Mesa-de-trabajo-1.jpg?resize=525%2C300&ssl=1 1.5x, https:\/\/i0.wp.com\/soy.usac.edu.gt\/wp-content\/uploads\/2021\/01\/convocatoria_Mesa-de-trabajo-1.jpg?resize=700%2C400&ssl=1 2x, https:\/\/i0.wp.com\/soy.usac.edu.gt\/wp-content\/uploads\/2021\/01\/convocatoria_Mesa-de-trabajo-1.jpg?resize=1050%2C600&ssl=1 3x, https:\/\/i0.wp.com\/soy.usac.edu.gt\/wp-content\/uploads\/2021\/01\/convocatoria_Mesa-de-trabajo-1.jpg?resize=1400%2C800&ssl=1 4x"},"classes":[]},{"id":8090,"url":"https:\/\/soy.usac.edu.gt\/?p=8090","url_meta":{"origin":12345,"position":5},"title":"Pronunciamiento del CSU ante los sucesos de hoy en el Colegio de Profesionales","author":"Divisi\u00f3n de Publicidad","date":"11 septiembre, 2019","format":false,"excerpt":"El Consejo Superior Universitario y el Ing. Murphy Olympo Paiz, Rector de la Universidad de San Carlos de Guatemala, a la comunidad sancarlista y poblaci\u00f3n en general","rel":"","context":"En \u00abNoticias\u00bb","block_context":{"text":"Noticias","link":"https:\/\/soy.usac.edu.gt\/?cat=29"},"img":{"alt_text":"","src":"","width":0,"height":0},"classes":[]}],"jetpack_sharing_enabled":true,"_links":{"self":[{"href":"https:\/\/soy.usac.edu.gt\/index.php?rest_route=\/wp\/v2\/posts\/12345","targetHints":{"allow":["GET"]}}],"collection":[{"href":"https:\/\/soy.usac.edu.gt\/index.php?rest_route=\/wp\/v2\/posts"}],"about":[{"href":"https:\/\/soy.usac.edu.gt\/index.php?rest_route=\/wp\/v2\/types\/post"}],"author":[{"embeddable":true,"href":"https:\/\/soy.usac.edu.gt\/index.php?rest_route=\/wp\/v2\/users\/1"}],"replies":[{"embeddable":true,"href":"https:\/\/soy.usac.edu.gt\/index.php?rest_route=%2Fwp%2Fv2%2Fcomments&post=12345"}],"version-history":[{"count":2,"href":"https:\/\/soy.usac.edu.gt\/index.php?rest_route=\/wp\/v2\/posts\/12345\/revisions"}],"predecessor-version":[{"id":12347,"href":"https:\/\/soy.usac.edu.gt\/index.php?rest_route=\/wp\/v2\/posts\/12345\/revisions\/12347"}],"wp:attachment":[{"href":"https:\/\/soy.usac.edu.gt\/index.php?rest_route=%2Fwp%2Fv2%2Fmedia&parent=12345"}],"wp:term":[{"taxonomy":"category","embeddable":true,"href":"https:\/\/soy.usac.edu.gt\/index.php?rest_route=%2Fwp%2Fv2%2Fcategories&post=12345"},{"taxonomy":"post_tag","embeddable":true,"href":"https:\/\/soy.usac.edu.gt\/index.php?rest_route=%2Fwp%2Fv2%2Ftags&post=12345"}],"curies":[{"name":"wp","href":"https:\/\/api.w.org\/{rel}","templated":true}]}}