{"id":12406,"date":"2020-09-18T15:13:32","date_gmt":"2020-09-18T21:13:32","guid":{"rendered":"https:\/\/soy.usac.edu.gt\/?p=12406"},"modified":"2020-09-19T10:26:48","modified_gmt":"2020-09-19T16:26:48","slug":"csu-se-pronuncia-ante-los-ultimos-sucesos","status":"publish","type":"post","link":"https:\/\/soy.usac.edu.gt\/?p=12406","title":{"rendered":"CSU se pronuncia ante los \u00faltimos sucesos"},"content":{"rendered":"\n<h4 style=\"text-align: center;\"><strong>Bolet\u00edn informativo No.1<\/strong><\/h4>\n<p style=\"text-align: justify;\">\u00a0<\/p>\n<p style=\"text-align: justify;\">El Consejo Superior Universitario, presidido por el se\u00f1or Rector, desde la toma de Rector\u00eda, el pasado jueves 10 de septiembre, ha estado en sesi\u00f3n permanente, y acord\u00f3 establecer el di\u00e1logo correspondiente seg\u00fan dicta el Protocolo Universitario.<\/p>\n<p style=\"text-align: justify;\">El 17 de septiembre de 2020, un grupo de presuntos estudiantes universitarios irrumpi\u00f3 en el edificio de la Direcci\u00f3n General de Administraci\u00f3n (DIGA) de la Universidad de San Carlos de Guatemala.<\/p>\n<p style=\"text-align: justify;\">Es lamentable la agresi\u00f3n a trabajadores que cumpl\u00edan turnos en la prestaci\u00f3n de servicios esenciales para desalojarlos del edificio de la DIGA. Nos permitimos informar que los trabajadores agredidos se encuentran estables gracias a una atenci\u00f3n m\u00e9dica oportuna.<\/p>\n<p style=\"text-align: justify;\">Hacemos del conocimiento de la comunidad universitaria que, por el momento, los servicios administrativos como Recursos Humanos, procesos de Registro y Estad\u00edstica \u00a0y Cooperaci\u00f3n Internacional fueron interrumpidos; asimismo, los servicios de telemedicina y pr\u00e9stamo de tanques de ox\u00edgeno para pacientes que sufren la enfermedad COVID-19 se encuentran suspendidos.<\/p>\n<p style=\"text-align: justify;\">Las autoridades universitarias han manifestado en las sesiones sostenidas su en\u00e9rgico rechazo a estas acciones de violencia, contrarias al di\u00e1logo democr\u00e1tico, para resolver cualquier desacuerdo. La violencia, la agresi\u00f3n f\u00edsica y la interrupci\u00f3n de servicios esenciales no es el medio para imponer voluntades ni resolver controversias.<\/p>\n<p style=\"text-align: justify;\">El 18 de septiembre una comisi\u00f3n de delegados por el Consejo Superior Universitario entabl\u00f3 una mesa de di\u00e1logo con los se\u00f1ores estudiantes que tienen ocupadas las instalaciones para solicitar el cese inmediato de las acciones violentas que atentan contra el personal, patrimonio y funcionamiento de la \u00fanica universidad p\u00fablica del pa\u00eds.<\/p>\n<p style=\"text-align: justify;\">\u00a0<\/p>\n<h4 style=\"text-align: justify;\"><strong>CONCLUSIONES ALCANZADAS EN EL DI\u00c1LOGO ESTABLECIDO<\/strong><\/h4>\n<ol style=\"text-align: justify;\">\n<li>Los estudiantes que tomaron las instalaciones universitarias admitieron que las medidas de hecho pretend\u00edan acortar los plazos establecidos en la Ley de Acceso a la Informaci\u00f3n P\u00fablica para la entrega de informaci\u00f3n solicitada a trav\u00e9s del Sistema de Informaci\u00f3n P\u00fablica de la Universidad de San Carlos de Guatemala.<\/li>\n<li>Los estudiantes solicitan amplitud y especificidad en relaci\u00f3n con el punto cuarto, del acta n\u00famero treinta y cinco guion dos mil veinte, de sesi\u00f3n celebrada por el Consejo Superior Universitario el 16 de septiembre de 2020, en donde se acuerda la no toma de represalias, y que esta disposici\u00f3n se haga extensiva a la toma violenta del Edificio de la Direcci\u00f3n General de Administraci\u00f3n por parte de los estudiantes.<\/li>\n<li>La Comisi\u00f3n Espec\u00edfica de Mediaci\u00f3n y Negociaci\u00f3n para la Prevenci\u00f3n de Conflictos efectu\u00f3 el compromiso de la entrega de la formulaci\u00f3n t\u00e9cnica de la solicitud del pr\u00e9stamo denominado Tercera Etapa del Programa de Inversi\u00f3n en Infraestructura, Maquinaria y Equipo para la Universidad de San Carlos de Guatemala, elaborada en 2015, cuya observancia es requerida por el Banco Centroamericano de Integraci\u00f3n Econ\u00f3mica para la suscripci\u00f3n del contrato de pr\u00e9stamo correspondiente.<\/li>\n<li>Los estudiantes solicitan la presencia del se\u00f1or Rector antes de deponer las medidas de hecho en el Edificio de la Direcci\u00f3n General de Administraci\u00f3n; los representantes identificados y del Colectivo Estudiantil Universitario se comprometen a dialogar respetuosamente con el Rector.<\/li>\n<li>La Comisi\u00f3n Espec\u00edfica de Mediaci\u00f3n y Negociaci\u00f3n para la Prevenci\u00f3n de Conflictos aclar\u00f3 que por la toma de las instalaciones universitarias se activ\u00f3 el Protocolo Estrat\u00e9gico para Prevenir la Ocupaci\u00f3n de las Instalaciones de la Universidad de San Carlos de Guatemala, por lo que corresponde al Consejo Superior Universitario conocer sobre esta solicitud.<\/li>\n<li>La Comisi\u00f3n Espec\u00edfica de Mediaci\u00f3n y Negociaci\u00f3n para la Prevenci\u00f3n de Conflictos solicit\u00f3 a los representantes estudiantiles que en todo momento se respeten los derechos humanos de los trabajadores administrativos, de servicios y autoridades de esta casa de estudios superiores.<\/li>\n<li>Los representantes de los estudiantes se comprometieron a NO tomar ninguna otra instalaci\u00f3n de la Universidad de San Carlos de Guatemala.<\/li>\n<\/ol>\n<p style=\"text-align: justify;\"><strong>\u00a0<\/strong><strong>\u00a0<\/strong><\/p>\n<h4 style=\"text-align: center;\"><strong>\u201cId y ense\u00f1ad a todos\u201d<\/strong><\/h4>\n<p style=\"text-align: justify;\">\u00a0<\/p>\n<p style=\"text-align: right;\">Guatemala, 18 de septiembre de 2020<\/p>\n","protected":false},"excerpt":{"rendered":"<p>Conclusiones alcanzadas del di\u00e1logo establecido<\/p>\n","protected":false},"author":1,"featured_media":12408,"comment_status":"closed","ping_status":"open","sticky":false,"template":"","format":"standard","meta":{"_exactmetrics_skip_tracking":false,"_exactmetrics_sitenote_active":false,"_exactmetrics_sitenote_note":"","_exactmetrics_sitenote_category":0,"_jetpack_memberships_contains_paid_content":false,"footnotes":""},"categories":[29,151],"tags":[317],"class_list":["post-12406","post","type-post","status-publish","format-standard","has-post-thumbnail","hentry","category-noticias","category-opinion","tag-consejo-superior-universitario"],"aioseo_notices":[],"jetpack_featured_media_url":"https:\/\/soy.usac.edu.gt\/wp-content\/uploads\/2020\/09\/boleti\u0301n-informativo.jpg","views":"","jetpack-related-posts":[{"id":12420,"url":"https:\/\/soy.usac.edu.gt\/?p=12420","url_meta":{"origin":12406,"position":0},"title":"Conclusiones alcanzadas en la  segunda jornada de di\u00e1logo","author":"Divisi\u00f3n de Publicidad","date":"21 septiembre, 2020","format":false,"excerpt":"Desde la toma del edificio de Rector\u00eda, el 10 de septiembre, y el desalojo del edificio de la Direcci\u00f3n General de Administraci\u00f3n (DIGA), el 17 de septiembre del presente a\u00f1o (ambas instalaciones ubicadas en el campus central), se ha activado el Protocolo Estrat\u00e9gico para Prevenir la Ocupaci\u00f3n de la Instalaciones\u2026","rel":"","context":"En \u00abNoticias\u00bb","block_context":{"text":"Noticias","link":"https:\/\/soy.usac.edu.gt\/?cat=29"},"img":{"alt_text":"","src":"https:\/\/i0.wp.com\/soy.usac.edu.gt\/wp-content\/uploads\/2020\/09\/boleti%CC%81n-informativo.jpg?resize=350%2C200&ssl=1","width":350,"height":200,"srcset":"https:\/\/i0.wp.com\/soy.usac.edu.gt\/wp-content\/uploads\/2020\/09\/boleti%CC%81n-informativo.jpg?resize=350%2C200&ssl=1 1x, https:\/\/i0.wp.com\/soy.usac.edu.gt\/wp-content\/uploads\/2020\/09\/boleti%CC%81n-informativo.jpg?resize=525%2C300&ssl=1 1.5x, https:\/\/i0.wp.com\/soy.usac.edu.gt\/wp-content\/uploads\/2020\/09\/boleti%CC%81n-informativo.jpg?resize=700%2C400&ssl=1 2x"},"classes":[]},{"id":13494,"url":"https:\/\/soy.usac.edu.gt\/?p=13494","url_meta":{"origin":12406,"position":1},"title":"Recuperan edificio de la DIGA","author":"Divisi\u00f3n de Publicidad","date":"19 marzo, 2021","format":false,"excerpt":"Se realizar\u00e1 un proceso de inventario, limpieza y mantenimiento de las instalaciones antes de su apertura al p\u00fablico.","rel":"","context":"En \u00abNoticias\u00bb","block_context":{"text":"Noticias","link":"https:\/\/soy.usac.edu.gt\/?cat=29"},"img":{"alt_text":"","src":"https:\/\/i0.wp.com\/soy.usac.edu.gt\/wp-content\/uploads\/2021\/03\/WhatsApp-Image-2021-03-19-at-10.32.35-AM.jpeg?resize=350%2C200&ssl=1","width":350,"height":200,"srcset":"https:\/\/i0.wp.com\/soy.usac.edu.gt\/wp-content\/uploads\/2021\/03\/WhatsApp-Image-2021-03-19-at-10.32.35-AM.jpeg?resize=350%2C200&ssl=1 1x, https:\/\/i0.wp.com\/soy.usac.edu.gt\/wp-content\/uploads\/2021\/03\/WhatsApp-Image-2021-03-19-at-10.32.35-AM.jpeg?resize=525%2C300&ssl=1 1.5x, https:\/\/i0.wp.com\/soy.usac.edu.gt\/wp-content\/uploads\/2021\/03\/WhatsApp-Image-2021-03-19-at-10.32.35-AM.jpeg?resize=700%2C400&ssl=1 2x, https:\/\/i0.wp.com\/soy.usac.edu.gt\/wp-content\/uploads\/2021\/03\/WhatsApp-Image-2021-03-19-at-10.32.35-AM.jpeg?resize=1050%2C600&ssl=1 3x"},"classes":[]},{"id":13039,"url":"https:\/\/soy.usac.edu.gt\/?p=13039","url_meta":{"origin":12406,"position":2},"title":"Servicios virtuales en riesgo por la toma de edificios","author":"Divisi\u00f3n de Publicidad","date":"31 enero, 2021","format":false,"excerpt":"El Consejo Superior Universitario de la Universidad de San Carlos de Guatemala y el Rector M. Sc. Ing. Murphy Olympo Paiz Recinos En relaci\u00f3n con la toma de edificios de rector\u00eda y la direcci\u00f3n general de administraci\u00f3n, y sus repercusiones en la calidad del servicio virtual que se brinda a\u2026","rel":"","context":"En \u00abNoticias\u00bb","block_context":{"text":"Noticias","link":"https:\/\/soy.usac.edu.gt\/?cat=29"},"img":{"alt_text":"","src":"","width":0,"height":0},"classes":[]},{"id":12542,"url":"https:\/\/soy.usac.edu.gt\/?p=12542","url_meta":{"origin":12406,"position":3},"title":"Estudiantes abandonan mesa de di\u00e1logo","author":"Divisi\u00f3n de Publicidad","date":"14 octubre, 2020","format":false,"excerpt":"Luego de un mes de negociaciones y que el CSU cumpliera sus exigencias, los estudiantes mantienen medidas de hecho y se retiran de la mesa de di\u00e1logo.","rel":"","context":"En \u00abEstudiantes\u00bb","block_context":{"text":"Estudiantes","link":"https:\/\/soy.usac.edu.gt\/?cat=585"},"img":{"alt_text":"","src":"https:\/\/i0.wp.com\/soy.usac.edu.gt\/wp-content\/uploads\/2020\/10\/MESA-DE-DIA%CC%81LOGO-ROMPEN-DESTACADA.jpg?resize=350%2C200&ssl=1","width":350,"height":200,"srcset":"https:\/\/i0.wp.com\/soy.usac.edu.gt\/wp-content\/uploads\/2020\/10\/MESA-DE-DIA%CC%81LOGO-ROMPEN-DESTACADA.jpg?resize=350%2C200&ssl=1 1x, https:\/\/i0.wp.com\/soy.usac.edu.gt\/wp-content\/uploads\/2020\/10\/MESA-DE-DIA%CC%81LOGO-ROMPEN-DESTACADA.jpg?resize=525%2C300&ssl=1 1.5x, https:\/\/i0.wp.com\/soy.usac.edu.gt\/wp-content\/uploads\/2020\/10\/MESA-DE-DIA%CC%81LOGO-ROMPEN-DESTACADA.jpg?resize=700%2C400&ssl=1 2x"},"classes":[]},{"id":8090,"url":"https:\/\/soy.usac.edu.gt\/?p=8090","url_meta":{"origin":12406,"position":4},"title":"Pronunciamiento del CSU ante los sucesos de hoy en el Colegio de Profesionales","author":"Divisi\u00f3n de Publicidad","date":"11 septiembre, 2019","format":false,"excerpt":"El Consejo Superior Universitario y el Ing. Murphy Olympo Paiz, Rector de la Universidad de San Carlos de Guatemala, a la comunidad sancarlista y poblaci\u00f3n en general","rel":"","context":"En \u00abNoticias\u00bb","block_context":{"text":"Noticias","link":"https:\/\/soy.usac.edu.gt\/?cat=29"},"img":{"alt_text":"","src":"","width":0,"height":0},"classes":[]},{"id":12345,"url":"https:\/\/soy.usac.edu.gt\/?p=12345","url_meta":{"origin":12406,"position":5},"title":"CSU se pronuncia ante ocupaci\u00f3n de edificio de rector\u00eda","author":"Divisi\u00f3n de Publicidad","date":"11 septiembre, 2020","format":false,"excerpt":"Un llamado a los participantes en esta indebida acci\u00f3n de fuerza a deponer las medidas de hecho.","rel":"","context":"En \u00abNoticias\u00bb","block_context":{"text":"Noticias","link":"https:\/\/soy.usac.edu.gt\/?cat=29"},"img":{"alt_text":"","src":"","width":0,"height":0},"classes":[]}],"jetpack_sharing_enabled":true,"_links":{"self":[{"href":"https:\/\/soy.usac.edu.gt\/index.php?rest_route=\/wp\/v2\/posts\/12406","targetHints":{"allow":["GET"]}}],"collection":[{"href":"https:\/\/soy.usac.edu.gt\/index.php?rest_route=\/wp\/v2\/posts"}],"about":[{"href":"https:\/\/soy.usac.edu.gt\/index.php?rest_route=\/wp\/v2\/types\/post"}],"author":[{"embeddable":true,"href":"https:\/\/soy.usac.edu.gt\/index.php?rest_route=\/wp\/v2\/users\/1"}],"replies":[{"embeddable":true,"href":"https:\/\/soy.usac.edu.gt\/index.php?rest_route=%2Fwp%2Fv2%2Fcomments&post=12406"}],"version-history":[{"count":5,"href":"https:\/\/soy.usac.edu.gt\/index.php?rest_route=\/wp\/v2\/posts\/12406\/revisions"}],"predecessor-version":[{"id":12413,"href":"https:\/\/soy.usac.edu.gt\/index.php?rest_route=\/wp\/v2\/posts\/12406\/revisions\/12413"}],"wp:featuredmedia":[{"embeddable":true,"href":"https:\/\/soy.usac.edu.gt\/index.php?rest_route=\/wp\/v2\/media\/12408"}],"wp:attachment":[{"href":"https:\/\/soy.usac.edu.gt\/index.php?rest_route=%2Fwp%2Fv2%2Fmedia&parent=12406"}],"wp:term":[{"taxonomy":"category","embeddable":true,"href":"https:\/\/soy.usac.edu.gt\/index.php?rest_route=%2Fwp%2Fv2%2Fcategories&post=12406"},{"taxonomy":"post_tag","embeddable":true,"href":"https:\/\/soy.usac.edu.gt\/index.php?rest_route=%2Fwp%2Fv2%2Ftags&post=12406"}],"curies":[{"name":"wp","href":"https:\/\/api.w.org\/{rel}","templated":true}]}}