{"id":12490,"date":"2020-10-08T08:38:18","date_gmt":"2020-10-08T14:38:18","guid":{"rendered":"https:\/\/soy.usac.edu.gt\/?p=12490"},"modified":"2020-10-08T08:51:47","modified_gmt":"2020-10-08T14:51:47","slug":"tercera-edicion-de-la-carrera-universitaria-revolucion-6-y-12-k-sera-virtual","status":"publish","type":"post","link":"https:\/\/soy.usac.edu.gt\/?p=12490","title":{"rendered":"Tercera edici\u00f3n de la Carrera Universitaria Revoluci\u00f3n 6 y 12 k ser\u00e1 virtual"},"content":{"rendered":"\n<p style=\"text-align: justify;\"><strong>La actividad se organiza con el objetivo de concientizar al estudiante, docente y trabajador sancarlista para que mejore su estilo y calidad de vida por medio del deporte. <\/strong><\/p>\n<p style=\"text-align: justify;\">Este a\u00f1o, pese a la pandemia de la COVID-19, la administraci\u00f3n del ingeniero Murphy Paiz ha planificado por medio de un grupo de trabajadores coordinados por la Direcci\u00f3n General de Administraci\u00f3n una nueva edici\u00f3n de la Carrera Universitaria Revoluci\u00f3n 6 y 12 k, donde toda la familia sancarlista podr\u00e1 \u00a0participar. Esta \u00a0ser\u00e1 la primera vez que el evento se desarrolla de forma virtual.<\/p>\n<p style=\"text-align: justify;\">La carrera se realizar\u00e1 el <strong>s\u00e1bado 24 de octubre<\/strong>, la <strong>inscripci\u00f3n ser\u00e1 del 9 al 22 de octubre<\/strong>. Para registrar tu inscripci\u00f3n puedes consultar la p\u00e1gina de Facebook \u201c<strong>Carrera Universitaria-USAC\u201d<\/strong>, ah\u00ed encontrar\u00e1s la informaci\u00f3n y el enlace de inscripci\u00f3n, la cual es gratuita, posteriormente, recibir\u00e1s un correo electr\u00f3nico con la confirmaci\u00f3n y tu n\u00famero de corredor.<\/p>\n<p style=\"text-align: justify;\">Por ser una carrera virtual, se han implementado opciones para cumplir con las distancias de 6 o 12 K:<\/p>\n<ul style=\"text-align: justify;\">\n<li>Running (en banda o en casa\/aire libre).<\/li>\n<li>El\u00edptica.<\/li>\n<li>Bicicleta (estacionaria o con rodos).<\/li>\n<li>Clase de crossfit, distancia de 6 k.<\/li>\n<li>Clase de crossfit, distancia de 12 k.<\/li>\n<\/ul>\n<figure id=\"attachment_12493\" aria-describedby=\"caption-attachment-12493\" style=\"width: 640px\" class=\"wp-caption alignnone\"><img loading=\"lazy\" decoding=\"async\" class=\"wp-image-12493 size-large\" src=\"https:\/\/soy.usac.edu.gt\/wp-content\/uploads\/2020\/10\/carrera-nocturna-1024x683.jpg\" alt=\"\" width=\"640\" height=\"427\" srcset=\"https:\/\/soy.usac.edu.gt\/wp-content\/uploads\/2020\/10\/carrera-nocturna-1024x683.jpg 1024w, https:\/\/soy.usac.edu.gt\/wp-content\/uploads\/2020\/10\/carrera-nocturna-300x200.jpg 300w, https:\/\/soy.usac.edu.gt\/wp-content\/uploads\/2020\/10\/carrera-nocturna-768x512.jpg 768w, https:\/\/soy.usac.edu.gt\/wp-content\/uploads\/2020\/10\/carrera-nocturna-1536x1024.jpg 1536w, https:\/\/soy.usac.edu.gt\/wp-content\/uploads\/2020\/10\/carrera-nocturna-630x420.jpg 630w, https:\/\/soy.usac.edu.gt\/wp-content\/uploads\/2020\/10\/carrera-nocturna-640x427.jpg 640w, https:\/\/soy.usac.edu.gt\/wp-content\/uploads\/2020\/10\/carrera-nocturna-681x454.jpg 681w, https:\/\/soy.usac.edu.gt\/wp-content\/uploads\/2020\/10\/carrera-nocturna.jpg 2048w\" sizes=\"auto, (max-width: 640px) 100vw, 640px\" \/><figcaption id=\"caption-attachment-12493\" class=\"wp-caption-text\">Foto archivo<\/figcaption><\/figure>\n<p style=\"text-align: justify;\"><strong>Validaci\u00f3n<\/strong><\/p>\n<p style=\"text-align: justify;\"><strong>\u00a0<\/strong>El d\u00eda de la carrera (24 de octubre) se publicar\u00e1 un enlace mediante el cual puedes enviar la constancia de haber cumplido con las distancias. Una vez se hayan validado los medios de prueba que enviaste, recibir\u00e1s un correo electr\u00f3nico con una medalla y certificado de participaci\u00f3n, durante la semana posterior llegar\u00e1 a tu domicilio la medalla conmemorativa.<\/p>\n<p style=\"text-align: justify;\"><strong>Dia de fiesta deportiva<\/strong><\/p>\n<p style=\"text-align: justify;\"><strong>\u00a0<\/strong>Para la tercera edici\u00f3n de la carrera, las actividades iniciar\u00e1n con el acto de inauguraci\u00f3n a las 8:00 horas. Durante el d\u00eda, se realizar\u00e1n las transmisiones en vivo por la p\u00e1gina de Facebook <strong>\u201cCarrera Universitaria-USAC\u201d<\/strong> de todas las actividades que se llevar\u00e1n a cabo, como clases de zumba y crossfit, entre otras. Desde las 18:00 horas habr\u00e1 un concierto virtual como cierre de la fiesta deportiva.<\/p>\n<p><div class=\"jetpack-video-wrapper\"><iframe loading=\"lazy\" title=\"Carrera nocturna 2020\" width=\"640\" height=\"360\" src=\"https:\/\/www.youtube.com\/embed\/pDBeElMomV4?feature=oembed\" frameborder=\"0\" allow=\"accelerometer; autoplay; clipboard-write; encrypted-media; gyroscope; picture-in-picture; web-share\" referrerpolicy=\"strict-origin-when-cross-origin\" allowfullscreen><\/iframe><\/div><\/p>\n<p style=\"text-align: justify;\"><img loading=\"lazy\" decoding=\"async\" class=\"alignnone wp-image-7783 size-large\" src=\"https:\/\/soy.usac.edu.gt\/wp-content\/uploads\/2019\/07\/Cr\u00e9ditos-prensa-07-1-1024x395.png\" alt=\"\" width=\"640\" height=\"247\" srcset=\"https:\/\/soy.usac.edu.gt\/wp-content\/uploads\/2019\/07\/Cr\u00e9ditos-prensa-07-1-1024x395.png 1024w, https:\/\/soy.usac.edu.gt\/wp-content\/uploads\/2019\/07\/Cr\u00e9ditos-prensa-07-1-300x116.png 300w, https:\/\/soy.usac.edu.gt\/wp-content\/uploads\/2019\/07\/Cr\u00e9ditos-prensa-07-1-768x296.png 768w, https:\/\/soy.usac.edu.gt\/wp-content\/uploads\/2019\/07\/Cr\u00e9ditos-prensa-07-1-1088x420.png 1088w, https:\/\/soy.usac.edu.gt\/wp-content\/uploads\/2019\/07\/Cr\u00e9ditos-prensa-07-1-640x247.png 640w, https:\/\/soy.usac.edu.gt\/wp-content\/uploads\/2019\/07\/Cr\u00e9ditos-prensa-07-1-681x263.png 681w\" sizes=\"auto, (max-width: 640px) 100vw, 640px\" \/><\/p>\n","protected":false},"excerpt":{"rendered":"<p>La actividad se organiza con el objetivo de concientizar al estudiante, docente y trabajador sancarlista para que mejore su estilo y calidad de vida por medio del deporte.<\/p>\n","protected":false},"author":1,"featured_media":12492,"comment_status":"closed","ping_status":"open","sticky":false,"template":"","format":"standard","meta":{"_exactmetrics_skip_tracking":false,"_exactmetrics_sitenote_active":false,"_exactmetrics_sitenote_note":"","_exactmetrics_sitenote_category":0,"_jetpack_memberships_contains_paid_content":false,"footnotes":""},"categories":[124,29],"tags":[652,109],"class_list":["post-12490","post","type-post","status-publish","format-standard","has-post-thumbnail","hentry","category-deportes","category-noticias","tag-carrera","tag-deportes"],"aioseo_notices":[],"jetpack_featured_media_url":"https:\/\/soy.usac.edu.gt\/wp-content\/uploads\/2020\/10\/carrera-nocturna2.jpg","views":"","jetpack-related-posts":[{"id":12676,"url":"https:\/\/soy.usac.edu.gt\/?p=12676","url_meta":{"origin":12490,"position":0},"title":"As\u00ed ser\u00e1 la tercera edici\u00f3n de la Carrera Universitaria Revoluci\u00f3n 6 y 12 k, en su primera versi\u00f3n virtual","author":"Divisi\u00f3n de Publicidad","date":"23 octubre, 2020","format":false,"excerpt":"Esta actividad se ha convertido en toda una fiesta universitaria -familiar.","rel":"","context":"En \u00abDeportes\u00bb","block_context":{"text":"Deportes","link":"https:\/\/soy.usac.edu.gt\/?cat=124"},"img":{"alt_text":"","src":"https:\/\/i0.wp.com\/soy.usac.edu.gt\/wp-content\/uploads\/2020\/10\/carrera-revolucio%CC%81n.jpg?resize=350%2C200&ssl=1","width":350,"height":200,"srcset":"https:\/\/i0.wp.com\/soy.usac.edu.gt\/wp-content\/uploads\/2020\/10\/carrera-revolucio%CC%81n.jpg?resize=350%2C200&ssl=1 1x, https:\/\/i0.wp.com\/soy.usac.edu.gt\/wp-content\/uploads\/2020\/10\/carrera-revolucio%CC%81n.jpg?resize=525%2C300&ssl=1 1.5x, https:\/\/i0.wp.com\/soy.usac.edu.gt\/wp-content\/uploads\/2020\/10\/carrera-revolucio%CC%81n.jpg?resize=700%2C400&ssl=1 2x, https:\/\/i0.wp.com\/soy.usac.edu.gt\/wp-content\/uploads\/2020\/10\/carrera-revolucio%CC%81n.jpg?resize=1050%2C600&ssl=1 3x, https:\/\/i0.wp.com\/soy.usac.edu.gt\/wp-content\/uploads\/2020\/10\/carrera-revolucio%CC%81n.jpg?resize=1400%2C800&ssl=1 4x"},"classes":[]},{"id":8610,"url":"https:\/\/soy.usac.edu.gt\/?p=8610","url_meta":{"origin":12490,"position":1},"title":"Por una vida m\u00e1s saludable, participa en la segunda Carrera Revoluci\u00f3n","author":"Divisi\u00f3n de Publicidad","date":"9 octubre, 2019","format":false,"excerpt":"La inscripci\u00f3n es gratuita y habr\u00e1 premios en efectivo para los primeros lugares.","rel":"","context":"En \u00abDeportes\u00bb","block_context":{"text":"Deportes","link":"https:\/\/soy.usac.edu.gt\/?cat=124"},"img":{"alt_text":"","src":"https:\/\/i0.wp.com\/soy.usac.edu.gt\/wp-content\/uploads\/2019\/10\/DSC_0003.jpg?resize=350%2C200&ssl=1","width":350,"height":200,"srcset":"https:\/\/i0.wp.com\/soy.usac.edu.gt\/wp-content\/uploads\/2019\/10\/DSC_0003.jpg?resize=350%2C200&ssl=1 1x, https:\/\/i0.wp.com\/soy.usac.edu.gt\/wp-content\/uploads\/2019\/10\/DSC_0003.jpg?resize=525%2C300&ssl=1 1.5x, https:\/\/i0.wp.com\/soy.usac.edu.gt\/wp-content\/uploads\/2019\/10\/DSC_0003.jpg?resize=700%2C400&ssl=1 2x, https:\/\/i0.wp.com\/soy.usac.edu.gt\/wp-content\/uploads\/2019\/10\/DSC_0003.jpg?resize=1050%2C600&ssl=1 3x, https:\/\/i0.wp.com\/soy.usac.edu.gt\/wp-content\/uploads\/2019\/10\/DSC_0003.jpg?resize=1400%2C800&ssl=1 4x"},"classes":[]},{"id":20674,"url":"https:\/\/soy.usac.edu.gt\/?p=20674","url_meta":{"origin":12490,"position":2},"title":"\u00a1Ya estamos listos para la Carrera 6K!","author":"Divisi\u00f3n de Publicidad","date":"17 agosto, 2024","format":false,"excerpt":"El 24 de agosto, a partir de las 19:00 horas, en una nueva edici\u00f3n, la universidad llevar\u00e1 a cabo la Carrera 6 K \u201cUSAC hacia el futuro\u201d con el objetivo de concientizar a estudiantes y trabajadores sobre la importancia de mejorar la calidad de vida a trav\u00e9s del deporte y\u2026","rel":"","context":"En \u00abDeportes\u00bb","block_context":{"text":"Deportes","link":"https:\/\/soy.usac.edu.gt\/?cat=124"},"img":{"alt_text":"","src":"https:\/\/i0.wp.com\/soy.usac.edu.gt\/wp-content\/uploads\/2024\/08\/WhatsApp-Image-2024-08-17-at-7.47.23-AM.jpeg?resize=350%2C200&ssl=1","width":350,"height":200,"srcset":"https:\/\/i0.wp.com\/soy.usac.edu.gt\/wp-content\/uploads\/2024\/08\/WhatsApp-Image-2024-08-17-at-7.47.23-AM.jpeg?resize=350%2C200&ssl=1 1x, https:\/\/i0.wp.com\/soy.usac.edu.gt\/wp-content\/uploads\/2024\/08\/WhatsApp-Image-2024-08-17-at-7.47.23-AM.jpeg?resize=525%2C300&ssl=1 1.5x, https:\/\/i0.wp.com\/soy.usac.edu.gt\/wp-content\/uploads\/2024\/08\/WhatsApp-Image-2024-08-17-at-7.47.23-AM.jpeg?resize=700%2C400&ssl=1 2x, https:\/\/i0.wp.com\/soy.usac.edu.gt\/wp-content\/uploads\/2024\/08\/WhatsApp-Image-2024-08-17-at-7.47.23-AM.jpeg?resize=1050%2C600&ssl=1 3x"},"classes":[]},{"id":3765,"url":"https:\/\/soy.usac.edu.gt\/?p=3765","url_meta":{"origin":12490,"position":3},"title":"USAC celebra a lo grande","author":"Edwin Medina","date":"31 enero, 2019","format":false,"excerpt":"La casa de estudios con m\u00e1s de tres siglos de ofrecer educaci\u00f3n superior a los guatemaltecos\u00a0 celebr\u00f3 su aniversario 343 de una manera nunca antes vista. Los sancarlistas han festejado el aniversario de su universidad\u00a0 en un ambiente totalmente distinto al de otros a\u00f1os, debido a que la nueva administraci\u00f3n\u2026","rel":"","context":"En \u00abNoticias\u00bb","block_context":{"text":"Noticias","link":"https:\/\/soy.usac.edu.gt\/?cat=29"},"img":{"alt_text":"","src":"https:\/\/i0.wp.com\/soy.usac.edu.gt\/wp-content\/uploads\/2019\/01\/FUNDACI%C3%93N.jpg?resize=350%2C200&ssl=1","width":350,"height":200,"srcset":"https:\/\/i0.wp.com\/soy.usac.edu.gt\/wp-content\/uploads\/2019\/01\/FUNDACI%C3%93N.jpg?resize=350%2C200&ssl=1 1x, https:\/\/i0.wp.com\/soy.usac.edu.gt\/wp-content\/uploads\/2019\/01\/FUNDACI%C3%93N.jpg?resize=525%2C300&ssl=1 1.5x, https:\/\/i0.wp.com\/soy.usac.edu.gt\/wp-content\/uploads\/2019\/01\/FUNDACI%C3%93N.jpg?resize=700%2C400&ssl=1 2x, https:\/\/i0.wp.com\/soy.usac.edu.gt\/wp-content\/uploads\/2019\/01\/FUNDACI%C3%93N.jpg?resize=1050%2C600&ssl=1 3x, https:\/\/i0.wp.com\/soy.usac.edu.gt\/wp-content\/uploads\/2019\/01\/FUNDACI%C3%93N.jpg?resize=1400%2C800&ssl=1 4x"},"classes":[]},{"id":12727,"url":"https:\/\/soy.usac.edu.gt\/?p=12727","url_meta":{"origin":12490,"position":4},"title":"Licenciatura en Criminolog\u00eda y Criminal\u00edstica en modalidad virtual","author":"Divisi\u00f3n de Publicidad","date":"4 noviembre, 2020","format":false,"excerpt":"Esta opci\u00f3n acad\u00e9mica reci\u00e9n fue aprobada el pasado 23 de septiembre por el Consejo Superior Universitario y estar\u00e1 siendo avalada por el Centro Universitario de Suroriente (CUNSURORI), por lo que el egresado obtendr\u00e1 diploma y t\u00edtulo de esta unidad.","rel":"","context":"En \u00abNoticias\u00bb","block_context":{"text":"Noticias","link":"https:\/\/soy.usac.edu.gt\/?cat=29"},"img":{"alt_text":"","src":"https:\/\/i0.wp.com\/soy.usac.edu.gt\/wp-content\/uploads\/2020\/11\/84516_desktop_0e6dd054e2e36d159f7ddca159ba6c0f_photo.jpg?resize=350%2C200&ssl=1","width":350,"height":200,"srcset":"https:\/\/i0.wp.com\/soy.usac.edu.gt\/wp-content\/uploads\/2020\/11\/84516_desktop_0e6dd054e2e36d159f7ddca159ba6c0f_photo.jpg?resize=350%2C200&ssl=1 1x, https:\/\/i0.wp.com\/soy.usac.edu.gt\/wp-content\/uploads\/2020\/11\/84516_desktop_0e6dd054e2e36d159f7ddca159ba6c0f_photo.jpg?resize=525%2C300&ssl=1 1.5x, https:\/\/i0.wp.com\/soy.usac.edu.gt\/wp-content\/uploads\/2020\/11\/84516_desktop_0e6dd054e2e36d159f7ddca159ba6c0f_photo.jpg?resize=700%2C400&ssl=1 2x"},"classes":[]},{"id":13343,"url":"https:\/\/soy.usac.edu.gt\/?p=13343","url_meta":{"origin":12490,"position":5},"title":"Edici\u00f3n No. 300 del Peri\u00f3dico de la USAC","author":"Divisi\u00f3n de Publicidad","date":"10 marzo, 2021","format":false,"excerpt":"Le\u00e9 lo m\u00e1s reciente del acontecer universitario.","rel":"","context":"En \u00abNoticias\u00bb","block_context":{"text":"Noticias","link":"https:\/\/soy.usac.edu.gt\/?cat=29"},"img":{"alt_text":"","src":"https:\/\/i0.wp.com\/soy.usac.edu.gt\/wp-content\/uploads\/2021\/03\/WhatsApp-Image-2021-03-05-at-11.49.23-AM.jpeg?resize=350%2C200&ssl=1","width":350,"height":200,"srcset":"https:\/\/i0.wp.com\/soy.usac.edu.gt\/wp-content\/uploads\/2021\/03\/WhatsApp-Image-2021-03-05-at-11.49.23-AM.jpeg?resize=350%2C200&ssl=1 1x, https:\/\/i0.wp.com\/soy.usac.edu.gt\/wp-content\/uploads\/2021\/03\/WhatsApp-Image-2021-03-05-at-11.49.23-AM.jpeg?resize=525%2C300&ssl=1 1.5x, https:\/\/i0.wp.com\/soy.usac.edu.gt\/wp-content\/uploads\/2021\/03\/WhatsApp-Image-2021-03-05-at-11.49.23-AM.jpeg?resize=700%2C400&ssl=1 2x, https:\/\/i0.wp.com\/soy.usac.edu.gt\/wp-content\/uploads\/2021\/03\/WhatsApp-Image-2021-03-05-at-11.49.23-AM.jpeg?resize=1050%2C600&ssl=1 3x"},"classes":[]}],"jetpack_sharing_enabled":true,"_links":{"self":[{"href":"https:\/\/soy.usac.edu.gt\/index.php?rest_route=\/wp\/v2\/posts\/12490","targetHints":{"allow":["GET"]}}],"collection":[{"href":"https:\/\/soy.usac.edu.gt\/index.php?rest_route=\/wp\/v2\/posts"}],"about":[{"href":"https:\/\/soy.usac.edu.gt\/index.php?rest_route=\/wp\/v2\/types\/post"}],"author":[{"embeddable":true,"href":"https:\/\/soy.usac.edu.gt\/index.php?rest_route=\/wp\/v2\/users\/1"}],"replies":[{"embeddable":true,"href":"https:\/\/soy.usac.edu.gt\/index.php?rest_route=%2Fwp%2Fv2%2Fcomments&post=12490"}],"version-history":[{"count":4,"href":"https:\/\/soy.usac.edu.gt\/index.php?rest_route=\/wp\/v2\/posts\/12490\/revisions"}],"predecessor-version":[{"id":12496,"href":"https:\/\/soy.usac.edu.gt\/index.php?rest_route=\/wp\/v2\/posts\/12490\/revisions\/12496"}],"wp:featuredmedia":[{"embeddable":true,"href":"https:\/\/soy.usac.edu.gt\/index.php?rest_route=\/wp\/v2\/media\/12492"}],"wp:attachment":[{"href":"https:\/\/soy.usac.edu.gt\/index.php?rest_route=%2Fwp%2Fv2%2Fmedia&parent=12490"}],"wp:term":[{"taxonomy":"category","embeddable":true,"href":"https:\/\/soy.usac.edu.gt\/index.php?rest_route=%2Fwp%2Fv2%2Fcategories&post=12490"},{"taxonomy":"post_tag","embeddable":true,"href":"https:\/\/soy.usac.edu.gt\/index.php?rest_route=%2Fwp%2Fv2%2Ftags&post=12490"}],"curies":[{"name":"wp","href":"https:\/\/api.w.org\/{rel}","templated":true}]}}