{"id":12497,"date":"2020-10-08T09:44:01","date_gmt":"2020-10-08T15:44:01","guid":{"rendered":"https:\/\/soy.usac.edu.gt\/?p=12497"},"modified":"2020-10-08T09:44:02","modified_gmt":"2020-10-08T15:44:02","slug":"csu-se-pronuncia-ante-situacion-de-la-cc","status":"publish","type":"post","link":"https:\/\/soy.usac.edu.gt\/?p=12497","title":{"rendered":"CSU se pronuncia ante situaci\u00f3n de la CC"},"content":{"rendered":"\n<p style=\"text-align: center;\"><strong>EL CONSEJO SUPERIOR UNIVERSITARIO DE LA UNIVERSIDAD DE SAN CARLOS DE GUATEMALA Y EL RECTOR M.Sc. ING. MURPHY OLYMPO PAIZ RECINOS<\/strong><\/p>\n<p><em><strong>ANTE LA ACTUAL SITUACI\u00d3N DE LA CORTE DE CONSTITUCIONALIDAD DE GUATEMALA<\/strong><\/em><\/p>\n<p style=\"text-align: center;\"><strong>CONSIDERANDO: <\/strong><\/p>\n<p style=\"text-align: justify;\">La Corte de Constitucionalidad es un tribunal permanente de jurisdicci\u00f3n privativa, cuya funci\u00f3n esencial es la defensa del orden constitucional; act\u00faa como tribunal colegiado con independencia de los dem\u00e1s organismos del Estado y ejerce funciones espec\u00edficas que le asigna la Constituci\u00f3n y la ley de la materia. Se integra por cinco magistraturas titulares y cinco magistraturas suplentes.<\/p>\n<p style=\"text-align: justify;\">La instituci\u00f3n jur\u00eddica de magistraturas suplentes, como todo \u00f3rgano colegiado de justicia, tiene como fin fundamental garantizar la impartici\u00f3n de justicia ante casos fortuitos, incapacidades sobrevenidas o inhibitorias de sus magistraturas titulares. El derecho a la justicia y la tutela judicial efectiva se encuentra reconocido en la Constituci\u00f3n Pol\u00edtica de la Rep\u00fablica y tratados internacionales en materia de derechos humanos, su retardo o incumplimiento del deber con la justicia puede hacer incurrir al Estado de Guatemala y sus funcionarios en responsabilidad internacional y conforme a las leyes del pa\u00eds.<\/p>\n<p style=\"text-align: center;\"><strong>POR LO ANTERIOR:<\/strong><\/p>\n<p style=\"text-align: justify;\">1. Exhortan al pleno de la Corte de Constitucionalidad de Guatemala a conocer y resolver sobre la solicitud de la familia del magistrado y docente titular de esta casa de estudios, Neftaly Aldana Herrera, de conformidad con la ley y con sentido humanitario, para aclarar su situaci\u00f3n jur\u00eddica en la magistratura titular que ejerce por designaci\u00f3n de la Corte Suprema de Justicia de Guatemala.<\/p>\n<p style=\"text-align: justify;\">2. Exhortan al Colegio de Abogados de Guatemala a iniciar los procesos correspondientes para la designaci\u00f3n de la persona que ocupar\u00e1 la magistratura titular vacante desde el sensible fallecimiento del Dr. Bonerge Mej\u00eda Orellana, ilustre miembro de la comunidad sancarlista, con el objeto de culminar satisfactoriamente el per\u00edodo 2016-2021 de la Corte de Constitucionalidad de Guatemala.<\/p>\n<p style=\"text-align: justify;\">3. Solicitan a la Corte de Constitucionalidad no paralizar la impartici\u00f3n de la justicia constitucional y resolver procesos pendientes de la poblaci\u00f3n guatemalteca y de alta trascendencia nacional, como la solicitud de aclaraci\u00f3n y ampliaci\u00f3n requerida sobre la sentencia emitida el 27 de noviembre de 2019, dentro del expediente 5510-2018, relativa a la asignaci\u00f3n privativa a la Universidad de San Carlos de Guatemala no menor al Presupuesto de Ingresos Ordinarios del Estado, integrado por los ingresos tributarios sin deducci\u00f3n alguna, la cual tuvo que ser resuelta en un plazo de 48 horas y, hasta la fecha, van 313 d\u00edas sin resolver la materia.<\/p>\n<p style=\"text-align: justify;\"><strong>La Universidad de San Carlos de Guatemala contin\u00faa al servicio de la poblaci\u00f3n guatemalteca con su capital humano, garantizando el derecho a la educaci\u00f3n superior, el conocimiento cient\u00edfico, y su aporte al an\u00e1lisis e investigaci\u00f3n de los problemas nacionales.\u00a0<\/strong><\/p>\n<p>\u00a0<\/p>\n<p style=\"text-align: center;\"><strong>\u201cId y ense\u00f1ad a todos\u201d <\/strong><\/p>\n<p style=\"text-align: right;\">Guatemala, 8 de octubre de 2020<\/p>\n","protected":false},"excerpt":{"rendered":"<p>La instituci\u00f3n jur\u00eddica de magistraturas suplentes, como todo \u00f3rgano colegiado de justicia, tiene como fin fundamental garantizar la impartici\u00f3n de justicia ante casos fortuitos.<\/p>\n","protected":false},"author":1,"featured_media":0,"comment_status":"closed","ping_status":"open","sticky":false,"template":"","format":"standard","meta":{"_exactmetrics_skip_tracking":false,"_exactmetrics_sitenote_active":false,"_exactmetrics_sitenote_note":"","_exactmetrics_sitenote_category":0,"_jetpack_memberships_contains_paid_content":false,"footnotes":""},"categories":[29],"tags":[317],"class_list":["post-12497","post","type-post","status-publish","format-standard","hentry","category-noticias","tag-consejo-superior-universitario"],"aioseo_notices":[],"jetpack_featured_media_url":"","views":"","jetpack-related-posts":[{"id":17708,"url":"https:\/\/soy.usac.edu.gt\/?p=17708","url_meta":{"origin":12497,"position":0},"title":"H\u00e9ctor Hugo P\u00e9rez Aguilera asume como magistrado titular de la CC","author":"Divisi\u00f3n de Publicidad","date":"19 julio, 2022","format":false,"excerpt":"El profesional fue designado por el Consejo Superior Universitario (CSU) el pasado 21 de junio. Hoy se realiz\u00f3 el acto con el cual ocupar\u00e1 oficialmente la VII magistratura para el periodo 2021-2026.","rel":"","context":"En \u00abSin categor\u00eda\u00bb","block_context":{"text":"Sin categor\u00eda","link":"https:\/\/soy.usac.edu.gt\/?cat=1"},"img":{"alt_text":"","src":"https:\/\/i0.wp.com\/soy.usac.edu.gt\/wp-content\/uploads\/2022\/07\/WhatsApp-Image-2022-07-19-at-8.54.55-PM.jpeg?resize=350%2C200&ssl=1","width":350,"height":200,"srcset":"https:\/\/i0.wp.com\/soy.usac.edu.gt\/wp-content\/uploads\/2022\/07\/WhatsApp-Image-2022-07-19-at-8.54.55-PM.jpeg?resize=350%2C200&ssl=1 1x, https:\/\/i0.wp.com\/soy.usac.edu.gt\/wp-content\/uploads\/2022\/07\/WhatsApp-Image-2022-07-19-at-8.54.55-PM.jpeg?resize=525%2C300&ssl=1 1.5x, https:\/\/i0.wp.com\/soy.usac.edu.gt\/wp-content\/uploads\/2022\/07\/WhatsApp-Image-2022-07-19-at-8.54.55-PM.jpeg?resize=700%2C400&ssl=1 2x, https:\/\/i0.wp.com\/soy.usac.edu.gt\/wp-content\/uploads\/2022\/07\/WhatsApp-Image-2022-07-19-at-8.54.55-PM.jpeg?resize=1050%2C600&ssl=1 3x"},"classes":[]},{"id":13020,"url":"https:\/\/soy.usac.edu.gt\/?p=13020","url_meta":{"origin":12497,"position":1},"title":"Convocatoria para designaci\u00f3n de Magistrado titular y suplente por el CSU ante la Corte de Constitucionalidad","author":"Divisi\u00f3n de Publicidad","date":"29 enero, 2021","format":false,"excerpt":"El Consejo Superior Universitario, en cumplimiento de lo que establecen los art\u00edculos 269 y 270 de la Constituci\u00f3n Pol\u00edtica de la Rep\u00fablica de Guatemala","rel":"","context":"En \u00abBecas y Convocatorias\u00bb","block_context":{"text":"Becas y Convocatorias","link":"https:\/\/soy.usac.edu.gt\/?cat=127"},"img":{"alt_text":"","src":"https:\/\/i0.wp.com\/soy.usac.edu.gt\/wp-content\/uploads\/2021\/01\/convocatoria_Mesa-de-trabajo-1.jpg?resize=350%2C200&ssl=1","width":350,"height":200,"srcset":"https:\/\/i0.wp.com\/soy.usac.edu.gt\/wp-content\/uploads\/2021\/01\/convocatoria_Mesa-de-trabajo-1.jpg?resize=350%2C200&ssl=1 1x, https:\/\/i0.wp.com\/soy.usac.edu.gt\/wp-content\/uploads\/2021\/01\/convocatoria_Mesa-de-trabajo-1.jpg?resize=525%2C300&ssl=1 1.5x, https:\/\/i0.wp.com\/soy.usac.edu.gt\/wp-content\/uploads\/2021\/01\/convocatoria_Mesa-de-trabajo-1.jpg?resize=700%2C400&ssl=1 2x, https:\/\/i0.wp.com\/soy.usac.edu.gt\/wp-content\/uploads\/2021\/01\/convocatoria_Mesa-de-trabajo-1.jpg?resize=1050%2C600&ssl=1 3x, https:\/\/i0.wp.com\/soy.usac.edu.gt\/wp-content\/uploads\/2021\/01\/convocatoria_Mesa-de-trabajo-1.jpg?resize=1400%2C800&ssl=1 4x"},"classes":[]},{"id":13988,"url":"https:\/\/soy.usac.edu.gt\/?p=13988","url_meta":{"origin":12497,"position":2},"title":"Comunicado del CSU a la poblaci\u00f3n en general","author":"Divisi\u00f3n de Publicidad","date":"26 abril, 2021","format":false,"excerpt":"El Consejo Superior Universitario y \u00a0El Rector en funciones, Dr. Jorge Fernando Orellana Oliva, de la\u00a0Universidad de San Carlos de Guatemala Ante la resoluci\u00f3n de fecha 12 de abril de 2021, de la Sala Primera de lo Contencioso Administrativo, constituida en tribunal de amparo, dentro del Amparo 01011-2021-00083 que otorg\u00f3\u2026","rel":"","context":"En \u00abSin categor\u00eda\u00bb","block_context":{"text":"Sin categor\u00eda","link":"https:\/\/soy.usac.edu.gt\/?cat=1"},"img":{"alt_text":"","src":"https:\/\/i0.wp.com\/soy.usac.edu.gt\/wp-content\/uploads\/2021\/02\/COMUNICADO-IMAGEN-WEB.jpeg?resize=350%2C200&ssl=1","width":350,"height":200,"srcset":"https:\/\/i0.wp.com\/soy.usac.edu.gt\/wp-content\/uploads\/2021\/02\/COMUNICADO-IMAGEN-WEB.jpeg?resize=350%2C200&ssl=1 1x, https:\/\/i0.wp.com\/soy.usac.edu.gt\/wp-content\/uploads\/2021\/02\/COMUNICADO-IMAGEN-WEB.jpeg?resize=525%2C300&ssl=1 1.5x, https:\/\/i0.wp.com\/soy.usac.edu.gt\/wp-content\/uploads\/2021\/02\/COMUNICADO-IMAGEN-WEB.jpeg?resize=700%2C400&ssl=1 2x"},"classes":[]},{"id":11948,"url":"https:\/\/soy.usac.edu.gt\/?p=11948","url_meta":{"origin":12497,"position":3},"title":"CSU demanda fortalecer el respeto al orden constitucional","author":"Divisi\u00f3n de Publicidad","date":"1 julio, 2020","format":false,"excerpt":"Esta Casa de Estudios Superiores manifiesta su disponibilidad de contribuir en la resoluci\u00f3n del conflicto, velando por la gobernabilidad y estabilidad del pa\u00eds.","rel":"","context":"En \u00abNoticias\u00bb","block_context":{"text":"Noticias","link":"https:\/\/soy.usac.edu.gt\/?cat=29"},"img":{"alt_text":"","src":"","width":0,"height":0},"classes":[]},{"id":14004,"url":"https:\/\/soy.usac.edu.gt\/?p=14004","url_meta":{"origin":12497,"position":4},"title":"CSU rechaza  acciones promovidas en su contra","author":"Divisi\u00f3n de Publicidad","date":"28 abril, 2021","format":false,"excerpt":"La labor de los miembros que integran este cuerpo colegiado, que por mandato constitucional debe designar a un Magistrado Titular y Suplente ante la CC,","rel":"","context":"En \u00abNoticias\u00bb","block_context":{"text":"Noticias","link":"https:\/\/soy.usac.edu.gt\/?cat=29"},"img":{"alt_text":"","src":"https:\/\/i0.wp.com\/soy.usac.edu.gt\/wp-content\/uploads\/2021\/02\/COMUNICADO-IMAGEN-WEB.jpeg?resize=350%2C200&ssl=1","width":350,"height":200,"srcset":"https:\/\/i0.wp.com\/soy.usac.edu.gt\/wp-content\/uploads\/2021\/02\/COMUNICADO-IMAGEN-WEB.jpeg?resize=350%2C200&ssl=1 1x, https:\/\/i0.wp.com\/soy.usac.edu.gt\/wp-content\/uploads\/2021\/02\/COMUNICADO-IMAGEN-WEB.jpeg?resize=525%2C300&ssl=1 1.5x, https:\/\/i0.wp.com\/soy.usac.edu.gt\/wp-content\/uploads\/2021\/02\/COMUNICADO-IMAGEN-WEB.jpeg?resize=700%2C400&ssl=1 2x"},"classes":[]},{"id":13011,"url":"https:\/\/soy.usac.edu.gt\/?p=13011","url_meta":{"origin":12497,"position":5},"title":"Rector expresa que no tiene injerencia en la elecci\u00f3n del CANG","author":"Divisi\u00f3n de Publicidad","date":"8 enero, 2021","format":false,"excerpt":"El rector declar\u00f3 que no tenemos ninguna clase de compromiso con los participantes ni ejercemos injerencia en la voluntad de los agremiados del Colegio Profesional citado.","rel":"","context":"En \u00abNoticias\u00bb","block_context":{"text":"Noticias","link":"https:\/\/soy.usac.edu.gt\/?cat=29"},"img":{"alt_text":"","src":"","width":0,"height":0},"classes":[]}],"jetpack_sharing_enabled":true,"_links":{"self":[{"href":"https:\/\/soy.usac.edu.gt\/index.php?rest_route=\/wp\/v2\/posts\/12497","targetHints":{"allow":["GET"]}}],"collection":[{"href":"https:\/\/soy.usac.edu.gt\/index.php?rest_route=\/wp\/v2\/posts"}],"about":[{"href":"https:\/\/soy.usac.edu.gt\/index.php?rest_route=\/wp\/v2\/types\/post"}],"author":[{"embeddable":true,"href":"https:\/\/soy.usac.edu.gt\/index.php?rest_route=\/wp\/v2\/users\/1"}],"replies":[{"embeddable":true,"href":"https:\/\/soy.usac.edu.gt\/index.php?rest_route=%2Fwp%2Fv2%2Fcomments&post=12497"}],"version-history":[{"count":4,"href":"https:\/\/soy.usac.edu.gt\/index.php?rest_route=\/wp\/v2\/posts\/12497\/revisions"}],"predecessor-version":[{"id":12501,"href":"https:\/\/soy.usac.edu.gt\/index.php?rest_route=\/wp\/v2\/posts\/12497\/revisions\/12501"}],"wp:attachment":[{"href":"https:\/\/soy.usac.edu.gt\/index.php?rest_route=%2Fwp%2Fv2%2Fmedia&parent=12497"}],"wp:term":[{"taxonomy":"category","embeddable":true,"href":"https:\/\/soy.usac.edu.gt\/index.php?rest_route=%2Fwp%2Fv2%2Fcategories&post=12497"},{"taxonomy":"post_tag","embeddable":true,"href":"https:\/\/soy.usac.edu.gt\/index.php?rest_route=%2Fwp%2Fv2%2Ftags&post=12497"}],"curies":[{"name":"wp","href":"https:\/\/api.w.org\/{rel}","templated":true}]}}