{"id":12520,"date":"2020-10-15T10:24:19","date_gmt":"2020-10-15T16:24:19","guid":{"rendered":"https:\/\/soy.usac.edu.gt\/?p=12520"},"modified":"2020-10-15T10:31:02","modified_gmt":"2020-10-15T16:31:02","slug":"usac-enfrenta-crisis-financiera","status":"publish","type":"post","link":"https:\/\/soy.usac.edu.gt\/?p=12520","title":{"rendered":"Usac enfrenta crisis financiera"},"content":{"rendered":"\n<p style=\"text-align: justify;\">La lucha por un presupuesto digno para la Universidad de San Carlos de Guatemala ha sido prolongada y persistente. Como resultado de un amparo interpuesto por la Asociaci\u00f3n de Estudiantes Universitarios \u201cOliverio Casta\u00f1eda de Le\u00f3n\u201d el a\u00f1o pasado se obtuvo una sentencia favorable para hacer efectivo el cumplimiento del art\u00edculo 84 de la Constituci\u00f3n.<\/p>\n<p style=\"text-align: justify;\">\u201cLa USAC trabaja con las condiciones m\u00ednimas por el desfinanciamiento que prevalece desde hace a\u00f1os. No podemos continuar con una reducci\u00f3n presupuestaria, hemos cumplido con nuestro compromiso de mantener abiertos todos los programas educativos en el pa\u00eds. Es momento de que se le den condiciones adecuadas a la universidad, la crisis financiera afecta salarios, cobertura y calidad educativa\u00bb.<\/p>\n<p style=\"text-align: justify;\">\u00a0<strong>Ing. Murphy Paiz, Rector<\/strong><\/p>\n<figure id=\"attachment_12556\" aria-describedby=\"caption-attachment-12556\" style=\"width: 640px\" class=\"wp-caption alignnone\"><img loading=\"lazy\" decoding=\"async\" class=\"wp-image-12556 size-large\" src=\"https:\/\/soy.usac.edu.gt\/wp-content\/uploads\/2020\/10\/rector30-1024x581.png\" alt=\"\" width=\"640\" height=\"363\" srcset=\"https:\/\/soy.usac.edu.gt\/wp-content\/uploads\/2020\/10\/rector30-1024x581.png 1024w, https:\/\/soy.usac.edu.gt\/wp-content\/uploads\/2020\/10\/rector30-300x170.png 300w, https:\/\/soy.usac.edu.gt\/wp-content\/uploads\/2020\/10\/rector30-768x436.png 768w, https:\/\/soy.usac.edu.gt\/wp-content\/uploads\/2020\/10\/rector30-1536x872.png 1536w, https:\/\/soy.usac.edu.gt\/wp-content\/uploads\/2020\/10\/rector30-2048x1163.png 2048w, https:\/\/soy.usac.edu.gt\/wp-content\/uploads\/2020\/10\/rector30-740x420.png 740w, https:\/\/soy.usac.edu.gt\/wp-content\/uploads\/2020\/10\/rector30-640x363.png 640w, https:\/\/soy.usac.edu.gt\/wp-content\/uploads\/2020\/10\/rector30-681x387.png 681w, https:\/\/soy.usac.edu.gt\/wp-content\/uploads\/2020\/10\/rector30-1021x580.png 1021w\" sizes=\"auto, (max-width: 640px) 100vw, 640px\" \/><figcaption id=\"caption-attachment-12556\" class=\"wp-caption-text\">El Rector, Ing. Murphy Paiz, ha asistido a distintas reuniones con la Comisi\u00f3n de Finanzas del Congreso de la Rep\u00fablica para velar por que a esta casa de estudios se le asigne el presupuesto constitucional.<\/figcaption><\/figure>\n<p style=\"text-align: justify;\">Debido a la falta de un presupuesto adecuado para cubrir las necesidades de la creciente matr\u00edcula estudiantil, la USAC se ha mantenido en una permanente crisis financiera por a\u00f1os.<\/p>\n<p style=\"text-align: justify;\">El papel que desempe\u00f1a esta alma m\u00e1ter en el desarrollo del pa\u00eds es preponderante; atiende a m\u00e1s de la mitad de los estudiantes de nivel superior y, pese a sus limitaciones econ\u00f3micas, realiza destacados aportes acad\u00e9micos, sociales, cient\u00edficos y culturales. De contar con un presupuesto id\u00f3neo, los estudiantes tendr\u00edan mejores condiciones de formaci\u00f3n y los beneficios para la sociedad se multiplicar\u00edan.<\/p>\n<p style=\"text-align: justify;\">Con respecto a la necesidad de que la USAC obtenga el presupuesto legal, el Rector, Murphy Paiz, ha indicado: \u201cSe nos ha conducido a decir que se ha cumplido con el 5 %, cuando la Constituci\u00f3n establece que a la universidad se le debe otorgar un porcentaje no menor al 5 %, es decir que la cifra puede ascender, en atenci\u00f3n a las necesidades de la poblaci\u00f3n estudiantil.<\/p>\n<p style=\"text-align: justify;\">El 5 % es solamente un piso m\u00ednimo, no hay excusa v\u00e1lida para no darle un presupuesto digno a la USAC. No toda la poblaci\u00f3n tiene acceso a la educaci\u00f3n superior privada, eso implica que hay que potencializar a la USAC y no asfixiarla\u201d.<\/p>\n<p style=\"text-align: justify;\">Como parte de los logros para que la Corte de Constitucionalidad avale el c\u00e1lculo adecuado del presupuesto, est\u00e1n dos sentencias de amparo, una emitida en 2014 y otra en 2019.<\/p>\n<p style=\"text-align: justify;\">Seg\u00fan la sentencia del expediente 5510-2018, de fecha 27 de noviembre de 2019, el m\u00e1ximo tribunal del pa\u00eds exhorta al Ministerio de Finanzas P\u00fablicas y al Congreso de la Rep\u00fablica a respetar la supremac\u00eda constitucional y establecer la asignaci\u00f3n presupuestaria constitucional \u201c[\u2026] acreditada directamente del total de los ingresos tributarios, sin que prime, para ese efecto, ninguna otra deducci\u00f3n de distinto car\u00e1cter\u201d.<\/p>\n<p style=\"text-align: justify;\">El fragmento citado concuerda con la sentencia del 10 de junio de 2014, emitida por la Corte dentro del expediente 5298-2013, donde se aclara la defensa del esp\u00edritu de la Constituci\u00f3n Pol\u00edtica de la Rep\u00fablica y se recupera el sentido original de los aportes constitucionales establecidos por primera vez en 1956, los cuales se otorgan sin deducci\u00f3n alguna del total de los ingresos ordinarios del Estado, enfocados en sectores prioritarios para el desarrollo del pa\u00eds.<\/p>\n<p style=\"text-align: justify;\">Pese a que la sentencia del amparo interpuesto por la Asociaci\u00f3n de Estudiantes Universitarios es clara y no susceptible de modificaci\u00f3n, est\u00e1 pendiente la resoluci\u00f3n de los recursos de aclaraci\u00f3n y ampliaci\u00f3n, por lo que recientemente el Consejo Superior Universitario exhort\u00f3 a la Corte de Constitucionalidad mediante un comunicado de fecha 20 de septiembre de este a\u00f1o el seguimiento a las impugnaciones, puesto que de la ejecuci\u00f3n de esta sentencia depende la estabilizaci\u00f3n financiera de la USAC.<\/p>\n<p style=\"text-align: justify;\"><strong>Crisis financiera actual<\/strong><\/p>\n<p><img loading=\"lazy\" decoding=\"async\" class=\"alignnone wp-image-12525 size-large\" src=\"https:\/\/soy.usac.edu.gt\/wp-content\/uploads\/2020\/10\/2-1024x682.jpeg\" alt=\"\" width=\"640\" height=\"426\" srcset=\"https:\/\/soy.usac.edu.gt\/wp-content\/uploads\/2020\/10\/2-1024x682.jpeg 1024w, https:\/\/soy.usac.edu.gt\/wp-content\/uploads\/2020\/10\/2-300x200.jpeg 300w, https:\/\/soy.usac.edu.gt\/wp-content\/uploads\/2020\/10\/2-768x512.jpeg 768w, https:\/\/soy.usac.edu.gt\/wp-content\/uploads\/2020\/10\/2-630x420.jpeg 630w, https:\/\/soy.usac.edu.gt\/wp-content\/uploads\/2020\/10\/2-640x427.jpeg 640w, https:\/\/soy.usac.edu.gt\/wp-content\/uploads\/2020\/10\/2-681x454.jpeg 681w, https:\/\/soy.usac.edu.gt\/wp-content\/uploads\/2020\/10\/2.jpeg 1280w\" sizes=\"auto, (max-width: 640px) 100vw, 640px\" \/><\/p>\n<p style=\"text-align: justify;\">La Universidad de San Carlos de Guatemala ha tratado de responder a las necesidades acad\u00e9micas del contexto nacional, para ello ha ampliado su cobertura y abierto nuevos programas educativos. Sin embargo, las iniciativas emprendidas para mejorar y expandir la educaci\u00f3n superior se han visto truncadas por la falta de presupuesto y, a lo largo del tiempo, son insostenibles.<\/p>\n<p style=\"text-align: justify;\">La disminuci\u00f3n del presupuesto otorgado a la USAC cada a\u00f1o ha sido m\u00e1s aguda. De acuerdo con el profesional Juan Carlos Palencia, director general financiero de la USAC, del 2010 al 2020, los servicios de la universidad se han cubierto, en su mayor\u00eda, con aportes extraordinarios, los cuales dependen de la voluntad de los gobiernos, y no corresponden al monto contemplado constitucionalmente. En 2018 se recibi\u00f3 solo el 69 % del techo presupuestario como aporte constitucional.<\/p>\n<p style=\"text-align: justify;\">Entre las medidas para mitigar los efectos de la crisis financiera, a partir del 2018, inici\u00f3 una pol\u00edtica de eficiencia y contenci\u00f3n del gasto, que ha continuado en 2020 como consecuencia de la crisis econ\u00f3mica provocada por la pandemia de la enfermedad COVID-19.<\/p>\n<p style=\"text-align: justify;\">La inestabilidad financiera se debe al incumplimiento de la asignaci\u00f3n presupuestaria constitucional no menor del <br \/>5 % del Presupuesto de Ingresos Ordinarios del Estado; la discrecionalidad en el traslado de los aportes extraordinarios programados por el Ministerio de Finanzas P\u00fablicas; y la no aprobaci\u00f3n del Presupuesto de Ingresos y Egresos del Estado para el ejercicio fiscal 2020, se sigue operando con el presupuesto del 2019.<\/p>\n<p style=\"text-align: justify;\">Tampoco se han programado los Q 192 millones para el fortalecimiento de la Universidad de San Carlos de Guatemala, contemplados en el art\u00edculo 115 del presupuesto vigente, a pesar de cumplir con la condici\u00f3n de implementar el Sistema de Contabilidad Integrado (SICOIN) como un mecanismo m\u00e1s de transparencia en las finanzas universitarias.<\/p>\n<p style=\"text-align: justify;\">A fin de a\u00f1o la crisis podr\u00eda acentuarse. <strong>La Direcci\u00f3n General Financiera reporta que, hasta agosto de 2020, se tiene una cuota de Q 146.6 millones no trasladada por el Ministerio de <br \/>Finanzas P\u00fablicas y, al no trasladar un aporte extraordinario adicional por\u00a0 Q 61.1 millones, solicitado en el presente ejercicio fiscal para cubrir principalmente el pago de salarios, se pronostica un d\u00e9ficit presupuestario estimado en Q 400,313,144 millones para el ejercicio fiscal de 2020.<\/strong><\/p>\n<p style=\"text-align: justify;\">\u00a0<\/p>\n<p style=\"text-align: justify;\">\u00a0<\/p>\n\n\n\n<div class=\"wp-block-cover has-background-dim\" style=\"background-image:url(https:\/\/soy.usac.edu.gt\/wp-content\/uploads\/2019\/01\/REGISTRO-Y-ESTAD\u00cdSTICA-5.jpg)\"><div class=\"wp-block-cover__inner-container is-layout-flow wp-block-cover-is-layout-flow\">\n<p class=\"has-text-align-center has-large-font-size\"><strong>USAC recibe \u00fanicamente el 3.33 % del presupuesto, entre el aporte constitucional y aportes extraordinarios.<\/strong><\/p>\n<\/div><\/div>\n\n\n\n<h2 class=\"wp-block-heading\"><strong>Consecuencias de la falta de presupuesto<\/strong><\/h2>\n\n\n\n<p style=\"text-align: justify;\">La educaci\u00f3n es un derecho humano que debe tender a ampliar las posibilidades de que la poblaci\u00f3n acceda a la misma, por lo que el presupuesto universitario debe tender al incremento y no a la reducci\u00f3n.<br \/>\u201cSe busca dignificar a las futuras generaciones, la educaci\u00f3n es un derecho fundamental en la Constituci\u00f3n\u201d, indica el Rector ante la necesidad de que se otorgue el monto constitucional.<\/p>\n<p style=\"text-align: justify;\">La inversi\u00f3n en educaci\u00f3n es fundamental para el desarrollo del pa\u00eds, si no se atiende <strong>esta tem\u00e1tica, los rezagos se intensifican. De acuerdo con los datos del Censo 2018, el 20.47 % de la poblaci\u00f3n no tiene ning\u00fan nivel de escolaridad y solo el 4. 6 % cuenta con una licenciatura.<\/strong><\/p>\n<p style=\"text-align: justify;\">La ampliaci\u00f3n del presupuesto se hace ineludible para que la educaci\u00f3n superior p\u00fablica sea m\u00e1s equitativa y se mejoren las condiciones en las que se imparten las carreras, con el fin de que las tres \u00e1reas sobre las que trabaja la universidad (academia, extensi\u00f3n e investigaci\u00f3n) puedan rendir m\u00e1s y mejores frutos en la soluci\u00f3n de los problemas nacionales y para que una mayor cantidad de profesionales contribuya con sus conocimientos al desarrollo econ\u00f3mico del pa\u00eds, as\u00ed como a mejorar la calidad de vida de la poblaci\u00f3n.<\/p>\n<p style=\"text-align: justify;\">Actualmente la \u00fanica universidad p\u00fablica atiende a m\u00e1s de 220,000 estudiantes distribuidos en todos los departamentos. Cuenta con 10 facultades, 9 escuelas no facultativas, 22 centros universitarios y 2 institutos tecnol\u00f3gicos, en donde laboran m\u00e1s de 10,989 docentes y 5,734 mil trabajadores administrativos y de servicios.<\/p>\n<p style=\"text-align: justify;\">En materia de extensi\u00f3n la USAC aporta conocimiento al Estado mediante m\u00e1s de 100 representaciones en entidades p\u00fablicas, entre las que destaca el Instituto Guatemalteco de Seguridad Social, la Junta Monetaria, el Sistema Nacional de Ciencia y Tecnolog\u00eda, el Sistema de Consejos de Desarrollo Urbano y Rural, as\u00ed como en las Comisiones de Postulaci\u00f3n.<\/p>\n<p style=\"text-align: justify;\">Adem\u00e1s, brinda una gran cantidad de servicios que son trasladados al sistema de salud, educaci\u00f3n y poblaci\u00f3n en general. En materia de investigaci\u00f3n cient\u00edfica, la producci\u00f3n acad\u00e9mica se genera en 42 centros especializados, que realizan aportes concretos al estudio y propuesta de soluci\u00f3n de los problemas nacionales, en cumplimiento del mandato constitucional.<\/p>\n<p style=\"text-align: justify;\">La situaci\u00f3n financiera ha obligado a la universidad a asumir pol\u00edticas de austeridad, contenci\u00f3n y racionalizaci\u00f3n del gasto, situaci\u00f3n que afecta el normal desarrollo de sus actividades.<\/p>\n<p style=\"text-align: justify;\">Los escasos fondos de este a\u00f1o nuevamente amenazan la calidad y continuidad de los servicios que brinda, por lo que <strong>el Consejo Superior Universitario ha requerido la resoluci\u00f3n de los recursos pendientes del expediente 5510-2018, con el fin de que se ejecute la sentencia donde la Corte de Constitucional indica el modo en que debe calcularse el presupuesto, que no puede ser menor al 5 % de los ingresos del Estado<\/strong>.<\/p>\n<p style=\"text-align: justify;\">\u00a0<\/p>\n<p style=\"text-align: justify;\"><img loading=\"lazy\" decoding=\"async\" class=\"alignnone wp-image-7783 size-large\" src=\"https:\/\/soy.usac.edu.gt\/wp-content\/uploads\/2019\/07\/Cr\u00e9ditos-prensa-07-1-1024x395.png\" alt=\"\" width=\"640\" height=\"247\" srcset=\"https:\/\/soy.usac.edu.gt\/wp-content\/uploads\/2019\/07\/Cr\u00e9ditos-prensa-07-1-1024x395.png 1024w, https:\/\/soy.usac.edu.gt\/wp-content\/uploads\/2019\/07\/Cr\u00e9ditos-prensa-07-1-300x116.png 300w, https:\/\/soy.usac.edu.gt\/wp-content\/uploads\/2019\/07\/Cr\u00e9ditos-prensa-07-1-768x296.png 768w, https:\/\/soy.usac.edu.gt\/wp-content\/uploads\/2019\/07\/Cr\u00e9ditos-prensa-07-1-1088x420.png 1088w, https:\/\/soy.usac.edu.gt\/wp-content\/uploads\/2019\/07\/Cr\u00e9ditos-prensa-07-1-640x247.png 640w, https:\/\/soy.usac.edu.gt\/wp-content\/uploads\/2019\/07\/Cr\u00e9ditos-prensa-07-1-681x263.png 681w\" sizes=\"auto, (max-width: 640px) 100vw, 640px\" \/><\/p>\n","protected":false},"excerpt":{"rendered":"<p>El papel que desempe\u00f1a esta alma m\u00e1ter en el desarrollo del pa\u00eds es preponderante; atiende a m\u00e1s de la mitad de los estudiantes de nivel superior y, pese a sus limitaciones econ\u00f3micas, realiza destacados aportes acad\u00e9micos, sociales, cient\u00edficos y culturales.<\/p>\n","protected":false},"author":1,"featured_media":12526,"comment_status":"closed","ping_status":"open","sticky":false,"template":"","format":"standard","meta":{"_exactmetrics_skip_tracking":false,"_exactmetrics_sitenote_active":false,"_exactmetrics_sitenote_note":"","_exactmetrics_sitenote_category":0,"_jetpack_memberships_contains_paid_content":false,"footnotes":""},"categories":[29],"tags":[227],"class_list":["post-12520","post","type-post","status-publish","format-standard","has-post-thumbnail","hentry","category-noticias","tag-presupuesto-de-la-usac"],"aioseo_notices":[],"jetpack_featured_media_url":"https:\/\/soy.usac.edu.gt\/wp-content\/uploads\/2020\/10\/3.jpeg","views":"","jetpack-related-posts":[{"id":10885,"url":"https:\/\/soy.usac.edu.gt\/?p=10885","url_meta":{"origin":12520,"position":0},"title":"USAC debate sobre presupuesto","author":"Divisi\u00f3n de Publicidad","date":"28 febrero, 2020","format":false,"excerpt":"Profesionales de distintas \u00e1reas intervinieron en el debate \u201cHablemos sobre el presupuesto del 5 % constitucional de la USAC\u201d, en el que se analiz\u00f3 la necesidad de que esta casa de estudios cuente con recursos adecuados seg\u00fan su poblaci\u00f3n estudiantil. El evento tuvo por objetivo determinar el origen de las\u2026","rel":"","context":"En \u00abNoticias\u00bb","block_context":{"text":"Noticias","link":"https:\/\/soy.usac.edu.gt\/?cat=29"},"img":{"alt_text":"","src":"https:\/\/i0.wp.com\/soy.usac.edu.gt\/wp-content\/uploads\/2020\/02\/DEBATE-PRESUPUESTO-USAC-202012.jpg?resize=350%2C200&ssl=1","width":350,"height":200,"srcset":"https:\/\/i0.wp.com\/soy.usac.edu.gt\/wp-content\/uploads\/2020\/02\/DEBATE-PRESUPUESTO-USAC-202012.jpg?resize=350%2C200&ssl=1 1x, https:\/\/i0.wp.com\/soy.usac.edu.gt\/wp-content\/uploads\/2020\/02\/DEBATE-PRESUPUESTO-USAC-202012.jpg?resize=525%2C300&ssl=1 1.5x, https:\/\/i0.wp.com\/soy.usac.edu.gt\/wp-content\/uploads\/2020\/02\/DEBATE-PRESUPUESTO-USAC-202012.jpg?resize=700%2C400&ssl=1 2x, https:\/\/i0.wp.com\/soy.usac.edu.gt\/wp-content\/uploads\/2020\/02\/DEBATE-PRESUPUESTO-USAC-202012.jpg?resize=1050%2C600&ssl=1 3x, https:\/\/i0.wp.com\/soy.usac.edu.gt\/wp-content\/uploads\/2020\/02\/DEBATE-PRESUPUESTO-USAC-202012.jpg?resize=1400%2C800&ssl=1 4x"},"classes":[]},{"id":12417,"url":"https:\/\/soy.usac.edu.gt\/?p=12417","url_meta":{"origin":12520,"position":1},"title":"Usac informa sobre su dif\u00edcil situaci\u00f3n financiera","author":"Divisi\u00f3n de Publicidad","date":"21 septiembre, 2020","format":false,"excerpt":"La Direcci\u00f3n General Financiera de la Universidad de San Carlos de Guatemala Informa sobre la situaci\u00f3n financiera de la Universidad Como es de conocimiento p\u00fablico, la Universidad de San Carlos de Guatemala, se ha mantenido en una crisis financiera permanente en los \u00faltimos a\u00f1os debido al crecimiento de su poblaci\u00f3n\u2026","rel":"","context":"En \u00abSin categor\u00eda\u00bb","block_context":{"text":"Sin categor\u00eda","link":"https:\/\/soy.usac.edu.gt\/?cat=1"},"img":{"alt_text":"","src":"","width":0,"height":0},"classes":[]},{"id":10975,"url":"https:\/\/soy.usac.edu.gt\/?p=10975","url_meta":{"origin":12520,"position":2},"title":"USAC: EL DERECHO A SU PRESUPUESTO \u2013 Toda la comunidad universitaria unida en torno a esta justa lucha","author":"Divisi\u00f3n de Publicidad","date":"5 marzo, 2020","format":false,"excerpt":"Entregar puntual y cabalmente su presupuesto constitucional a la USAC es un compromiso adquirido por el Estado con la educaci\u00f3n p\u00fablica, de la cual la carolina es ya el \u00faltimo basti\u00f3n.","rel":"","context":"En \u00abM\u00e1s Noticias\u00bb","block_context":{"text":"M\u00e1s Noticias","link":"https:\/\/soy.usac.edu.gt\/?cat=96"},"img":{"alt_text":"","src":"https:\/\/i0.wp.com\/soy.usac.edu.gt\/wp-content\/uploads\/2020\/03\/WhatsApp-Image-2020-02-26-at-12.04.53-PM.jpeg?resize=350%2C200&ssl=1","width":350,"height":200,"srcset":"https:\/\/i0.wp.com\/soy.usac.edu.gt\/wp-content\/uploads\/2020\/03\/WhatsApp-Image-2020-02-26-at-12.04.53-PM.jpeg?resize=350%2C200&ssl=1 1x, https:\/\/i0.wp.com\/soy.usac.edu.gt\/wp-content\/uploads\/2020\/03\/WhatsApp-Image-2020-02-26-at-12.04.53-PM.jpeg?resize=525%2C300&ssl=1 1.5x, https:\/\/i0.wp.com\/soy.usac.edu.gt\/wp-content\/uploads\/2020\/03\/WhatsApp-Image-2020-02-26-at-12.04.53-PM.jpeg?resize=700%2C400&ssl=1 2x, https:\/\/i0.wp.com\/soy.usac.edu.gt\/wp-content\/uploads\/2020\/03\/WhatsApp-Image-2020-02-26-at-12.04.53-PM.jpeg?resize=1050%2C600&ssl=1 3x"},"classes":[]},{"id":9630,"url":"https:\/\/soy.usac.edu.gt\/?p=9630","url_meta":{"origin":12520,"position":3},"title":"USAC vuelve a afrontar crisis financiera por falta de presupuesto","author":"Divisi\u00f3n de Publicidad","date":"11 noviembre, 2019","format":false,"excerpt":"La Universidad necesita 227. 4 millones para terminar el a\u00f1o fiscal 2019, mientras afronta una reducci\u00f3n de Q 184.6 millones menos para su presupuesto de 2020.\u00a0","rel":"","context":"En \u00abNoticias\u00bb","block_context":{"text":"Noticias","link":"https:\/\/soy.usac.edu.gt\/?cat=29"},"img":{"alt_text":"","src":"https:\/\/i0.wp.com\/soy.usac.edu.gt\/wp-content\/uploads\/2019\/11\/IMG-0261.jpg?resize=350%2C200&ssl=1","width":350,"height":200,"srcset":"https:\/\/i0.wp.com\/soy.usac.edu.gt\/wp-content\/uploads\/2019\/11\/IMG-0261.jpg?resize=350%2C200&ssl=1 1x, https:\/\/i0.wp.com\/soy.usac.edu.gt\/wp-content\/uploads\/2019\/11\/IMG-0261.jpg?resize=525%2C300&ssl=1 1.5x, https:\/\/i0.wp.com\/soy.usac.edu.gt\/wp-content\/uploads\/2019\/11\/IMG-0261.jpg?resize=700%2C400&ssl=1 2x, https:\/\/i0.wp.com\/soy.usac.edu.gt\/wp-content\/uploads\/2019\/11\/IMG-0261.jpg?resize=1050%2C600&ssl=1 3x, https:\/\/i0.wp.com\/soy.usac.edu.gt\/wp-content\/uploads\/2019\/11\/IMG-0261.jpg?resize=1400%2C800&ssl=1 4x"},"classes":[]},{"id":13008,"url":"https:\/\/soy.usac.edu.gt\/?p=13008","url_meta":{"origin":12520,"position":4},"title":"Se agudiza crisis financiera de la universidad","author":"Divisi\u00f3n de Publicidad","date":"18 diciembre, 2020","format":false,"excerpt":"La Universidad deber\u00e1 asumir sus compromisos y obligaciones para el pr\u00f3ximo a\u00f1o con un presupuesto desfinanciado","rel":"","context":"En \u00abNoticias\u00bb","block_context":{"text":"Noticias","link":"https:\/\/soy.usac.edu.gt\/?cat=29"},"img":{"alt_text":"","src":"","width":0,"height":0},"classes":[]},{"id":9532,"url":"https:\/\/soy.usac.edu.gt\/?p=9532","url_meta":{"origin":12520,"position":5},"title":"Congreso pretende recortar el presupuesto de la USAC para 2020","author":"Divisi\u00f3n de Publicidad","date":"4 noviembre, 2019","format":false,"excerpt":"La Comisi\u00f3n de Finanzas del Congreso dictamin\u00f3 Q 184.6 millones menos a la universidad para el 2020.\u00a0","rel":"","context":"En \u00abNoticias\u00bb","block_context":{"text":"Noticias","link":"https:\/\/soy.usac.edu.gt\/?cat=29"},"img":{"alt_text":"","src":"https:\/\/i0.wp.com\/soy.usac.edu.gt\/wp-content\/uploads\/2019\/11\/3.jpg?resize=350%2C200&ssl=1","width":350,"height":200,"srcset":"https:\/\/i0.wp.com\/soy.usac.edu.gt\/wp-content\/uploads\/2019\/11\/3.jpg?resize=350%2C200&ssl=1 1x, https:\/\/i0.wp.com\/soy.usac.edu.gt\/wp-content\/uploads\/2019\/11\/3.jpg?resize=525%2C300&ssl=1 1.5x, https:\/\/i0.wp.com\/soy.usac.edu.gt\/wp-content\/uploads\/2019\/11\/3.jpg?resize=700%2C400&ssl=1 2x, https:\/\/i0.wp.com\/soy.usac.edu.gt\/wp-content\/uploads\/2019\/11\/3.jpg?resize=1050%2C600&ssl=1 3x, https:\/\/i0.wp.com\/soy.usac.edu.gt\/wp-content\/uploads\/2019\/11\/3.jpg?resize=1400%2C800&ssl=1 4x"},"classes":[]}],"jetpack_sharing_enabled":true,"_links":{"self":[{"href":"https:\/\/soy.usac.edu.gt\/index.php?rest_route=\/wp\/v2\/posts\/12520","targetHints":{"allow":["GET"]}}],"collection":[{"href":"https:\/\/soy.usac.edu.gt\/index.php?rest_route=\/wp\/v2\/posts"}],"about":[{"href":"https:\/\/soy.usac.edu.gt\/index.php?rest_route=\/wp\/v2\/types\/post"}],"author":[{"embeddable":true,"href":"https:\/\/soy.usac.edu.gt\/index.php?rest_route=\/wp\/v2\/users\/1"}],"replies":[{"embeddable":true,"href":"https:\/\/soy.usac.edu.gt\/index.php?rest_route=%2Fwp%2Fv2%2Fcomments&post=12520"}],"version-history":[{"count":8,"href":"https:\/\/soy.usac.edu.gt\/index.php?rest_route=\/wp\/v2\/posts\/12520\/revisions"}],"predecessor-version":[{"id":12563,"href":"https:\/\/soy.usac.edu.gt\/index.php?rest_route=\/wp\/v2\/posts\/12520\/revisions\/12563"}],"wp:featuredmedia":[{"embeddable":true,"href":"https:\/\/soy.usac.edu.gt\/index.php?rest_route=\/wp\/v2\/media\/12526"}],"wp:attachment":[{"href":"https:\/\/soy.usac.edu.gt\/index.php?rest_route=%2Fwp%2Fv2%2Fmedia&parent=12520"}],"wp:term":[{"taxonomy":"category","embeddable":true,"href":"https:\/\/soy.usac.edu.gt\/index.php?rest_route=%2Fwp%2Fv2%2Fcategories&post=12520"},{"taxonomy":"post_tag","embeddable":true,"href":"https:\/\/soy.usac.edu.gt\/index.php?rest_route=%2Fwp%2Fv2%2Ftags&post=12520"}],"curies":[{"name":"wp","href":"https:\/\/api.w.org\/{rel}","templated":true}]}}