{"id":12522,"date":"2020-10-16T10:27:29","date_gmt":"2020-10-16T16:27:29","guid":{"rendered":"https:\/\/soy.usac.edu.gt\/?p=12522"},"modified":"2020-10-16T10:27:30","modified_gmt":"2020-10-16T16:27:30","slug":"asi-quedara-el-sendero-ecologico-del-bosque-de-las-ardillas","status":"publish","type":"post","link":"https:\/\/soy.usac.edu.gt\/?p=12522","title":{"rendered":"As\u00ed quedar\u00e1 el sendero ecol\u00f3gico del Bosque de las Ardillas"},"content":{"rendered":"\n<p style=\"text-align: justify;\"><strong>Presentamos una panor\u00e1mica de c\u00f3mo ser\u00e1 este proyecto que consiste en la recuperaci\u00f3n del sendero, el cual ser\u00e1 un \u00e1rea con fines recreativos y acad\u00e9micos.<\/strong><\/p>\n<p style=\"text-align: justify;\">Despu\u00e9s de 10 a\u00f1os de abandono, la administraci\u00f3n del Ing. Murphy Paiz ha trabajado en la recuperaci\u00f3n de este espacio donde va incorporada la construcci\u00f3n de 5 pozos de visita y un colector de agua, que permitir\u00e1n rescatar una importante \u00e1rea verde en el interior de la ciudad universitaria.<\/p>\n<p style=\"text-align: justify;\">El arquitecto Diego L\u00f3pez, jefe del Departamento de Ambiente\/Oficina Verde, quien formul\u00f3 el proyecto y elabor\u00f3 los planos, coment\u00f3 que una de las primeras solicitudes del Rector fue remodelar y habilitar el sendero ecol\u00f3gico del Bosque de las Ardillas por su relevancia ambiental.<\/p>\n<p style=\"text-align: justify;\">\u201cSe realiz\u00f3 el trazo del sendero respetando la brecha existente y las \u00e1reas que se consideran de alto riesgo, por lo que ser\u00e1 un \u00e1rea de recreaci\u00f3n y educaci\u00f3n para la comunidad sancarlista\u201d, inform\u00f3.<\/p>\n<p style=\"text-align: justify;\">Se tiene contemplado que el proyecto del Bosque de las Ardillas concluya a finales de este a\u00f1o.<\/p>\n<h4 style=\"text-align: justify;\"><strong>Bosque<\/strong><\/h4>\n<figure id=\"attachment_10426\" aria-describedby=\"caption-attachment-10426\" style=\"width: 640px\" class=\"wp-caption alignnone\"><img loading=\"lazy\" decoding=\"async\" class=\"wp-image-10426 size-large\" src=\"https:\/\/soy.usac.edu.gt\/wp-content\/uploads\/2020\/01\/8-1-1024x683.jpg\" alt=\"\" width=\"640\" height=\"427\" srcset=\"https:\/\/soy.usac.edu.gt\/wp-content\/uploads\/2020\/01\/8-1-1024x683.jpg 1024w, https:\/\/soy.usac.edu.gt\/wp-content\/uploads\/2020\/01\/8-1-300x200.jpg 300w, https:\/\/soy.usac.edu.gt\/wp-content\/uploads\/2020\/01\/8-1-768x512.jpg 768w, https:\/\/soy.usac.edu.gt\/wp-content\/uploads\/2020\/01\/8-1-630x420.jpg 630w, https:\/\/soy.usac.edu.gt\/wp-content\/uploads\/2020\/01\/8-1-640x427.jpg 640w, https:\/\/soy.usac.edu.gt\/wp-content\/uploads\/2020\/01\/8-1-681x454.jpg 681w\" sizes=\"auto, (max-width: 640px) 100vw, 640px\" \/><figcaption id=\"caption-attachment-10426\" class=\"wp-caption-text\">El rector Ing. Murphy Paiz realiza un recorrido en la zona en donde se llevar\u00e1 a cabo la construcci\u00f3n del paseo del bosque de las ardillitas.<\/figcaption><\/figure>\n<p style=\"text-align: justify;\"><strong>El Bosque de las Ardillas abarca un \u00e1rea de 3, 200 m<sup>2<\/sup>.<\/strong><\/p>\n<p style=\"text-align: justify;\">Tiene 500 especies forestales sembradas en varios puntos.<\/p>\n<p style=\"text-align: justify;\">30 macizos florales.<\/p>\n<p style=\"text-align: justify;\"><strong>Seguridad<\/strong><\/p>\n<p style=\"text-align: justify;\">Contar\u00e1 con 4 r\u00f3tulos que indiquen \u201cRESTRINGIDO EL ACCESO A PERSONAL NO AUTORIZADO\u201d, seg\u00fan la normativa de CONRED, en puntos donde se considera necesario evitar el paso.<\/p>\n<p style=\"text-align: justify;\"><strong>Cisterna<\/strong><\/p>\n<p style=\"text-align: justify;\">10,000 galones de agua; se instalar\u00e1 un tanque de almacenamiento que ir\u00e1 conectado al sistema de agua existente en el sitio y un sistema hidroneum\u00e1tico con la capacidad suficiente para alimentar el sistema de riego.<\/p>\n<p style=\"text-align: justify;\">Sistema de riego semiautomatizado a lo largo del sendero, que permitir\u00e1 el riego por aspersi\u00f3n.<\/p>\n<p style=\"text-align: justify;\">3 zonas de monitoreo que tendr\u00e1n 6 mesas con sus respectivos bancos.<\/p>\n<p style=\"text-align: justify;\">\u00c1rea de observaci\u00f3n (mirador).<br \/>Contar\u00e1 con gradas r\u00fasticas de madera y tierra.<\/p>\n<p style=\"text-align: justify;\">30 m<sup>2<\/sup> de madera deck.<\/p>\n<p style=\"text-align: justify;\">10 postes de madera de 8\u201d x 8\u201d, con cable de acero como baranda de seguridad.<\/p>\n<p style=\"text-align: justify;\">2 senderos sobre terreno irregular, con un recorrido de 3,500 metros aproximadamente.<\/p>\n<p style=\"text-align: justify;\">Baranda de madera para seguridad. 3 ingresos y salidas <br \/>de emergencia.<\/p>\n<p style=\"text-align: justify;\"><img loading=\"lazy\" decoding=\"async\" class=\"alignnone wp-image-7783 size-large\" src=\"https:\/\/soy.usac.edu.gt\/wp-content\/uploads\/2019\/07\/Cr\u00e9ditos-prensa-07-1-1024x395.png\" alt=\"\" width=\"640\" height=\"247\" srcset=\"https:\/\/soy.usac.edu.gt\/wp-content\/uploads\/2019\/07\/Cr\u00e9ditos-prensa-07-1-1024x395.png 1024w, https:\/\/soy.usac.edu.gt\/wp-content\/uploads\/2019\/07\/Cr\u00e9ditos-prensa-07-1-300x116.png 300w, https:\/\/soy.usac.edu.gt\/wp-content\/uploads\/2019\/07\/Cr\u00e9ditos-prensa-07-1-768x296.png 768w, https:\/\/soy.usac.edu.gt\/wp-content\/uploads\/2019\/07\/Cr\u00e9ditos-prensa-07-1-1088x420.png 1088w, https:\/\/soy.usac.edu.gt\/wp-content\/uploads\/2019\/07\/Cr\u00e9ditos-prensa-07-1-640x247.png 640w, https:\/\/soy.usac.edu.gt\/wp-content\/uploads\/2019\/07\/Cr\u00e9ditos-prensa-07-1-681x263.png 681w\" sizes=\"auto, (max-width: 640px) 100vw, 640px\" \/><\/p>\n","protected":false},"excerpt":{"rendered":"<p>Presentamos una panor\u00e1mica de c\u00f3mo ser\u00e1 este proyecto que consiste en la recuperaci\u00f3n del sendero, el cual ser\u00e1 un \u00e1rea con fines recreativos y acad\u00e9micos.<\/p>\n","protected":false},"author":1,"featured_media":12527,"comment_status":"closed","ping_status":"open","sticky":false,"template":"","format":"standard","meta":{"_exactmetrics_skip_tracking":false,"_exactmetrics_sitenote_active":false,"_exactmetrics_sitenote_note":"","_exactmetrics_sitenote_category":0,"_jetpack_memberships_contains_paid_content":false,"footnotes":""},"categories":[29],"tags":[301],"class_list":["post-12522","post","type-post","status-publish","format-standard","has-post-thumbnail","hentry","category-noticias","tag-bosque-de-las-ardillitas"],"aioseo_notices":[],"jetpack_featured_media_url":"https:\/\/soy.usac.edu.gt\/wp-content\/uploads\/2020\/10\/ardillas-montaje-scaled.jpg","views":"","jetpack-related-posts":[{"id":13639,"url":"https:\/\/soy.usac.edu.gt\/?p=13639","url_meta":{"origin":12522,"position":0},"title":"Concluyen trabajos del sendero ecol\u00f3gico del Bosque de Las Ardillas","author":"Divisi\u00f3n de Publicidad","date":"25 marzo, 2021","format":false,"excerpt":"El objetivo primordial del proyecto fue agregar valor ambiental y ecol\u00f3gico al campus central de la Universidad de San Carlos de Guatemala, para establecer un espacio de esparcimiento y acercamiento a la naturaleza.","rel":"","context":"En \u00abNoticias\u00bb","block_context":{"text":"Noticias","link":"https:\/\/soy.usac.edu.gt\/?cat=29"},"img":{"alt_text":"","src":"https:\/\/i0.wp.com\/soy.usac.edu.gt\/wp-content\/uploads\/2021\/03\/WhatsApp-Image-2021-03-25-at-8.32.44-AM.jpeg?resize=350%2C200&ssl=1","width":350,"height":200,"srcset":"https:\/\/i0.wp.com\/soy.usac.edu.gt\/wp-content\/uploads\/2021\/03\/WhatsApp-Image-2021-03-25-at-8.32.44-AM.jpeg?resize=350%2C200&ssl=1 1x, https:\/\/i0.wp.com\/soy.usac.edu.gt\/wp-content\/uploads\/2021\/03\/WhatsApp-Image-2021-03-25-at-8.32.44-AM.jpeg?resize=525%2C300&ssl=1 1.5x, https:\/\/i0.wp.com\/soy.usac.edu.gt\/wp-content\/uploads\/2021\/03\/WhatsApp-Image-2021-03-25-at-8.32.44-AM.jpeg?resize=700%2C400&ssl=1 2x, https:\/\/i0.wp.com\/soy.usac.edu.gt\/wp-content\/uploads\/2021\/03\/WhatsApp-Image-2021-03-25-at-8.32.44-AM.jpeg?resize=1050%2C600&ssl=1 3x"},"classes":[]},{"id":10418,"url":"https:\/\/soy.usac.edu.gt\/?p=10418","url_meta":{"origin":12522,"position":1},"title":"Inicia recuperaci\u00f3n\u00a0del Bosque de las Ardillas","author":"Edwin Medina","date":"24 enero, 2020","format":false,"excerpt":"La Universidad de San Carlos y la Municipalidad de Guatemala comenzaron la primera fase de la construcci\u00f3n de 5 pozos y un colector de agua que permitir\u00e1n la recuperaci\u00f3n de una importante \u00e1rea verde en el interior de la Ciudad Universitaria.","rel":"","context":"En \u00abNoticias\u00bb","block_context":{"text":"Noticias","link":"https:\/\/soy.usac.edu.gt\/?cat=29"},"img":{"alt_text":"","src":"https:\/\/i0.wp.com\/soy.usac.edu.gt\/wp-content\/uploads\/2020\/01\/WhatsApp-Image-2020-01-24-at-15.18.38.jpeg?resize=350%2C200&ssl=1","width":350,"height":200,"srcset":"https:\/\/i0.wp.com\/soy.usac.edu.gt\/wp-content\/uploads\/2020\/01\/WhatsApp-Image-2020-01-24-at-15.18.38.jpeg?resize=350%2C200&ssl=1 1x, https:\/\/i0.wp.com\/soy.usac.edu.gt\/wp-content\/uploads\/2020\/01\/WhatsApp-Image-2020-01-24-at-15.18.38.jpeg?resize=525%2C300&ssl=1 1.5x, https:\/\/i0.wp.com\/soy.usac.edu.gt\/wp-content\/uploads\/2020\/01\/WhatsApp-Image-2020-01-24-at-15.18.38.jpeg?resize=700%2C400&ssl=1 2x, https:\/\/i0.wp.com\/soy.usac.edu.gt\/wp-content\/uploads\/2020\/01\/WhatsApp-Image-2020-01-24-at-15.18.38.jpeg?resize=1050%2C600&ssl=1 3x"},"classes":[]},{"id":15593,"url":"https:\/\/soy.usac.edu.gt\/?p=15593","url_meta":{"origin":12522,"position":2},"title":"Presentan avances del colector de agua","author":"Divisi\u00f3n de Publicidad","date":"27 octubre, 2021","format":false,"excerpt":"Con la puesta en marcha de mejoras al sistema de alcantarillado, la Universidad de San Carlos de Guatemala resuelve la problem\u00e1tica que actualmente atraviesa el campus central y poblaci\u00f3n de las colonias aleda\u00f1as, provocada por erosiones y deslizamientos que deja el paso de aguas residuales y pluviales.","rel":"","context":"En \u00abNoticias\u00bb","block_context":{"text":"Noticias","link":"https:\/\/soy.usac.edu.gt\/?cat=29"},"img":{"alt_text":"","src":"https:\/\/i0.wp.com\/soy.usac.edu.gt\/wp-content\/uploads\/2021\/10\/WhatsApp-Image-2021-10-27-at-10.30.44-10.jpeg?resize=350%2C200&ssl=1","width":350,"height":200,"srcset":"https:\/\/i0.wp.com\/soy.usac.edu.gt\/wp-content\/uploads\/2021\/10\/WhatsApp-Image-2021-10-27-at-10.30.44-10.jpeg?resize=350%2C200&ssl=1 1x, https:\/\/i0.wp.com\/soy.usac.edu.gt\/wp-content\/uploads\/2021\/10\/WhatsApp-Image-2021-10-27-at-10.30.44-10.jpeg?resize=525%2C300&ssl=1 1.5x, https:\/\/i0.wp.com\/soy.usac.edu.gt\/wp-content\/uploads\/2021\/10\/WhatsApp-Image-2021-10-27-at-10.30.44-10.jpeg?resize=700%2C400&ssl=1 2x, https:\/\/i0.wp.com\/soy.usac.edu.gt\/wp-content\/uploads\/2021\/10\/WhatsApp-Image-2021-10-27-at-10.30.44-10.jpeg?resize=1050%2C600&ssl=1 3x, https:\/\/i0.wp.com\/soy.usac.edu.gt\/wp-content\/uploads\/2021\/10\/WhatsApp-Image-2021-10-27-at-10.30.44-10.jpeg?resize=1400%2C800&ssl=1 4x"},"classes":[]},{"id":10481,"url":"https:\/\/soy.usac.edu.gt\/?p=10481","url_meta":{"origin":12522,"position":3},"title":"Edici\u00f3n No. 289 del Peri\u00f3dico de la USAC","author":"Divisi\u00f3n de Publicidad","date":"28 enero, 2020","format":false,"excerpt":"En est\u00e1 edici\u00f3n podr\u00e1s leer 344 aniversario de la USAC. Calendario de inscripciones extraordinarias y extempor\u00e1neas 2020.\u00a0Inicia recuperaci\u00f3n del Bosque de las Ardillas.\u00a0","rel":"","context":"En \u00abM\u00e1s Noticias\u00bb","block_context":{"text":"M\u00e1s Noticias","link":"https:\/\/soy.usac.edu.gt\/?cat=96"},"img":{"alt_text":"","src":"https:\/\/i0.wp.com\/soy.usac.edu.gt\/wp-content\/uploads\/2020\/01\/pagina-1.png?resize=350%2C200&ssl=1","width":350,"height":200,"srcset":"https:\/\/i0.wp.com\/soy.usac.edu.gt\/wp-content\/uploads\/2020\/01\/pagina-1.png?resize=350%2C200&ssl=1 1x, https:\/\/i0.wp.com\/soy.usac.edu.gt\/wp-content\/uploads\/2020\/01\/pagina-1.png?resize=525%2C300&ssl=1 1.5x, https:\/\/i0.wp.com\/soy.usac.edu.gt\/wp-content\/uploads\/2020\/01\/pagina-1.png?resize=700%2C400&ssl=1 2x, https:\/\/i0.wp.com\/soy.usac.edu.gt\/wp-content\/uploads\/2020\/01\/pagina-1.png?resize=1050%2C600&ssl=1 3x, https:\/\/i0.wp.com\/soy.usac.edu.gt\/wp-content\/uploads\/2020\/01\/pagina-1.png?resize=1400%2C800&ssl=1 4x"},"classes":[]},{"id":13685,"url":"https:\/\/soy.usac.edu.gt\/?p=13685","url_meta":{"origin":12522,"position":4},"title":"Edici\u00f3n No. 301 del Peri\u00f3dico de la USAC","author":"Divisi\u00f3n de Publicidad","date":"25 marzo, 2021","format":false,"excerpt":"Le\u00e9 lo m\u00e1s reciente del acontecer de la universidad.","rel":"","context":"En \u00abNoticias\u00bb","block_context":{"text":"Noticias","link":"https:\/\/soy.usac.edu.gt\/?cat=29"},"img":{"alt_text":"","src":"https:\/\/i0.wp.com\/soy.usac.edu.gt\/wp-content\/uploads\/2021\/03\/11.-FINCA-SAN-JULIAN-web-scaled.jpg?resize=350%2C200&ssl=1","width":350,"height":200,"srcset":"https:\/\/i0.wp.com\/soy.usac.edu.gt\/wp-content\/uploads\/2021\/03\/11.-FINCA-SAN-JULIAN-web-scaled.jpg?resize=350%2C200&ssl=1 1x, https:\/\/i0.wp.com\/soy.usac.edu.gt\/wp-content\/uploads\/2021\/03\/11.-FINCA-SAN-JULIAN-web-scaled.jpg?resize=525%2C300&ssl=1 1.5x, https:\/\/i0.wp.com\/soy.usac.edu.gt\/wp-content\/uploads\/2021\/03\/11.-FINCA-SAN-JULIAN-web-scaled.jpg?resize=700%2C400&ssl=1 2x, https:\/\/i0.wp.com\/soy.usac.edu.gt\/wp-content\/uploads\/2021\/03\/11.-FINCA-SAN-JULIAN-web-scaled.jpg?resize=1050%2C600&ssl=1 3x, https:\/\/i0.wp.com\/soy.usac.edu.gt\/wp-content\/uploads\/2021\/03\/11.-FINCA-SAN-JULIAN-web-scaled.jpg?resize=1400%2C800&ssl=1 4x"},"classes":[]},{"id":12524,"url":"https:\/\/soy.usac.edu.gt\/?p=12524","url_meta":{"origin":12522,"position":5},"title":"Avanza obra del colector de agua","author":"Divisi\u00f3n de Publicidad","date":"14 octubre, 2020","format":false,"excerpt":"En total se est\u00e1 construyendo un colector y cinco pozos de visita Con el mejoramiento del sistema de alcantarillado, la Universidad de San Carlos de Guatemala resuelve la problem\u00e1tica que actualmente atraviesa el campus central y la poblaci\u00f3n de las colonias aleda\u00f1as, como erosiones, deslizamientos y el peligro inminente que\u2026","rel":"","context":"En \u00abNoticias\u00bb","block_context":{"text":"Noticias","link":"https:\/\/soy.usac.edu.gt\/?cat=29"},"img":{"alt_text":"","src":"https:\/\/i0.wp.com\/soy.usac.edu.gt\/wp-content\/uploads\/2020\/10\/grande-fondo.jpeg?resize=350%2C200&ssl=1","width":350,"height":200,"srcset":"https:\/\/i0.wp.com\/soy.usac.edu.gt\/wp-content\/uploads\/2020\/10\/grande-fondo.jpeg?resize=350%2C200&ssl=1 1x, https:\/\/i0.wp.com\/soy.usac.edu.gt\/wp-content\/uploads\/2020\/10\/grande-fondo.jpeg?resize=525%2C300&ssl=1 1.5x, https:\/\/i0.wp.com\/soy.usac.edu.gt\/wp-content\/uploads\/2020\/10\/grande-fondo.jpeg?resize=700%2C400&ssl=1 2x"},"classes":[]}],"jetpack_sharing_enabled":true,"_links":{"self":[{"href":"https:\/\/soy.usac.edu.gt\/index.php?rest_route=\/wp\/v2\/posts\/12522","targetHints":{"allow":["GET"]}}],"collection":[{"href":"https:\/\/soy.usac.edu.gt\/index.php?rest_route=\/wp\/v2\/posts"}],"about":[{"href":"https:\/\/soy.usac.edu.gt\/index.php?rest_route=\/wp\/v2\/types\/post"}],"author":[{"embeddable":true,"href":"https:\/\/soy.usac.edu.gt\/index.php?rest_route=\/wp\/v2\/users\/1"}],"replies":[{"embeddable":true,"href":"https:\/\/soy.usac.edu.gt\/index.php?rest_route=%2Fwp%2Fv2%2Fcomments&post=12522"}],"version-history":[{"count":3,"href":"https:\/\/soy.usac.edu.gt\/index.php?rest_route=\/wp\/v2\/posts\/12522\/revisions"}],"predecessor-version":[{"id":12565,"href":"https:\/\/soy.usac.edu.gt\/index.php?rest_route=\/wp\/v2\/posts\/12522\/revisions\/12565"}],"wp:featuredmedia":[{"embeddable":true,"href":"https:\/\/soy.usac.edu.gt\/index.php?rest_route=\/wp\/v2\/media\/12527"}],"wp:attachment":[{"href":"https:\/\/soy.usac.edu.gt\/index.php?rest_route=%2Fwp%2Fv2%2Fmedia&parent=12522"}],"wp:term":[{"taxonomy":"category","embeddable":true,"href":"https:\/\/soy.usac.edu.gt\/index.php?rest_route=%2Fwp%2Fv2%2Fcategories&post=12522"},{"taxonomy":"post_tag","embeddable":true,"href":"https:\/\/soy.usac.edu.gt\/index.php?rest_route=%2Fwp%2Fv2%2Ftags&post=12522"}],"curies":[{"name":"wp","href":"https:\/\/api.w.org\/{rel}","templated":true}]}}