{"id":12566,"date":"2020-10-18T15:56:34","date_gmt":"2020-10-18T21:56:34","guid":{"rendered":"https:\/\/soy.usac.edu.gt\/?p=12566"},"modified":"2020-10-18T16:16:32","modified_gmt":"2020-10-18T22:16:32","slug":"hasta-siempre-gustavo-bonilla-sancarlista-de-corazon","status":"publish","type":"post","link":"https:\/\/soy.usac.edu.gt\/?p=12566","title":{"rendered":"Hasta siempre, Gustavo Bonilla, sancarlista de coraz\u00f3n"},"content":{"rendered":"\n<p style=\"text-align: justify;\"><strong><em>En la ciudad universitaria se llev\u00f3 a cabo un emotivo\u00a0<\/em><em>homenaje p\u00f3stumo al Lic. Gustavo Bonilla, exdecano de la Facultad de Ciencias Jur\u00eddicas y Sociales, quien falleci\u00f3 a causa de un paro card\u00edaco este s\u00e1bado 17 de octubre.<\/em><\/strong><\/p>\n<p style=\"text-align: justify;\">El Lic. Gustavo Bonilla dedic\u00f3 m\u00e1s de 37 a\u00f1os de su vida a trabajar en favor de la educaci\u00f3n superior y la USAC. Sus restos fueron recibidos con el himno estudiantil \u201cLa Chalana\u201d y aplausos de los asistentes. Durante el acto fue recordado como una persona solidaria y humilde, entre l\u00e1grimas y tristeza, por los profesionales a los que form\u00f3, sus familiares, compa\u00f1eros de trabajo y amigos. Fue un destacado profesional en el \u00e1mbito acad\u00e9mico, social y pol\u00edtico.<\/p>\n<p style=\"text-align: justify;\">\u201cAdem\u00e1s de estar despidiendo al l\u00edder universitario, al gran acad\u00e9mico, a quien dej\u00f3 toda su vida al servicio de la sociedad guatemalteca y a la Facultad de Ciencias Jur\u00eddicas y Sociales, estamos despidiendo a un gran amigo, Gustavo siempre estar\u00e1 vivo entre nosotros\u201d, manifest\u00f3 el secretario general, Arq. Carlos Valladares.<\/p>\n<p style=\"text-align: justify;\">\u201cEstamos despidiendo a un gran amigo, a un gran compa\u00f1ero, le agradecemos a la familia permitirnos este \u00faltimo adi\u00f3s a Gustavo. \u00c9l es de la universidad del pueblo, a la que sirvi\u00f3 con dignidad y lealtad. Hay un vac\u00edo en nuestros corazones; en nombre del Consejo Superior Universitario y en mi facultad de Rector, \u00a1hasta pronto! \u00a1Viva el legado de Gustavo Bonilla!\u201d, expres\u00f3 el Ing. Murphy Paiz.<\/p>\n<p style=\"text-align: justify;\">El Rector entreg\u00f3 a la familia del Lic. Bonilla, en representaci\u00f3n del Consejo Superior Universitario (CSU), un reconocimiento post mortem por su fruct\u00edfera trayectoria acad\u00e9mica, docente y profesional.<\/p>\n<p style=\"text-align: justify;\">Como parte del acto, se hizo un minuto de silencio, se le entreg\u00f3 a la familia una bandera de la universidad y se hizo un recorrido con los restos del Lic. Gustavo Bonilla por las instalaciones de la Facultad de Ciencias Jur\u00eddicas y Sociales.<\/p>\n<div id='gallery-1' class='gallery galleryid-12566 gallery-columns-3 gallery-size-thumbnail'><figure class='gallery-item'>\n\t\t\t<div class='gallery-icon landscape'>\n\t\t\t\t<a href='https:\/\/soy.usac.edu.gt\/?attachment_id=12593'><img loading=\"lazy\" decoding=\"async\" width=\"150\" height=\"150\" src=\"https:\/\/soy.usac.edu.gt\/wp-content\/uploads\/2020\/10\/WhatsApp-Image-2020-10-18-at-12.39.01-PM-4-150x150.jpeg\" class=\"attachment-thumbnail size-thumbnail\" alt=\"\" \/><\/a>\n\t\t\t<\/div><\/figure><figure class='gallery-item'>\n\t\t\t<div class='gallery-icon landscape'>\n\t\t\t\t<a href='https:\/\/soy.usac.edu.gt\/?attachment_id=12595'><img loading=\"lazy\" decoding=\"async\" width=\"150\" height=\"150\" src=\"https:\/\/soy.usac.edu.gt\/wp-content\/uploads\/2020\/10\/WhatsApp-Image-2020-10-18-at-12.39.01-PM-150x150.jpeg\" class=\"attachment-thumbnail size-thumbnail\" alt=\"\" \/><\/a>\n\t\t\t<\/div><\/figure><figure class='gallery-item'>\n\t\t\t<div class='gallery-icon landscape'>\n\t\t\t\t<a href='https:\/\/soy.usac.edu.gt\/?attachment_id=12594'><img loading=\"lazy\" decoding=\"async\" width=\"150\" height=\"150\" src=\"https:\/\/soy.usac.edu.gt\/wp-content\/uploads\/2020\/10\/WhatsApp-Image-2020-10-18-at-12.39.01-PM-5-150x150.jpeg\" class=\"attachment-thumbnail size-thumbnail\" alt=\"\" \/><\/a>\n\t\t\t<\/div><\/figure><figure class='gallery-item'>\n\t\t\t<div class='gallery-icon landscape'>\n\t\t\t\t<a href='https:\/\/soy.usac.edu.gt\/?attachment_id=12592'><img loading=\"lazy\" decoding=\"async\" width=\"150\" height=\"150\" src=\"https:\/\/soy.usac.edu.gt\/wp-content\/uploads\/2020\/10\/WhatsApp-Image-2020-10-18-at-12.39.01-PM-3-150x150.jpeg\" class=\"attachment-thumbnail size-thumbnail\" alt=\"\" \/><\/a>\n\t\t\t<\/div><\/figure><figure class='gallery-item'>\n\t\t\t<div class='gallery-icon landscape'>\n\t\t\t\t<a href='https:\/\/soy.usac.edu.gt\/?attachment_id=12590'><img loading=\"lazy\" decoding=\"async\" width=\"150\" height=\"150\" src=\"https:\/\/soy.usac.edu.gt\/wp-content\/uploads\/2020\/10\/WhatsApp-Image-2020-10-18-at-12.39.01-PM-1-150x150.jpeg\" class=\"attachment-thumbnail size-thumbnail\" alt=\"\" \/><\/a>\n\t\t\t<\/div><\/figure><figure class='gallery-item'>\n\t\t\t<div class='gallery-icon landscape'>\n\t\t\t\t<a href='https:\/\/soy.usac.edu.gt\/?attachment_id=12589'><img loading=\"lazy\" decoding=\"async\" width=\"150\" height=\"150\" src=\"https:\/\/soy.usac.edu.gt\/wp-content\/uploads\/2020\/10\/WhatsApp-Image-2020-10-18-at-12.39.00-PM-150x150.jpeg\" class=\"attachment-thumbnail size-thumbnail\" alt=\"\" \/><\/a>\n\t\t\t<\/div><\/figure><figure class='gallery-item'>\n\t\t\t<div class='gallery-icon landscape'>\n\t\t\t\t<a href='https:\/\/soy.usac.edu.gt\/?attachment_id=12588'><img loading=\"lazy\" decoding=\"async\" width=\"150\" height=\"150\" src=\"https:\/\/soy.usac.edu.gt\/wp-content\/uploads\/2020\/10\/WhatsApp-Image-2020-10-18-at-12.39.00-PM-1-150x150.jpeg\" class=\"attachment-thumbnail size-thumbnail\" alt=\"\" \/><\/a>\n\t\t\t<\/div><\/figure><figure class='gallery-item'>\n\t\t\t<div class='gallery-icon landscape'>\n\t\t\t\t<a href='https:\/\/soy.usac.edu.gt\/?attachment_id=12587'><img loading=\"lazy\" decoding=\"async\" width=\"150\" height=\"150\" src=\"https:\/\/soy.usac.edu.gt\/wp-content\/uploads\/2020\/10\/WhatsApp-Image-2020-10-18-at-12.38.59-PM-150x150.jpeg\" class=\"attachment-thumbnail size-thumbnail\" alt=\"\" \/><\/a>\n\t\t\t<\/div><\/figure><figure class='gallery-item'>\n\t\t\t<div class='gallery-icon landscape'>\n\t\t\t\t<a href='https:\/\/soy.usac.edu.gt\/?attachment_id=12586'><img loading=\"lazy\" decoding=\"async\" width=\"150\" height=\"150\" src=\"https:\/\/soy.usac.edu.gt\/wp-content\/uploads\/2020\/10\/WhatsApp-Image-2020-10-18-at-12.38.59-PM-2-150x150.jpeg\" class=\"attachment-thumbnail size-thumbnail\" alt=\"\" \/><\/a>\n\t\t\t<\/div><\/figure><figure class='gallery-item'>\n\t\t\t<div class='gallery-icon landscape'>\n\t\t\t\t<a href='https:\/\/soy.usac.edu.gt\/?attachment_id=12585'><img loading=\"lazy\" decoding=\"async\" width=\"150\" height=\"150\" src=\"https:\/\/soy.usac.edu.gt\/wp-content\/uploads\/2020\/10\/WhatsApp-Image-2020-10-18-at-12.38.59-PM-1-150x150.jpeg\" class=\"attachment-thumbnail size-thumbnail\" alt=\"\" \/><\/a>\n\t\t\t<\/div><\/figure><figure class='gallery-item'>\n\t\t\t<div class='gallery-icon landscape'>\n\t\t\t\t<a href='https:\/\/soy.usac.edu.gt\/?attachment_id=12584'><img loading=\"lazy\" decoding=\"async\" width=\"150\" height=\"150\" src=\"https:\/\/soy.usac.edu.gt\/wp-content\/uploads\/2020\/10\/WhatsApp-Image-2020-10-18-at-12.38.41-PM-150x150.jpeg\" class=\"attachment-thumbnail size-thumbnail\" alt=\"\" \/><\/a>\n\t\t\t<\/div><\/figure><figure class='gallery-item'>\n\t\t\t<div class='gallery-icon landscape'>\n\t\t\t\t<a href='https:\/\/soy.usac.edu.gt\/?attachment_id=12583'><img loading=\"lazy\" decoding=\"async\" width=\"150\" height=\"150\" src=\"https:\/\/soy.usac.edu.gt\/wp-content\/uploads\/2020\/10\/WhatsApp-Image-2020-10-18-at-12.38.41-PM-2-150x150.jpeg\" class=\"attachment-thumbnail size-thumbnail\" alt=\"\" \/><\/a>\n\t\t\t<\/div><\/figure><figure class='gallery-item'>\n\t\t\t<div class='gallery-icon landscape'>\n\t\t\t\t<a href='https:\/\/soy.usac.edu.gt\/?attachment_id=12582'><img loading=\"lazy\" decoding=\"async\" width=\"150\" height=\"150\" src=\"https:\/\/soy.usac.edu.gt\/wp-content\/uploads\/2020\/10\/WhatsApp-Image-2020-10-18-at-12.38.41-PM-1-150x150.jpeg\" class=\"attachment-thumbnail size-thumbnail\" alt=\"\" \/><\/a>\n\t\t\t<\/div><\/figure><figure class='gallery-item'>\n\t\t\t<div class='gallery-icon landscape'>\n\t\t\t\t<a href='https:\/\/soy.usac.edu.gt\/?attachment_id=12581'><img loading=\"lazy\" decoding=\"async\" width=\"150\" height=\"150\" src=\"https:\/\/soy.usac.edu.gt\/wp-content\/uploads\/2020\/10\/WhatsApp-Image-2020-10-18-at-12.38.40-PM-150x150.jpeg\" class=\"attachment-thumbnail size-thumbnail\" alt=\"\" \/><\/a>\n\t\t\t<\/div><\/figure><figure class='gallery-item'>\n\t\t\t<div class='gallery-icon landscape'>\n\t\t\t\t<a href='https:\/\/soy.usac.edu.gt\/?attachment_id=12580'><img loading=\"lazy\" decoding=\"async\" width=\"150\" height=\"150\" src=\"https:\/\/soy.usac.edu.gt\/wp-content\/uploads\/2020\/10\/WhatsApp-Image-2020-10-18-at-12.38.40-PM-9-150x150.jpeg\" class=\"attachment-thumbnail size-thumbnail\" alt=\"\" \/><\/a>\n\t\t\t<\/div><\/figure><figure class='gallery-item'>\n\t\t\t<div class='gallery-icon landscape'>\n\t\t\t\t<a href='https:\/\/soy.usac.edu.gt\/?attachment_id=12579'><img loading=\"lazy\" decoding=\"async\" width=\"150\" height=\"150\" src=\"https:\/\/soy.usac.edu.gt\/wp-content\/uploads\/2020\/10\/WhatsApp-Image-2020-10-18-at-12.38.40-PM-8-150x150.jpeg\" class=\"attachment-thumbnail size-thumbnail\" alt=\"\" \/><\/a>\n\t\t\t<\/div><\/figure><figure class='gallery-item'>\n\t\t\t<div class='gallery-icon landscape'>\n\t\t\t\t<a href='https:\/\/soy.usac.edu.gt\/?attachment_id=12578'><img loading=\"lazy\" decoding=\"async\" width=\"150\" height=\"150\" src=\"https:\/\/soy.usac.edu.gt\/wp-content\/uploads\/2020\/10\/WhatsApp-Image-2020-10-18-at-12.38.40-PM-7-150x150.jpeg\" class=\"attachment-thumbnail size-thumbnail\" alt=\"\" \/><\/a>\n\t\t\t<\/div><\/figure><figure class='gallery-item'>\n\t\t\t<div class='gallery-icon landscape'>\n\t\t\t\t<a href='https:\/\/soy.usac.edu.gt\/?attachment_id=12577'><img loading=\"lazy\" decoding=\"async\" width=\"150\" height=\"150\" src=\"https:\/\/soy.usac.edu.gt\/wp-content\/uploads\/2020\/10\/WhatsApp-Image-2020-10-18-at-12.38.40-PM-6-150x150.jpeg\" class=\"attachment-thumbnail size-thumbnail\" alt=\"\" \/><\/a>\n\t\t\t<\/div><\/figure><figure class='gallery-item'>\n\t\t\t<div class='gallery-icon landscape'>\n\t\t\t\t<a href='https:\/\/soy.usac.edu.gt\/?attachment_id=12576'><img loading=\"lazy\" decoding=\"async\" width=\"150\" height=\"150\" src=\"https:\/\/soy.usac.edu.gt\/wp-content\/uploads\/2020\/10\/WhatsApp-Image-2020-10-18-at-12.38.40-PM-5-150x150.jpeg\" class=\"attachment-thumbnail size-thumbnail\" alt=\"\" \/><\/a>\n\t\t\t<\/div><\/figure><figure class='gallery-item'>\n\t\t\t<div class='gallery-icon landscape'>\n\t\t\t\t<a href='https:\/\/soy.usac.edu.gt\/?attachment_id=12575'><img loading=\"lazy\" decoding=\"async\" width=\"150\" height=\"150\" src=\"https:\/\/soy.usac.edu.gt\/wp-content\/uploads\/2020\/10\/WhatsApp-Image-2020-10-18-at-12.38.40-PM-4-150x150.jpeg\" class=\"attachment-thumbnail size-thumbnail\" alt=\"\" \/><\/a>\n\t\t\t<\/div><\/figure><figure class='gallery-item'>\n\t\t\t<div class='gallery-icon landscape'>\n\t\t\t\t<a href='https:\/\/soy.usac.edu.gt\/?attachment_id=12574'><img loading=\"lazy\" decoding=\"async\" width=\"150\" height=\"150\" src=\"https:\/\/soy.usac.edu.gt\/wp-content\/uploads\/2020\/10\/WhatsApp-Image-2020-10-18-at-12.38.40-PM-3-150x150.jpeg\" class=\"attachment-thumbnail size-thumbnail\" alt=\"\" \/><\/a>\n\t\t\t<\/div><\/figure><figure class='gallery-item'>\n\t\t\t<div class='gallery-icon landscape'>\n\t\t\t\t<a href='https:\/\/soy.usac.edu.gt\/?attachment_id=12572'><img loading=\"lazy\" decoding=\"async\" width=\"150\" height=\"150\" src=\"https:\/\/soy.usac.edu.gt\/wp-content\/uploads\/2020\/10\/WhatsApp-Image-2020-10-18-at-12.38.40-PM-1-150x150.jpeg\" class=\"attachment-thumbnail size-thumbnail\" alt=\"\" \/><\/a>\n\t\t\t<\/div><\/figure><figure class='gallery-item'>\n\t\t\t<div class='gallery-icon portrait'>\n\t\t\t\t<a href='https:\/\/soy.usac.edu.gt\/?attachment_id=12571'><img loading=\"lazy\" decoding=\"async\" width=\"150\" height=\"150\" src=\"https:\/\/soy.usac.edu.gt\/wp-content\/uploads\/2020\/10\/WhatsApp-Image-2020-10-18-at-12.38.39-PM-150x150.jpeg\" class=\"attachment-thumbnail size-thumbnail\" alt=\"\" \/><\/a>\n\t\t\t<\/div><\/figure><figure class='gallery-item'>\n\t\t\t<div class='gallery-icon landscape'>\n\t\t\t\t<a href='https:\/\/soy.usac.edu.gt\/?attachment_id=12570'><img loading=\"lazy\" decoding=\"async\" width=\"150\" height=\"150\" src=\"https:\/\/soy.usac.edu.gt\/wp-content\/uploads\/2020\/10\/WhatsApp-Image-2020-10-18-at-12.38.39-PM-4-150x150.jpeg\" class=\"attachment-thumbnail size-thumbnail\" alt=\"\" \/><\/a>\n\t\t\t<\/div><\/figure><figure class='gallery-item'>\n\t\t\t<div class='gallery-icon landscape'>\n\t\t\t\t<a href='https:\/\/soy.usac.edu.gt\/?attachment_id=12569'><img loading=\"lazy\" decoding=\"async\" width=\"150\" height=\"150\" src=\"https:\/\/soy.usac.edu.gt\/wp-content\/uploads\/2020\/10\/WhatsApp-Image-2020-10-18-at-12.38.39-PM-3-150x150.jpeg\" class=\"attachment-thumbnail size-thumbnail\" alt=\"\" \/><\/a>\n\t\t\t<\/div><\/figure>\n\t\t<\/div>\n\n\n\n\n<h2 class=\"wp-block-heading\"><strong>Destacada trayectoria profesional<\/strong><\/h2>\n\n\n\n<p style=\"text-align: justify;\">\u00a0<\/p>\n<p style=\"text-align: justify;\">Catedr\u00e1tico universitario, exdecano, exmiembro del Consejo Superior Universitario, exmagistrado de la Corte Suprema de Justicia y Sala de Apelaciones.<\/p>\n<p>\u00a0<\/p>\n<p><img loading=\"lazy\" decoding=\"async\" class=\"alignnone wp-image-7369 size-large\" src=\"https:\/\/soy.usac.edu.gt\/wp-content\/uploads\/2019\/07\/Cr\u00e9ditos-prensa-01-1024x395.png\" alt=\"\" width=\"640\" height=\"247\" srcset=\"https:\/\/soy.usac.edu.gt\/wp-content\/uploads\/2019\/07\/Cr\u00e9ditos-prensa-01-1024x395.png 1024w, https:\/\/soy.usac.edu.gt\/wp-content\/uploads\/2019\/07\/Cr\u00e9ditos-prensa-01-300x116.png 300w, https:\/\/soy.usac.edu.gt\/wp-content\/uploads\/2019\/07\/Cr\u00e9ditos-prensa-01-768x296.png 768w, https:\/\/soy.usac.edu.gt\/wp-content\/uploads\/2019\/07\/Cr\u00e9ditos-prensa-01-1088x420.png 1088w, https:\/\/soy.usac.edu.gt\/wp-content\/uploads\/2019\/07\/Cr\u00e9ditos-prensa-01-640x247.png 640w, https:\/\/soy.usac.edu.gt\/wp-content\/uploads\/2019\/07\/Cr\u00e9ditos-prensa-01-681x263.png 681w\" sizes=\"auto, (max-width: 640px) 100vw, 640px\" \/><\/p>\n","protected":false},"excerpt":{"rendered":"<p>En la ciudad universitaria se llev\u00f3 a cabo un emotivo\u00a0homenaje p\u00f3stumo al Lic. Gustavo Bonilla, exdecano de la Facultad de Ciencias Jur\u00eddicas y Sociales, quien falleci\u00f3 a causa de un paro card\u00edaco este s\u00e1bado 17 de octubre.<\/p>\n","protected":false},"author":1,"featured_media":12581,"comment_status":"closed","ping_status":"open","sticky":false,"template":"","format":"standard","meta":{"_exactmetrics_skip_tracking":false,"_exactmetrics_sitenote_active":false,"_exactmetrics_sitenote_note":"","_exactmetrics_sitenote_category":0,"_jetpack_memberships_contains_paid_content":false,"footnotes":""},"categories":[29],"tags":[],"class_list":["post-12566","post","type-post","status-publish","format-standard","has-post-thumbnail","hentry","category-noticias"],"aioseo_notices":[],"jetpack_featured_media_url":"https:\/\/soy.usac.edu.gt\/wp-content\/uploads\/2020\/10\/WhatsApp-Image-2020-10-18-at-12.38.40-PM.jpeg","views":"","jetpack-related-posts":[{"id":2895,"url":"https:\/\/soy.usac.edu.gt\/?p=2895","url_meta":{"origin":12566,"position":0},"title":"Dictan conferencia sobre la Ley de Amparo","author":"Erick Iv\u00e1n de Le\u00f3n","date":"2 noviembre, 2018","format":false,"excerpt":"Consecuentes a la expresi\u00f3n \"Id y ense\u00f1ad a todos\", el rector de la Universidad de San Carlos (USAC), ingeniero Murphy Paiz; y la Facultad de Ciencias Jur\u00eddicas y Sociales ofrecieron a estudiantes y profesionales la conferencia \"El amparo en Guatemala\", disertada por el licenciado Pedro Rodolfo Laynez Lux, en el\u2026","rel":"","context":"En \u00abNoticias\u00bb","block_context":{"text":"Noticias","link":"https:\/\/soy.usac.edu.gt\/?cat=29"},"img":{"alt_text":"","src":"https:\/\/i0.wp.com\/soy.usac.edu.gt\/wp-content\/uploads\/2018\/11\/LECCI%C3%93N-AMPAROS-5.jpg?resize=350%2C200&ssl=1","width":350,"height":200,"srcset":"https:\/\/i0.wp.com\/soy.usac.edu.gt\/wp-content\/uploads\/2018\/11\/LECCI%C3%93N-AMPAROS-5.jpg?resize=350%2C200&ssl=1 1x, https:\/\/i0.wp.com\/soy.usac.edu.gt\/wp-content\/uploads\/2018\/11\/LECCI%C3%93N-AMPAROS-5.jpg?resize=525%2C300&ssl=1 1.5x, https:\/\/i0.wp.com\/soy.usac.edu.gt\/wp-content\/uploads\/2018\/11\/LECCI%C3%93N-AMPAROS-5.jpg?resize=700%2C400&ssl=1 2x, https:\/\/i0.wp.com\/soy.usac.edu.gt\/wp-content\/uploads\/2018\/11\/LECCI%C3%93N-AMPAROS-5.jpg?resize=1050%2C600&ssl=1 3x, https:\/\/i0.wp.com\/soy.usac.edu.gt\/wp-content\/uploads\/2018\/11\/LECCI%C3%93N-AMPAROS-5.jpg?resize=1400%2C800&ssl=1 4x"},"classes":[]},{"id":10151,"url":"https:\/\/soy.usac.edu.gt\/?p=10151","url_meta":{"origin":12566,"position":1},"title":"M\u00e1s de 4 mil maestros de preprimaria y primaria se graduaron en interculturalidad","author":"Divisi\u00f3n de Publicidad","date":"11 diciembre, 2019","format":false,"excerpt":"La Sexta Cohorte del Programa Acad\u00e9mico de Desarrollo Profesional Docente, est\u00e1 integrada por maestros de todo el pa\u00eds.\u00a0","rel":"","context":"En \u00abNoticias\u00bb","block_context":{"text":"Noticias","link":"https:\/\/soy.usac.edu.gt\/?cat=29"},"img":{"alt_text":"","src":"https:\/\/i0.wp.com\/soy.usac.edu.gt\/wp-content\/uploads\/2019\/12\/IMG_8849.jpg?resize=350%2C200&ssl=1","width":350,"height":200,"srcset":"https:\/\/i0.wp.com\/soy.usac.edu.gt\/wp-content\/uploads\/2019\/12\/IMG_8849.jpg?resize=350%2C200&ssl=1 1x, https:\/\/i0.wp.com\/soy.usac.edu.gt\/wp-content\/uploads\/2019\/12\/IMG_8849.jpg?resize=525%2C300&ssl=1 1.5x"},"classes":[]},{"id":7912,"url":"https:\/\/soy.usac.edu.gt\/?p=7912","url_meta":{"origin":12566,"position":2},"title":"Nuevos avances para la apertura de la USAC","author":"Edwin Medina","date":"8 agosto, 2019","format":false,"excerpt":"Hoy en la tercera reuni\u00f3n, la Comisi\u00f3n de Di\u00e1logo consensu\u00f3 con el Colectivo Estudiantil Universitario (CEU) la suspensi\u00f3n temporal del acuerdo con la C\u00e1mara de Industria de Guatemala.","rel":"","context":"En \u00abNoticias\u00bb","block_context":{"text":"Noticias","link":"https:\/\/soy.usac.edu.gt\/?cat=29"},"img":{"alt_text":"","src":"https:\/\/i0.wp.com\/soy.usac.edu.gt\/wp-content\/uploads\/2019\/08\/WhatsApp-Image-2019-08-08-at-19.28.21.jpeg?resize=350%2C200&ssl=1","width":350,"height":200,"srcset":"https:\/\/i0.wp.com\/soy.usac.edu.gt\/wp-content\/uploads\/2019\/08\/WhatsApp-Image-2019-08-08-at-19.28.21.jpeg?resize=350%2C200&ssl=1 1x, https:\/\/i0.wp.com\/soy.usac.edu.gt\/wp-content\/uploads\/2019\/08\/WhatsApp-Image-2019-08-08-at-19.28.21.jpeg?resize=525%2C300&ssl=1 1.5x, https:\/\/i0.wp.com\/soy.usac.edu.gt\/wp-content\/uploads\/2019\/08\/WhatsApp-Image-2019-08-08-at-19.28.21.jpeg?resize=700%2C400&ssl=1 2x"},"classes":[]},{"id":7284,"url":"https:\/\/soy.usac.edu.gt\/?p=7284","url_meta":{"origin":12566,"position":3},"title":"Capacitan a personal Jur\u00eddico","author":"Edwin Medina","date":"4 julio, 2019","format":false,"excerpt":"Autoridades de la direcci\u00f3n de asuntos jur\u00eddicos de la Universidad de San Carlos de Guatemala realizaron una capacitaci\u00f3n de gesti\u00f3n y talento humano.","rel":"","context":"En \u00abNoticias\u00bb","block_context":{"text":"Noticias","link":"https:\/\/soy.usac.edu.gt\/?cat=29"},"img":{"alt_text":"","src":"https:\/\/i0.wp.com\/soy.usac.edu.gt\/wp-content\/uploads\/2019\/07\/IMG_2159.jpg?resize=350%2C200&ssl=1","width":350,"height":200,"srcset":"https:\/\/i0.wp.com\/soy.usac.edu.gt\/wp-content\/uploads\/2019\/07\/IMG_2159.jpg?resize=350%2C200&ssl=1 1x, https:\/\/i0.wp.com\/soy.usac.edu.gt\/wp-content\/uploads\/2019\/07\/IMG_2159.jpg?resize=525%2C300&ssl=1 1.5x, https:\/\/i0.wp.com\/soy.usac.edu.gt\/wp-content\/uploads\/2019\/07\/IMG_2159.jpg?resize=700%2C400&ssl=1 2x, https:\/\/i0.wp.com\/soy.usac.edu.gt\/wp-content\/uploads\/2019\/07\/IMG_2159.jpg?resize=1050%2C600&ssl=1 3x, https:\/\/i0.wp.com\/soy.usac.edu.gt\/wp-content\/uploads\/2019\/07\/IMG_2159.jpg?resize=1400%2C800&ssl=1 4x"},"classes":[]},{"id":4291,"url":"https:\/\/soy.usac.edu.gt\/?p=4291","url_meta":{"origin":12566,"position":4},"title":"Presentan\u00a0libro sobre Derecho Internacional P\u00fablico","author":"Erick Iv\u00e1n de Le\u00f3n","date":"27 febrero, 2019","format":false,"excerpt":"La Universidad de San Carlos de Guatemala (USAC) y la Universidad Nacional Aut\u00f3noma de M\u00e9xico (UNAM) presentaron la segunda edici\u00f3n del libro \u201cNuevo Derecho Internacional P\u00fablico\u201d, producido por la Dra. Norka L\u00f3pez Zamarripa. La Dra. Norka L\u00f3pez es acad\u00e9mica e investigadora de la Facultad de Derecho de la referida universidad\u2026","rel":"","context":"En \u00abNoticias\u00bb","block_context":{"text":"Noticias","link":"https:\/\/soy.usac.edu.gt\/?cat=29"},"img":{"alt_text":"","src":"https:\/\/i0.wp.com\/soy.usac.edu.gt\/wp-content\/uploads\/2019\/02\/PRESENTACI%C3%93N-DE-LIBRO-DE-DERECHO-1.jpeg?resize=350%2C200&ssl=1","width":350,"height":200,"srcset":"https:\/\/i0.wp.com\/soy.usac.edu.gt\/wp-content\/uploads\/2019\/02\/PRESENTACI%C3%93N-DE-LIBRO-DE-DERECHO-1.jpeg?resize=350%2C200&ssl=1 1x, https:\/\/i0.wp.com\/soy.usac.edu.gt\/wp-content\/uploads\/2019\/02\/PRESENTACI%C3%93N-DE-LIBRO-DE-DERECHO-1.jpeg?resize=525%2C300&ssl=1 1.5x, https:\/\/i0.wp.com\/soy.usac.edu.gt\/wp-content\/uploads\/2019\/02\/PRESENTACI%C3%93N-DE-LIBRO-DE-DERECHO-1.jpeg?resize=700%2C400&ssl=1 2x, https:\/\/i0.wp.com\/soy.usac.edu.gt\/wp-content\/uploads\/2019\/02\/PRESENTACI%C3%93N-DE-LIBRO-DE-DERECHO-1.jpeg?resize=1050%2C600&ssl=1 3x"},"classes":[]},{"id":9411,"url":"https:\/\/soy.usac.edu.gt\/?p=9411","url_meta":{"origin":12566,"position":5},"title":"Inauguran Plaza al Estudiante Ejemplo","author":"Divisi\u00f3n de Publicidad","date":"29 octubre, 2019","format":false,"excerpt":"La plaza est\u00e1 ubicada frente al edificio S-2 y honra la memoria de diez estudiantes que fueron desaparecidos en 1989 durante el conflicto armado interno.\u00a0","rel":"","context":"En \u00abEstudiantes\u00bb","block_context":{"text":"Estudiantes","link":"https:\/\/soy.usac.edu.gt\/?cat=585"},"img":{"alt_text":"","src":"https:\/\/i0.wp.com\/soy.usac.edu.gt\/wp-content\/uploads\/2019\/10\/1-11.jpg?resize=350%2C200&ssl=1","width":350,"height":200,"srcset":"https:\/\/i0.wp.com\/soy.usac.edu.gt\/wp-content\/uploads\/2019\/10\/1-11.jpg?resize=350%2C200&ssl=1 1x, https:\/\/i0.wp.com\/soy.usac.edu.gt\/wp-content\/uploads\/2019\/10\/1-11.jpg?resize=525%2C300&ssl=1 1.5x, https:\/\/i0.wp.com\/soy.usac.edu.gt\/wp-content\/uploads\/2019\/10\/1-11.jpg?resize=700%2C400&ssl=1 2x, https:\/\/i0.wp.com\/soy.usac.edu.gt\/wp-content\/uploads\/2019\/10\/1-11.jpg?resize=1050%2C600&ssl=1 3x, https:\/\/i0.wp.com\/soy.usac.edu.gt\/wp-content\/uploads\/2019\/10\/1-11.jpg?resize=1400%2C800&ssl=1 4x"},"classes":[]}],"jetpack_sharing_enabled":true,"_links":{"self":[{"href":"https:\/\/soy.usac.edu.gt\/index.php?rest_route=\/wp\/v2\/posts\/12566","targetHints":{"allow":["GET"]}}],"collection":[{"href":"https:\/\/soy.usac.edu.gt\/index.php?rest_route=\/wp\/v2\/posts"}],"about":[{"href":"https:\/\/soy.usac.edu.gt\/index.php?rest_route=\/wp\/v2\/types\/post"}],"author":[{"embeddable":true,"href":"https:\/\/soy.usac.edu.gt\/index.php?rest_route=\/wp\/v2\/users\/1"}],"replies":[{"embeddable":true,"href":"https:\/\/soy.usac.edu.gt\/index.php?rest_route=%2Fwp%2Fv2%2Fcomments&post=12566"}],"version-history":[{"count":3,"href":"https:\/\/soy.usac.edu.gt\/index.php?rest_route=\/wp\/v2\/posts\/12566\/revisions"}],"predecessor-version":[{"id":12598,"href":"https:\/\/soy.usac.edu.gt\/index.php?rest_route=\/wp\/v2\/posts\/12566\/revisions\/12598"}],"wp:featuredmedia":[{"embeddable":true,"href":"https:\/\/soy.usac.edu.gt\/index.php?rest_route=\/wp\/v2\/media\/12581"}],"wp:attachment":[{"href":"https:\/\/soy.usac.edu.gt\/index.php?rest_route=%2Fwp%2Fv2%2Fmedia&parent=12566"}],"wp:term":[{"taxonomy":"category","embeddable":true,"href":"https:\/\/soy.usac.edu.gt\/index.php?rest_route=%2Fwp%2Fv2%2Fcategories&post=12566"},{"taxonomy":"post_tag","embeddable":true,"href":"https:\/\/soy.usac.edu.gt\/index.php?rest_route=%2Fwp%2Fv2%2Ftags&post=12566"}],"curies":[{"name":"wp","href":"https:\/\/api.w.org\/{rel}","templated":true}]}}