{"id":12647,"date":"2020-10-21T15:58:56","date_gmt":"2020-10-21T21:58:56","guid":{"rendered":"https:\/\/soy.usac.edu.gt\/?p=12647"},"modified":"2020-10-21T15:58:58","modified_gmt":"2020-10-21T21:58:58","slug":"pronunciamiento-del-csu-por-el-aniversario-de-las-gestas-revolucionarias","status":"publish","type":"post","link":"https:\/\/soy.usac.edu.gt\/?p=12647","title":{"rendered":"Pronunciamiento del CSU por el aniversario de las gestas revolucionarias"},"content":{"rendered":"\n<p style=\"text-align: center;\"><strong>EL CONSEJO SUPERIOR UNIVERSITARIO DE LA UNIVERSIDAD DE SAN CARLOS DE GUATEMALA<\/strong><\/p>\n<p style=\"text-align: center;\"><strong>Y EL RECTOR M. SC. ING. MURPHY OLYMPO PAIZ RECINOS<\/strong><\/p>\n<p style=\"text-align: center;\"><strong>CON OCASI\u00d3N DE CONMEMORARSE EL 76 ANIVERSARIO DE LA REVOLUCI\u00d3N DEL 20 DE OCTUBRE DE 1944<\/strong><\/p>\n<p style=\"text-align: justify;\">El Consejo Superior Universitario de la Universidad de San Carlos de Guatemala se dirige a la comunidad universitaria y al pueblo guatemalteco para expresarles un fervoroso saludo de reafirmaci\u00f3n democr\u00e1tica ante el legado de aquella gesta hist\u00f3rica, que abri\u00f3 a nuestro pa\u00eds la posibilidad de realizar la transici\u00f3n de un modelo autoritario a vivir un decenio de realizaciones sociales, laborales, culturales, pol\u00edticas y econ\u00f3micas nunca igualadas en las d\u00e9cadas siguientes. Con tal motivo, el m\u00e1ximo \u00f3rgano de gobierno de la universidad nacional y aut\u00f3noma comparte las siguientes reflexiones:<\/p>\n<ol>\n<li style=\"text-align: justify;\">Son conocidos los logros del decenio 1944-1954 en derechos c\u00edvico-pol\u00edticos, derechos econ\u00f3micos, laborales, sociales, educativos y culturales. Resaltamos la importancia de la autonom\u00eda universitaria, conquista leg\u00edtima de aquella gesta c\u00edvica en la cual tuvo destacada participaci\u00f3n el estudiantado universitario sancarlista.<\/li>\n<li style=\"text-align: justify;\">La conmemoraci\u00f3n del 76 aniversario de la Revoluci\u00f3n del 20 de Octubre de 1944 encuentra a Guatemala en medio de una dif\u00edcil situaci\u00f3n, en la que se combina la pesada herencia estructural de una formaci\u00f3n econ\u00f3mica, social y pol\u00edtica marcada por la desigualdad, la discriminaci\u00f3n, la exclusi\u00f3n, la explotaci\u00f3n del trabajo humano y la depredaci\u00f3n del medio ambiente con los efectos de la pandemia de la enfermedad COVID-19 y todas sus secuelas sanitarias, econ\u00f3micas, sociales, educativas y culturales.<\/li>\n<li style=\"text-align: justify;\">De ah\u00ed que para la Universidad de San Carlos de Guatemala la conmemoraci\u00f3n de la gesta patri\u00f3tica de octubre y el decenio de la Primavera Democr\u00e1tica adquiere pleno sentido con el reconocimiento de la dura realidad actual, comprendiendo la singularidad de los retos actuales. Si algo ense\u00f1a la Revoluci\u00f3n del 20 de Octubre de 1944 es que el progreso social y el bien com\u00fan son posibles de alcanzar, que la democracia y la participaci\u00f3n ciudadana efectiva en la atenci\u00f3n a los grandes problemas de la naci\u00f3n son condiciones imprescindibles para afrontar sus desaf\u00edos. Los que hoy tiene Guatemala son distintos, pero al mismo tiempo muy parecidos a los de hace 76 a\u00f1os. Es necesaria la participaci\u00f3n y articulaci\u00f3n de la sociedad guatemalteca para afrontar los retos que representa esta coyuntura.<\/li>\n<\/ol>\n<p style=\"text-align: justify;\">\u00a0<\/p>\n<p style=\"text-align: center;\"><strong>\u00a0\u201cId y ense\u00f1ad a todos\u201d<\/strong><\/p>\n<p style=\"text-align: center;\">Guatemala, 21 de octubre de 2020<\/p>\n","protected":false},"excerpt":{"rendered":"<p>El CSU se pronuncia por un aniversario m\u00e1s de las gestas revolucionarias de octubre de 1944. #SoyUSAC<\/p>\n","protected":false},"author":1,"featured_media":0,"comment_status":"closed","ping_status":"open","sticky":false,"template":"","format":"standard","meta":{"_exactmetrics_skip_tracking":false,"_exactmetrics_sitenote_active":false,"_exactmetrics_sitenote_note":"","_exactmetrics_sitenote_category":0,"_jetpack_memberships_contains_paid_content":false,"footnotes":""},"categories":[29],"tags":[],"class_list":["post-12647","post","type-post","status-publish","format-standard","hentry","category-noticias"],"aioseo_notices":[],"jetpack_featured_media_url":"","views":"","jetpack-related-posts":[{"id":15378,"url":"https:\/\/soy.usac.edu.gt\/?p=15378","url_meta":{"origin":12647,"position":0},"title":"Convocatoria a elecci\u00f3n de rector de la USAC, per\u00edodo 2022-2026","author":"Divisi\u00f3n de Publicidad","date":"7 octubre, 2021","format":false,"excerpt":"Convocar a la integraci\u00f3n del Cuerpo Electoral Universitario, a fin de que los profesores y estudiantes de las diez (10) Facultades de la Universidad, que satisfagan los requisitos legales y estatutarios; y los miembros de los catorce (14) Colegios Profesionales, que tambi\u00e9n satisfagan los requisitos legales y estatutarios, procedan a\u2026","rel":"","context":"En \u00abBecas y Convocatorias\u00bb","block_context":{"text":"Becas y Convocatorias","link":"https:\/\/soy.usac.edu.gt\/?cat=127"},"img":{"alt_text":"","src":"https:\/\/i0.wp.com\/soy.usac.edu.gt\/wp-content\/uploads\/2021\/01\/convocatoria_Mesa-de-trabajo-1.jpg?resize=350%2C200&ssl=1","width":350,"height":200,"srcset":"https:\/\/i0.wp.com\/soy.usac.edu.gt\/wp-content\/uploads\/2021\/01\/convocatoria_Mesa-de-trabajo-1.jpg?resize=350%2C200&ssl=1 1x, https:\/\/i0.wp.com\/soy.usac.edu.gt\/wp-content\/uploads\/2021\/01\/convocatoria_Mesa-de-trabajo-1.jpg?resize=525%2C300&ssl=1 1.5x, https:\/\/i0.wp.com\/soy.usac.edu.gt\/wp-content\/uploads\/2021\/01\/convocatoria_Mesa-de-trabajo-1.jpg?resize=700%2C400&ssl=1 2x, https:\/\/i0.wp.com\/soy.usac.edu.gt\/wp-content\/uploads\/2021\/01\/convocatoria_Mesa-de-trabajo-1.jpg?resize=1050%2C600&ssl=1 3x, https:\/\/i0.wp.com\/soy.usac.edu.gt\/wp-content\/uploads\/2021\/01\/convocatoria_Mesa-de-trabajo-1.jpg?resize=1400%2C800&ssl=1 4x"},"classes":[]},{"id":12852,"url":"https:\/\/soy.usac.edu.gt\/?p=12852","url_meta":{"origin":12647,"position":1},"title":"CSU solicita audiencia presidencial para abordar asignaci\u00f3n presupuestaria de la universidad","author":"Divisi\u00f3n de Publicidad","date":"7 noviembre, 2020","format":false,"excerpt":"La Universidad est\u00e1 en riesgo inminente de no lograr cumplir con sus compromisos ineludibles; limitando el desempe\u00f1o de las funciones.","rel":"","context":"En \u00abNoticias\u00bb","block_context":{"text":"Noticias","link":"https:\/\/soy.usac.edu.gt\/?cat=29"},"img":{"alt_text":"","src":"","width":0,"height":0},"classes":[]},{"id":10458,"url":"https:\/\/soy.usac.edu.gt\/?p=10458","url_meta":{"origin":12647,"position":2},"title":"CSU repudia\u00a0hechos que pusieron en riesgo la salud e integridad de estudiantes sancarlistas","author":"Divisi\u00f3n de Publicidad","date":"26 enero, 2020","format":false,"excerpt":"Llaman a la comunidad universitaria, a no prestarse ni participar en actividades violatorias de las normas disciplinarias y de convivencia universitaria.","rel":"","context":"En \u00abEstudiantes\u00bb","block_context":{"text":"Estudiantes","link":"https:\/\/soy.usac.edu.gt\/?cat=585"},"img":{"alt_text":"","src":"https:\/\/i0.wp.com\/soy.usac.edu.gt\/wp-content\/uploads\/2020\/01\/comunicado-csu-estudiantes-150x150.jpg?resize=350%2C200&ssl=1","width":350,"height":200,"srcset":"https:\/\/i0.wp.com\/soy.usac.edu.gt\/wp-content\/uploads\/2020\/01\/comunicado-csu-estudiantes-150x150.jpg?resize=350%2C200&ssl=1 1x, https:\/\/i0.wp.com\/soy.usac.edu.gt\/wp-content\/uploads\/2020\/01\/comunicado-csu-estudiantes-150x150.jpg?resize=525%2C300&ssl=1 1.5x, https:\/\/i0.wp.com\/soy.usac.edu.gt\/wp-content\/uploads\/2020\/01\/comunicado-csu-estudiantes-150x150.jpg?resize=700%2C400&ssl=1 2x"},"classes":[]},{"id":22022,"url":"https:\/\/soy.usac.edu.gt\/?p=22022","url_meta":{"origin":12647,"position":3},"title":"USAC preside el VII Encuentro de Internacionalizaci\u00f3n y Cooperaci\u00f3n UDUALC","author":"Divisi\u00f3n de Publicidad","date":"22 septiembre, 2025","format":false,"excerpt":"La Universidad de San Carlos de Guatemala inaugur\u00f3 este 22 de septiembre el VIII Encuentro de Internacionalizaci\u00f3n y Cooperaci\u00f3n de la Uni\u00f3n de Universidades de Am\u00e9rica Latina y El Caribe (UDUALC), en el Museo de la Universidad de San Carlos (MUSAC). Este espacio re\u00fane a representantes de 21 pa\u00edses y\u2026","rel":"","context":"En \u00abActividades\u00bb","block_context":{"text":"Actividades","link":"https:\/\/soy.usac.edu.gt\/?cat=126"},"img":{"alt_text":"","src":"https:\/\/i0.wp.com\/soy.usac.edu.gt\/wp-content\/uploads\/2025\/09\/WhatsApp-Image-2025-09-23-at-8.34.51-AM-9.jpeg?resize=350%2C200&ssl=1","width":350,"height":200,"srcset":"https:\/\/i0.wp.com\/soy.usac.edu.gt\/wp-content\/uploads\/2025\/09\/WhatsApp-Image-2025-09-23-at-8.34.51-AM-9.jpeg?resize=350%2C200&ssl=1 1x, https:\/\/i0.wp.com\/soy.usac.edu.gt\/wp-content\/uploads\/2025\/09\/WhatsApp-Image-2025-09-23-at-8.34.51-AM-9.jpeg?resize=525%2C300&ssl=1 1.5x, https:\/\/i0.wp.com\/soy.usac.edu.gt\/wp-content\/uploads\/2025\/09\/WhatsApp-Image-2025-09-23-at-8.34.51-AM-9.jpeg?resize=700%2C400&ssl=1 2x, https:\/\/i0.wp.com\/soy.usac.edu.gt\/wp-content\/uploads\/2025\/09\/WhatsApp-Image-2025-09-23-at-8.34.51-AM-9.jpeg?resize=1050%2C600&ssl=1 3x, https:\/\/i0.wp.com\/soy.usac.edu.gt\/wp-content\/uploads\/2025\/09\/WhatsApp-Image-2025-09-23-at-8.34.51-AM-9.jpeg?resize=1400%2C800&ssl=1 4x"},"classes":[]},{"id":14042,"url":"https:\/\/soy.usac.edu.gt\/?p=14042","url_meta":{"origin":12647,"position":4},"title":"En relaci\u00f3n al Proceso de Designaci\u00f3n de Magistrados  Titular y Suplente por el CSU ante la CC","author":"Divisi\u00f3n de Publicidad","date":"26 febrero, 2021","format":false,"excerpt":"En relaci\u00f3n al Proceso de Designaci\u00f3n de Magistrados (as) Titular y Suplente por el Consejo Superior Universitario de la Universidad de San Carlos de Guatemala ante la Corte de Constitucionalidad, per\u00edodo 2021-2026,","rel":"","context":"En \u00abNoticias\u00bb","block_context":{"text":"Noticias","link":"https:\/\/soy.usac.edu.gt\/?cat=29"},"img":{"alt_text":"","src":"https:\/\/i0.wp.com\/soy.usac.edu.gt\/wp-content\/uploads\/2021\/02\/COMUNICADO-IMAGEN-WEB.jpeg?resize=350%2C200&ssl=1","width":350,"height":200,"srcset":"https:\/\/i0.wp.com\/soy.usac.edu.gt\/wp-content\/uploads\/2021\/02\/COMUNICADO-IMAGEN-WEB.jpeg?resize=350%2C200&ssl=1 1x, https:\/\/i0.wp.com\/soy.usac.edu.gt\/wp-content\/uploads\/2021\/02\/COMUNICADO-IMAGEN-WEB.jpeg?resize=525%2C300&ssl=1 1.5x, https:\/\/i0.wp.com\/soy.usac.edu.gt\/wp-content\/uploads\/2021\/02\/COMUNICADO-IMAGEN-WEB.jpeg?resize=700%2C400&ssl=1 2x"},"classes":[]},{"id":3283,"url":"https:\/\/soy.usac.edu.gt\/?p=3283","url_meta":{"origin":12647,"position":5},"title":"Celebran 74 \u00a0a\u00f1os de autonom\u00eda universitaria","author":"Divisi\u00f3n de Publicidad","date":"1 diciembre, 2018","format":false,"excerpt":"En la plaza dedicada a \u00a0los h\u00e9roes y m\u00e1rtires de la Tricentenaria Universidad de San Carlos de Guatemala, se efectu\u00f3 el acto acad\u00e9mico en conmemoraci\u00f3n del 74\u00ba aniversario de la autonom\u00eda universitaria, donde estuvo presente el Consejo Superior Universitario; el rector, Ing. Murphy Paiz; y secretario general, Arq. Carlos Valladares.\u2026","rel":"","context":"En \u00abNoticias\u00bb","block_context":{"text":"Noticias","link":"https:\/\/soy.usac.edu.gt\/?cat=29"},"img":{"alt_text":"","src":"https:\/\/i0.wp.com\/soy.usac.edu.gt\/wp-content\/uploads\/2018\/12\/DSC_8323.jpg?resize=350%2C200&ssl=1","width":350,"height":200,"srcset":"https:\/\/i0.wp.com\/soy.usac.edu.gt\/wp-content\/uploads\/2018\/12\/DSC_8323.jpg?resize=350%2C200&ssl=1 1x, https:\/\/i0.wp.com\/soy.usac.edu.gt\/wp-content\/uploads\/2018\/12\/DSC_8323.jpg?resize=525%2C300&ssl=1 1.5x, https:\/\/i0.wp.com\/soy.usac.edu.gt\/wp-content\/uploads\/2018\/12\/DSC_8323.jpg?resize=700%2C400&ssl=1 2x, https:\/\/i0.wp.com\/soy.usac.edu.gt\/wp-content\/uploads\/2018\/12\/DSC_8323.jpg?resize=1050%2C600&ssl=1 3x, https:\/\/i0.wp.com\/soy.usac.edu.gt\/wp-content\/uploads\/2018\/12\/DSC_8323.jpg?resize=1400%2C800&ssl=1 4x"},"classes":[]}],"jetpack_sharing_enabled":true,"_links":{"self":[{"href":"https:\/\/soy.usac.edu.gt\/index.php?rest_route=\/wp\/v2\/posts\/12647","targetHints":{"allow":["GET"]}}],"collection":[{"href":"https:\/\/soy.usac.edu.gt\/index.php?rest_route=\/wp\/v2\/posts"}],"about":[{"href":"https:\/\/soy.usac.edu.gt\/index.php?rest_route=\/wp\/v2\/types\/post"}],"author":[{"embeddable":true,"href":"https:\/\/soy.usac.edu.gt\/index.php?rest_route=\/wp\/v2\/users\/1"}],"replies":[{"embeddable":true,"href":"https:\/\/soy.usac.edu.gt\/index.php?rest_route=%2Fwp%2Fv2%2Fcomments&post=12647"}],"version-history":[{"count":1,"href":"https:\/\/soy.usac.edu.gt\/index.php?rest_route=\/wp\/v2\/posts\/12647\/revisions"}],"predecessor-version":[{"id":12648,"href":"https:\/\/soy.usac.edu.gt\/index.php?rest_route=\/wp\/v2\/posts\/12647\/revisions\/12648"}],"wp:attachment":[{"href":"https:\/\/soy.usac.edu.gt\/index.php?rest_route=%2Fwp%2Fv2%2Fmedia&parent=12647"}],"wp:term":[{"taxonomy":"category","embeddable":true,"href":"https:\/\/soy.usac.edu.gt\/index.php?rest_route=%2Fwp%2Fv2%2Fcategories&post=12647"},{"taxonomy":"post_tag","embeddable":true,"href":"https:\/\/soy.usac.edu.gt\/index.php?rest_route=%2Fwp%2Fv2%2Ftags&post=12647"}],"curies":[{"name":"wp","href":"https:\/\/api.w.org\/{rel}","templated":true}]}}