{"id":12649,"date":"2020-10-21T21:08:45","date_gmt":"2020-10-22T03:08:45","guid":{"rendered":"https:\/\/soy.usac.edu.gt\/?p=12649"},"modified":"2020-10-21T21:08:46","modified_gmt":"2020-10-22T03:08:46","slug":"csu-el-plan-de-prestaciones-no-sera-privatizado","status":"publish","type":"post","link":"https:\/\/soy.usac.edu.gt\/?p=12649","title":{"rendered":"CSU: el plan de prestaciones no ser\u00e1 privatizado"},"content":{"rendered":"\n<p style=\"text-align: center;\"><strong>El Consejo Superior Universitario de la Universidad de San Carlos de Guatemala y el Rector M. Sc. Ing. Murphy Olympo Paiz Recinos<\/strong><\/p>\n<p style=\"text-align: center;\"><strong>INFORMAN<\/strong><\/p>\n<p style=\"text-align: justify;\">La actual administraci\u00f3n universitaria, que asumi\u00f3 en julio de 2018, como se hizo del conocimiento p\u00fablico, encontr\u00f3 una deuda de la cuota patronal al Plan de Prestaciones del Personal de la Universidad de San Carlos de Guatemala por el per\u00edodo de julio de 2017 a junio de 2018, por Q 288.6 millones, as\u00ed como una crisis financiera sin precedentes en la Universidad.<\/p>\n<p style=\"text-align: justify;\">No obstante, en la crisis financiera por la que atraviesa la Universidad de San Carlos de Guatemala, desde los \u00faltimos dos a\u00f1os, <strong>una de las pol\u00edticas del se\u00f1or Rector ha sido trasladar la cuota patronal al Plan de Prestaciones del Personal de la Universidad de San Carlos de Guatemala.<\/strong> Se han realizado los esfuerzos presupuestarios y financieros necesarios para garantizar dichos traslados, <strong>cumpli\u00e9ndose con los pagos a partir del segundo semestre del 2018, durante todo el a\u00f1o 2019, as\u00ed como de enero a abril del presente a\u00f1o, 2020. <\/strong><\/p>\n<p style=\"text-align: justify;\">Como es del conocimiento p\u00fablico, la Universidad, a partir del presente a\u00f1o, 2020, utiliza el Sistema de Contabilidad Integrada (SICOIN); en consecuencia, para hacer los traslados de recursos al Plan de Prestaciones, es necesario disponer de c\u00f3digos que, no obstante, las gestiones realizadas ante el Ministerio de Finanzas P\u00fablicas (MINFIN), a la fecha, no han sido proporcionados.<\/p>\n<p style=\"text-align: justify;\">Con la finalidad de viabilizar el traslado de recursos al Plan de Prestaciones, <strong>el Ministerio de Finanzas P\u00fablicas, en julio del presente a\u00f1o, sugiri\u00f3 la posibilidad de que el Plan de Prestaciones del Personal de la Universidad de San Carlos de Guatemala contara con su propio n\u00famero de identificaci\u00f3n tributaria (NIT),<\/strong> debido a que es un requisito necesario para la aprobaci\u00f3n de transferencias de esta \u00edndole contar con el NIT de la entidad receptora. Lo anterior se hizo del conocimiento de la Junta Administradora del Plan de Prestaciones.<\/p>\n<p style=\"text-align: justify;\"><strong>Se rechaza rotundamente toda informaci\u00f3n malintencionada, dada a conocer en redes sociales, con respecto a insinuar una intenci\u00f3n de separar y privatizar el Plan de Presentaciones de la Universidad, lo cual es totalmente falso. <\/strong><\/p>\n<p style=\"text-align: justify;\">El Consejo Superior Universitario eval\u00faa las opciones que t\u00e9cnica, legal, financiera y administrativamente viabilicen el traslado de la cuota patronal del presente ejercicio fiscal, en consenso con la Junta Administradora del Plan de Prestaciones, privilegiando la comunicaci\u00f3n y los acuerdos que permitan garantizar los recursos a favor del Plan de Prestaciones en el actual contexto presupuestario de la instituci\u00f3n.<\/p>\n<p style=\"text-align: justify;\">Se exhorta a las distintas organizaciones universitarias a no generar declaraciones que causen p\u00e1nico o desinformaci\u00f3n dentro de la comunidad trabajadora sancarlista con respecto al Plan de Prestaciones de la Universidad. Se hace un llamado al di\u00e1logo para disipar cualquier duda o mala interpretaci\u00f3n al respecto, y que con ello puedan contar con la informaci\u00f3n respectiva para hacerla del conocimiento de sus agremiados.<\/p>\n<p style=\"text-align: justify;\">As\u00ed mismo, es necesario coordinar esfuerzos institucionales para exigir que a la Universidad de San Carlos de Guatemala se le asigne y traslade como m\u00ednimo el 5 % que constitucionalmente le corresponde, lo cual permitir\u00e1 cumplir con sus compromisos financieros, como el pago de salarios, prestaciones laborales y sociales, entre otros.<\/p>\n<p style=\"text-align: justify;\">\u00a0<\/p>\n<p style=\"text-align: center;\"><strong>\u201cId y ense\u00f1ad a todos\u201d <\/strong><\/p>\n<p style=\"text-align: justify;\">\u00a0<\/p>\n<p style=\"text-align: right;\">Guatemala, 21 de octubre de 2020<\/p>\n","protected":false},"excerpt":{"rendered":"<p>Se rechaza rotundamente toda informaci\u00f3n malintencionada, dada a conocer en redes sociales, con respecto a insinuar una intenci\u00f3n de separar y privatizar el Plan de Presentaciones de la Universidad, lo cual es totalmente falso.<\/p>\n","protected":false},"author":1,"featured_media":0,"comment_status":"closed","ping_status":"open","sticky":false,"template":"","format":"standard","meta":{"_exactmetrics_skip_tracking":false,"_exactmetrics_sitenote_active":false,"_exactmetrics_sitenote_note":"","_exactmetrics_sitenote_category":0,"_jetpack_memberships_contains_paid_content":false,"footnotes":""},"categories":[29,151],"tags":[633],"class_list":["post-12649","post","type-post","status-publish","format-standard","hentry","category-noticias","category-opinion","tag-plan-de-prestaciones"],"aioseo_notices":[],"jetpack_featured_media_url":"","views":"","jetpack-related-posts":[{"id":13095,"url":"https:\/\/soy.usac.edu.gt\/?p=13095","url_meta":{"origin":12649,"position":0},"title":"Usac hace pago al Plan de prestaciones, correspondiente a la cuota laboral y patronal del a\u00f1o 2020","author":"Divisi\u00f3n de Publicidad","date":"8 febrero, 2021","format":false,"excerpt":"Se complet\u00f3 totalmente el pago de la cuota laboral y patronal al Plan de Prestaciones correspondiente al a\u00f1o 2020","rel":"","context":"En \u00abNoticias\u00bb","block_context":{"text":"Noticias","link":"https:\/\/soy.usac.edu.gt\/?cat=29"},"img":{"alt_text":"","src":"https:\/\/i0.wp.com\/soy.usac.edu.gt\/wp-content\/uploads\/2021\/02\/COMUNICADO-IMAGEN-WEB.jpeg?resize=350%2C200&ssl=1","width":350,"height":200,"srcset":"https:\/\/i0.wp.com\/soy.usac.edu.gt\/wp-content\/uploads\/2021\/02\/COMUNICADO-IMAGEN-WEB.jpeg?resize=350%2C200&ssl=1 1x, https:\/\/i0.wp.com\/soy.usac.edu.gt\/wp-content\/uploads\/2021\/02\/COMUNICADO-IMAGEN-WEB.jpeg?resize=525%2C300&ssl=1 1.5x, https:\/\/i0.wp.com\/soy.usac.edu.gt\/wp-content\/uploads\/2021\/02\/COMUNICADO-IMAGEN-WEB.jpeg?resize=700%2C400&ssl=1 2x"},"classes":[]},{"id":11805,"url":"https:\/\/soy.usac.edu.gt\/?p=11805","url_meta":{"origin":12649,"position":1},"title":"CSU informa que nuevos pr\u00e9stamos a trabajadores no afectan Plan de Prestaciones","author":"Divisi\u00f3n de Publicidad","date":"18 junio, 2020","format":false,"excerpt":"En relaci\u00f3n a pr\u00e9stamos para la adquisici\u00f3n de tecnolog\u00eda en inform\u00e1tica y comunicaci\u00f3n para trabajadores de la USAC","rel":"","context":"En \u00abM\u00e1s Noticias\u00bb","block_context":{"text":"M\u00e1s Noticias","link":"https:\/\/soy.usac.edu.gt\/?cat=96"},"img":{"alt_text":"","src":"","width":0,"height":0},"classes":[]},{"id":13005,"url":"https:\/\/soy.usac.edu.gt\/?p=13005","url_meta":{"origin":12649,"position":2},"title":"Gobierno adeuda Q275.6 millones del presupuesto de este a\u00f1o a la Universidad","author":"Divisi\u00f3n de Publicidad","date":"3 diciembre, 2020","format":false,"excerpt":"La situaci\u00f3n financiera universitaria se ha agravado debido a la falta de voluntad pol\u00edtica del gobierno, que no traslada oportunamente los recursos financieros del situado constitucional y otros aportes extraordinarios a la universidad.","rel":"","context":"En \u00abNoticias\u00bb","block_context":{"text":"Noticias","link":"https:\/\/soy.usac.edu.gt\/?cat=29"},"img":{"alt_text":"","src":"","width":0,"height":0},"classes":[]},{"id":12852,"url":"https:\/\/soy.usac.edu.gt\/?p=12852","url_meta":{"origin":12649,"position":3},"title":"CSU solicita audiencia presidencial para abordar asignaci\u00f3n presupuestaria de la universidad","author":"Divisi\u00f3n de Publicidad","date":"7 noviembre, 2020","format":false,"excerpt":"La Universidad est\u00e1 en riesgo inminente de no lograr cumplir con sus compromisos ineludibles; limitando el desempe\u00f1o de las funciones.","rel":"","context":"En \u00abNoticias\u00bb","block_context":{"text":"Noticias","link":"https:\/\/soy.usac.edu.gt\/?cat=29"},"img":{"alt_text":"","src":"","width":0,"height":0},"classes":[]},{"id":11349,"url":"https:\/\/soy.usac.edu.gt\/?p=11349","url_meta":{"origin":12649,"position":4},"title":"USAC mantiene suspensi\u00f3n de actividades presenciales hasta el 31 de mayo","author":"Divisi\u00f3n de Publicidad","date":"1 abril, 2020","format":false,"excerpt":"La tricentenaria continuar\u00e1 sus actividades de forma virtual hasta finales de mayo","rel":"","context":"En \u00abNoticias\u00bb","block_context":{"text":"Noticias","link":"https:\/\/soy.usac.edu.gt\/?cat=29"},"img":{"alt_text":"","src":"","width":0,"height":0},"classes":[]},{"id":11314,"url":"https:\/\/soy.usac.edu.gt\/?p=11314","url_meta":{"origin":12649,"position":5},"title":"USAC hace un llamado para la defensa del IGSS y la clase trabajadora","author":"Divisi\u00f3n de Publicidad","date":"28 marzo, 2020","format":false,"excerpt":"Ante las declaraciones del Se\u00f1or Presidente Constitucional de la Rep\u00fablica de Guatemala Dr. Alejandro Giammattei en cadena nacional el 26 de marzo 2020, referentes al llamado al Instituto Guatemalteco de Seguridad Social -IGSS-","rel":"","context":"En \u00abNoticias\u00bb","block_context":{"text":"Noticias","link":"https:\/\/soy.usac.edu.gt\/?cat=29"},"img":{"alt_text":"","src":"","width":0,"height":0},"classes":[]}],"jetpack_sharing_enabled":true,"_links":{"self":[{"href":"https:\/\/soy.usac.edu.gt\/index.php?rest_route=\/wp\/v2\/posts\/12649","targetHints":{"allow":["GET"]}}],"collection":[{"href":"https:\/\/soy.usac.edu.gt\/index.php?rest_route=\/wp\/v2\/posts"}],"about":[{"href":"https:\/\/soy.usac.edu.gt\/index.php?rest_route=\/wp\/v2\/types\/post"}],"author":[{"embeddable":true,"href":"https:\/\/soy.usac.edu.gt\/index.php?rest_route=\/wp\/v2\/users\/1"}],"replies":[{"embeddable":true,"href":"https:\/\/soy.usac.edu.gt\/index.php?rest_route=%2Fwp%2Fv2%2Fcomments&post=12649"}],"version-history":[{"count":1,"href":"https:\/\/soy.usac.edu.gt\/index.php?rest_route=\/wp\/v2\/posts\/12649\/revisions"}],"predecessor-version":[{"id":12650,"href":"https:\/\/soy.usac.edu.gt\/index.php?rest_route=\/wp\/v2\/posts\/12649\/revisions\/12650"}],"wp:attachment":[{"href":"https:\/\/soy.usac.edu.gt\/index.php?rest_route=%2Fwp%2Fv2%2Fmedia&parent=12649"}],"wp:term":[{"taxonomy":"category","embeddable":true,"href":"https:\/\/soy.usac.edu.gt\/index.php?rest_route=%2Fwp%2Fv2%2Fcategories&post=12649"},{"taxonomy":"post_tag","embeddable":true,"href":"https:\/\/soy.usac.edu.gt\/index.php?rest_route=%2Fwp%2Fv2%2Ftags&post=12649"}],"curies":[{"name":"wp","href":"https:\/\/api.w.org\/{rel}","templated":true}]}}