{"id":12662,"date":"2020-10-22T17:24:33","date_gmt":"2020-10-22T23:24:33","guid":{"rendered":"https:\/\/soy.usac.edu.gt\/?p=12662"},"modified":"2020-10-22T18:21:16","modified_gmt":"2020-10-23T00:21:16","slug":"cc-cumpliria-un-ano-sin-resolver-recursos-que-permitirian-el-5-del-presupuesto-constitucional-para-la-usac-2","status":"publish","type":"post","link":"https:\/\/soy.usac.edu.gt\/?p=12662","title":{"rendered":"CC cumplir\u00eda un a\u00f1o sin resolver recursos que permitir\u00edan el 5 % del presupuesto constitucional para la USAC"},"content":{"rendered":"\n<p style=\"text-align: justify;\"><strong><em>El Rector Ing. Murphy Paiz entreg\u00f3 un oficio dirigido a Gloria Porras, presidenta de la Corte de Constitucionalidad (CC), para solicitar que se resuelvan los recursos pendientes del expediente 5510-2018.<\/em><\/strong><\/p>\n<p style=\"text-align: justify;\">Hoy se llev\u00f3 a cabo una manifestaci\u00f3n pac\u00edfica frente a la CC, en la que participaron trabajadores, estudiantes y docentes de varios centros universitarios con el fin de exigir un presupuesto digno para la educaci\u00f3n superior.\u00a0<\/p>\n<p style=\"text-align: justify;\">En noviembre se cumple un a\u00f1o desde que la CC emiti\u00f3 la sentencia 5510-2018, con respecto al c\u00e1lculo del presupuesto asignado a la Universidad de San Carlos de Guatemala. Sin embargo, hasta la fecha la corte contin\u00faa sin resolver los recursos de aclaraci\u00f3n y ampliaci\u00f3n interpuestos en la primera semana de diciembre de 2019, con lo cual la sentencia no ha quedado firme.<\/p>\n<p style=\"text-align: justify;\">\u201cHay malestar porque la CC no da seguimiento a la resoluci\u00f3n de aclaraci\u00f3n y ampliaci\u00f3n. Queremos entregar este oficio para tener la garant\u00eda de que se discutan y se resuelvan las instancias procesales del expediente 5510-2018, que en su parte resolutiva dignifica el c\u00e1lculo del 5 % de la Universidad de San Carlos\u201d, declar\u00f3 el Rector.<\/p>\n<p style=\"text-align: justify;\">Tambi\u00e9n enfatiz\u00f3 que el presupuesto para la educaci\u00f3n superior es no menos del 5 % sin deducci\u00f3n alguna, explic\u00f3 que el monto asignado a la universidad debe tomarse de los ingresos ordinarios, o sea los ingresos tributarios obtenidos de la recaudaci\u00f3n fiscal.<\/p>\n<p style=\"text-align: justify;\">\u201cGarantizar un presupuesto digno para la educaci\u00f3n superior no es ning\u00fan gasto, es una forma transparente y sana de garantizar el desarrollo de nuestro pa\u00eds\u201d, puntualiz\u00f3.<\/p>\n<div id='gallery-1' class='gallery galleryid-12662 gallery-columns-3 gallery-size-thumbnail'><figure class='gallery-item'>\n\t\t\t<div class='gallery-icon landscape'>\n\t\t\t\t<a href='https:\/\/soy.usac.edu.gt\/?attachment_id=12655'><img loading=\"lazy\" decoding=\"async\" width=\"150\" height=\"150\" src=\"https:\/\/soy.usac.edu.gt\/wp-content\/uploads\/2020\/10\/5-150x150.jpg\" class=\"attachment-thumbnail size-thumbnail\" alt=\"\" aria-describedby=\"gallery-1-12655\" \/><\/a>\n\t\t\t<\/div>\n\t\t\t\t<figcaption class='wp-caption-text gallery-caption' id='gallery-1-12655'>\n\t\t\t\tFotograf\u00edas de Edson Lozano\n\t\t\t\t<\/figcaption><\/figure><figure class='gallery-item'>\n\t\t\t<div class='gallery-icon landscape'>\n\t\t\t\t<a href='https:\/\/soy.usac.edu.gt\/?attachment_id=12657'><img loading=\"lazy\" decoding=\"async\" width=\"150\" height=\"150\" src=\"https:\/\/soy.usac.edu.gt\/wp-content\/uploads\/2020\/10\/65-150x150.jpg\" class=\"attachment-thumbnail size-thumbnail\" alt=\"\" aria-describedby=\"gallery-1-12657\" \/><\/a>\n\t\t\t<\/div>\n\t\t\t\t<figcaption class='wp-caption-text gallery-caption' id='gallery-1-12657'>\n\t\t\t\tEl rector Ing Murphy Paiz entrega el oficio en la Corte de Constitucionalidad. \n\t\t\t\t<\/figcaption><\/figure><figure class='gallery-item'>\n\t\t\t<div class='gallery-icon landscape'>\n\t\t\t\t<a href='https:\/\/soy.usac.edu.gt\/?attachment_id=12656'><img loading=\"lazy\" decoding=\"async\" width=\"150\" height=\"150\" src=\"https:\/\/soy.usac.edu.gt\/wp-content\/uploads\/2020\/10\/23-150x150.jpg\" class=\"attachment-thumbnail size-thumbnail\" alt=\"\" \/><\/a>\n\t\t\t<\/div><\/figure><figure class='gallery-item'>\n\t\t\t<div class='gallery-icon landscape'>\n\t\t\t\t<a href='https:\/\/soy.usac.edu.gt\/?attachment_id=12658'><img loading=\"lazy\" decoding=\"async\" width=\"150\" height=\"150\" src=\"https:\/\/soy.usac.edu.gt\/wp-content\/uploads\/2020\/10\/29-150x150.jpg\" class=\"attachment-thumbnail size-thumbnail\" alt=\"\" \/><\/a>\n\t\t\t<\/div><\/figure><figure class='gallery-item'>\n\t\t\t<div class='gallery-icon landscape'>\n\t\t\t\t<a href='https:\/\/soy.usac.edu.gt\/?attachment_id=12659'><img loading=\"lazy\" decoding=\"async\" width=\"150\" height=\"150\" src=\"https:\/\/soy.usac.edu.gt\/wp-content\/uploads\/2020\/10\/57-150x150.jpg\" class=\"attachment-thumbnail size-thumbnail\" alt=\"\" \/><\/a>\n\t\t\t<\/div><\/figure><figure class='gallery-item'>\n\t\t\t<div class='gallery-icon landscape'>\n\t\t\t\t<a href='https:\/\/soy.usac.edu.gt\/?attachment_id=12660'><img loading=\"lazy\" decoding=\"async\" width=\"150\" height=\"150\" src=\"https:\/\/soy.usac.edu.gt\/wp-content\/uploads\/2020\/10\/58-150x150.jpg\" class=\"attachment-thumbnail size-thumbnail\" alt=\"\" \/><\/a>\n\t\t\t<\/div><\/figure>\n\t\t<\/div>\n\n\n\n\n<h2 class=\"wp-block-heading\"><strong>Mira el video de est\u00e1 publicaci\u00f3n<\/strong><\/h2>\n\n\n\n<p><iframe loading=\"lazy\" style=\"border: none; overflow: hidden;\" src=\"https:\/\/www.facebook.com\/plugins\/video.php?href=https%3A%2F%2Fwww.facebook.com%2Fsoyusac%2Fvideos%2F672934133363509%2F&amp;show_text=0&amp;width=560\" width=\"560\" height=\"315\" frameborder=\"0\" scrolling=\"no\" allowfullscreen=\"allowfullscreen\"><\/iframe><\/p>\n\n\n\n<p><img loading=\"lazy\" decoding=\"async\" class=\"alignnone wp-image-8074 size-large\" src=\"https:\/\/soy.usac.edu.gt\/wp-content\/uploads\/2019\/09\/Cr\u00e9ditos-prensa-06-1024x395.png\" alt=\"\" width=\"640\" height=\"247\" srcset=\"https:\/\/soy.usac.edu.gt\/wp-content\/uploads\/2019\/09\/Cr\u00e9ditos-prensa-06-1024x395.png 1024w, https:\/\/soy.usac.edu.gt\/wp-content\/uploads\/2019\/09\/Cr\u00e9ditos-prensa-06-300x116.png 300w, https:\/\/soy.usac.edu.gt\/wp-content\/uploads\/2019\/09\/Cr\u00e9ditos-prensa-06-768x296.png 768w, https:\/\/soy.usac.edu.gt\/wp-content\/uploads\/2019\/09\/Cr\u00e9ditos-prensa-06-1088x420.png 1088w, https:\/\/soy.usac.edu.gt\/wp-content\/uploads\/2019\/09\/Cr\u00e9ditos-prensa-06-640x247.png 640w, https:\/\/soy.usac.edu.gt\/wp-content\/uploads\/2019\/09\/Cr\u00e9ditos-prensa-06-681x263.png 681w\" sizes=\"auto, (max-width: 640px) 100vw, 640px\" \/><\/p>\n","protected":false},"excerpt":{"rendered":"<p>El Rector Ing. Murphy Paiz entreg\u00f3 un oficio dirigido a Gloria Porras, presidenta de la Corte de Constitucionalidad (CC), para solicitar que se resuelvan los recursos pendientes del expediente 5510-2018.<\/p>\n","protected":false},"author":1,"featured_media":12664,"comment_status":"closed","ping_status":"open","sticky":false,"template":"","format":"standard","meta":{"_exactmetrics_skip_tracking":false,"_exactmetrics_sitenote_active":false,"_exactmetrics_sitenote_note":"","_exactmetrics_sitenote_category":0,"_jetpack_memberships_contains_paid_content":false,"footnotes":""},"categories":[29],"tags":[227],"class_list":["post-12662","post","type-post","status-publish","format-standard","has-post-thumbnail","hentry","category-noticias","tag-presupuesto-de-la-usac"],"aioseo_notices":[],"jetpack_featured_media_url":"https:\/\/soy.usac.edu.gt\/wp-content\/uploads\/2020\/10\/DESTACADA-FACEBOOK.jpg","views":"","jetpack-related-posts":[{"id":10862,"url":"https:\/\/soy.usac.edu.gt\/?p=10862","url_meta":{"origin":12662,"position":0},"title":"CSU rechaza posicionamiento de sectores que adversan el presupuesto para la USAC","author":"Divisi\u00f3n de Publicidad","date":"28 febrero, 2020","format":false,"excerpt":"Su rechazo ante el posicionamiento de sectores que adversan el mandato de otorgar los recursos que establece el art\u00edculo 84 constitucional para la USAC","rel":"","context":"En \u00abM\u00e1s Noticias\u00bb","block_context":{"text":"M\u00e1s Noticias","link":"https:\/\/soy.usac.edu.gt\/?cat=96"},"img":{"alt_text":"","src":"","width":0,"height":0},"classes":[]},{"id":10713,"url":"https:\/\/soy.usac.edu.gt\/?p=10713","url_meta":{"origin":12662,"position":1},"title":"CSU pide que se cumpla sentencia por el 5% del presupuesto de la USAC.","author":"Divisi\u00f3n de Publicidad","date":"7 febrero, 2020","format":false,"excerpt":"El Consejo Superior Universitario y el Ingeniero Murphy Olympo Paiz Recinos, Rector de la Universidad de San Carlos de Guatemala (USAC), ante la sentencia emitida por la Corte de Constitucionalidad (CC) con respecto al c\u00e1lculo del presupuesto asignado a esta casa de estudios","rel":"","context":"En \u00abNoticias\u00bb","block_context":{"text":"Noticias","link":"https:\/\/soy.usac.edu.gt\/?cat=29"},"img":{"alt_text":"","src":"https:\/\/i0.wp.com\/soy.usac.edu.gt\/wp-content\/uploads\/2020\/02\/WhatsApp-Image-2020-02-07-at-06.55.47-150x150.jpeg?resize=350%2C200&ssl=1","width":350,"height":200,"srcset":"https:\/\/i0.wp.com\/soy.usac.edu.gt\/wp-content\/uploads\/2020\/02\/WhatsApp-Image-2020-02-07-at-06.55.47-150x150.jpeg?resize=350%2C200&ssl=1 1x, https:\/\/i0.wp.com\/soy.usac.edu.gt\/wp-content\/uploads\/2020\/02\/WhatsApp-Image-2020-02-07-at-06.55.47-150x150.jpeg?resize=525%2C300&ssl=1 1.5x, https:\/\/i0.wp.com\/soy.usac.edu.gt\/wp-content\/uploads\/2020\/02\/WhatsApp-Image-2020-02-07-at-06.55.47-150x150.jpeg?resize=700%2C400&ssl=1 2x"},"classes":[]},{"id":12414,"url":"https:\/\/soy.usac.edu.gt\/?p=12414","url_meta":{"origin":12662,"position":2},"title":"CSU solicita a CC aprobar recursos de aclaraci\u00f3n que permitir\u00e1n el 5% del presupuesto que ordena la constituci\u00f3n para la USAC.","author":"Divisi\u00f3n de Publicidad","date":"20 septiembre, 2020","format":false,"excerpt":"Invertir en educaci\u00f3n superior contribuye al desarrollo del pa\u00eds.","rel":"","context":"En \u00abNoticias\u00bb","block_context":{"text":"Noticias","link":"https:\/\/soy.usac.edu.gt\/?cat=29"},"img":{"alt_text":"","src":"","width":0,"height":0},"classes":[]},{"id":10794,"url":"https:\/\/soy.usac.edu.gt\/?p=10794","url_meta":{"origin":12662,"position":3},"title":"CODECER informa que  educaci\u00f3n superior en los departamentos est\u00e1 en riesgo","author":"Divisi\u00f3n de Publicidad","date":"19 febrero, 2020","format":false,"excerpt":"Pronunciamiento del Consejo de Directores de Centros Universitarios Departamentales y Escuelas no Facultativas (CODECER) de la Universidad de San Carlos de Guatemala.\u00a0","rel":"","context":"En \u00abNoticias\u00bb","block_context":{"text":"Noticias","link":"https:\/\/soy.usac.edu.gt\/?cat=29"},"img":{"alt_text":"","src":"","width":0,"height":0},"classes":[]},{"id":16029,"url":"https:\/\/soy.usac.edu.gt\/?p=16029","url_meta":{"origin":12662,"position":4},"title":"USAC exige el 5% del presupuesto del Estado para la educaci\u00f3n superior de calidad.","author":"Divisi\u00f3n de Publicidad","date":"18 noviembre, 2021","format":false,"excerpt":"La estabilidad del funcionamiento de la Universidad de San Carlos de Guatemala est\u00e1 afectada directamente por la aprobaci\u00f3n inadecuada del Presupuesto General de Ingresos y Egresos del Estado desde el a\u00f1o 2018, situaci\u00f3n que ha impactado directamente en las finanzas institucionales, generando una profunda crisis presupuestal y financiera que se\u2026","rel":"","context":"En \u00abOpini\u00f3n\u00bb","block_context":{"text":"Opini\u00f3n","link":"https:\/\/soy.usac.edu.gt\/?cat=125"},"img":{"alt_text":"","src":"https:\/\/i0.wp.com\/soy.usac.edu.gt\/wp-content\/uploads\/2021\/02\/COMUNICADO-IMAGEN-WEB.jpeg?resize=350%2C200&ssl=1","width":350,"height":200,"srcset":"https:\/\/i0.wp.com\/soy.usac.edu.gt\/wp-content\/uploads\/2021\/02\/COMUNICADO-IMAGEN-WEB.jpeg?resize=350%2C200&ssl=1 1x, https:\/\/i0.wp.com\/soy.usac.edu.gt\/wp-content\/uploads\/2021\/02\/COMUNICADO-IMAGEN-WEB.jpeg?resize=525%2C300&ssl=1 1.5x, https:\/\/i0.wp.com\/soy.usac.edu.gt\/wp-content\/uploads\/2021\/02\/COMUNICADO-IMAGEN-WEB.jpeg?resize=700%2C400&ssl=1 2x"},"classes":[]},{"id":12497,"url":"https:\/\/soy.usac.edu.gt\/?p=12497","url_meta":{"origin":12662,"position":5},"title":"CSU se pronuncia ante situaci\u00f3n de la CC","author":"Divisi\u00f3n de Publicidad","date":"8 octubre, 2020","format":false,"excerpt":"La instituci\u00f3n jur\u00eddica de magistraturas suplentes, como todo \u00f3rgano colegiado de justicia, tiene como fin fundamental garantizar la impartici\u00f3n de justicia ante casos fortuitos.","rel":"","context":"En \u00abNoticias\u00bb","block_context":{"text":"Noticias","link":"https:\/\/soy.usac.edu.gt\/?cat=29"},"img":{"alt_text":"","src":"","width":0,"height":0},"classes":[]}],"jetpack_sharing_enabled":true,"_links":{"self":[{"href":"https:\/\/soy.usac.edu.gt\/index.php?rest_route=\/wp\/v2\/posts\/12662","targetHints":{"allow":["GET"]}}],"collection":[{"href":"https:\/\/soy.usac.edu.gt\/index.php?rest_route=\/wp\/v2\/posts"}],"about":[{"href":"https:\/\/soy.usac.edu.gt\/index.php?rest_route=\/wp\/v2\/types\/post"}],"author":[{"embeddable":true,"href":"https:\/\/soy.usac.edu.gt\/index.php?rest_route=\/wp\/v2\/users\/1"}],"replies":[{"embeddable":true,"href":"https:\/\/soy.usac.edu.gt\/index.php?rest_route=%2Fwp%2Fv2%2Fcomments&post=12662"}],"version-history":[{"count":6,"href":"https:\/\/soy.usac.edu.gt\/index.php?rest_route=\/wp\/v2\/posts\/12662\/revisions"}],"predecessor-version":[{"id":12675,"href":"https:\/\/soy.usac.edu.gt\/index.php?rest_route=\/wp\/v2\/posts\/12662\/revisions\/12675"}],"wp:featuredmedia":[{"embeddable":true,"href":"https:\/\/soy.usac.edu.gt\/index.php?rest_route=\/wp\/v2\/media\/12664"}],"wp:attachment":[{"href":"https:\/\/soy.usac.edu.gt\/index.php?rest_route=%2Fwp%2Fv2%2Fmedia&parent=12662"}],"wp:term":[{"taxonomy":"category","embeddable":true,"href":"https:\/\/soy.usac.edu.gt\/index.php?rest_route=%2Fwp%2Fv2%2Fcategories&post=12662"},{"taxonomy":"post_tag","embeddable":true,"href":"https:\/\/soy.usac.edu.gt\/index.php?rest_route=%2Fwp%2Fv2%2Ftags&post=12662"}],"curies":[{"name":"wp","href":"https:\/\/api.w.org\/{rel}","templated":true}]}}