{"id":12676,"date":"2020-10-23T09:04:23","date_gmt":"2020-10-23T15:04:23","guid":{"rendered":"https:\/\/soy.usac.edu.gt\/?p=12676"},"modified":"2020-10-23T21:54:01","modified_gmt":"2020-10-24T03:54:01","slug":"asi-sera-la-tercera-edicion-de-la-carrera-universitaria-revolucion-6-y-12-k-en-su-primera-version-virtual","status":"publish","type":"post","link":"https:\/\/soy.usac.edu.gt\/?p=12676","title":{"rendered":"As\u00ed ser\u00e1 la tercera edici\u00f3n de la Carrera Universitaria Revoluci\u00f3n 6 y 12 k, en su primera versi\u00f3n virtual"},"content":{"rendered":"\n<p style=\"text-align: justify;\"><strong><em>Esta actividad se ha convertido en toda una fiesta universitaria -familiar.<\/em><\/strong><\/p>\n<p style=\"text-align: justify;\"><strong>&nbsp;<\/strong>La actividad se organiza con el objetivo de concientizar al estudiante, docente y trabajador sancarlista sobre la necesidad de mejorar la calidad de vida por medio del deporte. Este a\u00f1o, pese a la pandemia de la COVID-19, la administraci\u00f3n del Ing. Murphy Paiz ha planificado, por medio de un grupo de trabajadores coordinados por la Direcci\u00f3n General de Administraci\u00f3n (DIGA), una nueva edici\u00f3n de la <strong>Carrera Universitaria Revoluci\u00f3n 6 y 12 k<\/strong>, donde toda la familia sancarlista podr\u00e1 participar. <strong>Esta ser\u00e1 la primera vez que el evento se desarrolla de manera virtual. <\/strong><\/p>\n<p style=\"text-align: justify;\">La carrera se realizar\u00e1 el <strong>s\u00e1bado 24 de octubre<\/strong>, la <strong>inscripci\u00f3n es gratuita y estar\u00e1 abierta hasta el d\u00eda del evento<\/strong>. Para registrar tu inscripci\u00f3n puedes consultar la p\u00e1gina de Facebook \u201c<strong>Carrera Universitaria-USAC\u201d<\/strong>, o por medio del <strong>QR (<\/strong>que esta al final de la nota)<strong>. <\/strong>All\u00ed encontrar\u00e1s la informaci\u00f3n y el enlace de inscripci\u00f3n. Una vez realizado el tr\u00e1mite, recibir\u00e1s un correo electr\u00f3nico con un n\u00famero de participaci\u00f3n.<\/p>\n<p style=\"text-align: justify;\">Esta carrera no es competitiva, por lo cual no se premiar\u00e1n los primeros lugares. En la actividad podr\u00e1n participar todas las personas que env\u00eden las pruebas de haber recorrido las distancias y se les otorgar\u00e1 una medalla.<\/p>\n<p style=\"text-align: justify;\">Por ser una actividad virtual, se han implementado opciones para cumplir con las distancias de 6 o 12 K:<\/p>\n<ul style=\"text-align: justify;\">\n<li>Clase de crossfit, distancia de 6 k. En horario de 15:30 a 16:30.<\/li>\n<li>Clase de crossfit, distancia de 12 k. En Horario de 17:00 a 18:00.<\/li>\n<li>Running (en banda o en casa\/aire libre).<\/li>\n<li>El\u00edptica.<\/li>\n<li>Bicicleta (estacionaria o con rodos).<\/li>\n<\/ul>\n<div id='gallery-1' class='gallery galleryid-12676 gallery-columns-3 gallery-size-thumbnail'><figure class='gallery-item'>\n\t\t\t<div class='gallery-icon portrait'>\n\t\t\t\t<a href='https:\/\/soy.usac.edu.gt\/?attachment_id=12682'><img loading=\"lazy\" decoding=\"async\" width=\"150\" height=\"150\" src=\"https:\/\/soy.usac.edu.gt\/wp-content\/uploads\/2020\/10\/WhatsApp-Image-2020-10-22-at-3.42.34-PM-150x150.jpeg\" class=\"attachment-thumbnail size-thumbnail\" alt=\"\" \/><\/a>\n\t\t\t<\/div><\/figure><figure class='gallery-item'>\n\t\t\t<div class='gallery-icon portrait'>\n\t\t\t\t<a href='https:\/\/soy.usac.edu.gt\/?attachment_id=12683'><img loading=\"lazy\" decoding=\"async\" width=\"150\" height=\"150\" src=\"https:\/\/soy.usac.edu.gt\/wp-content\/uploads\/2020\/10\/WhatsApp-Image-2020-10-22-at-3.42.44-PM-150x150.jpeg\" class=\"attachment-thumbnail size-thumbnail\" alt=\"\" \/><\/a>\n\t\t\t<\/div><\/figure>\n\t\t<\/div>\n\n<p style=\"text-align: justify;\">&nbsp;<\/p>\n\n\n\n<h2 class=\"wp-block-heading\">Inscr\u00edbete en este QR<\/h2>\n\n\n\n<div class=\"wp-block-image\"><figure class=\"aligncenter size-large is-resized\"><img loading=\"lazy\" decoding=\"async\" src=\"https:\/\/soy.usac.edu.gt\/wp-content\/uploads\/2020\/10\/WhatsApp-Image-2020-10-22-at-3.41.46-PM.jpeg\" alt=\"\" class=\"wp-image-12681\" width=\"245\" height=\"242\"\/><\/figure><\/div>\n\n\n\n<h2 class=\"wp-block-heading\"><strong>D\u00eda de fiesta deportiva<\/strong><\/h2>\n\n\n\n<p style=\"text-align: justify;\">Las actividades ser\u00e1n inauguradas por el Ing. Murphy Paiz a las 8:00 horas en el Estadio Revoluci\u00f3n. Durante el d\u00eda, se realizar\u00e1n las transmisiones en vivo de todas las actividades que se llevar\u00e1n a cabo por la p\u00e1gina de Facebook <strong>\u201cCarrera Universitaria-USAC\u201d; <\/strong>se impartir\u00e1n clases de zumba y otras.<\/p>\n<p style=\"text-align: justify;\">&nbsp;<\/p>\n\n\n\n<figure class=\"wp-block-image size-large\"><img loading=\"lazy\" decoding=\"async\" width=\"1024\" height=\"683\" src=\"https:\/\/soy.usac.edu.gt\/wp-content\/uploads\/2020\/10\/revolucio\u0301n-tres-1024x683.jpg\" alt=\"\" class=\"wp-image-12679\" srcset=\"https:\/\/soy.usac.edu.gt\/wp-content\/uploads\/2020\/10\/revolucio\u0301n-tres-1024x683.jpg 1024w, https:\/\/soy.usac.edu.gt\/wp-content\/uploads\/2020\/10\/revolucio\u0301n-tres-300x200.jpg 300w, https:\/\/soy.usac.edu.gt\/wp-content\/uploads\/2020\/10\/revolucio\u0301n-tres-768x512.jpg 768w, https:\/\/soy.usac.edu.gt\/wp-content\/uploads\/2020\/10\/revolucio\u0301n-tres-1536x1024.jpg 1536w, https:\/\/soy.usac.edu.gt\/wp-content\/uploads\/2020\/10\/revolucio\u0301n-tres-630x420.jpg 630w, https:\/\/soy.usac.edu.gt\/wp-content\/uploads\/2020\/10\/revolucio\u0301n-tres-640x427.jpg 640w, https:\/\/soy.usac.edu.gt\/wp-content\/uploads\/2020\/10\/revolucio\u0301n-tres-681x454.jpg 681w, https:\/\/soy.usac.edu.gt\/wp-content\/uploads\/2020\/10\/revolucio\u0301n-tres.jpg 2048w\" sizes=\"auto, (max-width: 1024px) 100vw, 1024px\" \/><\/figure>\n\n\n\n<h2 class=\"wp-block-heading\"><strong>Validaci\u00f3n<\/strong><\/h2>\n\n\n\n<p style=\"text-align: justify;\">El d\u00eda de la carrera (24 de octubre) se publicar\u00e1 un enlace mediante el cual puedes enviar la constancia de haber cumplido con las distancias, cualquier dispositivo que contenga el medio de prueba es permitido.<\/p>\n<p style=\"text-align: justify;\">Cuando se hayan validado los medios de prueba enviados, recibir\u00e1s un correo electr\u00f3nico con una certificaci\u00f3n para que te presentes durante la semana del 26 al 29 de octubre en el <strong>parqueo del edificio S-11<\/strong>, seg\u00fan la programaci\u00f3n, donde se entregar\u00e1 la medalla conmemorativa.<\/p>\n<p><img loading=\"lazy\" decoding=\"async\" class=\"alignnone wp-image-7783 size-large\" src=\"https:\/\/soy.usac.edu.gt\/wp-content\/uploads\/2019\/07\/Cr\u00e9ditos-prensa-07-1-1024x395.png\" alt=\"\" width=\"640\" height=\"247\" srcset=\"https:\/\/soy.usac.edu.gt\/wp-content\/uploads\/2019\/07\/Cr\u00e9ditos-prensa-07-1-1024x395.png 1024w, https:\/\/soy.usac.edu.gt\/wp-content\/uploads\/2019\/07\/Cr\u00e9ditos-prensa-07-1-300x116.png 300w, https:\/\/soy.usac.edu.gt\/wp-content\/uploads\/2019\/07\/Cr\u00e9ditos-prensa-07-1-768x296.png 768w, https:\/\/soy.usac.edu.gt\/wp-content\/uploads\/2019\/07\/Cr\u00e9ditos-prensa-07-1-1088x420.png 1088w, https:\/\/soy.usac.edu.gt\/wp-content\/uploads\/2019\/07\/Cr\u00e9ditos-prensa-07-1-640x247.png 640w, https:\/\/soy.usac.edu.gt\/wp-content\/uploads\/2019\/07\/Cr\u00e9ditos-prensa-07-1-681x263.png 681w\" sizes=\"auto, (max-width: 640px) 100vw, 640px\" \/><\/p>\n","protected":false},"excerpt":{"rendered":"<p>Esta actividad se ha convertido en toda una fiesta universitaria -familiar.<\/p>\n","protected":false},"author":1,"featured_media":12677,"comment_status":"closed","ping_status":"open","sticky":false,"template":"","format":"standard","meta":{"_exactmetrics_skip_tracking":false,"_exactmetrics_sitenote_active":false,"_exactmetrics_sitenote_note":"","_exactmetrics_sitenote_category":0,"_jetpack_memberships_contains_paid_content":false,"footnotes":""},"categories":[124,29],"tags":[654,109],"class_list":["post-12676","post","type-post","status-publish","format-standard","has-post-thumbnail","hentry","category-deportes","category-noticias","tag-carrera-revolucion","tag-deportes"],"aioseo_notices":[],"jetpack_featured_media_url":"https:\/\/soy.usac.edu.gt\/wp-content\/uploads\/2020\/10\/carrera-revolucio\u0301n.jpg","views":"","jetpack-related-posts":[{"id":12490,"url":"https:\/\/soy.usac.edu.gt\/?p=12490","url_meta":{"origin":12676,"position":0},"title":"Tercera edici\u00f3n de la Carrera Universitaria Revoluci\u00f3n 6 y 12 k ser\u00e1 virtual","author":"Divisi\u00f3n de Publicidad","date":"8 octubre, 2020","format":false,"excerpt":"La actividad se organiza con el objetivo de concientizar al estudiante, docente y trabajador sancarlista para que mejore su estilo y calidad de vida por medio del deporte.","rel":"","context":"En \u00abDeportes\u00bb","block_context":{"text":"Deportes","link":"https:\/\/soy.usac.edu.gt\/?cat=124"},"img":{"alt_text":"","src":"https:\/\/i0.wp.com\/soy.usac.edu.gt\/wp-content\/uploads\/2020\/10\/carrera-nocturna2.jpg?resize=350%2C200&ssl=1","width":350,"height":200,"srcset":"https:\/\/i0.wp.com\/soy.usac.edu.gt\/wp-content\/uploads\/2020\/10\/carrera-nocturna2.jpg?resize=350%2C200&ssl=1 1x, https:\/\/i0.wp.com\/soy.usac.edu.gt\/wp-content\/uploads\/2020\/10\/carrera-nocturna2.jpg?resize=525%2C300&ssl=1 1.5x, https:\/\/i0.wp.com\/soy.usac.edu.gt\/wp-content\/uploads\/2020\/10\/carrera-nocturna2.jpg?resize=700%2C400&ssl=1 2x, https:\/\/i0.wp.com\/soy.usac.edu.gt\/wp-content\/uploads\/2020\/10\/carrera-nocturna2.jpg?resize=1050%2C600&ssl=1 3x, https:\/\/i0.wp.com\/soy.usac.edu.gt\/wp-content\/uploads\/2020\/10\/carrera-nocturna2.jpg?resize=1400%2C800&ssl=1 4x"},"classes":[]},{"id":3765,"url":"https:\/\/soy.usac.edu.gt\/?p=3765","url_meta":{"origin":12676,"position":1},"title":"USAC celebra a lo grande","author":"Edwin Medina","date":"31 enero, 2019","format":false,"excerpt":"La casa de estudios con m\u00e1s de tres siglos de ofrecer educaci\u00f3n superior a los guatemaltecos\u00a0 celebr\u00f3 su aniversario 343 de una manera nunca antes vista. Los sancarlistas han festejado el aniversario de su universidad\u00a0 en un ambiente totalmente distinto al de otros a\u00f1os, debido a que la nueva administraci\u00f3n\u2026","rel":"","context":"En \u00abNoticias\u00bb","block_context":{"text":"Noticias","link":"https:\/\/soy.usac.edu.gt\/?cat=29"},"img":{"alt_text":"","src":"https:\/\/i0.wp.com\/soy.usac.edu.gt\/wp-content\/uploads\/2019\/01\/FUNDACI%C3%93N.jpg?resize=350%2C200&ssl=1","width":350,"height":200,"srcset":"https:\/\/i0.wp.com\/soy.usac.edu.gt\/wp-content\/uploads\/2019\/01\/FUNDACI%C3%93N.jpg?resize=350%2C200&ssl=1 1x, https:\/\/i0.wp.com\/soy.usac.edu.gt\/wp-content\/uploads\/2019\/01\/FUNDACI%C3%93N.jpg?resize=525%2C300&ssl=1 1.5x, https:\/\/i0.wp.com\/soy.usac.edu.gt\/wp-content\/uploads\/2019\/01\/FUNDACI%C3%93N.jpg?resize=700%2C400&ssl=1 2x, https:\/\/i0.wp.com\/soy.usac.edu.gt\/wp-content\/uploads\/2019\/01\/FUNDACI%C3%93N.jpg?resize=1050%2C600&ssl=1 3x, https:\/\/i0.wp.com\/soy.usac.edu.gt\/wp-content\/uploads\/2019\/01\/FUNDACI%C3%93N.jpg?resize=1400%2C800&ssl=1 4x"},"classes":[]},{"id":20674,"url":"https:\/\/soy.usac.edu.gt\/?p=20674","url_meta":{"origin":12676,"position":2},"title":"\u00a1Ya estamos listos para la Carrera 6K!","author":"Divisi\u00f3n de Publicidad","date":"17 agosto, 2024","format":false,"excerpt":"El 24 de agosto, a partir de las 19:00 horas, en una nueva edici\u00f3n, la universidad llevar\u00e1 a cabo la Carrera 6 K \u201cUSAC hacia el futuro\u201d con el objetivo de concientizar a estudiantes y trabajadores sobre la importancia de mejorar la calidad de vida a trav\u00e9s del deporte y\u2026","rel":"","context":"En \u00abDeportes\u00bb","block_context":{"text":"Deportes","link":"https:\/\/soy.usac.edu.gt\/?cat=124"},"img":{"alt_text":"","src":"https:\/\/i0.wp.com\/soy.usac.edu.gt\/wp-content\/uploads\/2024\/08\/WhatsApp-Image-2024-08-17-at-7.47.23-AM.jpeg?resize=350%2C200&ssl=1","width":350,"height":200,"srcset":"https:\/\/i0.wp.com\/soy.usac.edu.gt\/wp-content\/uploads\/2024\/08\/WhatsApp-Image-2024-08-17-at-7.47.23-AM.jpeg?resize=350%2C200&ssl=1 1x, https:\/\/i0.wp.com\/soy.usac.edu.gt\/wp-content\/uploads\/2024\/08\/WhatsApp-Image-2024-08-17-at-7.47.23-AM.jpeg?resize=525%2C300&ssl=1 1.5x, https:\/\/i0.wp.com\/soy.usac.edu.gt\/wp-content\/uploads\/2024\/08\/WhatsApp-Image-2024-08-17-at-7.47.23-AM.jpeg?resize=700%2C400&ssl=1 2x, https:\/\/i0.wp.com\/soy.usac.edu.gt\/wp-content\/uploads\/2024\/08\/WhatsApp-Image-2024-08-17-at-7.47.23-AM.jpeg?resize=1050%2C600&ssl=1 3x"},"classes":[]},{"id":8610,"url":"https:\/\/soy.usac.edu.gt\/?p=8610","url_meta":{"origin":12676,"position":3},"title":"Por una vida m\u00e1s saludable, participa en la segunda Carrera Revoluci\u00f3n","author":"Divisi\u00f3n de Publicidad","date":"9 octubre, 2019","format":false,"excerpt":"La inscripci\u00f3n es gratuita y habr\u00e1 premios en efectivo para los primeros lugares.","rel":"","context":"En \u00abDeportes\u00bb","block_context":{"text":"Deportes","link":"https:\/\/soy.usac.edu.gt\/?cat=124"},"img":{"alt_text":"","src":"https:\/\/i0.wp.com\/soy.usac.edu.gt\/wp-content\/uploads\/2019\/10\/DSC_0003.jpg?resize=350%2C200&ssl=1","width":350,"height":200,"srcset":"https:\/\/i0.wp.com\/soy.usac.edu.gt\/wp-content\/uploads\/2019\/10\/DSC_0003.jpg?resize=350%2C200&ssl=1 1x, https:\/\/i0.wp.com\/soy.usac.edu.gt\/wp-content\/uploads\/2019\/10\/DSC_0003.jpg?resize=525%2C300&ssl=1 1.5x, https:\/\/i0.wp.com\/soy.usac.edu.gt\/wp-content\/uploads\/2019\/10\/DSC_0003.jpg?resize=700%2C400&ssl=1 2x, https:\/\/i0.wp.com\/soy.usac.edu.gt\/wp-content\/uploads\/2019\/10\/DSC_0003.jpg?resize=1050%2C600&ssl=1 3x, https:\/\/i0.wp.com\/soy.usac.edu.gt\/wp-content\/uploads\/2019\/10\/DSC_0003.jpg?resize=1400%2C800&ssl=1 4x"},"classes":[]},{"id":18904,"url":"https:\/\/soy.usac.edu.gt\/?p=18904","url_meta":{"origin":12676,"position":4},"title":"USAC informa sobre las carreras que imparte","author":"Divisi\u00f3n de Publicidad","date":"3 noviembre, 2022","format":false,"excerpt":"Del 3 al 6 de noviembre, en el Club Deportivo Los Arcos, las personas interesadas podr\u00e1n obtener informaci\u00f3n sobre las facultades, escuelas, carreras y procesos de admisi\u00f3n de esta casa de estudios.","rel":"","context":"En \u00abEstudiantes\u00bb","block_context":{"text":"Estudiantes","link":"https:\/\/soy.usac.edu.gt\/?cat=585"},"img":{"alt_text":"","src":"https:\/\/i0.wp.com\/soy.usac.edu.gt\/wp-content\/uploads\/2022\/11\/WhatsApp-Image-2022-11-03-at-10.13.28.jpeg?resize=350%2C200&ssl=1","width":350,"height":200,"srcset":"https:\/\/i0.wp.com\/soy.usac.edu.gt\/wp-content\/uploads\/2022\/11\/WhatsApp-Image-2022-11-03-at-10.13.28.jpeg?resize=350%2C200&ssl=1 1x, https:\/\/i0.wp.com\/soy.usac.edu.gt\/wp-content\/uploads\/2022\/11\/WhatsApp-Image-2022-11-03-at-10.13.28.jpeg?resize=525%2C300&ssl=1 1.5x, https:\/\/i0.wp.com\/soy.usac.edu.gt\/wp-content\/uploads\/2022\/11\/WhatsApp-Image-2022-11-03-at-10.13.28.jpeg?resize=700%2C400&ssl=1 2x, https:\/\/i0.wp.com\/soy.usac.edu.gt\/wp-content\/uploads\/2022\/11\/WhatsApp-Image-2022-11-03-at-10.13.28.jpeg?resize=1050%2C600&ssl=1 3x, https:\/\/i0.wp.com\/soy.usac.edu.gt\/wp-content\/uploads\/2022\/11\/WhatsApp-Image-2022-11-03-at-10.13.28.jpeg?resize=1400%2C800&ssl=1 4x"},"classes":[]},{"id":13343,"url":"https:\/\/soy.usac.edu.gt\/?p=13343","url_meta":{"origin":12676,"position":5},"title":"Edici\u00f3n No. 300 del Peri\u00f3dico de la USAC","author":"Divisi\u00f3n de Publicidad","date":"10 marzo, 2021","format":false,"excerpt":"Le\u00e9 lo m\u00e1s reciente del acontecer universitario.","rel":"","context":"En \u00abNoticias\u00bb","block_context":{"text":"Noticias","link":"https:\/\/soy.usac.edu.gt\/?cat=29"},"img":{"alt_text":"","src":"https:\/\/i0.wp.com\/soy.usac.edu.gt\/wp-content\/uploads\/2021\/03\/WhatsApp-Image-2021-03-05-at-11.49.23-AM.jpeg?resize=350%2C200&ssl=1","width":350,"height":200,"srcset":"https:\/\/i0.wp.com\/soy.usac.edu.gt\/wp-content\/uploads\/2021\/03\/WhatsApp-Image-2021-03-05-at-11.49.23-AM.jpeg?resize=350%2C200&ssl=1 1x, https:\/\/i0.wp.com\/soy.usac.edu.gt\/wp-content\/uploads\/2021\/03\/WhatsApp-Image-2021-03-05-at-11.49.23-AM.jpeg?resize=525%2C300&ssl=1 1.5x, https:\/\/i0.wp.com\/soy.usac.edu.gt\/wp-content\/uploads\/2021\/03\/WhatsApp-Image-2021-03-05-at-11.49.23-AM.jpeg?resize=700%2C400&ssl=1 2x, https:\/\/i0.wp.com\/soy.usac.edu.gt\/wp-content\/uploads\/2021\/03\/WhatsApp-Image-2021-03-05-at-11.49.23-AM.jpeg?resize=1050%2C600&ssl=1 3x"},"classes":[]}],"jetpack_sharing_enabled":true,"_links":{"self":[{"href":"https:\/\/soy.usac.edu.gt\/index.php?rest_route=\/wp\/v2\/posts\/12676","targetHints":{"allow":["GET"]}}],"collection":[{"href":"https:\/\/soy.usac.edu.gt\/index.php?rest_route=\/wp\/v2\/posts"}],"about":[{"href":"https:\/\/soy.usac.edu.gt\/index.php?rest_route=\/wp\/v2\/types\/post"}],"author":[{"embeddable":true,"href":"https:\/\/soy.usac.edu.gt\/index.php?rest_route=\/wp\/v2\/users\/1"}],"replies":[{"embeddable":true,"href":"https:\/\/soy.usac.edu.gt\/index.php?rest_route=%2Fwp%2Fv2%2Fcomments&post=12676"}],"version-history":[{"count":5,"href":"https:\/\/soy.usac.edu.gt\/index.php?rest_route=\/wp\/v2\/posts\/12676\/revisions"}],"predecessor-version":[{"id":12687,"href":"https:\/\/soy.usac.edu.gt\/index.php?rest_route=\/wp\/v2\/posts\/12676\/revisions\/12687"}],"wp:featuredmedia":[{"embeddable":true,"href":"https:\/\/soy.usac.edu.gt\/index.php?rest_route=\/wp\/v2\/media\/12677"}],"wp:attachment":[{"href":"https:\/\/soy.usac.edu.gt\/index.php?rest_route=%2Fwp%2Fv2%2Fmedia&parent=12676"}],"wp:term":[{"taxonomy":"category","embeddable":true,"href":"https:\/\/soy.usac.edu.gt\/index.php?rest_route=%2Fwp%2Fv2%2Fcategories&post=12676"},{"taxonomy":"post_tag","embeddable":true,"href":"https:\/\/soy.usac.edu.gt\/index.php?rest_route=%2Fwp%2Fv2%2Ftags&post=12676"}],"curies":[{"name":"wp","href":"https:\/\/api.w.org\/{rel}","templated":true}]}}