{"id":12723,"date":"2020-11-03T13:22:34","date_gmt":"2020-11-03T19:22:34","guid":{"rendered":"https:\/\/soy.usac.edu.gt\/?p=12723"},"modified":"2020-11-03T13:22:36","modified_gmt":"2020-11-03T19:22:36","slug":"usac-conmemora-a-las-victimas-del-conflicto-armado-interno","status":"publish","type":"post","link":"https:\/\/soy.usac.edu.gt\/?p=12723","title":{"rendered":"USAC conmemora a las v\u00edctimas del Conflicto Armado Interno"},"content":{"rendered":"\n<p style=\"text-align: justify;\"><strong>El 30 de octubre la USAC inaugur\u00f3 un monumento para dignificar a 736 estudiantes, catedr\u00e1ticos y trabajadores administrativos que fueron desaparecidos y asesinados durante el Conflicto Armado Interno. <\/strong><\/p>\n<p style=\"text-align: justify;\">En la actividad se cont\u00f3 con la presencia del Rector, Ing. Murphy Paiz; el secretario general de la USAC, Arq. Carlos Valladares; el procurador de los derechos humanos, Lic. Jord\u00e1n Rodas; adem\u00e1s de otras autoridades universitarias; representantes del sector estudiantil y de las v\u00edctimas.<\/p>\n<p style=\"text-align: justify;\">Muchos integrantes de esta casa de estudios que plantearon propuestas de beneficio para las mayor\u00edas y se opusieron a los desmanes de los gobiernos instaurados despu\u00e9s de la Primavera Democr\u00e1tica fueron sujetos de cr\u00edmenes estatales.<\/p>\n<p style=\"text-align: justify;\">El car\u00e1cter social de esta casa de estudios qued\u00f3 regulado constitucionalmente, para que fuera un actor clave en la soluci\u00f3n de los problemas nacionales. Sin embargo, esto era contraproducente para los intereses de los gobiernos militares, de manera que la USAC fue uno de los sectores m\u00e1s afectados por la represi\u00f3n estatal.<\/p>\n<p style=\"text-align: justify;\">Ahora, la Universidad de San Carlos de Guatemala, con el fin de fortalecer la memoria hist\u00f3rica, velar por la justicia y el esclarecimiento de los cr\u00edmenes cometidos, inaugur\u00f3 el \u201cSitio de memoria y reconocimiento a las v\u00edctimas de la Universidad de San Carlos de Guatemala que sufrieron graves violaciones a los derechos humanos durante el Conflicto Armado Interno\u201d.<\/p>\n<p style=\"text-align: justify;\">El emotivo acto inici\u00f3 con las palabras del secretario general de la USAC, Arq. Carlos Valladares, quien record\u00f3 el origen del monumento de la Plaza de los M\u00e1rtires, develado poco despu\u00e9s de celebrar el D\u00eda de la Autonom\u00eda Universitaria en 1979.<\/p>\n<p style=\"text-align: justify;\">Con ello conmemor\u00f3 la historia de sangre y lucha de la USAC por el respeto a los derechos humanos. \u201cLos m\u00e1rtires universitarios iban tras la vida y siguen con nosotros en la plaza de la Universidad de San Carlos de Guatemala\u201d, concluy\u00f3.<\/p>\n<p style=\"text-align: justify;\">Por su parte, la Licda. Elizabeth Flori\u00e1n, representante de las v\u00edctimas, se refiri\u00f3 a la fecha de inauguraci\u00f3n como el d\u00eda de la justicia, de acuerdo con el calendario maya: \u201cHoy es el d\u00eda de la justicia, el d\u00eda del equilibrio entre la materia y el esp\u00edritu seg\u00fan los mayas; el camino blanco, el signo de la ley y la autoridad tanto terrestre como c\u00f3smica. Es el d\u00eda de la justicia, que trae a la luz la verdad\u201d.<\/p>\n<p style=\"text-align: justify;\">Acerca de la importancia de este monumento para concientizar sobre la historia del pa\u00eds, expuso: \u201cNunca es tarde para reclamar, para acompa\u00f1ar, para exigir justicia, para reivindicar a la universidad y a sus v\u00edctimas. Este no es solo un listado de personas a las que les fue arrancada la vida. Fue la universidad, en su conjunto, v\u00edctima de tan repudiables hechos. Nunca es tarde para hacer historia, para crear una pol\u00edtica que fortalezca la memoria hist\u00f3rica y el an\u00e1lisis de este martirologio. Tenemos el compromiso y responsabilidad de no olvidar y de no silenciar nuestras voces\u201d.<\/p>\n<p style=\"text-align: justify;\">\u00a0<\/p>\n<div id='gallery-1' class='gallery galleryid-12723 gallery-columns-3 gallery-size-thumbnail'><figure class='gallery-item'>\n\t\t\t<div class='gallery-icon landscape'>\n\t\t\t\t<a href='https:\/\/soy.usac.edu.gt\/?attachment_id=12737'><img loading=\"lazy\" decoding=\"async\" width=\"150\" height=\"150\" src=\"https:\/\/soy.usac.edu.gt\/wp-content\/uploads\/2020\/11\/plaqueta-a-150x150.jpg\" class=\"attachment-thumbnail size-thumbnail\" alt=\"\" aria-describedby=\"gallery-1-12737\" \/><\/a>\n\t\t\t<\/div>\n\t\t\t\t<figcaption class='wp-caption-text gallery-caption' id='gallery-1-12737'>\n\t\t\t\tMomentos en que autoridades sancarlistas develan las placas conmemorativas.\n\t\t\t\t<\/figcaption><\/figure><figure class='gallery-item'>\n\t\t\t<div class='gallery-icon landscape'>\n\t\t\t\t<a href='https:\/\/soy.usac.edu.gt\/?attachment_id=12738'><img loading=\"lazy\" decoding=\"async\" width=\"150\" height=\"150\" src=\"https:\/\/soy.usac.edu.gt\/wp-content\/uploads\/2020\/11\/plaqueta-b-150x150.jpg\" class=\"attachment-thumbnail size-thumbnail\" alt=\"\" aria-describedby=\"gallery-1-12738\" \/><\/a>\n\t\t\t<\/div>\n\t\t\t\t<figcaption class='wp-caption-text gallery-caption' id='gallery-1-12738'>\n\t\t\t\tFamiliares de las v\u00edctimas asistieron al acto de dignificaci\u00f3n.\n\t\t\t\t<\/figcaption><\/figure><figure class='gallery-item'>\n\t\t\t<div class='gallery-icon landscape'>\n\t\t\t\t<a href='https:\/\/soy.usac.edu.gt\/?attachment_id=12745'><img loading=\"lazy\" decoding=\"async\" width=\"150\" height=\"150\" src=\"https:\/\/soy.usac.edu.gt\/wp-content\/uploads\/2020\/11\/plaqueta2-150x150.jpg\" class=\"attachment-thumbnail size-thumbnail\" alt=\"\" aria-describedby=\"gallery-1-12745\" \/><\/a>\n\t\t\t<\/div>\n\t\t\t\t<figcaption class='wp-caption-text gallery-caption' id='gallery-1-12745'>\n\t\t\t\tSecretario general de la Universidad de San Carlos de Guatemala, Arq. Carlos Valladares.\n\t\t\t\t<\/figcaption><\/figure><figure class='gallery-item'>\n\t\t\t<div class='gallery-icon landscape'>\n\t\t\t\t<a href='https:\/\/soy.usac.edu.gt\/?attachment_id=12734'><img loading=\"lazy\" decoding=\"async\" width=\"150\" height=\"150\" src=\"https:\/\/soy.usac.edu.gt\/wp-content\/uploads\/2020\/11\/WhatsApp-Image-2020-10-30-at-1.22.47-PM-150x150.jpeg\" class=\"attachment-thumbnail size-thumbnail\" alt=\"\" aria-describedby=\"gallery-1-12734\" \/><\/a>\n\t\t\t<\/div>\n\t\t\t\t<figcaption class='wp-caption-text gallery-caption' id='gallery-1-12734'>\n\t\t\t\tEl 30 de octubre de 2020 quedar\u00e1 marcado en la historia como el d\u00eda en que se honr\u00f3 la memoria de las v\u00edctimas sancarlistas.\n\t\t\t\t<\/figcaption><\/figure><figure class='gallery-item'>\n\t\t\t<div class='gallery-icon landscape'>\n\t\t\t\t<a href='https:\/\/soy.usac.edu.gt\/?attachment_id=12739'><img loading=\"lazy\" decoding=\"async\" width=\"150\" height=\"150\" src=\"https:\/\/soy.usac.edu.gt\/wp-content\/uploads\/2020\/11\/plaqueta-c-150x150.jpg\" class=\"attachment-thumbnail size-thumbnail\" alt=\"\" \/><\/a>\n\t\t\t<\/div><\/figure><figure class='gallery-item'>\n\t\t\t<div class='gallery-icon landscape'>\n\t\t\t\t<a href='https:\/\/soy.usac.edu.gt\/?attachment_id=12740'><img loading=\"lazy\" decoding=\"async\" width=\"150\" height=\"150\" src=\"https:\/\/soy.usac.edu.gt\/wp-content\/uploads\/2020\/11\/plaqueta-d-150x150.jpg\" class=\"attachment-thumbnail size-thumbnail\" alt=\"\" \/><\/a>\n\t\t\t<\/div><\/figure><figure class='gallery-item'>\n\t\t\t<div class='gallery-icon landscape'>\n\t\t\t\t<a href='https:\/\/soy.usac.edu.gt\/?attachment_id=12741'><img loading=\"lazy\" decoding=\"async\" width=\"150\" height=\"150\" src=\"https:\/\/soy.usac.edu.gt\/wp-content\/uploads\/2020\/11\/plaqueta-e-150x150.jpg\" class=\"attachment-thumbnail size-thumbnail\" alt=\"\" \/><\/a>\n\t\t\t<\/div><\/figure><figure class='gallery-item'>\n\t\t\t<div class='gallery-icon landscape'>\n\t\t\t\t<a href='https:\/\/soy.usac.edu.gt\/?attachment_id=12742'><img loading=\"lazy\" decoding=\"async\" width=\"150\" height=\"150\" src=\"https:\/\/soy.usac.edu.gt\/wp-content\/uploads\/2020\/11\/plaqueta-f-150x150.jpg\" class=\"attachment-thumbnail size-thumbnail\" alt=\"\" \/><\/a>\n\t\t\t<\/div><\/figure><figure class='gallery-item'>\n\t\t\t<div class='gallery-icon landscape'>\n\t\t\t\t<a href='https:\/\/soy.usac.edu.gt\/?attachment_id=12743'><img loading=\"lazy\" decoding=\"async\" width=\"150\" height=\"150\" src=\"https:\/\/soy.usac.edu.gt\/wp-content\/uploads\/2020\/11\/plaqueta3-150x150.jpg\" class=\"attachment-thumbnail size-thumbnail\" alt=\"\" \/><\/a>\n\t\t\t<\/div><\/figure><figure class='gallery-item'>\n\t\t\t<div class='gallery-icon landscape'>\n\t\t\t\t<a href='https:\/\/soy.usac.edu.gt\/?attachment_id=12744'><img loading=\"lazy\" decoding=\"async\" width=\"150\" height=\"150\" src=\"https:\/\/soy.usac.edu.gt\/wp-content\/uploads\/2020\/11\/plaqueta4-150x150.jpg\" class=\"attachment-thumbnail size-thumbnail\" alt=\"\" \/><\/a>\n\t\t\t<\/div><\/figure><figure class='gallery-item'>\n\t\t\t<div class='gallery-icon landscape'>\n\t\t\t\t<a href='https:\/\/soy.usac.edu.gt\/?attachment_id=12736'><img loading=\"lazy\" decoding=\"async\" width=\"150\" height=\"150\" src=\"https:\/\/soy.usac.edu.gt\/wp-content\/uploads\/2020\/11\/WhatsApp-Image-2020-10-30-at-1.24.05-PM-150x150.jpeg\" class=\"attachment-thumbnail size-thumbnail\" alt=\"\" \/><\/a>\n\t\t\t<\/div><\/figure><figure class='gallery-item'>\n\t\t\t<div class='gallery-icon landscape'>\n\t\t\t\t<a href='https:\/\/soy.usac.edu.gt\/?attachment_id=12735'><img loading=\"lazy\" decoding=\"async\" width=\"150\" height=\"150\" src=\"https:\/\/soy.usac.edu.gt\/wp-content\/uploads\/2020\/11\/WhatsApp-Image-2020-10-30-at-1.22.49-PM-150x150.jpeg\" class=\"attachment-thumbnail size-thumbnail\" alt=\"\" \/><\/a>\n\t\t\t<\/div><\/figure><figure class='gallery-item'>\n\t\t\t<div class='gallery-icon landscape'>\n\t\t\t\t<a href='https:\/\/soy.usac.edu.gt\/?attachment_id=12733'><img loading=\"lazy\" decoding=\"async\" width=\"150\" height=\"150\" src=\"https:\/\/soy.usac.edu.gt\/wp-content\/uploads\/2020\/11\/WhatsApp-Image-2020-10-30-at-1.22.47-PM-1-150x150.jpeg\" class=\"attachment-thumbnail size-thumbnail\" alt=\"\" \/><\/a>\n\t\t\t<\/div><\/figure><figure class='gallery-item'>\n\t\t\t<div class='gallery-icon landscape'>\n\t\t\t\t<a href='https:\/\/soy.usac.edu.gt\/?attachment_id=12732'><img loading=\"lazy\" decoding=\"async\" width=\"150\" height=\"150\" src=\"https:\/\/soy.usac.edu.gt\/wp-content\/uploads\/2020\/11\/WhatsApp-Image-2020-10-30-at-1.22.45-PM-150x150.jpeg\" class=\"attachment-thumbnail size-thumbnail\" alt=\"\" \/><\/a>\n\t\t\t<\/div><\/figure><figure class='gallery-item'>\n\t\t\t<div class='gallery-icon landscape'>\n\t\t\t\t<a href='https:\/\/soy.usac.edu.gt\/?attachment_id=12730'><img loading=\"lazy\" decoding=\"async\" width=\"150\" height=\"150\" src=\"https:\/\/soy.usac.edu.gt\/wp-content\/uploads\/2020\/11\/nota-ma\u0301rtires-150x150.jpg\" class=\"attachment-thumbnail size-thumbnail\" alt=\"\" \/><\/a>\n\t\t\t<\/div><\/figure><figure class='gallery-item'>\n\t\t\t<div class='gallery-icon landscape'>\n\t\t\t\t<a href='https:\/\/soy.usac.edu.gt\/?attachment_id=12718'><img loading=\"lazy\" decoding=\"async\" width=\"150\" height=\"150\" src=\"https:\/\/soy.usac.edu.gt\/wp-content\/uploads\/2020\/11\/portada-perio\u0301dico-150x150.jpg\" class=\"attachment-thumbnail size-thumbnail\" alt=\"\" \/><\/a>\n\t\t\t<\/div><\/figure>\n\t\t<\/div>\n\n<p style=\"text-align: justify;\">En el acto tambi\u00e9n se tuvo la presencia de la Licda. Isabel Choxom, en representaci\u00f3n de los familiares de Carlos Cuevas Molina, exdirigente de la Asociaci\u00f3n de Estudiantes Universitarios. La profesional ley\u00f3 una carta realizada por los familiares con motivo de la develaci\u00f3n del monumento.<\/p>\n<p style=\"text-align: justify;\">El texto record\u00f3 que la USAC siempre ha sido un baluarte de luz para la juventud, donde muchas personas que fueron formadas aqu\u00ed promovieron alternativas pac\u00edficas ante la opresi\u00f3n.<\/p>\n<p style=\"text-align: justify;\">\u201cCarlos Ernesto trabaj\u00f3 para la construcci\u00f3n de una universidad del pueblo y para el pueblo. En su compromiso con la poblaci\u00f3n estudiantil y nacional, desempe\u00f1\u00f3 su trabajo en la Asociaci\u00f3n de Estudiantes Universitarios, junto a compa\u00f1eros que fueron desaparecidos en 1984.<\/p>\n<p style=\"text-align: justify;\">Hoy, en este recinto, estamos lejos f\u00edsicamente, mas no en el coraz\u00f3n. Confiamos en que este recinto sepa honrar a nuestros m\u00e1rtires universitarios, no \u00fanicamente en este momento, porque pasar\u00e1, sino con el compromiso, ojal\u00e1 inclaudicable, de reconocer a nuestros antecesores y su lealtad hacia la poblaci\u00f3n\u201d, expuso.<\/p>\n<p style=\"text-align: justify;\">Durante su intervenci\u00f3n, Jorge Arriaga, representante de la AEU de 1978, record\u00f3 la muerte de l\u00edderes sindicales y universitarios que lucharon por diversas causas sociales. Sobre la conmemoraci\u00f3n de este d\u00eda, expuso: \u201cCuando nosotros empezamos a hacer este muro, que surgi\u00f3 inmediatamente despu\u00e9s de que solicitamos que se desarrollara la investigaci\u00f3n para determinar qui\u00e9nes son los asesinos de nuestros m\u00e1rtires, retomamos la posibilidad de establecer un proyecto para lograr que todos nuestros m\u00e1rtires estuvieran de regreso en su alma mater: la Universidad de San Carlos. Hoy, 30 de octubre, develamos el monumento para honrar a quienes dieron la vida por una universidad cient\u00edfica, popular y democr\u00e1tica\u201d.<\/p>\n<p style=\"text-align: justify;\">En representaci\u00f3n del sector estudiantil, particip\u00f3 Laura Aguiar, secretaria general de la Asociaci\u00f3n de Estudiantes Universitarios Oliverio Casta\u00f1eda de Le\u00f3n. Como parte de su alocuci\u00f3n, destac\u00f3 la necesidad de que el estudiantado fortalezca su conciencia sobre la represi\u00f3n vivida durante el Conflicto Armado Interno y el compromiso con la justicia.<\/p>\n<p style=\"text-align: justify;\">\u201cHoy se firma un compromiso obligatorio con la memoria hist\u00f3rica, para quienes pasen por nuestras aulas. Los cr\u00edmenes del Conflicto Armado Interno no pueden quedar impunes, no pueden olvidarse. Sabemos que no iban por la muerte, iban por la vida, por eso el Estado los silenci\u00f3\u201d, expres\u00f3.<\/p>\n<p style=\"text-align: justify;\">El acto concluy\u00f3 con presentaciones del Coro de la Universidad de San Carlos de Guatemala, m\u00fasica instrumental y cantos que evocaron la lucha revolucionaria.<\/p>\n<p style=\"text-align: justify;\">El Rector, Ing. Murphy Paiz, junto a otras autoridades universitarias; el procurador de derechos humanos; y los familiares de las v\u00edctimas devel\u00f3 las plaquetas con los nombres de 736 personas, para dignificar a quienes sacrificaron su vida por la \u00fanica universidad p\u00fablica del pa\u00eds y por los sectores mayoritarios de la poblaci\u00f3n.<\/p>\n<p style=\"text-align: justify;\">De acuerdo con el Rector, el proyecto consta de tres fases. En la primera, fueron dise\u00f1adas 14 piezas que contienen los nombres de las v\u00edctimas. En la segunda fase se colocar\u00e1n placas individuales fijas en alto relieve con nombres de cada m\u00e1rtir, estas ser\u00e1n instaladas en las \u00e1reas verdes y en los muros universitarios. En la tercera fase, se realizar\u00e1n r\u00e9plicas de las plaquetas en los centros universitarios del pa\u00eds.<\/p>\n<p style=\"text-align: justify;\">El monumento est\u00e1 ubicado en la Plaza de los H\u00e9roes y M\u00e1rtires del campus central de la universidad; en el mismo se colocaron plaquetas con cada uno de los nombres de las v\u00edctimas identificadas pertenecientes a la Universidad de San Carlos de Guatemala durante el per\u00edodo de 1951 al 2000.<\/p>\n<p style=\"text-align: justify;\">Con esta acci\u00f3n, la universidad concientiza a las generaciones de sancarlistas sobre la historia nacional, la necesidad de que se investiguen y resuelvan cr\u00edmenes cometidos durante el Conflicto Armado Interno para que pueda existir justicia.<\/p>\n<p style=\"text-align: justify;\">\u201cEs de suma importancia que las nuevas generaciones de estudiantes puedan conocer sobre la tragedia sufrida, para que NUNCA M\u00c1S vuelva a suceder, y que los familiares de los desaparecidos encuentren un lugar en la Universidad de San Carlos de Guatemala donde se dignifique su memoria\u201d, reza el acta donde se aprob\u00f3 la construcci\u00f3n del monumento.<\/p>\n<p style=\"text-align: justify;\"><img loading=\"lazy\" decoding=\"async\" class=\"alignnone wp-image-4976 size-full\" src=\"https:\/\/soy.usac.edu.gt\/wp-content\/uploads\/2019\/03\/Cr\u00e9ditos-prensa-01.png\" alt=\"\" width=\"5079\" height=\"1960\" srcset=\"https:\/\/soy.usac.edu.gt\/wp-content\/uploads\/2019\/03\/Cr\u00e9ditos-prensa-01.png 5079w, https:\/\/soy.usac.edu.gt\/wp-content\/uploads\/2019\/03\/Cr\u00e9ditos-prensa-01-300x116.png 300w, https:\/\/soy.usac.edu.gt\/wp-content\/uploads\/2019\/03\/Cr\u00e9ditos-prensa-01-768x296.png 768w, https:\/\/soy.usac.edu.gt\/wp-content\/uploads\/2019\/03\/Cr\u00e9ditos-prensa-01-1024x395.png 1024w, https:\/\/soy.usac.edu.gt\/wp-content\/uploads\/2019\/03\/Cr\u00e9ditos-prensa-01-1088x420.png 1088w, https:\/\/soy.usac.edu.gt\/wp-content\/uploads\/2019\/03\/Cr\u00e9ditos-prensa-01-640x247.png 640w, https:\/\/soy.usac.edu.gt\/wp-content\/uploads\/2019\/03\/Cr\u00e9ditos-prensa-01-681x263.png 681w\" sizes=\"auto, (max-width: 5079px) 100vw, 5079px\" \/><\/p>\n","protected":false},"excerpt":{"rendered":"<p>El 30 de octubre la USAC inaugur\u00f3 un monumento para dignificar a 736 estudiantes, catedr\u00e1ticos y trabajadores administrativos que fueron desaparecidos y asesinados durante el Conflicto Armado Interno.<\/p>\n","protected":false},"author":1,"featured_media":12730,"comment_status":"closed","ping_status":"open","sticky":false,"template":"","format":"standard","meta":{"_exactmetrics_skip_tracking":false,"_exactmetrics_sitenote_active":false,"_exactmetrics_sitenote_note":"","_exactmetrics_sitenote_category":0,"_jetpack_memberships_contains_paid_content":false,"footnotes":""},"categories":[29],"tags":[577,291],"class_list":["post-12723","post","type-post","status-publish","format-standard","has-post-thumbnail","hentry","category-noticias","tag-martires","tag-plaza-de-los-martires"],"aioseo_notices":[],"jetpack_featured_media_url":"https:\/\/soy.usac.edu.gt\/wp-content\/uploads\/2020\/11\/nota-ma\u0301rtires.jpg","views":"","jetpack-related-posts":[{"id":17106,"url":"https:\/\/soy.usac.edu.gt\/?p=17106","url_meta":{"origin":12723,"position":0},"title":"USAC conmemora a sus m\u00e1rtires","author":"Divisi\u00f3n de Publicidad","date":"19 abril, 2022","format":false,"excerpt":"Como cada mes, esta casa de estudios realiz\u00f3 la \u201cCeremonia de colocaci\u00f3n del clavel de los h\u00e9roes y m\u00e1rtires universitarios\u201d para exaltar el legado de quienes sacrificaron su vida por un pa\u00eds pr\u00f3spero.\u00a0","rel":"","context":"En \u00abNoticias\u00bb","block_context":{"text":"Noticias","link":"https:\/\/soy.usac.edu.gt\/?cat=29"},"img":{"alt_text":"","src":"https:\/\/i0.wp.com\/soy.usac.edu.gt\/wp-content\/uploads\/2022\/04\/WhatsApp-Image-2022-04-19-at-12.30.26-PM.jpeg?resize=350%2C200&ssl=1","width":350,"height":200,"srcset":"https:\/\/i0.wp.com\/soy.usac.edu.gt\/wp-content\/uploads\/2022\/04\/WhatsApp-Image-2022-04-19-at-12.30.26-PM.jpeg?resize=350%2C200&ssl=1 1x, https:\/\/i0.wp.com\/soy.usac.edu.gt\/wp-content\/uploads\/2022\/04\/WhatsApp-Image-2022-04-19-at-12.30.26-PM.jpeg?resize=525%2C300&ssl=1 1.5x, https:\/\/i0.wp.com\/soy.usac.edu.gt\/wp-content\/uploads\/2022\/04\/WhatsApp-Image-2022-04-19-at-12.30.26-PM.jpeg?resize=700%2C400&ssl=1 2x, https:\/\/i0.wp.com\/soy.usac.edu.gt\/wp-content\/uploads\/2022\/04\/WhatsApp-Image-2022-04-19-at-12.30.26-PM.jpeg?resize=1050%2C600&ssl=1 3x"},"classes":[]},{"id":15886,"url":"https:\/\/soy.usac.edu.gt\/?p=15886","url_meta":{"origin":12723,"position":1},"title":"USAC conmemora el D\u00eda de la Dignificaci\u00f3n de los M\u00e1rtires Sancarlistas","author":"Divisi\u00f3n de Publicidad","date":"31 octubre, 2021","format":false,"excerpt":"Uno de los objetivos de esta actividad es construir la identidad universitaria mediante testimonios que concientizan sobre el impacto del conflicto armado interno en la USAC.","rel":"","context":"En \u00abNoticias\u00bb","block_context":{"text":"Noticias","link":"https:\/\/soy.usac.edu.gt\/?cat=29"},"img":{"alt_text":"","src":"https:\/\/i0.wp.com\/soy.usac.edu.gt\/wp-content\/uploads\/2021\/10\/WhatsApp-Image-2021-10-30-at-20.01.12-1.jpeg?resize=350%2C200&ssl=1","width":350,"height":200,"srcset":"https:\/\/i0.wp.com\/soy.usac.edu.gt\/wp-content\/uploads\/2021\/10\/WhatsApp-Image-2021-10-30-at-20.01.12-1.jpeg?resize=350%2C200&ssl=1 1x, https:\/\/i0.wp.com\/soy.usac.edu.gt\/wp-content\/uploads\/2021\/10\/WhatsApp-Image-2021-10-30-at-20.01.12-1.jpeg?resize=525%2C300&ssl=1 1.5x, https:\/\/i0.wp.com\/soy.usac.edu.gt\/wp-content\/uploads\/2021\/10\/WhatsApp-Image-2021-10-30-at-20.01.12-1.jpeg?resize=700%2C400&ssl=1 2x, https:\/\/i0.wp.com\/soy.usac.edu.gt\/wp-content\/uploads\/2021\/10\/WhatsApp-Image-2021-10-30-at-20.01.12-1.jpeg?resize=1050%2C600&ssl=1 3x"},"classes":[]},{"id":15173,"url":"https:\/\/soy.usac.edu.gt\/?p=15173","url_meta":{"origin":12723,"position":2},"title":"Rinden homenaje a los m\u00e1rtires estudiantiles de 1989 \u00a0","author":"Divisi\u00f3n de Publicidad","date":"29 septiembre, 2021","format":false,"excerpt":"Entre agosto y septiembre de 1989, las fuerzas represivas del Gobierno secuestraron a diez l\u00edderes estudiantiles sancarlistas, cinco de ellos aparecieron asesinados con rasgos de tortura y el resto nunca apareci\u00f3.","rel":"","context":"En \u00abNoticias\u00bb","block_context":{"text":"Noticias","link":"https:\/\/soy.usac.edu.gt\/?cat=29"},"img":{"alt_text":"","src":"https:\/\/i0.wp.com\/soy.usac.edu.gt\/wp-content\/uploads\/2021\/09\/WhatsApp-Image-2021-09-28-at-12.30.25-2.jpeg?resize=350%2C200&ssl=1","width":350,"height":200,"srcset":"https:\/\/i0.wp.com\/soy.usac.edu.gt\/wp-content\/uploads\/2021\/09\/WhatsApp-Image-2021-09-28-at-12.30.25-2.jpeg?resize=350%2C200&ssl=1 1x, https:\/\/i0.wp.com\/soy.usac.edu.gt\/wp-content\/uploads\/2021\/09\/WhatsApp-Image-2021-09-28-at-12.30.25-2.jpeg?resize=525%2C300&ssl=1 1.5x, https:\/\/i0.wp.com\/soy.usac.edu.gt\/wp-content\/uploads\/2021\/09\/WhatsApp-Image-2021-09-28-at-12.30.25-2.jpeg?resize=700%2C400&ssl=1 2x, https:\/\/i0.wp.com\/soy.usac.edu.gt\/wp-content\/uploads\/2021\/09\/WhatsApp-Image-2021-09-28-at-12.30.25-2.jpeg?resize=1050%2C600&ssl=1 3x, https:\/\/i0.wp.com\/soy.usac.edu.gt\/wp-content\/uploads\/2021\/09\/WhatsApp-Image-2021-09-28-at-12.30.25-2.jpeg?resize=1400%2C800&ssl=1 4x"},"classes":[]},{"id":9411,"url":"https:\/\/soy.usac.edu.gt\/?p=9411","url_meta":{"origin":12723,"position":3},"title":"Inauguran Plaza al Estudiante Ejemplo","author":"Divisi\u00f3n de Publicidad","date":"29 octubre, 2019","format":false,"excerpt":"La plaza est\u00e1 ubicada frente al edificio S-2 y honra la memoria de diez estudiantes que fueron desaparecidos en 1989 durante el conflicto armado interno.\u00a0","rel":"","context":"En \u00abEstudiantes\u00bb","block_context":{"text":"Estudiantes","link":"https:\/\/soy.usac.edu.gt\/?cat=585"},"img":{"alt_text":"","src":"https:\/\/i0.wp.com\/soy.usac.edu.gt\/wp-content\/uploads\/2019\/10\/1-11.jpg?resize=350%2C200&ssl=1","width":350,"height":200,"srcset":"https:\/\/i0.wp.com\/soy.usac.edu.gt\/wp-content\/uploads\/2019\/10\/1-11.jpg?resize=350%2C200&ssl=1 1x, https:\/\/i0.wp.com\/soy.usac.edu.gt\/wp-content\/uploads\/2019\/10\/1-11.jpg?resize=525%2C300&ssl=1 1.5x, https:\/\/i0.wp.com\/soy.usac.edu.gt\/wp-content\/uploads\/2019\/10\/1-11.jpg?resize=700%2C400&ssl=1 2x, https:\/\/i0.wp.com\/soy.usac.edu.gt\/wp-content\/uploads\/2019\/10\/1-11.jpg?resize=1050%2C600&ssl=1 3x, https:\/\/i0.wp.com\/soy.usac.edu.gt\/wp-content\/uploads\/2019\/10\/1-11.jpg?resize=1400%2C800&ssl=1 4x"},"classes":[]},{"id":16848,"url":"https:\/\/soy.usac.edu.gt\/?p=16848","url_meta":{"origin":12723,"position":4},"title":"Conmemoran el D\u00eda de la Dignificaci\u00f3n de los M\u00e1rtires Sancarlistas","author":"Divisi\u00f3n de Publicidad","date":"30 marzo, 2022","format":false,"excerpt":"El 29 de marzo se llev\u00f3 a cabo la ceremonia de colocaci\u00f3n del clavel rojo\u00a0 para honrar a sancarlistas que sacrificaron su vida por un mejor pa\u00eds.","rel":"","context":"En \u00abCultura\u00bb","block_context":{"text":"Cultura","link":"https:\/\/soy.usac.edu.gt\/?cat=123"},"img":{"alt_text":"","src":"https:\/\/i0.wp.com\/soy.usac.edu.gt\/wp-content\/uploads\/2022\/03\/WhatsApp-Image-2022-03-30-at-12.44.31-PM.jpeg?resize=350%2C200&ssl=1","width":350,"height":200,"srcset":"https:\/\/i0.wp.com\/soy.usac.edu.gt\/wp-content\/uploads\/2022\/03\/WhatsApp-Image-2022-03-30-at-12.44.31-PM.jpeg?resize=350%2C200&ssl=1 1x, https:\/\/i0.wp.com\/soy.usac.edu.gt\/wp-content\/uploads\/2022\/03\/WhatsApp-Image-2022-03-30-at-12.44.31-PM.jpeg?resize=525%2C300&ssl=1 1.5x, https:\/\/i0.wp.com\/soy.usac.edu.gt\/wp-content\/uploads\/2022\/03\/WhatsApp-Image-2022-03-30-at-12.44.31-PM.jpeg?resize=700%2C400&ssl=1 2x, https:\/\/i0.wp.com\/soy.usac.edu.gt\/wp-content\/uploads\/2022\/03\/WhatsApp-Image-2022-03-30-at-12.44.31-PM.jpeg?resize=1050%2C600&ssl=1 3x"},"classes":[]},{"id":9447,"url":"https:\/\/soy.usac.edu.gt\/?p=9447","url_meta":{"origin":12723,"position":5},"title":"Inauguran Plaza al Estudiante Ejemplo","author":"Divisi\u00f3n de Publicidad","date":"30 octubre, 2019","format":"video","excerpt":"La plaza est\u00e1 ubicada frente al edificio S-2 y honra la memoria de diez estudiantes que fueron desaparecidos en 1989 durante el conflicto armado interno. #SoyUSAC","rel":"","context":"En \u00abVideos\u00bb","block_context":{"text":"Videos","link":"https:\/\/soy.usac.edu.gt\/?cat=31"},"img":{"alt_text":"","src":"https:\/\/i0.wp.com\/soy.usac.edu.gt\/wp-content\/uploads\/2019\/10\/maxresdefault-30.jpg?resize=350%2C200&ssl=1","width":350,"height":200,"srcset":"https:\/\/i0.wp.com\/soy.usac.edu.gt\/wp-content\/uploads\/2019\/10\/maxresdefault-30.jpg?resize=350%2C200&ssl=1 1x, https:\/\/i0.wp.com\/soy.usac.edu.gt\/wp-content\/uploads\/2019\/10\/maxresdefault-30.jpg?resize=525%2C300&ssl=1 1.5x, https:\/\/i0.wp.com\/soy.usac.edu.gt\/wp-content\/uploads\/2019\/10\/maxresdefault-30.jpg?resize=700%2C400&ssl=1 2x, https:\/\/i0.wp.com\/soy.usac.edu.gt\/wp-content\/uploads\/2019\/10\/maxresdefault-30.jpg?resize=1050%2C600&ssl=1 3x"},"classes":[]}],"jetpack_sharing_enabled":true,"_links":{"self":[{"href":"https:\/\/soy.usac.edu.gt\/index.php?rest_route=\/wp\/v2\/posts\/12723","targetHints":{"allow":["GET"]}}],"collection":[{"href":"https:\/\/soy.usac.edu.gt\/index.php?rest_route=\/wp\/v2\/posts"}],"about":[{"href":"https:\/\/soy.usac.edu.gt\/index.php?rest_route=\/wp\/v2\/types\/post"}],"author":[{"embeddable":true,"href":"https:\/\/soy.usac.edu.gt\/index.php?rest_route=\/wp\/v2\/users\/1"}],"replies":[{"embeddable":true,"href":"https:\/\/soy.usac.edu.gt\/index.php?rest_route=%2Fwp%2Fv2%2Fcomments&post=12723"}],"version-history":[{"count":6,"href":"https:\/\/soy.usac.edu.gt\/index.php?rest_route=\/wp\/v2\/posts\/12723\/revisions"}],"predecessor-version":[{"id":12748,"href":"https:\/\/soy.usac.edu.gt\/index.php?rest_route=\/wp\/v2\/posts\/12723\/revisions\/12748"}],"wp:featuredmedia":[{"embeddable":true,"href":"https:\/\/soy.usac.edu.gt\/index.php?rest_route=\/wp\/v2\/media\/12730"}],"wp:attachment":[{"href":"https:\/\/soy.usac.edu.gt\/index.php?rest_route=%2Fwp%2Fv2%2Fmedia&parent=12723"}],"wp:term":[{"taxonomy":"category","embeddable":true,"href":"https:\/\/soy.usac.edu.gt\/index.php?rest_route=%2Fwp%2Fv2%2Fcategories&post=12723"},{"taxonomy":"post_tag","embeddable":true,"href":"https:\/\/soy.usac.edu.gt\/index.php?rest_route=%2Fwp%2Fv2%2Ftags&post=12723"}],"curies":[{"name":"wp","href":"https:\/\/api.w.org\/{rel}","templated":true}]}}