{"id":12926,"date":"2020-11-22T17:55:22","date_gmt":"2020-11-22T23:55:22","guid":{"rendered":"https:\/\/soy.usac.edu.gt\/?p=12926"},"modified":"2020-11-22T17:55:22","modified_gmt":"2020-11-22T23:55:22","slug":"csu-se-solidariza-con-estudiantes-y-ciudadanos-victimas-de-la-represion-policial","status":"publish","type":"post","link":"https:\/\/soy.usac.edu.gt\/?p=12926","title":{"rendered":"CSU se solidariza con estudiantes y ciudadanos v\u00edctimas de la represi\u00f3n policial"},"content":{"rendered":"\n<p style=\"text-align: center;\"><strong>EL CONSEJO SUPERIOR UNIVERSITARIO DE LA <\/strong><strong>UNIVERSIDAD DE SAN CARLOS DE GUATEMALA Y EL RECTOR <\/strong><strong>M.SC. ING. MURPHY OLYMPO PAIZ RECINOS<\/strong><\/p>\n<p style=\"text-align: center;\"><strong>\u00a0<\/strong><strong>El di\u00e1logo y respeto a los derechos humanos deben prevalecer<\/strong><\/p>\n<p style=\"text-align: center;\"><strong>MANIFIESTAN: <\/strong><\/p>\n<p style=\"text-align: justify;\">Su solidaridad con el pueblo de Guatemala y especialmente con los ciudadanos y ciudadanas que el d\u00eda s\u00e1bado 21 de noviembre de 2020, haciendo uso de su derecho constitucional de manifestar en contra del Presupuesto General de Ingresos y Egresos del Estado, exig\u00edan el uso transparente y priorizado del gasto p\u00fablico, acorde con las necesidades y la realidad nacional, cuando producto de hechos violentos ocurridos en el Congreso de la Rep\u00fablica, fueron reprimidos con uso desproporcionado de la fuerza policial, lanzando gases lacrim\u00f3genos contra manifestantes y sus familias. Acciones que no son coherentes con la seguridad ciudadana en un Estado democr\u00e1tico de derecho.<\/p>\n<p style=\"text-align: justify;\">Es preocupante que con esas acciones de la fuerza p\u00fablica se amedrente a manifestantes y se coarte el derecho de libre manifestaci\u00f3n de ancianos, mujeres, hombres, j\u00f3venes, ni\u00f1os y ni\u00f1as, presentes en la Plaza de la Constituci\u00f3n que fueron alcanzados por las acciones represivas. Exigimos del Ministerio P\u00fablico las acciones para la pronta liberaci\u00f3n de las y los manifestantes, as\u00ed como la realizaci\u00f3n de las investigaciones que esclarezcan los hechos.<\/p>\n<p style=\"text-align: center;\"><strong>POR LO ANTERIOR SOLICITAMOS: <\/strong><\/p>\n<p style=\"text-align: justify;\">1. Al Ministerio P\u00fablico, la pronta investigaci\u00f3n para deducir responsabilidades de la cadena de mando y agentes involucrados en los actos denunciados como abusos policiales en la jornada de manifestaciones del 21 de noviembre de 2020, y cualquier otro acto contrario al respeto de los derechos humanos, legalidad y el Estado constitucional de derecho por fuerzas del Estado o particulares.<\/p>\n<p style=\"text-align: justify;\">2. Al Presidente constitucional de la Rep\u00fablica, como representante de la unidad nacional, en conjunto con el Congreso de la Rep\u00fablica, conformar una mesa t\u00e9cnica de di\u00e1logo real, donde participe la Universidad de San Carlos como rectora de la educaci\u00f3n superior y todos los sectores de la sociedad, para acordar reformas al Presupuesto General de Ingresos y Egresos del Estado que puedan ser realizadas dentro del periodo que establece la Constituci\u00f3n en su art\u00edculo 171, lo cual no limita que se deba iniciar un di\u00e1logo m\u00e1s amplio por la fiscalidad, que aborde las siguientes prioridades:<\/p>\n<p style=\"text-align: justify;\">a. Desnutrici\u00f3n<\/p>\n<p style=\"text-align: justify;\">b. Salud<\/p>\n<p style=\"text-align: justify;\">c. Programas de combate a la pobreza y pobreza extrema<\/p>\n<p style=\"text-align: justify;\">d. Educaci\u00f3n<\/p>\n<p style=\"text-align: justify;\">e. Justicia<\/p>\n<p style=\"text-align: justify;\">f. Derechos humanos<\/p>\n<p style=\"text-align: justify;\">g. Incrementar la resiliencia ante el cambio clim\u00e1tico<\/p>\n<p style=\"text-align: justify;\">h. Limitar el endeudamiento y priorizarlo hacia el desarrollo sostenible<\/p>\n<p style=\"text-align: justify;\">Extendemos muestras de solidaridad con la poblaci\u00f3n y comunidad universitaria afectada en la jornada de manifestaci\u00f3n; exijimos el pronto esclarecimiento de los hechos para la inmediata libertad de los capturados y, para el efecto, la Universidad de San Carlos de Guatemala seguir\u00e1 brindando el apoyo legal a la poblaci\u00f3n y a los estudiantes que lo requieran.<\/p>\n<p style=\"text-align: center;\"><strong>\u00abID Y ENSE\u00d1AD A TODOS\u00bb<\/strong><\/p>\n<p style=\"text-align: justify;\">\u00a0<\/p>\n<p style=\"text-align: right;\"><strong>Guatemala, 22 de noviembre de 2020<\/strong><\/p>\n","protected":false},"excerpt":{"rendered":"<p>El di\u00e1logo y respeto a los derechos humanos deben prevalecer<\/p>\n","protected":false},"author":1,"featured_media":0,"comment_status":"closed","ping_status":"open","sticky":false,"template":"","format":"standard","meta":{"_exactmetrics_skip_tracking":false,"_exactmetrics_sitenote_active":false,"_exactmetrics_sitenote_note":"","_exactmetrics_sitenote_category":0,"_jetpack_memberships_contains_paid_content":false,"footnotes":""},"categories":[29],"tags":[548],"class_list":["post-12926","post","type-post","status-publish","format-standard","hentry","category-noticias","tag-csu"],"aioseo_notices":[],"jetpack_featured_media_url":"","views":"","jetpack-related-posts":[{"id":10287,"url":"https:\/\/soy.usac.edu.gt\/?p=10287","url_meta":{"origin":12926,"position":0},"title":"CSU condena ataque contra sancarlistas y exige justicia","author":"Divisi\u00f3n de Publicidad","date":"17 enero, 2020","format":false,"excerpt":"Manifiestan: Su rotundo rechazo a las acciones de violencia y represi\u00f3n cometidas por agentes uniformados de la Polic\u00eda Nacional Civil, la noche del martes 14 y la madrugada del 15 de enero del a\u00f1o en curso.","rel":"","context":"En \u00abNoticias\u00bb","block_context":{"text":"Noticias","link":"https:\/\/soy.usac.edu.gt\/?cat=29"},"img":{"alt_text":"","src":"","width":0,"height":0},"classes":[]},{"id":13988,"url":"https:\/\/soy.usac.edu.gt\/?p=13988","url_meta":{"origin":12926,"position":1},"title":"Comunicado del CSU a la poblaci\u00f3n en general","author":"Divisi\u00f3n de Publicidad","date":"26 abril, 2021","format":false,"excerpt":"El Consejo Superior Universitario y \u00a0El Rector en funciones, Dr. Jorge Fernando Orellana Oliva, de la\u00a0Universidad de San Carlos de Guatemala Ante la resoluci\u00f3n de fecha 12 de abril de 2021, de la Sala Primera de lo Contencioso Administrativo, constituida en tribunal de amparo, dentro del Amparo 01011-2021-00083 que otorg\u00f3\u2026","rel":"","context":"En \u00abSin categor\u00eda\u00bb","block_context":{"text":"Sin categor\u00eda","link":"https:\/\/soy.usac.edu.gt\/?cat=1"},"img":{"alt_text":"","src":"https:\/\/i0.wp.com\/soy.usac.edu.gt\/wp-content\/uploads\/2021\/02\/COMUNICADO-IMAGEN-WEB.jpeg?resize=350%2C200&ssl=1","width":350,"height":200,"srcset":"https:\/\/i0.wp.com\/soy.usac.edu.gt\/wp-content\/uploads\/2021\/02\/COMUNICADO-IMAGEN-WEB.jpeg?resize=350%2C200&ssl=1 1x, https:\/\/i0.wp.com\/soy.usac.edu.gt\/wp-content\/uploads\/2021\/02\/COMUNICADO-IMAGEN-WEB.jpeg?resize=525%2C300&ssl=1 1.5x, https:\/\/i0.wp.com\/soy.usac.edu.gt\/wp-content\/uploads\/2021\/02\/COMUNICADO-IMAGEN-WEB.jpeg?resize=700%2C400&ssl=1 2x"},"classes":[]},{"id":13167,"url":"https:\/\/soy.usac.edu.gt\/?p=13167","url_meta":{"origin":12926,"position":2},"title":"CSU escucha a organizaciones sociales antes de entrevistar a postulantes para la CC","author":"Divisi\u00f3n de Publicidad","date":"23 febrero, 2021","format":false,"excerpt":"Ayer, el Consejo Superior Universitario (CSU) entrevist\u00f3 a los siete postulantes a magistrados de la Corte de Constitucionalidad. Este mi\u00e9rcoles 24 de febrero se llevar\u00e1 a cabo un foro, donde los candidatos podr\u00e1n debatir entre s\u00ed, responder preguntas de los observadores y del CSU. Presentamos un resumen sobre las actividades\u2026","rel":"","context":"En \u00abNoticias\u00bb","block_context":{"text":"Noticias","link":"https:\/\/soy.usac.edu.gt\/?cat=29"},"img":{"alt_text":"","src":"https:\/\/i0.wp.com\/soy.usac.edu.gt\/wp-content\/uploads\/2021\/02\/organizaciones-tres.jpeg?resize=350%2C200&ssl=1","width":350,"height":200,"srcset":"https:\/\/i0.wp.com\/soy.usac.edu.gt\/wp-content\/uploads\/2021\/02\/organizaciones-tres.jpeg?resize=350%2C200&ssl=1 1x, https:\/\/i0.wp.com\/soy.usac.edu.gt\/wp-content\/uploads\/2021\/02\/organizaciones-tres.jpeg?resize=525%2C300&ssl=1 1.5x, https:\/\/i0.wp.com\/soy.usac.edu.gt\/wp-content\/uploads\/2021\/02\/organizaciones-tres.jpeg?resize=700%2C400&ssl=1 2x, https:\/\/i0.wp.com\/soy.usac.edu.gt\/wp-content\/uploads\/2021\/02\/organizaciones-tres.jpeg?resize=1050%2C600&ssl=1 3x"},"classes":[]},{"id":14004,"url":"https:\/\/soy.usac.edu.gt\/?p=14004","url_meta":{"origin":12926,"position":3},"title":"CSU rechaza  acciones promovidas en su contra","author":"Divisi\u00f3n de Publicidad","date":"28 abril, 2021","format":false,"excerpt":"La labor de los miembros que integran este cuerpo colegiado, que por mandato constitucional debe designar a un Magistrado Titular y Suplente ante la CC,","rel":"","context":"En \u00abNoticias\u00bb","block_context":{"text":"Noticias","link":"https:\/\/soy.usac.edu.gt\/?cat=29"},"img":{"alt_text":"","src":"https:\/\/i0.wp.com\/soy.usac.edu.gt\/wp-content\/uploads\/2021\/02\/COMUNICADO-IMAGEN-WEB.jpeg?resize=350%2C200&ssl=1","width":350,"height":200,"srcset":"https:\/\/i0.wp.com\/soy.usac.edu.gt\/wp-content\/uploads\/2021\/02\/COMUNICADO-IMAGEN-WEB.jpeg?resize=350%2C200&ssl=1 1x, https:\/\/i0.wp.com\/soy.usac.edu.gt\/wp-content\/uploads\/2021\/02\/COMUNICADO-IMAGEN-WEB.jpeg?resize=525%2C300&ssl=1 1.5x, https:\/\/i0.wp.com\/soy.usac.edu.gt\/wp-content\/uploads\/2021\/02\/COMUNICADO-IMAGEN-WEB.jpeg?resize=700%2C400&ssl=1 2x"},"classes":[]},{"id":7901,"url":"https:\/\/soy.usac.edu.gt\/?p=7901","url_meta":{"origin":12926,"position":4},"title":"Avanza di\u00e1logo para la apertura de la universidad","author":"Edwin Medina","date":"8 agosto, 2019","format":false,"excerpt":"Ayer la Comisi\u00f3n de Di\u00e1logo del Consejo Superior Universitario (CSU) se reuni\u00f3 con los representantes del Colectivo Estudiantil Universitario (CEU) con el prop\u00f3sito de lograr consensos que permitan reactivar las actividades en las instalaciones universitarias, en una jornada que inici\u00f3 a las 9 a. m.","rel":"","context":"En \u00abNoticias\u00bb","block_context":{"text":"Noticias","link":"https:\/\/soy.usac.edu.gt\/?cat=29"},"img":{"alt_text":"","src":"https:\/\/i0.wp.com\/soy.usac.edu.gt\/wp-content\/uploads\/2018\/07\/rector%C3%ADa.jpg?resize=350%2C200&ssl=1","width":350,"height":200,"srcset":"https:\/\/i0.wp.com\/soy.usac.edu.gt\/wp-content\/uploads\/2018\/07\/rector%C3%ADa.jpg?resize=350%2C200&ssl=1 1x, https:\/\/i0.wp.com\/soy.usac.edu.gt\/wp-content\/uploads\/2018\/07\/rector%C3%ADa.jpg?resize=525%2C300&ssl=1 1.5x, https:\/\/i0.wp.com\/soy.usac.edu.gt\/wp-content\/uploads\/2018\/07\/rector%C3%ADa.jpg?resize=700%2C400&ssl=1 2x"},"classes":[]},{"id":12647,"url":"https:\/\/soy.usac.edu.gt\/?p=12647","url_meta":{"origin":12926,"position":5},"title":"Pronunciamiento del CSU por el aniversario de las gestas revolucionarias","author":"Divisi\u00f3n de Publicidad","date":"21 octubre, 2020","format":false,"excerpt":"El CSU se pronuncia por un aniversario m\u00e1s de las gestas revolucionarias de octubre de 1944. #SoyUSAC","rel":"","context":"En \u00abNoticias\u00bb","block_context":{"text":"Noticias","link":"https:\/\/soy.usac.edu.gt\/?cat=29"},"img":{"alt_text":"","src":"","width":0,"height":0},"classes":[]}],"jetpack_sharing_enabled":true,"_links":{"self":[{"href":"https:\/\/soy.usac.edu.gt\/index.php?rest_route=\/wp\/v2\/posts\/12926","targetHints":{"allow":["GET"]}}],"collection":[{"href":"https:\/\/soy.usac.edu.gt\/index.php?rest_route=\/wp\/v2\/posts"}],"about":[{"href":"https:\/\/soy.usac.edu.gt\/index.php?rest_route=\/wp\/v2\/types\/post"}],"author":[{"embeddable":true,"href":"https:\/\/soy.usac.edu.gt\/index.php?rest_route=\/wp\/v2\/users\/1"}],"replies":[{"embeddable":true,"href":"https:\/\/soy.usac.edu.gt\/index.php?rest_route=%2Fwp%2Fv2%2Fcomments&post=12926"}],"version-history":[{"count":1,"href":"https:\/\/soy.usac.edu.gt\/index.php?rest_route=\/wp\/v2\/posts\/12926\/revisions"}],"predecessor-version":[{"id":12927,"href":"https:\/\/soy.usac.edu.gt\/index.php?rest_route=\/wp\/v2\/posts\/12926\/revisions\/12927"}],"wp:attachment":[{"href":"https:\/\/soy.usac.edu.gt\/index.php?rest_route=%2Fwp%2Fv2%2Fmedia&parent=12926"}],"wp:term":[{"taxonomy":"category","embeddable":true,"href":"https:\/\/soy.usac.edu.gt\/index.php?rest_route=%2Fwp%2Fv2%2Fcategories&post=12926"},{"taxonomy":"post_tag","embeddable":true,"href":"https:\/\/soy.usac.edu.gt\/index.php?rest_route=%2Fwp%2Fv2%2Ftags&post=12926"}],"curies":[{"name":"wp","href":"https:\/\/api.w.org\/{rel}","templated":true}]}}