{"id":12988,"date":"2020-12-01T10:49:25","date_gmt":"2020-12-01T16:49:25","guid":{"rendered":"https:\/\/soy.usac.edu.gt\/?p=12988"},"modified":"2020-12-01T12:46:41","modified_gmt":"2020-12-01T18:46:41","slug":"usac-cumple-76-anos-de-ser-autonoma","status":"publish","type":"post","link":"https:\/\/soy.usac.edu.gt\/?p=12988","title":{"rendered":"USAC cumple 76 a\u00f1os de ser aut\u00f3noma"},"content":{"rendered":"\n<p style=\"text-align: justify;\">Hoy se realiz\u00f3 el acto acad\u00e9mico virtual que conmemora el 76 aniversario de la autonom\u00eda universitaria. Como parte de la celebraci\u00f3n, se otorga la Medalla Universitaria y el reconocimiento Profesional Ilustre de las Ciencias Literarias; adem\u00e1s, recientemente se efectu\u00f3 la entrega de t\u00edtulos universitarios\u00a0 a estudiantes de centros universitarios y campus central.<\/p>\n<p style=\"text-align: justify;\">La autonom\u00eda universitaria es uno de los m\u00e1s relevantes legados de la Revoluci\u00f3n de Octubre. Como frutos de esta lucha, la educaci\u00f3n superior p\u00fablica ahora goza de libertad de c\u00e1tedra; autogobierno; iniciativa de ley; centros universitarios; diversidad de carreras; programas como el Ejercicio Profesional Supervisado y el Bufete Popular, destinados a la poblaci\u00f3n m\u00e1s necesitada; entre otros. Para resaltar la importancia de estos logros, la USAC organiz\u00f3 distintas actividades:<\/p>\n<p style=\"text-align: justify;\">\u00a0<\/p>\n<h4 style=\"text-align: justify;\"><strong>Reconocimiento Profesional Ilustre de las Ciencias Literarias<\/strong><\/h4>\n<figure id=\"attachment_12992\" aria-describedby=\"caption-attachment-12992\" style=\"width: 640px\" class=\"wp-caption alignnone\"><img loading=\"lazy\" decoding=\"async\" class=\"wp-image-12992 size-large\" src=\"https:\/\/soy.usac.edu.gt\/wp-content\/uploads\/2020\/12\/destacada-2020-1024x536.jpg\" alt=\"\" width=\"640\" height=\"335\" srcset=\"https:\/\/soy.usac.edu.gt\/wp-content\/uploads\/2020\/12\/destacada-2020-1024x536.jpg 1024w, https:\/\/soy.usac.edu.gt\/wp-content\/uploads\/2020\/12\/destacada-2020-300x157.jpg 300w, https:\/\/soy.usac.edu.gt\/wp-content\/uploads\/2020\/12\/destacada-2020-768x402.jpg 768w, https:\/\/soy.usac.edu.gt\/wp-content\/uploads\/2020\/12\/destacada-2020-803x420.jpg 803w, https:\/\/soy.usac.edu.gt\/wp-content\/uploads\/2020\/12\/destacada-2020-640x335.jpg 640w, https:\/\/soy.usac.edu.gt\/wp-content\/uploads\/2020\/12\/destacada-2020-681x356.jpg 681w, https:\/\/soy.usac.edu.gt\/wp-content\/uploads\/2020\/12\/destacada-2020.jpg 1200w\" sizes=\"auto, (max-width: 640px) 100vw, 640px\" \/><figcaption id=\"caption-attachment-12992\" class=\"wp-caption-text\">El Rector Murphy Paiz y el Secretario General, Arq. Carlos Valladares hicieron entrega de la distinci\u00f3n a Jos\u00e9 Luis Perdomo Orellana.<\/figcaption><\/figure>\n<p style=\"text-align: justify;\">El 11 de noviembre el Consejo Superior Universitario aprob\u00f3, mediante el Acta No. 42-2020, instituir el reconocimiento Profesional Ilustre de las Ciencias Literarias, el cual es entregado al licenciado Jos\u00e9 Luis Perdomo Orellana, escritor guatemalteco, a quien recientemente le fue otorgado el Premio Nacional de Literatura Miguel \u00c1ngel Asturias.<\/p>\n<p style=\"text-align: justify;\">Entre 1975 y 1986, obtuvo, en M\u00e9xico y Guatemala, diversos premios en las \u00e1reas de la oratoria, la literatura y la academia. Algunos de sus libros aparecen en las recomendaciones bibliogr\u00e1ficas de los programas de estudio de universidades de Guatemala, M\u00e9xico y Argentina.<\/p>\n<p style=\"text-align: justify;\">Su extensa trayectoria le ha permitido interactuar con autores como Stephen Vizinczey, Carlos Fuentes, Augusto Monterroso, Juan Antonio Rosado, Jos\u00e9 Saramago, Salvador Mendiola y Carlos L\u00f3pez, quienes han elogiado sus trabajos.<\/p>\n<p style=\"text-align: justify;\">\u00a0<\/p>\n<h4 style=\"text-align: justify;\"><strong>Medalla Universitaria in memoriam<\/strong><\/h4>\n<figure id=\"attachment_12995\" aria-describedby=\"caption-attachment-12995\" style=\"width: 973px\" class=\"wp-caption aligncenter\"><img loading=\"lazy\" decoding=\"async\" class=\"wp-image-12995 size-full\" src=\"https:\/\/soy.usac.edu.gt\/wp-content\/uploads\/2020\/12\/Rojas1-1-1.jpg\" alt=\"\" width=\"973\" height=\"1354\" srcset=\"https:\/\/soy.usac.edu.gt\/wp-content\/uploads\/2020\/12\/Rojas1-1-1.jpg 973w, https:\/\/soy.usac.edu.gt\/wp-content\/uploads\/2020\/12\/Rojas1-1-1-216x300.jpg 216w, https:\/\/soy.usac.edu.gt\/wp-content\/uploads\/2020\/12\/Rojas1-1-1-736x1024.jpg 736w, https:\/\/soy.usac.edu.gt\/wp-content\/uploads\/2020\/12\/Rojas1-1-1-768x1069.jpg 768w, https:\/\/soy.usac.edu.gt\/wp-content\/uploads\/2020\/12\/Rojas1-1-1-302x420.jpg 302w, https:\/\/soy.usac.edu.gt\/wp-content\/uploads\/2020\/12\/Rojas1-1-1-640x891.jpg 640w, https:\/\/soy.usac.edu.gt\/wp-content\/uploads\/2020\/12\/Rojas1-1-1-681x948.jpg 681w\" sizes=\"auto, (max-width: 973px) 100vw, 973px\" \/><figcaption id=\"caption-attachment-12995\" class=\"wp-caption-text\">Su obra ha enriquecido grandes museos y se caracteriza por pertenecer al realismo m\u00e1gico. Internacionalmente obtuvo m\u00faltiples reconocimientos.<\/figcaption><\/figure>\n<p style=\"text-align: justify;\">La distinci\u00f3n es para el arquitecto Elmar Ren\u00e9 Rojas Azurdia, en virtud de que cumpli\u00f3 todos los requisitos establecidos en el art\u00edculo 107 del Estatuto de la Universidad de San Carlos de Guatemala.<\/p>\n<p style=\"text-align: justify;\">Se caracteriz\u00f3 por su alta calidad formativa y, como docente, enalteci\u00f3 a esta universidad. Asimismo, el insigne pintor y escultor fue fundador del Ministerio de Cultura y Deportes en 1986.<\/p>\n<p style=\"text-align: justify;\">Junto a Marco Augusto Quiroa y Roberto Cabrera, conform\u00f3 el grupo V\u00e9rtebra en 1969, el principal objetivo de este colectivo fue mostrar la realidad guatemalteca a trav\u00e9s del arte.<\/p>\n<p style=\"text-align: justify;\">Su obra, perteneciente al realismo m\u00e1gico, ha enriquecido grandes museos e internacionalmente obtuvo m\u00faltiples reconocimientos.<\/p>\n<p style=\"text-align: center;\"><strong>\u201cId y Ense\u00f1ad a Todos\u201d<\/strong><\/p>\n<p style=\"text-align: justify;\">\u00a0<\/p>\n<h4 style=\"text-align: justify;\"><strong>Graduandos 2020<\/strong><\/h4>\n<p style=\"text-align: justify;\"><strong>vea el \u00e1lbum completo de graduandos\u00a0<\/strong><\/p>\n<p>\u00a0<\/p>\n\n\n\n<div style=\"text-align: center;\">\n<div style=\"margin: 8px 0px 4px;\"><a href=\"https:\/\/www.calameo.com\/books\/006338926c8436d4c1a9f\" target=\"_blank\" rel=\"noopener noreferrer\">Graduandos 2020<\/a><\/div>\n<iframe loading=\"lazy\" style=\"margin: 0 auto;\" src=\"\/\/v.calameo.com\/?bkcode=006338926c8436d4c1a9f\" width=\"300\" height=\"194\" frameborder=\"0\" scrolling=\"no\" allowfullscreen=\"allowfullscreen\"><\/iframe>\n<div style=\"margin: 4px 0px 8px;\"><a href=\"http:\/\/www.calameo.com\/\">Publish at Calameo<\/a><\/div>\n<\/div>\n\n\n\n<div class=\"wp-block-buttons is-layout-flex wp-block-buttons-is-layout-flex\">\n<div class=\"wp-block-button\"><a class=\"wp-block-button__link has-background has-vivid-cyan-blue-background-color\" href=\"https:\/\/soy.usac.edu.gt\/wp-content\/uploads\/2020\/12\/Albu%CC%81m-final.pdf\"><strong>Descarga ac\u00e1 el \u00e1lbum <\/strong><\/a><\/div>\n<\/div>\n","protected":false},"excerpt":{"rendered":"<p>Hoy se realizar\u00e1 el acto acad\u00e9mico virtual que conmemora el 76 aniversario de la autonom\u00eda universitaria. Como parte de la celebraci\u00f3n, se otorga la Medalla Universitaria y el reconocimiento Profesional Ilustre de las Ciencias Literarias; adem\u00e1s, recientemente se efectu\u00f3 la entrega de t\u00edtulos universitarios\u00a0 a estudiantes de centros universitarios y campus central.<\/p>\n","protected":false},"author":1,"featured_media":10061,"comment_status":"closed","ping_status":"open","sticky":false,"template":"","format":"standard","meta":{"_exactmetrics_skip_tracking":false,"_exactmetrics_sitenote_active":false,"_exactmetrics_sitenote_note":"","_exactmetrics_sitenote_category":0,"_jetpack_memberships_contains_paid_content":false,"footnotes":""},"categories":[29],"tags":[],"class_list":["post-12988","post","type-post","status-publish","format-standard","has-post-thumbnail","hentry","category-noticias"],"aioseo_notices":[],"jetpack_featured_media_url":"https:\/\/soy.usac.edu.gt\/wp-content\/uploads\/2019\/12\/DESTACADA.jpg","views":"","jetpack-related-posts":[{"id":21138,"url":"https:\/\/soy.usac.edu.gt\/?p=21138","url_meta":{"origin":12988,"position":0},"title":"USAC celebra 80 a\u00f1os de autonom\u00eda universitaria","author":"Divisi\u00f3n de Publicidad","date":"1 diciembre, 2024","format":false,"excerpt":"En un acto solemne la comunidad sancarlista festej\u00f3 ocho d\u00e9cadas de libertad acad\u00e9mica e independencia institucional.\u00a0 Autoridades, docentes y estudiantes se unieron para conmemorar la formaci\u00f3n de profesionales comprometidos con la soluci\u00f3n de los problemas nacionales, el pensamiento cr\u00edtico y la excelencia, un importante legado de la autonom\u00eda universitaria.\u00a0 Este\u2026","rel":"","context":"En \u00abEstudiantes\u00bb","block_context":{"text":"Estudiantes","link":"https:\/\/soy.usac.edu.gt\/?cat=585"},"img":{"alt_text":"","src":"https:\/\/i0.wp.com\/soy.usac.edu.gt\/wp-content\/uploads\/2024\/11\/WhatsApp-Image-2024-11-30-at-10.00.23-AM.jpeg?resize=350%2C200&ssl=1","width":350,"height":200,"srcset":"https:\/\/i0.wp.com\/soy.usac.edu.gt\/wp-content\/uploads\/2024\/11\/WhatsApp-Image-2024-11-30-at-10.00.23-AM.jpeg?resize=350%2C200&ssl=1 1x, https:\/\/i0.wp.com\/soy.usac.edu.gt\/wp-content\/uploads\/2024\/11\/WhatsApp-Image-2024-11-30-at-10.00.23-AM.jpeg?resize=525%2C300&ssl=1 1.5x, https:\/\/i0.wp.com\/soy.usac.edu.gt\/wp-content\/uploads\/2024\/11\/WhatsApp-Image-2024-11-30-at-10.00.23-AM.jpeg?resize=700%2C400&ssl=1 2x, https:\/\/i0.wp.com\/soy.usac.edu.gt\/wp-content\/uploads\/2024\/11\/WhatsApp-Image-2024-11-30-at-10.00.23-AM.jpeg?resize=1050%2C600&ssl=1 3x, https:\/\/i0.wp.com\/soy.usac.edu.gt\/wp-content\/uploads\/2024\/11\/WhatsApp-Image-2024-11-30-at-10.00.23-AM.jpeg?resize=1400%2C800&ssl=1 4x"},"classes":[]},{"id":16181,"url":"https:\/\/soy.usac.edu.gt\/?p=16181","url_meta":{"origin":12988,"position":1},"title":"El papel de la autonom\u00eda universitaria en la coyuntura nacional","author":"Divisi\u00f3n de Publicidad","date":"1 diciembre, 2021","format":false,"excerpt":"\u00bfCu\u00e1l es el legado y la importancia de defender la autonom\u00eda universitaria? Platicamos con pensadores sancarlistas para analizar este tema.","rel":"","context":"En \u00abNoticias\u00bb","block_context":{"text":"Noticias","link":"https:\/\/soy.usac.edu.gt\/?cat=29"},"img":{"alt_text":"","src":"https:\/\/i0.wp.com\/soy.usac.edu.gt\/wp-content\/uploads\/2021\/12\/papel-autonomi%CC%81a-2.jpeg?resize=350%2C200&ssl=1","width":350,"height":200,"srcset":"https:\/\/i0.wp.com\/soy.usac.edu.gt\/wp-content\/uploads\/2021\/12\/papel-autonomi%CC%81a-2.jpeg?resize=350%2C200&ssl=1 1x, https:\/\/i0.wp.com\/soy.usac.edu.gt\/wp-content\/uploads\/2021\/12\/papel-autonomi%CC%81a-2.jpeg?resize=525%2C300&ssl=1 1.5x, https:\/\/i0.wp.com\/soy.usac.edu.gt\/wp-content\/uploads\/2021\/12\/papel-autonomi%CC%81a-2.jpeg?resize=700%2C400&ssl=1 2x, https:\/\/i0.wp.com\/soy.usac.edu.gt\/wp-content\/uploads\/2021\/12\/papel-autonomi%CC%81a-2.jpeg?resize=1050%2C600&ssl=1 3x"},"classes":[]},{"id":10137,"url":"https:\/\/soy.usac.edu.gt\/?p=10137","url_meta":{"origin":12988,"position":2},"title":"USAC celebra 75 a\u00f1os de autonom\u00eda universitaria","author":"Edwin Medina","date":"1 diciembre, 2019","format":"video","excerpt":"En este d\u00eda la USAC conmemor\u00f3 75 a\u00f1os de impartir educaci\u00f3n superior al servicio de la poblaci\u00f3n, como un triunfo obtenido con la autonom\u00eda universitaria, proclamada en el Decreto No. 12 emitido por la Junta Revolucionaria de 1944.","rel":"","context":"En \u00abVideos\u00bb","block_context":{"text":"Videos","link":"https:\/\/soy.usac.edu.gt\/?cat=31"},"img":{"alt_text":"","src":"https:\/\/i0.wp.com\/soy.usac.edu.gt\/wp-content\/uploads\/2019\/12\/hqdefault-8.jpg?resize=350%2C200&ssl=1","width":350,"height":200},"classes":[]},{"id":10060,"url":"https:\/\/soy.usac.edu.gt\/?p=10060","url_meta":{"origin":12988,"position":3},"title":"USAC celebra 75 a\u00f1os de autonom\u00eda universitaria","author":"Divisi\u00f3n de Publicidad","date":"1 diciembre, 2019","format":false,"excerpt":"En este d\u00eda la USAC conmemor\u00f3 75 a\u00f1os de impartir educaci\u00f3n superior al servicio de la poblaci\u00f3n, como un triunfo obtenido con la autonom\u00eda universitaria,\u00a0 proclamada en el Decreto No. 12 emitido por la Junta Revolucionaria de 1944.","rel":"","context":"En \u00abEstudiantes\u00bb","block_context":{"text":"Estudiantes","link":"https:\/\/soy.usac.edu.gt\/?cat=585"},"img":{"alt_text":"","src":"https:\/\/i0.wp.com\/soy.usac.edu.gt\/wp-content\/uploads\/2019\/12\/DESTACADA.jpg?resize=350%2C200&ssl=1","width":350,"height":200,"srcset":"https:\/\/i0.wp.com\/soy.usac.edu.gt\/wp-content\/uploads\/2019\/12\/DESTACADA.jpg?resize=350%2C200&ssl=1 1x, https:\/\/i0.wp.com\/soy.usac.edu.gt\/wp-content\/uploads\/2019\/12\/DESTACADA.jpg?resize=525%2C300&ssl=1 1.5x, https:\/\/i0.wp.com\/soy.usac.edu.gt\/wp-content\/uploads\/2019\/12\/DESTACADA.jpg?resize=700%2C400&ssl=1 2x, https:\/\/i0.wp.com\/soy.usac.edu.gt\/wp-content\/uploads\/2019\/12\/DESTACADA.jpg?resize=1050%2C600&ssl=1 3x"},"classes":[]},{"id":3283,"url":"https:\/\/soy.usac.edu.gt\/?p=3283","url_meta":{"origin":12988,"position":4},"title":"Celebran 74 \u00a0a\u00f1os de autonom\u00eda universitaria","author":"Divisi\u00f3n de Publicidad","date":"1 diciembre, 2018","format":false,"excerpt":"En la plaza dedicada a \u00a0los h\u00e9roes y m\u00e1rtires de la Tricentenaria Universidad de San Carlos de Guatemala, se efectu\u00f3 el acto acad\u00e9mico en conmemoraci\u00f3n del 74\u00ba aniversario de la autonom\u00eda universitaria, donde estuvo presente el Consejo Superior Universitario; el rector, Ing. Murphy Paiz; y secretario general, Arq. Carlos Valladares.\u2026","rel":"","context":"En \u00abNoticias\u00bb","block_context":{"text":"Noticias","link":"https:\/\/soy.usac.edu.gt\/?cat=29"},"img":{"alt_text":"","src":"https:\/\/i0.wp.com\/soy.usac.edu.gt\/wp-content\/uploads\/2018\/12\/DSC_8323.jpg?resize=350%2C200&ssl=1","width":350,"height":200,"srcset":"https:\/\/i0.wp.com\/soy.usac.edu.gt\/wp-content\/uploads\/2018\/12\/DSC_8323.jpg?resize=350%2C200&ssl=1 1x, https:\/\/i0.wp.com\/soy.usac.edu.gt\/wp-content\/uploads\/2018\/12\/DSC_8323.jpg?resize=525%2C300&ssl=1 1.5x, https:\/\/i0.wp.com\/soy.usac.edu.gt\/wp-content\/uploads\/2018\/12\/DSC_8323.jpg?resize=700%2C400&ssl=1 2x, https:\/\/i0.wp.com\/soy.usac.edu.gt\/wp-content\/uploads\/2018\/12\/DSC_8323.jpg?resize=1050%2C600&ssl=1 3x, https:\/\/i0.wp.com\/soy.usac.edu.gt\/wp-content\/uploads\/2018\/12\/DSC_8323.jpg?resize=1400%2C800&ssl=1 4x"},"classes":[]},{"id":12979,"url":"https:\/\/soy.usac.edu.gt\/?p=12979","url_meta":{"origin":12988,"position":5},"title":"Edici\u00f3n No. 298 del Peri\u00f3dico de la USAC","author":"Divisi\u00f3n de Publicidad","date":"30 noviembre, 2020","format":false,"excerpt":"Lo m\u00e1s reciente de los acontecimientos de la universidad.","rel":"","context":"En \u00abNoticias\u00bb","block_context":{"text":"Noticias","link":"https:\/\/soy.usac.edu.gt\/?cat=29"},"img":{"alt_text":"","src":"https:\/\/i0.wp.com\/soy.usac.edu.gt\/wp-content\/uploads\/2020\/11\/Autonomi%CC%81a.jpg?resize=350%2C200&ssl=1","width":350,"height":200,"srcset":"https:\/\/i0.wp.com\/soy.usac.edu.gt\/wp-content\/uploads\/2020\/11\/Autonomi%CC%81a.jpg?resize=350%2C200&ssl=1 1x, https:\/\/i0.wp.com\/soy.usac.edu.gt\/wp-content\/uploads\/2020\/11\/Autonomi%CC%81a.jpg?resize=525%2C300&ssl=1 1.5x, https:\/\/i0.wp.com\/soy.usac.edu.gt\/wp-content\/uploads\/2020\/11\/Autonomi%CC%81a.jpg?resize=700%2C400&ssl=1 2x, https:\/\/i0.wp.com\/soy.usac.edu.gt\/wp-content\/uploads\/2020\/11\/Autonomi%CC%81a.jpg?resize=1050%2C600&ssl=1 3x"},"classes":[]}],"jetpack_sharing_enabled":true,"_links":{"self":[{"href":"https:\/\/soy.usac.edu.gt\/index.php?rest_route=\/wp\/v2\/posts\/12988","targetHints":{"allow":["GET"]}}],"collection":[{"href":"https:\/\/soy.usac.edu.gt\/index.php?rest_route=\/wp\/v2\/posts"}],"about":[{"href":"https:\/\/soy.usac.edu.gt\/index.php?rest_route=\/wp\/v2\/types\/post"}],"author":[{"embeddable":true,"href":"https:\/\/soy.usac.edu.gt\/index.php?rest_route=\/wp\/v2\/users\/1"}],"replies":[{"embeddable":true,"href":"https:\/\/soy.usac.edu.gt\/index.php?rest_route=%2Fwp%2Fv2%2Fcomments&post=12988"}],"version-history":[{"count":5,"href":"https:\/\/soy.usac.edu.gt\/index.php?rest_route=\/wp\/v2\/posts\/12988\/revisions"}],"predecessor-version":[{"id":12997,"href":"https:\/\/soy.usac.edu.gt\/index.php?rest_route=\/wp\/v2\/posts\/12988\/revisions\/12997"}],"wp:featuredmedia":[{"embeddable":true,"href":"https:\/\/soy.usac.edu.gt\/index.php?rest_route=\/wp\/v2\/media\/10061"}],"wp:attachment":[{"href":"https:\/\/soy.usac.edu.gt\/index.php?rest_route=%2Fwp%2Fv2%2Fmedia&parent=12988"}],"wp:term":[{"taxonomy":"category","embeddable":true,"href":"https:\/\/soy.usac.edu.gt\/index.php?rest_route=%2Fwp%2Fv2%2Fcategories&post=12988"},{"taxonomy":"post_tag","embeddable":true,"href":"https:\/\/soy.usac.edu.gt\/index.php?rest_route=%2Fwp%2Fv2%2Ftags&post=12988"}],"curies":[{"name":"wp","href":"https:\/\/api.w.org\/{rel}","templated":true}]}}