{"id":13039,"date":"2021-01-31T09:43:03","date_gmt":"2021-01-31T15:43:03","guid":{"rendered":"https:\/\/soy.usac.edu.gt\/?p=13039"},"modified":"2021-01-31T09:43:04","modified_gmt":"2021-01-31T15:43:04","slug":"servicios-virtuales-en-riesgo-por-la-toma-de-edificios","status":"publish","type":"post","link":"https:\/\/soy.usac.edu.gt\/?p=13039","title":{"rendered":"Servicios virtuales en riesgo por la toma de edificios"},"content":{"rendered":"\n<h4 style=\"text-align: center;\"><strong>El Consejo Superior Universitario de la Universidad de San Carlos de Guatemala y el Rector M. Sc. Ing. Murphy Olympo Paiz Recinos<\/strong><\/h4>\n<p style=\"text-align: center;\"><em><strong>En relaci\u00f3n con la toma de edificios de rector\u00eda y la direcci\u00f3n general de administraci\u00f3n, y sus repercusiones en la calidad del servicio virtual que se brinda a la comunidad <\/strong><\/em><\/p>\n<h4 style=\"text-align: center;\">INFORMAN:<\/h4>\n<p style=\"text-align: justify;\">1. Derivado de las tomas de los edificios de Rector\u00eda y la Direcci\u00f3n General de Administraci\u00f3n en septiembre de 2020, el Departamento de Procesamiento de Datos ha tenido inconvenientes para solventar los problemas de funcionamiento del equipo que utiliza la Universidad de San Carlos de Guatemala para brindar los servicios virtuales a la comunidad universitaria, incidentes que se han generado, en la mayor\u00eda de los casos, porque los t\u00e9cnicos no pueden ingresar en forma regular a dichas instalaciones.<\/p>\n<p style=\"text-align: justify;\">2. El 29 de enero de 2021, la presencia de los fen\u00f3menos clim\u00e1ticos provoc\u00f3 que un cableado el\u00e9ctrico sufriera da\u00f1os, hubo recorte del fluido el\u00e9ctrico, por lo que se cayeron los servidores. A pesar de las m\u00faltiples solicitudes de acceso inmediato al edificio DIGA, las personas que tienen tomadas las instalaciones indicaron que permitir\u00edan el acceso hasta que se les notificara la transcripci\u00f3n del acta de la sesi\u00f3n del Consejo Superior Universitario celebrada el mi\u00e9rcoles 27 de enero de 2021, en la cual vale destacar, se acord\u00f3 en uno de los puntos solicitar la intervenci\u00f3n del respetable Cardenal Monse\u00f1or \u00c1lvaro Leonel Ramazzini Imeri como mediador para integrar una nueva mesa de di\u00e1logo.<\/p>\n<p style=\"text-align: justify;\">3. Ante dicha emergencia, el Consejo Superior Universitario convoc\u00f3 a sesi\u00f3n extraordinaria para el s\u00e1bado 30 de enero de 2021, acordando la entrega de la transcripci\u00f3n de la referida acta, tambi\u00e9n acord\u00f3 solicitar la intervenci\u00f3n de la Procuradur\u00eda de los Derechos Humanos. No obstante haber accedido a la entrega de la documentaci\u00f3n requerida y en presencia de los delegados de la PDH, los se\u00f1ores que lideran la toma permitieron el ingreso condicionado a quince minutos \u00fanicamente, tiempo en el cual los t\u00e9cnicos trabajaron bajo presi\u00f3n; la Jefa del Departamento de Registro y Estad\u00edstica intent\u00f3 explicarles que se necesitaba m\u00e1s tiempo para levantar los procesos, sin embargo, todo el personal t\u00e9cnico fue retirado de las instalaciones y, como consecuencia, los servicios no pudieron reestablecerse completamente.<\/p>\n<p style=\"text-align: justify;\">4. El equipo del Departamento de Procesamiento de Datos corre el riesgo de sufrir da\u00f1os irreparables que pueden provocar la suspensi\u00f3n de forma indefinida de los servicios que se prestan de forma virtual a la comunidad universitaria, entre ellos:<\/p>\n<p style=\"text-align: justify;\">\u2022Servicio de internet en todo el Campus Central.<\/p>\n<p style=\"text-align: justify;\">\u2022Recepci\u00f3n de pagos (inscripci\u00f3n, certificaciones, togas, ex\u00e1menes generales, etc.). \u2022Pagos a estudiantes becados.<\/p>\n<p style=\"text-align: justify;\">\u2022Procesos de primer ingreso.<\/p>\n<p style=\"text-align: justify;\">\u2022Inscripciones, asignaciones, certificaciones, etc.<\/p>\n<p>\u00a0<\/p>\n<h4 style=\"text-align: center;\"><strong>POR TANTO: <\/strong><\/h4>\n<p style=\"text-align: justify;\">1. El Consejo Superior Universitario responsabiliza a las personas que tienen tomado el edificio de la Direcci\u00f3n General de Administraci\u00f3n de cualquier suspensi\u00f3n de servicios virtuales que presta la Universidad de San Carlos de Guatemala a la comunidad universitaria.<\/p>\n<p style=\"text-align: justify;\">2. El Consejo Superior Universitario exhorta a las personas que tienen tomados los edificios del Campus Central a que depongan sus medidas de hecho, las cuales a la presente fecha han quedado sin materia, y de mantenerlas, est\u00e1n afectando los servicios virtuales que presta la Universidad de San Carlos de Guatemala, que son esenciales para favorecer a toda la comunidad universitaria, especialmente, por la situaci\u00f3n que atraviesa el pa\u00eds por la pandemia de la enfermedad COVID-19.<\/p>\n<p style=\"text-align: justify;\">3. El Consejo Superior Universitario solicita a toda la comunidad universitaria su comprensi\u00f3n e informa que se buscan las alternativas que logren reestablecer los servicios acad\u00e9micos que deben ser prestados con seguridad y calidad a los miles de estudiantes universitarios ubicados en todo el pa\u00eds, que son la raz\u00f3n de ser de la Universidad y que se est\u00e1n viendo afectados por la toma de los edificios de Rector\u00eda y la Direcci\u00f3n General de Administraci\u00f3n.<\/p>\n<p style=\"text-align: center;\"><strong>Guatemala, 31 de enero de 2021 D\u00eda de la fundaci\u00f3n de nuestra casa de estudios 345 a\u00f1os de \u201cId y ense\u00f1ad a todos\u201d <\/strong><\/p>\n","protected":false},"excerpt":{"rendered":"","protected":false},"author":1,"featured_media":0,"comment_status":"closed","ping_status":"open","sticky":false,"template":"","format":"standard","meta":{"_exactmetrics_skip_tracking":false,"_exactmetrics_sitenote_active":false,"_exactmetrics_sitenote_note":"","_exactmetrics_sitenote_category":0,"_jetpack_memberships_contains_paid_content":false,"footnotes":""},"categories":[29,151],"tags":[317],"class_list":["post-13039","post","type-post","status-publish","format-standard","hentry","category-noticias","category-opinion","tag-consejo-superior-universitario"],"aioseo_notices":[],"jetpack_featured_media_url":"","views":"","jetpack-related-posts":[{"id":12406,"url":"https:\/\/soy.usac.edu.gt\/?p=12406","url_meta":{"origin":13039,"position":0},"title":"CSU se pronuncia ante los \u00faltimos sucesos","author":"Divisi\u00f3n de Publicidad","date":"18 septiembre, 2020","format":false,"excerpt":"Conclusiones alcanzadas del di\u00e1logo establecido","rel":"","context":"En \u00abNoticias\u00bb","block_context":{"text":"Noticias","link":"https:\/\/soy.usac.edu.gt\/?cat=29"},"img":{"alt_text":"","src":"https:\/\/i0.wp.com\/soy.usac.edu.gt\/wp-content\/uploads\/2020\/09\/boleti%CC%81n-informativo.jpg?resize=350%2C200&ssl=1","width":350,"height":200,"srcset":"https:\/\/i0.wp.com\/soy.usac.edu.gt\/wp-content\/uploads\/2020\/09\/boleti%CC%81n-informativo.jpg?resize=350%2C200&ssl=1 1x, https:\/\/i0.wp.com\/soy.usac.edu.gt\/wp-content\/uploads\/2020\/09\/boleti%CC%81n-informativo.jpg?resize=525%2C300&ssl=1 1.5x, https:\/\/i0.wp.com\/soy.usac.edu.gt\/wp-content\/uploads\/2020\/09\/boleti%CC%81n-informativo.jpg?resize=700%2C400&ssl=1 2x"},"classes":[]},{"id":12420,"url":"https:\/\/soy.usac.edu.gt\/?p=12420","url_meta":{"origin":13039,"position":1},"title":"Conclusiones alcanzadas en la  segunda jornada de di\u00e1logo","author":"Divisi\u00f3n de Publicidad","date":"21 septiembre, 2020","format":false,"excerpt":"Desde la toma del edificio de Rector\u00eda, el 10 de septiembre, y el desalojo del edificio de la Direcci\u00f3n General de Administraci\u00f3n (DIGA), el 17 de septiembre del presente a\u00f1o (ambas instalaciones ubicadas en el campus central), se ha activado el Protocolo Estrat\u00e9gico para Prevenir la Ocupaci\u00f3n de la Instalaciones\u2026","rel":"","context":"En \u00abNoticias\u00bb","block_context":{"text":"Noticias","link":"https:\/\/soy.usac.edu.gt\/?cat=29"},"img":{"alt_text":"","src":"https:\/\/i0.wp.com\/soy.usac.edu.gt\/wp-content\/uploads\/2020\/09\/boleti%CC%81n-informativo.jpg?resize=350%2C200&ssl=1","width":350,"height":200,"srcset":"https:\/\/i0.wp.com\/soy.usac.edu.gt\/wp-content\/uploads\/2020\/09\/boleti%CC%81n-informativo.jpg?resize=350%2C200&ssl=1 1x, https:\/\/i0.wp.com\/soy.usac.edu.gt\/wp-content\/uploads\/2020\/09\/boleti%CC%81n-informativo.jpg?resize=525%2C300&ssl=1 1.5x, https:\/\/i0.wp.com\/soy.usac.edu.gt\/wp-content\/uploads\/2020\/09\/boleti%CC%81n-informativo.jpg?resize=700%2C400&ssl=1 2x"},"classes":[]},{"id":12345,"url":"https:\/\/soy.usac.edu.gt\/?p=12345","url_meta":{"origin":13039,"position":2},"title":"CSU se pronuncia ante ocupaci\u00f3n de edificio de rector\u00eda","author":"Divisi\u00f3n de Publicidad","date":"11 septiembre, 2020","format":false,"excerpt":"Un llamado a los participantes en esta indebida acci\u00f3n de fuerza a deponer las medidas de hecho.","rel":"","context":"En \u00abNoticias\u00bb","block_context":{"text":"Noticias","link":"https:\/\/soy.usac.edu.gt\/?cat=29"},"img":{"alt_text":"","src":"","width":0,"height":0},"classes":[]},{"id":12217,"url":"https:\/\/soy.usac.edu.gt\/?p=12217","url_meta":{"origin":13039,"position":3},"title":"CSU ratifica la virtualidad en todos los procesos acad\u00e9micos y administrativos de la USAC","author":"Divisi\u00f3n de Publicidad","date":"15 agosto, 2020","format":false,"excerpt":"Todos los procesos administrativos y acad\u00e9micos se llevar\u00e1n a cabo de forma electr\u00f3nica.","rel":"","context":"En \u00abNoticias\u00bb","block_context":{"text":"Noticias","link":"https:\/\/soy.usac.edu.gt\/?cat=29"},"img":{"alt_text":"","src":"","width":0,"height":0},"classes":[]},{"id":17515,"url":"https:\/\/soy.usac.edu.gt\/?p=17515","url_meta":{"origin":13039,"position":4},"title":"Walter Mazariegos es electo rector de la USAC","author":"Divisi\u00f3n de Publicidad","date":"2 junio, 2022","format":false,"excerpt":"Con un total de 72 votos, el candidato fue electo por unanimidad el 14 de mayo. Posteriormente el Consejo\u00a0 Superior Universitario (CSU), reunido en sesi\u00f3n ordinaria, ratific\u00f3 con 21 votos a favor al M. A. Walter Mazariegos como rector.","rel":"","context":"En \u00abNoticias\u00bb","block_context":{"text":"Noticias","link":"https:\/\/soy.usac.edu.gt\/?cat=29"},"img":{"alt_text":"","src":"https:\/\/i0.wp.com\/soy.usac.edu.gt\/wp-content\/uploads\/2022\/06\/WhatsApp-Image-2022-06-02-at-9.55.25-AM-1.jpeg?resize=350%2C200&ssl=1","width":350,"height":200,"srcset":"https:\/\/i0.wp.com\/soy.usac.edu.gt\/wp-content\/uploads\/2022\/06\/WhatsApp-Image-2022-06-02-at-9.55.25-AM-1.jpeg?resize=350%2C200&ssl=1 1x, https:\/\/i0.wp.com\/soy.usac.edu.gt\/wp-content\/uploads\/2022\/06\/WhatsApp-Image-2022-06-02-at-9.55.25-AM-1.jpeg?resize=525%2C300&ssl=1 1.5x, https:\/\/i0.wp.com\/soy.usac.edu.gt\/wp-content\/uploads\/2022\/06\/WhatsApp-Image-2022-06-02-at-9.55.25-AM-1.jpeg?resize=700%2C400&ssl=1 2x"},"classes":[]},{"id":3687,"url":"https:\/\/soy.usac.edu.gt\/?p=3687","url_meta":{"origin":13039,"position":5},"title":"COMUNICADO DE PRENSA","author":"Divisi\u00f3n de Publicidad","date":"30 enero, 2019","format":false,"excerpt":"El Consejo Superior Universitario a todos los estudiantes de esta casa de estudios y al pueblo de Guatemala en general, INFORMA: 1. Que durante el ciclo de estudios superiores 2019 no se han registrado bautizos a estudiantes de primer ingreso, ya que estas acciones est\u00e1n prohibidas por el Consejo Superior\u2026","rel":"","context":"En \u00abNoticias\u00bb","block_context":{"text":"Noticias","link":"https:\/\/soy.usac.edu.gt\/?cat=29"},"img":{"alt_text":"","src":"https:\/\/i0.wp.com\/soy.usac.edu.gt\/wp-content\/uploads\/2019\/01\/Comunicado-de-prensa-01.jpg?resize=350%2C200&ssl=1","width":350,"height":200,"srcset":"https:\/\/i0.wp.com\/soy.usac.edu.gt\/wp-content\/uploads\/2019\/01\/Comunicado-de-prensa-01.jpg?resize=350%2C200&ssl=1 1x, https:\/\/i0.wp.com\/soy.usac.edu.gt\/wp-content\/uploads\/2019\/01\/Comunicado-de-prensa-01.jpg?resize=525%2C300&ssl=1 1.5x, https:\/\/i0.wp.com\/soy.usac.edu.gt\/wp-content\/uploads\/2019\/01\/Comunicado-de-prensa-01.jpg?resize=700%2C400&ssl=1 2x, https:\/\/i0.wp.com\/soy.usac.edu.gt\/wp-content\/uploads\/2019\/01\/Comunicado-de-prensa-01.jpg?resize=1050%2C600&ssl=1 3x, https:\/\/i0.wp.com\/soy.usac.edu.gt\/wp-content\/uploads\/2019\/01\/Comunicado-de-prensa-01.jpg?resize=1400%2C800&ssl=1 4x"},"classes":[]}],"jetpack_sharing_enabled":true,"_links":{"self":[{"href":"https:\/\/soy.usac.edu.gt\/index.php?rest_route=\/wp\/v2\/posts\/13039","targetHints":{"allow":["GET"]}}],"collection":[{"href":"https:\/\/soy.usac.edu.gt\/index.php?rest_route=\/wp\/v2\/posts"}],"about":[{"href":"https:\/\/soy.usac.edu.gt\/index.php?rest_route=\/wp\/v2\/types\/post"}],"author":[{"embeddable":true,"href":"https:\/\/soy.usac.edu.gt\/index.php?rest_route=\/wp\/v2\/users\/1"}],"replies":[{"embeddable":true,"href":"https:\/\/soy.usac.edu.gt\/index.php?rest_route=%2Fwp%2Fv2%2Fcomments&post=13039"}],"version-history":[{"count":1,"href":"https:\/\/soy.usac.edu.gt\/index.php?rest_route=\/wp\/v2\/posts\/13039\/revisions"}],"predecessor-version":[{"id":13040,"href":"https:\/\/soy.usac.edu.gt\/index.php?rest_route=\/wp\/v2\/posts\/13039\/revisions\/13040"}],"wp:attachment":[{"href":"https:\/\/soy.usac.edu.gt\/index.php?rest_route=%2Fwp%2Fv2%2Fmedia&parent=13039"}],"wp:term":[{"taxonomy":"category","embeddable":true,"href":"https:\/\/soy.usac.edu.gt\/index.php?rest_route=%2Fwp%2Fv2%2Fcategories&post=13039"},{"taxonomy":"post_tag","embeddable":true,"href":"https:\/\/soy.usac.edu.gt\/index.php?rest_route=%2Fwp%2Fv2%2Ftags&post=13039"}],"curies":[{"name":"wp","href":"https:\/\/api.w.org\/{rel}","templated":true}]}}