{"id":13055,"date":"2021-01-31T16:25:31","date_gmt":"2021-01-31T22:25:31","guid":{"rendered":"https:\/\/soy.usac.edu.gt\/?p=13055"},"modified":"2021-02-02T12:55:30","modified_gmt":"2021-02-02T18:55:30","slug":"grande-entre-las-grandes-del-mundo-2","status":"publish","type":"post","link":"https:\/\/soy.usac.edu.gt\/?p=13055","title":{"rendered":"Grande entre las grandes del mundo"},"content":{"rendered":"\n<p style=\"text-align: justify;\"><em><strong>La USAC conmemora su 345 aniversario.<\/strong><\/em><\/p>\n<p style=\"text-align: justify;\"><strong>\u00a0<\/strong>El 31 de enero de 1676 qued\u00f3 plasmado en una real c\u00e9dula el nacimiento de la primera universidad de Centroam\u00e9rica; antes de este hecho, transcurrieron m\u00e1s de 120 a\u00f1os en los que surgieron varios intentos para crear una instituci\u00f3n de educaci\u00f3n superior.<\/p>\n<p style=\"text-align: justify;\">Con un acto acad\u00e9mico en modalidad virtual, para respetar las restricciones que previenen la propagaci\u00f3n de la enfermedad COVID-19, \u00a0la Universidad de San Carlos de Guatemala conmemor\u00f3 su 345 aniversario de fundaci\u00f3n. La transmisi\u00f3n del evento se llev\u00f3 a cabo en el perfil oficial de Facebook.<\/p>\n<p style=\"text-align: justify;\">El acto estuvo presidido por el Rector M. Sc. Ing. Murphy Olympo Paiz Recinos y la Secretaria General de la USAC, Ing. \u00a0Marcia V\u00e9liz. Durante el evento dieron un discurso los representantes de los sindicatos de trabajadores Uriel Hern\u00e1ndez, de SINTRAUSAC; y Axel Siquin, del STUSC; tambi\u00e9n, Laura Aguiar, Secretaria General de la Asociaci\u00f3n de Estudiantes Universitarios Oliverio Casta\u00f1eda de Le\u00f3n (AEU), quienes recordaron a los sancarlistas que han puesto en alto a esta alma mater.<\/p>\n<p style=\"text-align: justify;\">Asimismo, se dio a conocer el acto en memoria a dos m\u00e1rtires universitarios; el periodista Juan Luis Molina Loza (desaparecido) y\u00a0 su esposa, Thelma Grazioso Faillace, asesinada. Ambos fueron v\u00edctimas del Ej\u00e9rcito de Guatemala. Se llev\u00f3 a cabo el cambio de clavel en el monumento de memoria ubicado en la Plaza de los M\u00e1rtires. Tambi\u00e9n se realiz\u00f3 la entrega de la Medalla Universitaria post mortem al destacado pintor Elmar Rojas; el reconocimiento fue recibido por una hija del artista, Mayar\u00ed Rojas, presidenta de la fundaci\u00f3n Elmar Rojas.<\/p>\n<p style=\"text-align: justify;\">Por \u00faltimo, el Rector envi\u00f3 un mensaje de unidad a toda la comunidad sancarlista y destac\u00f3 los avances en materia de educaci\u00f3n superior que ha tenido la Tricentenaria en sus 345 a\u00f1os de historia.<\/p>\n<p>\u00a0<\/p>\n\n\n\n<h2 class=\"wp-block-heading\">Vuelve a ver ac\u00e1 el acto de aniversario<\/h2>\n\n\n\n<p><iframe loading=\"lazy\" style=\"border: none; overflow: hidden;\" src=\"https:\/\/www.facebook.com\/plugins\/video.php?height=306&amp;href=https%3A%2F%2Fwww.facebook.com%2Fsoyusac%2Fvideos%2F236786671485141%2F&amp;show_text=false&amp;width=560\" width=\"560\" height=\"306\" frameborder=\"0\" scrolling=\"no\" allowfullscreen=\"allowfullscreen\"><\/iframe><\/p>\n\n\n\n<p><img loading=\"lazy\" decoding=\"async\" class=\"aligncenter size-full wp-image-8074\" src=\"https:\/\/soy.usac.edu.gt\/wp-content\/uploads\/2019\/09\/Cr\u00e9ditos-prensa-06.png\" alt=\"\" width=\"5079\" height=\"1960\" srcset=\"https:\/\/soy.usac.edu.gt\/wp-content\/uploads\/2019\/09\/Cr\u00e9ditos-prensa-06.png 5079w, https:\/\/soy.usac.edu.gt\/wp-content\/uploads\/2019\/09\/Cr\u00e9ditos-prensa-06-300x116.png 300w, https:\/\/soy.usac.edu.gt\/wp-content\/uploads\/2019\/09\/Cr\u00e9ditos-prensa-06-768x296.png 768w, https:\/\/soy.usac.edu.gt\/wp-content\/uploads\/2019\/09\/Cr\u00e9ditos-prensa-06-1024x395.png 1024w, https:\/\/soy.usac.edu.gt\/wp-content\/uploads\/2019\/09\/Cr\u00e9ditos-prensa-06-1088x420.png 1088w, https:\/\/soy.usac.edu.gt\/wp-content\/uploads\/2019\/09\/Cr\u00e9ditos-prensa-06-640x247.png 640w, https:\/\/soy.usac.edu.gt\/wp-content\/uploads\/2019\/09\/Cr\u00e9ditos-prensa-06-681x263.png 681w\" sizes=\"auto, (max-width: 5079px) 100vw, 5079px\" \/><\/p>\n","protected":false},"excerpt":{"rendered":"<p>La USAC conmemora su 345 aniversario.<\/p>\n","protected":false},"author":1,"featured_media":13042,"comment_status":"closed","ping_status":"open","sticky":false,"template":"","format":"standard","meta":{"_exactmetrics_skip_tracking":false,"_exactmetrics_sitenote_active":false,"_exactmetrics_sitenote_note":"","_exactmetrics_sitenote_category":0,"_jetpack_memberships_contains_paid_content":false,"footnotes":""},"categories":[29],"tags":[],"class_list":["post-13055","post","type-post","status-publish","format-standard","has-post-thumbnail","hentry","category-noticias"],"aioseo_notices":[],"jetpack_featured_media_url":"https:\/\/soy.usac.edu.gt\/wp-content\/uploads\/2021\/01\/edificios-usac3.png","views":"","jetpack-related-posts":[{"id":8111,"url":"https:\/\/soy.usac.edu.gt\/?p=8111","url_meta":{"origin":13055,"position":0},"title":"Conmemoran 198 a\u00f1os de Independencia","author":"Divisi\u00f3n de Publicidad","date":"12 septiembre, 2019","format":false,"excerpt":"La USAC realiz\u00f3 una serie de actividades para conmemorar la Independencia de Guatemala.","rel":"","context":"En \u00abNoticias\u00bb","block_context":{"text":"Noticias","link":"https:\/\/soy.usac.edu.gt\/?cat=29"},"img":{"alt_text":"","src":"https:\/\/i0.wp.com\/soy.usac.edu.gt\/wp-content\/uploads\/2019\/09\/PORTADACEIBA.jpg?resize=350%2C200&ssl=1","width":350,"height":200,"srcset":"https:\/\/i0.wp.com\/soy.usac.edu.gt\/wp-content\/uploads\/2019\/09\/PORTADACEIBA.jpg?resize=350%2C200&ssl=1 1x, https:\/\/i0.wp.com\/soy.usac.edu.gt\/wp-content\/uploads\/2019\/09\/PORTADACEIBA.jpg?resize=525%2C300&ssl=1 1.5x, https:\/\/i0.wp.com\/soy.usac.edu.gt\/wp-content\/uploads\/2019\/09\/PORTADACEIBA.jpg?resize=700%2C400&ssl=1 2x, https:\/\/i0.wp.com\/soy.usac.edu.gt\/wp-content\/uploads\/2019\/09\/PORTADACEIBA.jpg?resize=1050%2C600&ssl=1 3x, https:\/\/i0.wp.com\/soy.usac.edu.gt\/wp-content\/uploads\/2019\/09\/PORTADACEIBA.jpg?resize=1400%2C800&ssl=1 4x"},"classes":[]},{"id":21938,"url":"https:\/\/soy.usac.edu.gt\/?p=21938","url_meta":{"origin":13055,"position":1},"title":"La Universidad de San Carlos conmemora 204 a\u00f1os de independencia junto a su comunidad","author":"Divisi\u00f3n de Publicidad","date":"12 septiembre, 2025","format":false,"excerpt":"En la Plaza de las Banderas, la Universidad de San Carlos de Guatemala celebr\u00f3 un acto c\u00edvico lleno de identidad y tradici\u00f3n para conmemorar los 204 a\u00f1os de independencia del pa\u00eds. Como autoridades destacaron el Ing. Luis Pedro Ortiz, Director General de Administraci\u00f3n, y el Lic. Luis Fernando Cord\u00f3n, Secretario\u2026","rel":"","context":"En \u00abActividades\u00bb","block_context":{"text":"Actividades","link":"https:\/\/soy.usac.edu.gt\/?cat=126"},"img":{"alt_text":"","src":"https:\/\/i0.wp.com\/soy.usac.edu.gt\/wp-content\/uploads\/2025\/09\/WhatsApp-Image-2025-09-12-at-12.39.03-PM-scaled.jpeg?resize=350%2C200&ssl=1","width":350,"height":200,"srcset":"https:\/\/i0.wp.com\/soy.usac.edu.gt\/wp-content\/uploads\/2025\/09\/WhatsApp-Image-2025-09-12-at-12.39.03-PM-scaled.jpeg?resize=350%2C200&ssl=1 1x, https:\/\/i0.wp.com\/soy.usac.edu.gt\/wp-content\/uploads\/2025\/09\/WhatsApp-Image-2025-09-12-at-12.39.03-PM-scaled.jpeg?resize=525%2C300&ssl=1 1.5x, https:\/\/i0.wp.com\/soy.usac.edu.gt\/wp-content\/uploads\/2025\/09\/WhatsApp-Image-2025-09-12-at-12.39.03-PM-scaled.jpeg?resize=700%2C400&ssl=1 2x, https:\/\/i0.wp.com\/soy.usac.edu.gt\/wp-content\/uploads\/2025\/09\/WhatsApp-Image-2025-09-12-at-12.39.03-PM-scaled.jpeg?resize=1050%2C600&ssl=1 3x, https:\/\/i0.wp.com\/soy.usac.edu.gt\/wp-content\/uploads\/2025\/09\/WhatsApp-Image-2025-09-12-at-12.39.03-PM-scaled.jpeg?resize=1400%2C800&ssl=1 4x"},"classes":[]},{"id":5738,"url":"https:\/\/soy.usac.edu.gt\/?p=5738","url_meta":{"origin":13055,"position":2},"title":"Reconocen labor de trabajadores sancarlistas","author":"Divisi\u00f3n de Publicidad","date":"1 mayo, 2019","format":false,"excerpt":"En la plaza de los m\u00e1rtires se llev\u00f3 a cabo un acto conmemorativo por el d\u00eda internacional del trabajo, en el que trabajadores administrativos fueron reconocidos por su trayectoria y aporte a la instituci\u00f3n.","rel":"","context":"En \u00abNoticias\u00bb","block_context":{"text":"Noticias","link":"https:\/\/soy.usac.edu.gt\/?cat=29"},"img":{"alt_text":"","src":"https:\/\/i0.wp.com\/soy.usac.edu.gt\/wp-content\/uploads\/2019\/04\/1-1.jpg?resize=350%2C200&ssl=1","width":350,"height":200,"srcset":"https:\/\/i0.wp.com\/soy.usac.edu.gt\/wp-content\/uploads\/2019\/04\/1-1.jpg?resize=350%2C200&ssl=1 1x, https:\/\/i0.wp.com\/soy.usac.edu.gt\/wp-content\/uploads\/2019\/04\/1-1.jpg?resize=525%2C300&ssl=1 1.5x, https:\/\/i0.wp.com\/soy.usac.edu.gt\/wp-content\/uploads\/2019\/04\/1-1.jpg?resize=700%2C400&ssl=1 2x, https:\/\/i0.wp.com\/soy.usac.edu.gt\/wp-content\/uploads\/2019\/04\/1-1.jpg?resize=1050%2C600&ssl=1 3x, https:\/\/i0.wp.com\/soy.usac.edu.gt\/wp-content\/uploads\/2019\/04\/1-1.jpg?resize=1400%2C800&ssl=1 4x"},"classes":[]},{"id":21179,"url":"https:\/\/soy.usac.edu.gt\/?p=21179","url_meta":{"origin":13055,"position":3},"title":"USAC: 349 a\u00f1os transformando la educaci\u00f3n","author":"Divisi\u00f3n de Publicidad","date":"31 enero, 2025","format":false,"excerpt":"En un emotivo acto, la comunidad universitaria conmemor\u00f3 la trayectoria de esta instituci\u00f3n como un legado que se forja constantemente para innovar y garantizar una educaci\u00f3n superior aut\u00f3noma, p\u00fablica y gratuita. \u00a0 Autoridades universitarias, estudiantes, docentes y trabajadores administrativos se reunieron para reconocer y reafirmar el papel de la USAC\u2026","rel":"","context":"En \u00abActividades\u00bb","block_context":{"text":"Actividades","link":"https:\/\/soy.usac.edu.gt\/?cat=126"},"img":{"alt_text":"","src":"https:\/\/i0.wp.com\/soy.usac.edu.gt\/wp-content\/uploads\/2025\/01\/WhatsApp-Image-2025-01-29-at-5.05.46-PM-2.jpeg?resize=350%2C200&ssl=1","width":350,"height":200,"srcset":"https:\/\/i0.wp.com\/soy.usac.edu.gt\/wp-content\/uploads\/2025\/01\/WhatsApp-Image-2025-01-29-at-5.05.46-PM-2.jpeg?resize=350%2C200&ssl=1 1x, https:\/\/i0.wp.com\/soy.usac.edu.gt\/wp-content\/uploads\/2025\/01\/WhatsApp-Image-2025-01-29-at-5.05.46-PM-2.jpeg?resize=525%2C300&ssl=1 1.5x, https:\/\/i0.wp.com\/soy.usac.edu.gt\/wp-content\/uploads\/2025\/01\/WhatsApp-Image-2025-01-29-at-5.05.46-PM-2.jpeg?resize=700%2C400&ssl=1 2x, https:\/\/i0.wp.com\/soy.usac.edu.gt\/wp-content\/uploads\/2025\/01\/WhatsApp-Image-2025-01-29-at-5.05.46-PM-2.jpeg?resize=1050%2C600&ssl=1 3x"},"classes":[]},{"id":3283,"url":"https:\/\/soy.usac.edu.gt\/?p=3283","url_meta":{"origin":13055,"position":4},"title":"Celebran 74 \u00a0a\u00f1os de autonom\u00eda universitaria","author":"Divisi\u00f3n de Publicidad","date":"1 diciembre, 2018","format":false,"excerpt":"En la plaza dedicada a \u00a0los h\u00e9roes y m\u00e1rtires de la Tricentenaria Universidad de San Carlos de Guatemala, se efectu\u00f3 el acto acad\u00e9mico en conmemoraci\u00f3n del 74\u00ba aniversario de la autonom\u00eda universitaria, donde estuvo presente el Consejo Superior Universitario; el rector, Ing. Murphy Paiz; y secretario general, Arq. Carlos Valladares.\u2026","rel":"","context":"En \u00abNoticias\u00bb","block_context":{"text":"Noticias","link":"https:\/\/soy.usac.edu.gt\/?cat=29"},"img":{"alt_text":"","src":"https:\/\/i0.wp.com\/soy.usac.edu.gt\/wp-content\/uploads\/2018\/12\/DSC_8323.jpg?resize=350%2C200&ssl=1","width":350,"height":200,"srcset":"https:\/\/i0.wp.com\/soy.usac.edu.gt\/wp-content\/uploads\/2018\/12\/DSC_8323.jpg?resize=350%2C200&ssl=1 1x, https:\/\/i0.wp.com\/soy.usac.edu.gt\/wp-content\/uploads\/2018\/12\/DSC_8323.jpg?resize=525%2C300&ssl=1 1.5x, https:\/\/i0.wp.com\/soy.usac.edu.gt\/wp-content\/uploads\/2018\/12\/DSC_8323.jpg?resize=700%2C400&ssl=1 2x, https:\/\/i0.wp.com\/soy.usac.edu.gt\/wp-content\/uploads\/2018\/12\/DSC_8323.jpg?resize=1050%2C600&ssl=1 3x, https:\/\/i0.wp.com\/soy.usac.edu.gt\/wp-content\/uploads\/2018\/12\/DSC_8323.jpg?resize=1400%2C800&ssl=1 4x"},"classes":[]},{"id":19875,"url":"https:\/\/soy.usac.edu.gt\/?p=19875","url_meta":{"origin":13055,"position":5},"title":"Conmemoran 348 a\u00f1os de fundaci\u00f3n de la Universidad de San Carlos de Guatemala","author":"Luis Pedro Barrios Quinteros","date":"31 enero, 2024","format":false,"excerpt":"Fotograf\u00edas de Iv\u00e1n de Le\u00f3n Con una emotiva ceremonia, la Universidad de San Carlos de Guatemala conmemor\u00f3 348 a\u00f1os de historia en el Colegio Mayor Santo Tom\u00e1s de Aquino, su primera sede. En el acto participaron miembros del Consejo Superior Universitario, directores de centros universitarios y autoridades de esta casa\u2026","rel":"","context":"En \u00abNoticias\u00bb","block_context":{"text":"Noticias","link":"https:\/\/soy.usac.edu.gt\/?cat=29"},"img":{"alt_text":"","src":"https:\/\/i0.wp.com\/soy.usac.edu.gt\/wp-content\/uploads\/2024\/01\/WhatsApp-Image-2024-01-31-at-10.30.06-AM-1.jpeg?resize=350%2C200&ssl=1","width":350,"height":200,"srcset":"https:\/\/i0.wp.com\/soy.usac.edu.gt\/wp-content\/uploads\/2024\/01\/WhatsApp-Image-2024-01-31-at-10.30.06-AM-1.jpeg?resize=350%2C200&ssl=1 1x, https:\/\/i0.wp.com\/soy.usac.edu.gt\/wp-content\/uploads\/2024\/01\/WhatsApp-Image-2024-01-31-at-10.30.06-AM-1.jpeg?resize=525%2C300&ssl=1 1.5x, https:\/\/i0.wp.com\/soy.usac.edu.gt\/wp-content\/uploads\/2024\/01\/WhatsApp-Image-2024-01-31-at-10.30.06-AM-1.jpeg?resize=700%2C400&ssl=1 2x, https:\/\/i0.wp.com\/soy.usac.edu.gt\/wp-content\/uploads\/2024\/01\/WhatsApp-Image-2024-01-31-at-10.30.06-AM-1.jpeg?resize=1050%2C600&ssl=1 3x, https:\/\/i0.wp.com\/soy.usac.edu.gt\/wp-content\/uploads\/2024\/01\/WhatsApp-Image-2024-01-31-at-10.30.06-AM-1.jpeg?resize=1400%2C800&ssl=1 4x"},"classes":[]}],"jetpack_sharing_enabled":true,"_links":{"self":[{"href":"https:\/\/soy.usac.edu.gt\/index.php?rest_route=\/wp\/v2\/posts\/13055","targetHints":{"allow":["GET"]}}],"collection":[{"href":"https:\/\/soy.usac.edu.gt\/index.php?rest_route=\/wp\/v2\/posts"}],"about":[{"href":"https:\/\/soy.usac.edu.gt\/index.php?rest_route=\/wp\/v2\/types\/post"}],"author":[{"embeddable":true,"href":"https:\/\/soy.usac.edu.gt\/index.php?rest_route=\/wp\/v2\/users\/1"}],"replies":[{"embeddable":true,"href":"https:\/\/soy.usac.edu.gt\/index.php?rest_route=%2Fwp%2Fv2%2Fcomments&post=13055"}],"version-history":[{"count":5,"href":"https:\/\/soy.usac.edu.gt\/index.php?rest_route=\/wp\/v2\/posts\/13055\/revisions"}],"predecessor-version":[{"id":13069,"href":"https:\/\/soy.usac.edu.gt\/index.php?rest_route=\/wp\/v2\/posts\/13055\/revisions\/13069"}],"wp:featuredmedia":[{"embeddable":true,"href":"https:\/\/soy.usac.edu.gt\/index.php?rest_route=\/wp\/v2\/media\/13042"}],"wp:attachment":[{"href":"https:\/\/soy.usac.edu.gt\/index.php?rest_route=%2Fwp%2Fv2%2Fmedia&parent=13055"}],"wp:term":[{"taxonomy":"category","embeddable":true,"href":"https:\/\/soy.usac.edu.gt\/index.php?rest_route=%2Fwp%2Fv2%2Fcategories&post=13055"},{"taxonomy":"post_tag","embeddable":true,"href":"https:\/\/soy.usac.edu.gt\/index.php?rest_route=%2Fwp%2Fv2%2Ftags&post=13055"}],"curies":[{"name":"wp","href":"https:\/\/api.w.org\/{rel}","templated":true}]}}