{"id":13092,"date":"2021-02-05T14:44:48","date_gmt":"2021-02-05T20:44:48","guid":{"rendered":"https:\/\/soy.usac.edu.gt\/?p=13092"},"modified":"2021-02-05T14:44:49","modified_gmt":"2021-02-05T20:44:49","slug":"conozca-a-la-nueva-secretaria-general-de-la-usac","status":"publish","type":"post","link":"https:\/\/soy.usac.edu.gt\/?p=13092","title":{"rendered":"Conozca a la nueva Secretaria General de la USAC"},"content":{"rendered":"\n<p style=\"text-align: justify;\"><em><strong>Desde el pasado 8 de enero de 2021, la ing. Marcia V\u00e9liz es la nueva Secretaria General de la Universidad, en sustituci\u00f3n del arq. Carlos Valladares.\u00a0<\/strong><\/em><\/p>\n<p style=\"text-align: justify;\">La ingeniera Marcia Ivonne V\u00e9liz Vargas posee una amplia formaci\u00f3n t\u00e9cnica. Graduada de ingeniera industrial en 1984, realiza estudios de Doctorado en Investigaci\u00f3n en la USAC. Cuenta con estudios en la Universidad de Almer\u00eda, Espa\u00f1a, donde recibi\u00f3 el t\u00edtulo de maestra en Tecnolog\u00eda de Invernaderos e ingeniera industrial y ambiental. As\u00ed mismo, cuenta con un diplomado y pensum cerrado en la Maestr\u00eda en Educaci\u00f3n Superior. Ha participado en m\u00faltiples congresos y seminarios nacionales e internacionales.<\/p>\n<p style=\"text-align: justify;\">Fue coordinadora del Programa de Pr\u00e1cticas de la Escuela Mec\u00e1nica Industrial de la Facultad de Ingenier\u00eda, directora de la Escuela de Ing. Mec\u00e1nica Industrial, secretaria acad\u00e9mica de la Facultad de Ingenier\u00eda, jefa de la Divisi\u00f3n de Servicios Generales, directora general de administraci\u00f3n y asesora de Rector\u00eda.<\/p>\n","protected":false},"excerpt":{"rendered":"<p>Desde el pasado 8 de enero de 2021, la ing. Marcia V\u00e9liz es la nueva Secretaria General de la Universidad, en sustituci\u00f3n del arq. Carlos Valladares.\u00a0<\/p>\n","protected":false},"author":1,"featured_media":13086,"comment_status":"closed","ping_status":"open","sticky":false,"template":"","format":"standard","meta":{"_exactmetrics_skip_tracking":false,"_exactmetrics_sitenote_active":false,"_exactmetrics_sitenote_note":"","_exactmetrics_sitenote_category":0,"_jetpack_memberships_contains_paid_content":false,"footnotes":""},"categories":[29],"tags":[395],"class_list":["post-13092","post","type-post","status-publish","format-standard","has-post-thumbnail","hentry","category-noticias","tag-secretaria-general"],"aioseo_notices":[],"jetpack_featured_media_url":"https:\/\/soy.usac.edu.gt\/wp-content\/uploads\/2021\/02\/WhatsApp-Image-2021-02-05-at-11.54.18-AM.jpeg","views":"","jetpack-related-posts":[{"id":13055,"url":"https:\/\/soy.usac.edu.gt\/?p=13055","url_meta":{"origin":13092,"position":0},"title":"Grande entre las grandes del mundo","author":"Divisi\u00f3n de Publicidad","date":"31 enero, 2021","format":false,"excerpt":"La USAC conmemora su 345 aniversario.","rel":"","context":"En \u00abNoticias\u00bb","block_context":{"text":"Noticias","link":"https:\/\/soy.usac.edu.gt\/?cat=29"},"img":{"alt_text":"","src":"https:\/\/i0.wp.com\/soy.usac.edu.gt\/wp-content\/uploads\/2021\/01\/edificios-usac3.png?resize=350%2C200&ssl=1","width":350,"height":200,"srcset":"https:\/\/i0.wp.com\/soy.usac.edu.gt\/wp-content\/uploads\/2021\/01\/edificios-usac3.png?resize=350%2C200&ssl=1 1x, https:\/\/i0.wp.com\/soy.usac.edu.gt\/wp-content\/uploads\/2021\/01\/edificios-usac3.png?resize=525%2C300&ssl=1 1.5x, https:\/\/i0.wp.com\/soy.usac.edu.gt\/wp-content\/uploads\/2021\/01\/edificios-usac3.png?resize=700%2C400&ssl=1 2x, https:\/\/i0.wp.com\/soy.usac.edu.gt\/wp-content\/uploads\/2021\/01\/edificios-usac3.png?resize=1050%2C600&ssl=1 3x, https:\/\/i0.wp.com\/soy.usac.edu.gt\/wp-content\/uploads\/2021\/01\/edificios-usac3.png?resize=1400%2C800&ssl=1 4x"},"classes":[]},{"id":14631,"url":"https:\/\/soy.usac.edu.gt\/?p=14631","url_meta":{"origin":13092,"position":1},"title":"Escuela de Ciencia Pol\u00edtica y el IUMUSAC fomentar\u00e1n la equidad de g\u00e9nero","author":"Divisi\u00f3n de Publicidad","date":"18 junio, 2021","format":false,"excerpt":"Ambas dependencias de la USAC trabajar\u00e1n en conjunto actividades enfocadas en los derechos humanos de las mujeres.\u00a0","rel":"","context":"En \u00abNoticias\u00bb","block_context":{"text":"Noticias","link":"https:\/\/soy.usac.edu.gt\/?cat=29"},"img":{"alt_text":"","src":"https:\/\/i0.wp.com\/soy.usac.edu.gt\/wp-content\/uploads\/2021\/06\/mujeres-universitarias.jpeg?resize=350%2C200&ssl=1","width":350,"height":200,"srcset":"https:\/\/i0.wp.com\/soy.usac.edu.gt\/wp-content\/uploads\/2021\/06\/mujeres-universitarias.jpeg?resize=350%2C200&ssl=1 1x, https:\/\/i0.wp.com\/soy.usac.edu.gt\/wp-content\/uploads\/2021\/06\/mujeres-universitarias.jpeg?resize=525%2C300&ssl=1 1.5x, https:\/\/i0.wp.com\/soy.usac.edu.gt\/wp-content\/uploads\/2021\/06\/mujeres-universitarias.jpeg?resize=700%2C400&ssl=1 2x, https:\/\/i0.wp.com\/soy.usac.edu.gt\/wp-content\/uploads\/2021\/06\/mujeres-universitarias.jpeg?resize=1050%2C600&ssl=1 3x"},"classes":[]},{"id":14401,"url":"https:\/\/soy.usac.edu.gt\/?p=14401","url_meta":{"origin":13092,"position":2},"title":"USAC reconoce a sus estudiantes destacados","author":"Divisi\u00f3n de Publicidad","date":"28 mayo, 2021","format":false,"excerpt":"La universidad reconoci\u00f3 a un total de 69 sancarlistas por m\u00e9ritos acad\u00e9micos y de liderazgo.","rel":"","context":"En \u00abEstudiantes\u00bb","block_context":{"text":"Estudiantes","link":"https:\/\/soy.usac.edu.gt\/?cat=585"},"img":{"alt_text":"","src":"https:\/\/i0.wp.com\/soy.usac.edu.gt\/wp-content\/uploads\/2021\/05\/estudiantes1.jpeg?resize=350%2C200&ssl=1","width":350,"height":200,"srcset":"https:\/\/i0.wp.com\/soy.usac.edu.gt\/wp-content\/uploads\/2021\/05\/estudiantes1.jpeg?resize=350%2C200&ssl=1 1x, https:\/\/i0.wp.com\/soy.usac.edu.gt\/wp-content\/uploads\/2021\/05\/estudiantes1.jpeg?resize=525%2C300&ssl=1 1.5x, https:\/\/i0.wp.com\/soy.usac.edu.gt\/wp-content\/uploads\/2021\/05\/estudiantes1.jpeg?resize=700%2C400&ssl=1 2x, https:\/\/i0.wp.com\/soy.usac.edu.gt\/wp-content\/uploads\/2021\/05\/estudiantes1.jpeg?resize=1050%2C600&ssl=1 3x"},"classes":[]},{"id":13057,"url":"https:\/\/soy.usac.edu.gt\/?p=13057","url_meta":{"origin":13092,"position":3},"title":"USAC est\u00e1 lista para recibir expedientes para elegir magistrado titular y suplente ante la CC","author":"Divisi\u00f3n de Publicidad","date":"1 febrero, 2021","format":false,"excerpt":"Esta ma\u00f1ana trabajadores de la USAC empezaron la preparaci\u00f3n para recibir expedientes de abogados para iniciar el proceso de selecci\u00f3n de magistrado titular y suplente","rel":"","context":"En \u00abNoticias\u00bb","block_context":{"text":"Noticias","link":"https:\/\/soy.usac.edu.gt\/?cat=29"},"img":{"alt_text":"","src":"https:\/\/i0.wp.com\/soy.usac.edu.gt\/wp-content\/uploads\/2021\/02\/WhatsApp-Image-2021-02-01-at-9.50.12-AM.jpeg?resize=350%2C200&ssl=1","width":350,"height":200,"srcset":"https:\/\/i0.wp.com\/soy.usac.edu.gt\/wp-content\/uploads\/2021\/02\/WhatsApp-Image-2021-02-01-at-9.50.12-AM.jpeg?resize=350%2C200&ssl=1 1x, https:\/\/i0.wp.com\/soy.usac.edu.gt\/wp-content\/uploads\/2021\/02\/WhatsApp-Image-2021-02-01-at-9.50.12-AM.jpeg?resize=525%2C300&ssl=1 1.5x, https:\/\/i0.wp.com\/soy.usac.edu.gt\/wp-content\/uploads\/2021\/02\/WhatsApp-Image-2021-02-01-at-9.50.12-AM.jpeg?resize=700%2C400&ssl=1 2x, https:\/\/i0.wp.com\/soy.usac.edu.gt\/wp-content\/uploads\/2021\/02\/WhatsApp-Image-2021-02-01-at-9.50.12-AM.jpeg?resize=1050%2C600&ssl=1 3x"},"classes":[]},{"id":7444,"url":"https:\/\/soy.usac.edu.gt\/?p=7444","url_meta":{"origin":13092,"position":4},"title":"Anabela C\u00f3rdova, primera mujer que asume la decanatura de\u00a0 Ingenier\u00eda","author":"Erick Iv\u00e1n de Le\u00f3n","date":"15 julio, 2019","format":false,"excerpt":"El Consejo Superior Universitario jurament\u00f3 a la ingeniera Aurelia Anabela C\u00f3rdova Estrada para ejercer el cargo de decana de la Facultad de Ingenier\u00eda, per\u00edodo 2019-2023.","rel":"","context":"En \u00abNoticias\u00bb","block_context":{"text":"Noticias","link":"https:\/\/soy.usac.edu.gt\/?cat=29"},"img":{"alt_text":"","src":"https:\/\/i0.wp.com\/soy.usac.edu.gt\/wp-content\/uploads\/2019\/07\/JURAMENTACI%C3%93N-ING.-1.jpg?resize=350%2C200&ssl=1","width":350,"height":200,"srcset":"https:\/\/i0.wp.com\/soy.usac.edu.gt\/wp-content\/uploads\/2019\/07\/JURAMENTACI%C3%93N-ING.-1.jpg?resize=350%2C200&ssl=1 1x, https:\/\/i0.wp.com\/soy.usac.edu.gt\/wp-content\/uploads\/2019\/07\/JURAMENTACI%C3%93N-ING.-1.jpg?resize=525%2C300&ssl=1 1.5x, https:\/\/i0.wp.com\/soy.usac.edu.gt\/wp-content\/uploads\/2019\/07\/JURAMENTACI%C3%93N-ING.-1.jpg?resize=700%2C400&ssl=1 2x, https:\/\/i0.wp.com\/soy.usac.edu.gt\/wp-content\/uploads\/2019\/07\/JURAMENTACI%C3%93N-ING.-1.jpg?resize=1050%2C600&ssl=1 3x, https:\/\/i0.wp.com\/soy.usac.edu.gt\/wp-content\/uploads\/2019\/07\/JURAMENTACI%C3%93N-ING.-1.jpg?resize=1400%2C800&ssl=1 4x"},"classes":[]},{"id":10778,"url":"https:\/\/soy.usac.edu.gt\/?p=10778","url_meta":{"origin":13092,"position":5},"title":"Ingeniera qu\u00edmica sancarlista gana premio internacional\u00a0","author":"Divisi\u00f3n de Publicidad","date":"18 febrero, 2020","format":false,"excerpt":"La Dra. Susana Arrechea fue reconocida con el galard\u00f3n Our Award-Winning Women in Science (OWSD), de la Fundaci\u00f3n Elsevier, en la categor\u00eda de Mujeres Cient\u00edficas en el Mundo en Desarrollo.\u00a0","rel":"","context":"En \u00abCiencia y Tecnolog\u00eda\u00bb","block_context":{"text":"Ciencia y Tecnolog\u00eda","link":"https:\/\/soy.usac.edu.gt\/?cat=122"},"img":{"alt_text":"","src":"https:\/\/i0.wp.com\/soy.usac.edu.gt\/wp-content\/uploads\/2020\/02\/Susana-Arrechea-gano-premio-OWSD-Elsevier-para-Mujeres-Cientificas.jpg?resize=350%2C200&ssl=1","width":350,"height":200,"srcset":"https:\/\/i0.wp.com\/soy.usac.edu.gt\/wp-content\/uploads\/2020\/02\/Susana-Arrechea-gano-premio-OWSD-Elsevier-para-Mujeres-Cientificas.jpg?resize=350%2C200&ssl=1 1x, https:\/\/i0.wp.com\/soy.usac.edu.gt\/wp-content\/uploads\/2020\/02\/Susana-Arrechea-gano-premio-OWSD-Elsevier-para-Mujeres-Cientificas.jpg?resize=525%2C300&ssl=1 1.5x, https:\/\/i0.wp.com\/soy.usac.edu.gt\/wp-content\/uploads\/2020\/02\/Susana-Arrechea-gano-premio-OWSD-Elsevier-para-Mujeres-Cientificas.jpg?resize=700%2C400&ssl=1 2x, https:\/\/i0.wp.com\/soy.usac.edu.gt\/wp-content\/uploads\/2020\/02\/Susana-Arrechea-gano-premio-OWSD-Elsevier-para-Mujeres-Cientificas.jpg?resize=1050%2C600&ssl=1 3x, https:\/\/i0.wp.com\/soy.usac.edu.gt\/wp-content\/uploads\/2020\/02\/Susana-Arrechea-gano-premio-OWSD-Elsevier-para-Mujeres-Cientificas.jpg?resize=1400%2C800&ssl=1 4x"},"classes":[]}],"jetpack_sharing_enabled":true,"_links":{"self":[{"href":"https:\/\/soy.usac.edu.gt\/index.php?rest_route=\/wp\/v2\/posts\/13092","targetHints":{"allow":["GET"]}}],"collection":[{"href":"https:\/\/soy.usac.edu.gt\/index.php?rest_route=\/wp\/v2\/posts"}],"about":[{"href":"https:\/\/soy.usac.edu.gt\/index.php?rest_route=\/wp\/v2\/types\/post"}],"author":[{"embeddable":true,"href":"https:\/\/soy.usac.edu.gt\/index.php?rest_route=\/wp\/v2\/users\/1"}],"replies":[{"embeddable":true,"href":"https:\/\/soy.usac.edu.gt\/index.php?rest_route=%2Fwp%2Fv2%2Fcomments&post=13092"}],"version-history":[{"count":2,"href":"https:\/\/soy.usac.edu.gt\/index.php?rest_route=\/wp\/v2\/posts\/13092\/revisions"}],"predecessor-version":[{"id":13094,"href":"https:\/\/soy.usac.edu.gt\/index.php?rest_route=\/wp\/v2\/posts\/13092\/revisions\/13094"}],"wp:featuredmedia":[{"embeddable":true,"href":"https:\/\/soy.usac.edu.gt\/index.php?rest_route=\/wp\/v2\/media\/13086"}],"wp:attachment":[{"href":"https:\/\/soy.usac.edu.gt\/index.php?rest_route=%2Fwp%2Fv2%2Fmedia&parent=13092"}],"wp:term":[{"taxonomy":"category","embeddable":true,"href":"https:\/\/soy.usac.edu.gt\/index.php?rest_route=%2Fwp%2Fv2%2Fcategories&post=13092"},{"taxonomy":"post_tag","embeddable":true,"href":"https:\/\/soy.usac.edu.gt\/index.php?rest_route=%2Fwp%2Fv2%2Ftags&post=13092"}],"curies":[{"name":"wp","href":"https:\/\/api.w.org\/{rel}","templated":true}]}}