{"id":13095,"date":"2021-02-08T12:41:21","date_gmt":"2021-02-08T18:41:21","guid":{"rendered":"https:\/\/soy.usac.edu.gt\/?p=13095"},"modified":"2021-02-10T13:41:05","modified_gmt":"2021-02-10T19:41:05","slug":"usac-hace-pago-al-plan-de-prestaciones-correspondiente-a-la-cuota-laboral-y-patronal-del-ano-2020","status":"publish","type":"post","link":"https:\/\/soy.usac.edu.gt\/?p=13095","title":{"rendered":"Usac hace pago al Plan de prestaciones, correspondiente a la cuota laboral y patronal del a\u00f1o 2020"},"content":{"rendered":"\n<p style=\"text-align: center;\"><strong>El Rector M. Sc. Ing. Murphy Olympo Paiz Recinos <\/strong><strong>y la direcci\u00f3n general financiera,<\/strong><\/p>\n<p style=\"text-align: center;\"><strong>a los trabajadores de la universidad,\u00a0<\/strong><strong>autoridades y jubilados del <\/strong><strong>plan de prestaciones de la universidad<\/strong><\/p>\n<p style=\"text-align: center;\"><strong>HACEN SABER:<\/strong><\/p>\n<p style=\"text-align: justify;\">Que, en cumplimiento de lo instruido por el Consejo Superior Universitario en el punto CUARTO, inciso 4.1, subinciso 4.1.3, numeral PRIMERO Y SEGUNDO, del acta No. 40-2020, de sesi\u00f3n ordinaria celebrada el 21 de octubre de 2020, la semana pasada se hizo efectivo el traslado al Plan de Prestaciones de la Universidad del monto de <strong>Q 193,300,000.00,<\/strong> que se ten\u00edan invertidos a plazo fijo, juntamente con <strong>Q 2,045,537.67<\/strong>, que corresponden a los intereses generados por dicha inversi\u00f3n.<\/p>\n<p style=\"text-align: justify;\">Con el monto antes descrito, se completa totalmente el pago de la cuota laboral y patronal al Plan de Prestaciones correspondiente al <strong>a\u00f1o 2020; <\/strong>de igual manera, de la deuda al Plan de Prestaciones de la Universidad que recibi\u00f3 la actual administraci\u00f3n al 30 de junio de 2018, por un monto de Q 287,250,609.15, se hace un abono adicional a otros ya realizados, por lo que dicha deuda a la presente fecha asciende a Q 279,493,651.16.<\/p>\n<p style=\"text-align: justify;\">Es importante resaltar que, a pesar de la dif\u00edcil situaci\u00f3n financiera por la que atraves\u00f3 la Universidad de San Carlos de Guatemala durante el ejercicio fiscal 2020, debido a que no le fue traslada la totalidad de los recursos presupuestarios asignados dentro del Presupuesto General de Ingresos y Egresos del Estado para el ejercicio fiscal 2020 por parte del Ministerio de Finanzas P\u00fablicas; as\u00ed como la implementaci\u00f3n de los Sistemas Integrados de Administraci\u00f3n Financiera (SIAF), el compromiso asumido por la actual administraci\u00f3n de pagar la cuota patronal al Plan de Prestaciones de la Universidad, as\u00ed como, en la medida de lo posible, realizar abonos a la deuda encontrada se ha cumplido.<\/p>\n<p style=\"text-align: justify;\">Durante el presente ejercicio fiscal 2021, se continuar\u00e1 con el compromiso de mantener al d\u00eda la cuota patronal al Plan de Prestaciones de la Universidad, as\u00ed como, en la medida de lo posible y que las condiciones financieras lo permitan, continuar abonando a la deuda encontrada en julio de 2018; para ello, se realizar\u00e1n las gestiones necesarias y se tomar\u00e1n las medidas pertinentes que el caso amerita.<\/p>\n<p style=\"text-align: justify;\">Se hace un llamado a mantener el di\u00e1logo y la uni\u00f3n entre los distintos sectores universitarios, para exigir y obtener la asignaci\u00f3n presupuestaria privativa no menor del 5 % del Presupuesto General de Ingresos Ordinarios del Estado, que constitucionalmente le corresponde a la Universidad de San Carlos de Guatemala, lo que le permitir\u00e1 cubrir oportunamente sus principales compromisos presupuestarios y financieros, para el cumplimiento de sus fines de docencia, investigaci\u00f3n y extensi\u00f3n, para que los mismos se vean ampliados en los 22 departamentos de la Rep\u00fablica, donde la Universidad mantiene presencia, a trav\u00e9s de la extensi\u00f3n de cobertura, lo que es de suma importancia para que nuestro pa\u00eds logre un verdadero desarrollo integral de su sociedad.<\/p>\n<p style=\"text-align: center;\"><strong>\u201cID Y ENSE\u00d1AD A TODOS\u201d<\/strong><\/p>\n<p>\u00a0<\/p>\n<p style=\"text-align: right;\">Guatemala, 8 de febrero de 2021<\/p>\n","protected":false},"excerpt":{"rendered":"<p>Se complet\u00f3 totalmente el pago de la cuota laboral y patronal al Plan de Prestaciones correspondiente al a\u00f1o 2020<\/p>\n","protected":false},"author":1,"featured_media":13097,"comment_status":"closed","ping_status":"open","sticky":false,"template":"","format":"standard","meta":{"_exactmetrics_skip_tracking":false,"_exactmetrics_sitenote_active":false,"_exactmetrics_sitenote_note":"","_exactmetrics_sitenote_category":0,"_jetpack_memberships_contains_paid_content":false,"footnotes":""},"categories":[29,125],"tags":[633],"class_list":["post-13095","post","type-post","status-publish","format-standard","has-post-thumbnail","hentry","category-noticias","category-opiniones","tag-plan-de-prestaciones"],"aioseo_notices":[],"jetpack_featured_media_url":"https:\/\/soy.usac.edu.gt\/wp-content\/uploads\/2021\/02\/COMUNICADO-IMAGEN-WEB.jpeg","views":"","jetpack-related-posts":[{"id":12649,"url":"https:\/\/soy.usac.edu.gt\/?p=12649","url_meta":{"origin":13095,"position":0},"title":"CSU: el plan de prestaciones no ser\u00e1 privatizado","author":"Divisi\u00f3n de Publicidad","date":"21 octubre, 2020","format":false,"excerpt":"Se rechaza rotundamente toda informaci\u00f3n malintencionada, dada a conocer en redes sociales, con respecto a insinuar una intenci\u00f3n de separar y privatizar el Plan de Presentaciones de la Universidad, lo cual es totalmente falso.","rel":"","context":"En \u00abNoticias\u00bb","block_context":{"text":"Noticias","link":"https:\/\/soy.usac.edu.gt\/?cat=29"},"img":{"alt_text":"","src":"","width":0,"height":0},"classes":[]},{"id":11805,"url":"https:\/\/soy.usac.edu.gt\/?p=11805","url_meta":{"origin":13095,"position":1},"title":"CSU informa que nuevos pr\u00e9stamos a trabajadores no afectan Plan de Prestaciones","author":"Divisi\u00f3n de Publicidad","date":"18 junio, 2020","format":false,"excerpt":"En relaci\u00f3n a pr\u00e9stamos para la adquisici\u00f3n de tecnolog\u00eda en inform\u00e1tica y comunicaci\u00f3n para trabajadores de la USAC","rel":"","context":"En \u00abM\u00e1s Noticias\u00bb","block_context":{"text":"M\u00e1s Noticias","link":"https:\/\/soy.usac.edu.gt\/?cat=96"},"img":{"alt_text":"","src":"","width":0,"height":0},"classes":[]},{"id":16438,"url":"https:\/\/soy.usac.edu.gt\/?p=16438","url_meta":{"origin":13095,"position":2},"title":"D\u00e9ficit presupuestario de la USAC alcanza los Q 618 millones \u00a0","author":"Divisi\u00f3n de Publicidad","date":"21 febrero, 2022","format":false,"excerpt":"La cifra continuar\u00e1 aumentando mientras el Gobierno no proporcione el aporte constitucional que le corresponde a esta casa de estudios.","rel":"","context":"En \u00abNoticias\u00bb","block_context":{"text":"Noticias","link":"https:\/\/soy.usac.edu.gt\/?cat=29"},"img":{"alt_text":"","src":"https:\/\/i0.wp.com\/soy.usac.edu.gt\/wp-content\/uploads\/2022\/02\/port11.jpeg?resize=350%2C200&ssl=1","width":350,"height":200,"srcset":"https:\/\/i0.wp.com\/soy.usac.edu.gt\/wp-content\/uploads\/2022\/02\/port11.jpeg?resize=350%2C200&ssl=1 1x, https:\/\/i0.wp.com\/soy.usac.edu.gt\/wp-content\/uploads\/2022\/02\/port11.jpeg?resize=525%2C300&ssl=1 1.5x, https:\/\/i0.wp.com\/soy.usac.edu.gt\/wp-content\/uploads\/2022\/02\/port11.jpeg?resize=700%2C400&ssl=1 2x, https:\/\/i0.wp.com\/soy.usac.edu.gt\/wp-content\/uploads\/2022\/02\/port11.jpeg?resize=1050%2C600&ssl=1 3x"},"classes":[]},{"id":13005,"url":"https:\/\/soy.usac.edu.gt\/?p=13005","url_meta":{"origin":13095,"position":3},"title":"Gobierno adeuda Q275.6 millones del presupuesto de este a\u00f1o a la Universidad","author":"Divisi\u00f3n de Publicidad","date":"3 diciembre, 2020","format":false,"excerpt":"La situaci\u00f3n financiera universitaria se ha agravado debido a la falta de voluntad pol\u00edtica del gobierno, que no traslada oportunamente los recursos financieros del situado constitucional y otros aportes extraordinarios a la universidad.","rel":"","context":"En \u00abNoticias\u00bb","block_context":{"text":"Noticias","link":"https:\/\/soy.usac.edu.gt\/?cat=29"},"img":{"alt_text":"","src":"","width":0,"height":0},"classes":[]},{"id":9532,"url":"https:\/\/soy.usac.edu.gt\/?p=9532","url_meta":{"origin":13095,"position":4},"title":"Congreso pretende recortar el presupuesto de la USAC para 2020","author":"Divisi\u00f3n de Publicidad","date":"4 noviembre, 2019","format":false,"excerpt":"La Comisi\u00f3n de Finanzas del Congreso dictamin\u00f3 Q 184.6 millones menos a la universidad para el 2020.\u00a0","rel":"","context":"En \u00abNoticias\u00bb","block_context":{"text":"Noticias","link":"https:\/\/soy.usac.edu.gt\/?cat=29"},"img":{"alt_text":"","src":"https:\/\/i0.wp.com\/soy.usac.edu.gt\/wp-content\/uploads\/2019\/11\/3.jpg?resize=350%2C200&ssl=1","width":350,"height":200,"srcset":"https:\/\/i0.wp.com\/soy.usac.edu.gt\/wp-content\/uploads\/2019\/11\/3.jpg?resize=350%2C200&ssl=1 1x, https:\/\/i0.wp.com\/soy.usac.edu.gt\/wp-content\/uploads\/2019\/11\/3.jpg?resize=525%2C300&ssl=1 1.5x, https:\/\/i0.wp.com\/soy.usac.edu.gt\/wp-content\/uploads\/2019\/11\/3.jpg?resize=700%2C400&ssl=1 2x, https:\/\/i0.wp.com\/soy.usac.edu.gt\/wp-content\/uploads\/2019\/11\/3.jpg?resize=1050%2C600&ssl=1 3x, https:\/\/i0.wp.com\/soy.usac.edu.gt\/wp-content\/uploads\/2019\/11\/3.jpg?resize=1400%2C800&ssl=1 4x"},"classes":[]},{"id":12852,"url":"https:\/\/soy.usac.edu.gt\/?p=12852","url_meta":{"origin":13095,"position":5},"title":"CSU solicita audiencia presidencial para abordar asignaci\u00f3n presupuestaria de la universidad","author":"Divisi\u00f3n de Publicidad","date":"7 noviembre, 2020","format":false,"excerpt":"La Universidad est\u00e1 en riesgo inminente de no lograr cumplir con sus compromisos ineludibles; limitando el desempe\u00f1o de las funciones.","rel":"","context":"En \u00abNoticias\u00bb","block_context":{"text":"Noticias","link":"https:\/\/soy.usac.edu.gt\/?cat=29"},"img":{"alt_text":"","src":"","width":0,"height":0},"classes":[]}],"jetpack_sharing_enabled":true,"_links":{"self":[{"href":"https:\/\/soy.usac.edu.gt\/index.php?rest_route=\/wp\/v2\/posts\/13095","targetHints":{"allow":["GET"]}}],"collection":[{"href":"https:\/\/soy.usac.edu.gt\/index.php?rest_route=\/wp\/v2\/posts"}],"about":[{"href":"https:\/\/soy.usac.edu.gt\/index.php?rest_route=\/wp\/v2\/types\/post"}],"author":[{"embeddable":true,"href":"https:\/\/soy.usac.edu.gt\/index.php?rest_route=\/wp\/v2\/users\/1"}],"replies":[{"embeddable":true,"href":"https:\/\/soy.usac.edu.gt\/index.php?rest_route=%2Fwp%2Fv2%2Fcomments&post=13095"}],"version-history":[{"count":1,"href":"https:\/\/soy.usac.edu.gt\/index.php?rest_route=\/wp\/v2\/posts\/13095\/revisions"}],"predecessor-version":[{"id":13098,"href":"https:\/\/soy.usac.edu.gt\/index.php?rest_route=\/wp\/v2\/posts\/13095\/revisions\/13098"}],"wp:featuredmedia":[{"embeddable":true,"href":"https:\/\/soy.usac.edu.gt\/index.php?rest_route=\/wp\/v2\/media\/13097"}],"wp:attachment":[{"href":"https:\/\/soy.usac.edu.gt\/index.php?rest_route=%2Fwp%2Fv2%2Fmedia&parent=13095"}],"wp:term":[{"taxonomy":"category","embeddable":true,"href":"https:\/\/soy.usac.edu.gt\/index.php?rest_route=%2Fwp%2Fv2%2Fcategories&post=13095"},{"taxonomy":"post_tag","embeddable":true,"href":"https:\/\/soy.usac.edu.gt\/index.php?rest_route=%2Fwp%2Fv2%2Ftags&post=13095"}],"curies":[{"name":"wp","href":"https:\/\/api.w.org\/{rel}","templated":true}]}}