{"id":13133,"date":"2021-02-11T06:00:28","date_gmt":"2021-02-11T12:00:28","guid":{"rendered":"https:\/\/soy.usac.edu.gt\/?p=13133"},"modified":"2021-02-11T08:56:46","modified_gmt":"2021-02-11T14:56:46","slug":"entre-siete-aspirantes-el-consejo-superior-universitario-csu-elegira-al-magistrado-titular-y-suplente-para-la-corte-de-constitucionalidad-cc-2","status":"publish","type":"post","link":"https:\/\/soy.usac.edu.gt\/?p=13133","title":{"rendered":"Entre siete aspirantes, el Consejo Superior Universitario (CSU) elegir\u00e1 al Magistrado Titular y Suplente para la Corte de Constitucionalidad (CC)."},"content":{"rendered":"\n<p><strong><em>En total se recibieron 19 expedientes, de los cuales se seleccionaron 7 para participar en la designaci\u00f3n de los cargos.<\/em><\/strong><\/p>\n\n\n\n<p>El pasado 9 de febrero se llev\u00f3 a cabo una sesi\u00f3n extraordinaria del Consejo Superior Universitario (CSU) para conocer y analizar un total de 19 expedientes de aspirantes a Magistrado Titular y Suplente de la Corte de Constitucionalidad.<\/p>\n\n\n\n<p><strong>Estos son los profesionales aceptados:<\/strong><\/p>\n\n\n\n<ul class=\"wp-block-list\"><li>Maynor Eduardo Gonz\u00e1lez M\u00e9ndez<\/li><li>Gloria Patricia Porras Escobar<\/li><li>Juan Carlos God\u00ednez Rodr\u00edguez<\/li><li>Omar Ricardo Barrios Osorio<\/li><li>Delia Marina D\u00e1vila Salazar<\/li><li>William Gilberto Bobadilla L\u00f3pez<\/li><li>Jos\u00e9 Alfredo Aguilar Orellana<\/li><\/ul>\n\n\n\n<blockquote class=\"td_quote_box td_box_center\">\n<h5 style=\"text-align: left;\">La sesi\u00f3n se llev\u00f3 a cabo en el sal\u00f3n Tikal, del Hotel Tikal Futura. Esta fue la primera reuni\u00f3n presencial del CSU desde el pasado 13 de marzo, cuando se suspendieron actividades debido a la pandemia.<\/h5>\n<\/blockquote>\n\n\n\n<h2 class=\"wp-block-heading\"><strong>As\u00ed fue el proceso<\/strong><\/h2>\n\n\n\n<div id='gallery-1' class='gallery galleryid-13133 gallery-columns-3 gallery-size-thumbnail'><figure class='gallery-item'>\n\t\t\t<div class='gallery-icon landscape'>\n\t\t\t\t<a href='https:\/\/soy.usac.edu.gt\/?attachment_id=13104'><img loading=\"lazy\" decoding=\"async\" width=\"150\" height=\"150\" src=\"https:\/\/soy.usac.edu.gt\/wp-content\/uploads\/2021\/02\/WhatsApp-Image-2021-02-09-at-9.05.25-AM-150x150.jpeg\" class=\"attachment-thumbnail size-thumbnail\" alt=\"\" aria-describedby=\"gallery-1-13104\" \/><\/a>\n\t\t\t<\/div>\n\t\t\t\t<figcaption class='wp-caption-text gallery-caption' id='gallery-1-13104'>\n\t\t\t\tDesde temprano inician los preparativos. \n\t\t\t\t<\/figcaption><\/figure><figure class='gallery-item'>\n\t\t\t<div class='gallery-icon landscape'>\n\t\t\t\t<a href='https:\/\/soy.usac.edu.gt\/?attachment_id=13105'><img loading=\"lazy\" decoding=\"async\" width=\"150\" height=\"150\" src=\"https:\/\/soy.usac.edu.gt\/wp-content\/uploads\/2021\/02\/WhatsApp-Image-2021-02-09-at-9.05.26-AM-2-150x150.jpeg\" class=\"attachment-thumbnail size-thumbnail\" alt=\"\" aria-describedby=\"gallery-1-13105\" \/><\/a>\n\t\t\t<\/div>\n\t\t\t\t<figcaption class='wp-caption-text gallery-caption' id='gallery-1-13105'>\n\t\t\t\tEl rector Ing. Murphy Paiz brind\u00f3 declaraciones a la prensa. \n\t\t\t\t<\/figcaption><\/figure><figure class='gallery-item'>\n\t\t\t<div class='gallery-icon landscape'>\n\t\t\t\t<a href='https:\/\/soy.usac.edu.gt\/?attachment_id=13106'><img loading=\"lazy\" decoding=\"async\" width=\"150\" height=\"150\" src=\"https:\/\/soy.usac.edu.gt\/wp-content\/uploads\/2021\/02\/WhatsApp-Image-2021-02-09-at-9.05.26-AM-150x150.jpeg\" class=\"attachment-thumbnail size-thumbnail\" alt=\"\" aria-describedby=\"gallery-1-13106\" \/><\/a>\n\t\t\t<\/div>\n\t\t\t\t<figcaption class='wp-caption-text gallery-caption' id='gallery-1-13106'>\n\t\t\t\tEl proceso se transmiti\u00f3 en vivo. \n\t\t\t\t<\/figcaption><\/figure><figure class='gallery-item'>\n\t\t\t<div class='gallery-icon landscape'>\n\t\t\t\t<a href='https:\/\/soy.usac.edu.gt\/?attachment_id=13117'><img loading=\"lazy\" decoding=\"async\" width=\"150\" height=\"150\" src=\"https:\/\/soy.usac.edu.gt\/wp-content\/uploads\/2021\/02\/WhatsApp-Image-2021-02-09-at-10.58.36-AM-2-150x150.jpeg\" class=\"attachment-thumbnail size-thumbnail\" alt=\"\" \/><\/a>\n\t\t\t<\/div><\/figure><figure class='gallery-item'>\n\t\t\t<div class='gallery-icon landscape'>\n\t\t\t\t<a href='https:\/\/soy.usac.edu.gt\/?attachment_id=13112'><img loading=\"lazy\" decoding=\"async\" width=\"150\" height=\"150\" src=\"https:\/\/soy.usac.edu.gt\/wp-content\/uploads\/2021\/02\/WhatsApp-Image-2021-02-09-at-10.58.34-AM-150x150.jpeg\" class=\"attachment-thumbnail size-thumbnail\" alt=\"\" \/><\/a>\n\t\t\t<\/div><\/figure><figure class='gallery-item'>\n\t\t\t<div class='gallery-icon landscape'>\n\t\t\t\t<a href='https:\/\/soy.usac.edu.gt\/?attachment_id=13111'><img loading=\"lazy\" decoding=\"async\" width=\"150\" height=\"150\" src=\"https:\/\/soy.usac.edu.gt\/wp-content\/uploads\/2021\/02\/WhatsApp-Image-2021-02-09-at-10.58.31-AM-150x150.jpeg\" class=\"attachment-thumbnail size-thumbnail\" alt=\"\" \/><\/a>\n\t\t\t<\/div><\/figure><figure class='gallery-item'>\n\t\t\t<div class='gallery-icon landscape'>\n\t\t\t\t<a href='https:\/\/soy.usac.edu.gt\/?attachment_id=13115'><img loading=\"lazy\" decoding=\"async\" width=\"150\" height=\"150\" src=\"https:\/\/soy.usac.edu.gt\/wp-content\/uploads\/2021\/02\/WhatsApp-Image-2021-02-09-at-10.58.35-AM-4-150x150.jpeg\" class=\"attachment-thumbnail size-thumbnail\" alt=\"\" \/><\/a>\n\t\t\t<\/div><\/figure><figure class='gallery-item'>\n\t\t\t<div class='gallery-icon landscape'>\n\t\t\t\t<a href='https:\/\/soy.usac.edu.gt\/?attachment_id=13113'><img loading=\"lazy\" decoding=\"async\" width=\"150\" height=\"150\" src=\"https:\/\/soy.usac.edu.gt\/wp-content\/uploads\/2021\/02\/WhatsApp-Image-2021-02-09-at-10.58.35-AM-2-150x150.jpeg\" class=\"attachment-thumbnail size-thumbnail\" alt=\"\" \/><\/a>\n\t\t\t<\/div><\/figure><figure class='gallery-item'>\n\t\t\t<div class='gallery-icon landscape'>\n\t\t\t\t<a href='https:\/\/soy.usac.edu.gt\/?attachment_id=13118'><img loading=\"lazy\" decoding=\"async\" width=\"150\" height=\"150\" src=\"https:\/\/soy.usac.edu.gt\/wp-content\/uploads\/2021\/02\/WhatsApp-Image-2021-02-09-at-10.58.36-AM-3-150x150.jpeg\" class=\"attachment-thumbnail size-thumbnail\" alt=\"\" \/><\/a>\n\t\t\t<\/div><\/figure><figure class='gallery-item'>\n\t\t\t<div class='gallery-icon landscape'>\n\t\t\t\t<a href='https:\/\/soy.usac.edu.gt\/?attachment_id=13119'><img loading=\"lazy\" decoding=\"async\" width=\"150\" height=\"150\" src=\"https:\/\/soy.usac.edu.gt\/wp-content\/uploads\/2021\/02\/WhatsApp-Image-2021-02-09-at-10.58.36-AM-150x150.jpeg\" class=\"attachment-thumbnail size-thumbnail\" alt=\"\" \/><\/a>\n\t\t\t<\/div><\/figure><figure class='gallery-item'>\n\t\t\t<div class='gallery-icon landscape'>\n\t\t\t\t<a href='https:\/\/soy.usac.edu.gt\/?attachment_id=13114'><img loading=\"lazy\" decoding=\"async\" width=\"150\" height=\"150\" src=\"https:\/\/soy.usac.edu.gt\/wp-content\/uploads\/2021\/02\/WhatsApp-Image-2021-02-09-at-10.58.35-AM-3-150x150.jpeg\" class=\"attachment-thumbnail size-thumbnail\" alt=\"\" \/><\/a>\n\t\t\t<\/div><\/figure><figure class='gallery-item'>\n\t\t\t<div class='gallery-icon landscape'>\n\t\t\t\t<a href='https:\/\/soy.usac.edu.gt\/?attachment_id=13116'><img loading=\"lazy\" decoding=\"async\" width=\"150\" height=\"150\" src=\"https:\/\/soy.usac.edu.gt\/wp-content\/uploads\/2021\/02\/WhatsApp-Image-2021-02-09-at-10.58.35-AM-150x150.jpeg\" class=\"attachment-thumbnail size-thumbnail\" alt=\"\" \/><\/a>\n\t\t\t<\/div><\/figure><figure class='gallery-item'>\n\t\t\t<div class='gallery-icon landscape'>\n\t\t\t\t<a href='https:\/\/soy.usac.edu.gt\/?attachment_id=13107'><img loading=\"lazy\" decoding=\"async\" width=\"150\" height=\"150\" src=\"https:\/\/soy.usac.edu.gt\/wp-content\/uploads\/2021\/02\/WhatsApp-Image-2021-02-09-at-9.33.07-PM-150x150.jpeg\" class=\"attachment-thumbnail size-thumbnail\" alt=\"\" aria-describedby=\"gallery-1-13107\" \/><\/a>\n\t\t\t<\/div>\n\t\t\t\t<figcaption class='wp-caption-text gallery-caption' id='gallery-1-13107'>\n\t\t\t\tLa reuni\u00f3n se extendi\u00f3 hasta la noche. \n\t\t\t\t<\/figcaption><\/figure><figure class='gallery-item'>\n\t\t\t<div class='gallery-icon landscape'>\n\t\t\t\t<a href='https:\/\/soy.usac.edu.gt\/?attachment_id=13110'><img loading=\"lazy\" decoding=\"async\" width=\"150\" height=\"150\" src=\"https:\/\/soy.usac.edu.gt\/wp-content\/uploads\/2021\/02\/WhatsApp-Image-2021-02-09-at-9.33.10-PM-150x150.jpeg\" class=\"attachment-thumbnail size-thumbnail\" alt=\"\" \/><\/a>\n\t\t\t<\/div><\/figure><figure class='gallery-item'>\n\t\t\t<div class='gallery-icon landscape'>\n\t\t\t\t<a href='https:\/\/soy.usac.edu.gt\/?attachment_id=13109'><img loading=\"lazy\" decoding=\"async\" width=\"150\" height=\"150\" src=\"https:\/\/soy.usac.edu.gt\/wp-content\/uploads\/2021\/02\/WhatsApp-Image-2021-02-09-at-9.33.10-PM-2-150x150.jpeg\" class=\"attachment-thumbnail size-thumbnail\" alt=\"\" \/><\/a>\n\t\t\t<\/div><\/figure><figure class='gallery-item'>\n\t\t\t<div class='gallery-icon landscape'>\n\t\t\t\t<a href='https:\/\/soy.usac.edu.gt\/?attachment_id=13108'><img loading=\"lazy\" decoding=\"async\" width=\"150\" height=\"150\" src=\"https:\/\/soy.usac.edu.gt\/wp-content\/uploads\/2021\/02\/WhatsApp-Image-2021-02-09-at-9.33.08-PM-150x150.jpeg\" class=\"attachment-thumbnail size-thumbnail\" alt=\"\" \/><\/a>\n\t\t\t<\/div><\/figure>\n\t\t<\/div>\n\n\n\n\n<p style=\"text-align: justify;\">Cada uno de los expedientes fue recibido por la Secretaria General de la USAC, Ing. Marcia V\u00e9lez, y el Departamento de Asuntos Jur\u00eddicos de esta casa de estudios. Los 19 expedientes f\u00edsicos fueron resguardados en cajas de pl\u00e1stico para poder ser verificados y analizados por cada uno de los integrantes del CSU, a quienes adem\u00e1s se les entreg\u00f3 una memoria USB con toda la papeler\u00eda digitalizada.<\/p>\n<p style=\"text-align: justify;\">El CSU se dividi\u00f3 en cinco mesas de trabajo, se hizo la entrega de expedientes por sorteo a cada una para que revisaran y analizaran cada expediente. En la noche, cada integrante del CSU vot\u00f3 con el fin de determinar los aspirantes que pasar\u00e1n a la siguiente fase.<\/p>\n<p style=\"text-align: justify;\">La mayor\u00eda de expedientes que fueron rechazados se debi\u00f3 a que estaban incompletos, desorganizados, sin foliar, carec\u00edan de alg\u00fan documento o presentaci\u00f3n de t\u00edtulos.<\/p>\n<p style=\"text-align: justify;\">El jueves se publicar\u00e1 el listado oficial en el Diario de Centro Am\u00e9rica, Prensa Libre y El Peri\u00f3dico.<\/p>\n\n\n\n<h2 class=\"wp-block-heading\"><strong>Resalta transparencia del proceso<\/strong><\/h2>\n\n\n\n<p style=\"text-align: justify;\">Desde que inici\u00f3 el proceso, el CSU ha privilegiado la publicidad y transparencia del mismo; por ello, las redes oficiales y TV USAC transmitieron en vivo la reuni\u00f3n. Asimismo, se cont\u00f3 con la presencia de representantes de la sociedad civil y con el total acceso a los medios de comunicaci\u00f3n.<\/p>\n<p>Fueron m\u00e1s de 14 horas de trabajo y an\u00e1lisis, al final los&nbsp;7 seleccionados que pasaron a la siguiente fase fue a travez de viva voz, una acci\u00f3n que demuestra la total transparencia del proceso. &nbsp;<\/p>\n<p style=\"text-align: justify;\">&nbsp;\u201cLa reuni\u00f3n empez\u00f3 con publicidad y transparencia, con uso de tecnolog\u00eda y acceso a la informaci\u00f3n. Esperamos que eso se mantenga hasta la etapa de designaci\u00f3n\u201d, expres\u00f3 Carmen A\u00edda Ibarra, del Movimiento Pro Justicia.<\/p>\n\n\n\n<p><iframe loading=\"lazy\" style=\"border: none; overflow: hidden;\" src=\"https:\/\/www.facebook.com\/plugins\/video.php?height=314&amp;href=https%3A%2F%2Fwww.facebook.com%2Ftvusac%2Fvideos%2F240505177654269%2F&amp;show_text=false&amp;width=560\" width=\"560\" height=\"314\" frameborder=\"0\" scrolling=\"no\" allowfullscreen=\"allowfullscreen\"><\/iframe><\/p>\n\n\n\n<p><img loading=\"lazy\" decoding=\"async\" class=\"aligncenter size-full wp-image-7369\" src=\"https:\/\/soy.usac.edu.gt\/wp-content\/uploads\/2019\/07\/Cr\u00e9ditos-prensa-01.png\" alt=\"\" width=\"5079\" height=\"1960\" srcset=\"https:\/\/soy.usac.edu.gt\/wp-content\/uploads\/2019\/07\/Cr\u00e9ditos-prensa-01.png 5079w, https:\/\/soy.usac.edu.gt\/wp-content\/uploads\/2019\/07\/Cr\u00e9ditos-prensa-01-300x116.png 300w, https:\/\/soy.usac.edu.gt\/wp-content\/uploads\/2019\/07\/Cr\u00e9ditos-prensa-01-768x296.png 768w, https:\/\/soy.usac.edu.gt\/wp-content\/uploads\/2019\/07\/Cr\u00e9ditos-prensa-01-1024x395.png 1024w, https:\/\/soy.usac.edu.gt\/wp-content\/uploads\/2019\/07\/Cr\u00e9ditos-prensa-01-1088x420.png 1088w, https:\/\/soy.usac.edu.gt\/wp-content\/uploads\/2019\/07\/Cr\u00e9ditos-prensa-01-640x247.png 640w, https:\/\/soy.usac.edu.gt\/wp-content\/uploads\/2019\/07\/Cr\u00e9ditos-prensa-01-681x263.png 681w\" sizes=\"auto, (max-width: 5079px) 100vw, 5079px\" \/><\/p>\n\n\n\n<h2 class=\"wp-block-heading\">Publicaci\u00f3n oficial del CSU<\/h2>\n\n\n\n<div id='gallery-2' class='gallery galleryid-13133 gallery-columns-3 gallery-size-full'><figure class='gallery-item'>\n\t\t\t<div class='gallery-icon landscape'>\n\t\t\t\t<a href='https:\/\/soy.usac.edu.gt\/?attachment_id=13147'><img loading=\"lazy\" decoding=\"async\" width=\"1280\" height=\"800\" src=\"https:\/\/soy.usac.edu.gt\/wp-content\/uploads\/2021\/02\/WhatsApp-Image-2021-02-11-at-7.41.55-AM.jpeg\" class=\"attachment-full size-full\" alt=\"\" srcset=\"https:\/\/soy.usac.edu.gt\/wp-content\/uploads\/2021\/02\/WhatsApp-Image-2021-02-11-at-7.41.55-AM.jpeg 1280w, https:\/\/soy.usac.edu.gt\/wp-content\/uploads\/2021\/02\/WhatsApp-Image-2021-02-11-at-7.41.55-AM-300x188.jpeg 300w, https:\/\/soy.usac.edu.gt\/wp-content\/uploads\/2021\/02\/WhatsApp-Image-2021-02-11-at-7.41.55-AM-1024x640.jpeg 1024w, https:\/\/soy.usac.edu.gt\/wp-content\/uploads\/2021\/02\/WhatsApp-Image-2021-02-11-at-7.41.55-AM-768x480.jpeg 768w, https:\/\/soy.usac.edu.gt\/wp-content\/uploads\/2021\/02\/WhatsApp-Image-2021-02-11-at-7.41.55-AM-672x420.jpeg 672w, https:\/\/soy.usac.edu.gt\/wp-content\/uploads\/2021\/02\/WhatsApp-Image-2021-02-11-at-7.41.55-AM-640x400.jpeg 640w, https:\/\/soy.usac.edu.gt\/wp-content\/uploads\/2021\/02\/WhatsApp-Image-2021-02-11-at-7.41.55-AM-681x426.jpeg 681w\" sizes=\"auto, (max-width: 1280px) 100vw, 1280px\" \/><\/a>\n\t\t\t<\/div><\/figure>\n\t\t<\/div>\n\n\n\n\n<p style=\"text-align: center;\"><strong>DESIGNACI\u00d3N DE MAGISTRADOS (AS) TITULAR Y SUPLENTE <\/strong><\/p>\n<p style=\"text-align: center;\"><strong>POR EL CONSEJO SUPERIOR UNIVERSITARIO DE LA UNIVERSIDAD DE SAN CARLOS DE GUATEMALA<\/strong><\/p>\n<p style=\"text-align: center;\"><strong>\u00a0ANTE LA CORTE DE CONSTITUCIONALIDAD <\/strong><\/p>\n<p style=\"text-align: center;\"><strong>PER\u00cdODO 2021-2026<\/strong><\/p>\n<p style=\"text-align: justify;\"><strong>\u00a0<\/strong>En cumplimiento de lo acordado por el Consejo Superior Universitario en el punto <strong>TERCERO<\/strong>, inciso <strong>TRES PUNTO UNO (3.1),<\/strong> del Acta <strong>TRES GUION DOS MIL VEINTIUNO (3-2021), <\/strong>de la Sesi\u00f3n Ordinaria celebrada el <strong>27 de enero de 2021<\/strong> y punto <strong>PRIMERO<\/strong>, inciso <strong>UNO PUNTO CUATRO (1.4),<\/strong> del Acta <strong>SIETE GUION DOS MIL VEINTIUNO (7-2021), <\/strong>de la Sesi\u00f3n Extraordinaria celebrada el <strong>9 de febrero de 2021<\/strong>, relacionados con la designaci\u00f3n de Magistrados (as) Titular y Suplente por el Consejo Superior Universitario de la Universidad de San Carlos de Guatemala ante la Corte de Constitucionalidad, y con el prop\u00f3sito de hacer p\u00fablico y transparente todo el proceso,<\/p>\n<p style=\"text-align: center;\"><strong>\u00a0<\/strong><strong>SE INFORMA:<\/strong><\/p>\n<p style=\"text-align: justify;\"><strong>\u00a0<\/strong>A las personas individuales o personas jur\u00eddicas que consideren pertinente presentar <strong>objeciones fundamentadas<\/strong>, si las hubiere, de los (as) siguientes postulantes que fueron admitidos (as) por cumplir con los requisitos que establece la Constituci\u00f3n Pol\u00edtica de la Rep\u00fablica de Guatemala; Ley de Amparo, Exhibici\u00f3n Personal y de Constitucionalidad; normativa vigente; y los establecidos en la Convocatoria P\u00fablica en el presente proceso, siendo los siguientes:\u00a0 \u00a0 \u00a0 \u00a0 \u00a0 \u00a0 \u00a0 \u00a0 \u00a0 \u00a0 \u00a0 \u00a0 \u00a0 \u00a0 \u00a0 \u00a0 \u00a0 \u00a0 \u00a0 \u00a0 \u00a0 \u00a0 \u00a0 \u00a0 \u00a0 \u00a0 \u00a0 \u00a0 \u00a0 \u00a0 \u00a0 \u00a0 \u00a0 \u00a0 \u00a0 \u00a0 \u00a0 \u00a0 \u00a0 \u00a0 \u00a0 \u00a0 \u00a0 \u00a0 \u00a0 \u00a0 \u00a0 \u00a0 \u00a0 \u00a0 \u00a0 \u00a0 \u00a0 \u00a0 \u00a0 \u00a0 \u00a0 \u00a0 \u00a0 \u00a0 \u00a0 \u00a0 \u00a0 \u00a0 \u00a0 \u00a0 \u00a0 \u00a0 \u00a0 \u00a0 \u00a0 \u00a0 \u00a0 \u00a0 \u00a0 \u00a0 \u00a0 \u00a0\u00a0<\/p>\n<table width=\"83%\">\n<tbody>\n<tr>\n<td width=\"19%\">\n<p><strong>NO. EXPEDIENTE<\/strong><\/p>\n<\/td>\n<td width=\"51%\">\n<p><strong>NOMBRE DEL POSTULANTE<\/strong><\/p>\n<\/td>\n<td width=\"15%\">\n<p><strong>TITULAR<\/strong><\/p>\n<\/td>\n<td width=\"13%\">\n<p><strong>SUPLENTE<\/strong><\/p>\n<\/td>\n<\/tr>\n<tr>\n<td width=\"19%\">\n<p>03<\/p>\n<\/td>\n<td width=\"51%\">\n<p>Maynor Eduardo Gonz\u00e1lez M\u00e9ndez<\/p>\n<\/td>\n<td width=\"15%\">\n<p>X<\/p>\n<\/td>\n<td width=\"13%\">\n<p>X<\/p>\n<\/td>\n<\/tr>\n<tr>\n<td width=\"19%\">\n<p>05<\/p>\n<\/td>\n<td width=\"51%\">\n<p>Gloria Patricia Porras Escobar<\/p>\n<\/td>\n<td width=\"15%\">\n<p>X<\/p>\n<\/td>\n<td width=\"13%\">\n<p>\u00a0<\/p>\n<\/td>\n<\/tr>\n<tr>\n<td width=\"19%\">\n<p>10<\/p>\n<\/td>\n<td width=\"51%\">\n<p>Juan Carlos God\u00ednez Rodr\u00edguez<\/p>\n<\/td>\n<td width=\"15%\">\n<p>X<\/p>\n<\/td>\n<td width=\"13%\">\n<p>X<\/p>\n<\/td>\n<\/tr>\n<tr>\n<td width=\"19%\">\n<p>11<\/p>\n<\/td>\n<td width=\"51%\">\n<p>Omar Ricardo Barrios Osorio<\/p>\n<\/td>\n<td width=\"15%\">\n<p>X<\/p>\n<\/td>\n<td width=\"13%\">\n<p>X<\/p>\n<\/td>\n<\/tr>\n<tr>\n<td width=\"19%\">\n<p>12<\/p>\n<\/td>\n<td width=\"51%\">\n<p>Delia Marina D\u00e1vila Salazar<\/p>\n<\/td>\n<td width=\"15%\">\n<p>X<\/p>\n<\/td>\n<td width=\"13%\">\n<p>\u00a0<\/p>\n<\/td>\n<\/tr>\n<tr>\n<td width=\"19%\">\n<p>14<\/p>\n<\/td>\n<td width=\"51%\">\n<p>William Gilberto Bobadilla L\u00f3pez<\/p>\n<\/td>\n<td width=\"15%\">\n<p>X<\/p>\n<\/td>\n<td width=\"13%\">\n<p>\u00a0<\/p>\n<\/td>\n<\/tr>\n<tr>\n<td width=\"19%\">\n<p>19<\/p>\n<\/td>\n<td width=\"51%\">\n<p>Jos\u00e9 Alfredo Aguilar Orellana<\/p>\n<\/td>\n<td width=\"15%\">\n<p>X<\/p>\n<\/td>\n<td width=\"13%\">\n<p>X<\/p>\n<\/td>\n<\/tr>\n<\/tbody>\n<\/table>\n<p style=\"text-align: justify;\">Dichas objeciones pueden ser presentadas los d\u00edas 11, 12 y 15 de febrero de 2021 en Grand Tikal Futura Hotel, Sal\u00f3n Madrid, ubicado en Calzada Roosevelt, 22-43, zona 11, Ciudad de Guatemala, de 08:00 a 16:00 horas.<\/p>\n<p style=\"text-align: center;\"><strong>\u00a0<\/strong><strong>NO SE ADMITIR\u00c1N OBJECIONES AN\u00d3NIMAS. <\/strong><\/p>\n<p style=\"text-align: justify;\"><strong>\u00a0<\/strong><strong>Vencida la fecha y hora para la recepci\u00f3n, no se admitir\u00e1 ninguna otra objeci\u00f3n.<\/strong><\/p>\n<p style=\"text-align: justify;\">Los (as) siguientes postulantes NO fueron admitidos (as) por no cumplir con los requisitos que establece la Constituci\u00f3n Pol\u00edtica de la Rep\u00fablica de Guatemala; Ley de Amparo, Exhibici\u00f3n Personal y de Constitucionalidad; normativa vigente; o los establecidos en la Convocatoria P\u00fablica en el presente proceso, siendo los siguientes:<\/p>\n<p>\u00a0<\/p>\n<table style=\"width: 100%; height: 1146px;\" width=\"70%\">\n<tbody>\n<tr style=\"height: 114px;\">\n<td style=\"height: 114px;\" width=\"22%\">\n<p><strong>NO. EXPEDIENTE<\/strong><\/p>\n<\/td>\n<td style=\"height: 114px;\" width=\"77%\">\n<p><strong>NOMBRE DEL POSTULANTE<\/strong><\/p>\n<\/td>\n<\/tr>\n<tr style=\"height: 86px;\">\n<td style=\"height: 86px;\" width=\"22%\">\n<p>01<\/p>\n<\/td>\n<td style=\"height: 86px;\" width=\"77%\">\n<p>Walter Brenner V\u00e1squez G\u00f3mez<\/p>\n<\/td>\n<\/tr>\n<tr style=\"height: 86px;\">\n<td style=\"height: 86px;\" width=\"22%\">\n<p>02<\/p>\n<\/td>\n<td style=\"height: 86px;\" width=\"77%\">\n<p>Rony Eulalio L\u00f3pez Contreras<\/p>\n<\/td>\n<\/tr>\n<tr style=\"height: 86px;\">\n<td style=\"height: 86px;\" width=\"22%\">\n<p>04<\/p>\n<\/td>\n<td style=\"height: 86px;\" width=\"77%\">\n<p>Rodolfo Giovani Celis L\u00f3pez<\/p>\n<\/td>\n<\/tr>\n<tr style=\"height: 86px;\">\n<td style=\"height: 86px;\" width=\"22%\">\n<p>06<\/p>\n<\/td>\n<td style=\"height: 86px;\" width=\"77%\">\n<p>Noe Adalberto Ventura Loyo<\/p>\n<\/td>\n<\/tr>\n<tr style=\"height: 86px;\">\n<td style=\"height: 86px;\" width=\"22%\">\n<p>07<\/p>\n<\/td>\n<td style=\"height: 86px;\" width=\"77%\">\n<p>Walter Paulino Jimenez Texaj<\/p>\n<\/td>\n<\/tr>\n<tr style=\"height: 86px;\">\n<td style=\"height: 86px;\" width=\"22%\">\n<p>08<\/p>\n<\/td>\n<td style=\"height: 86px;\" width=\"77%\">\n<p>Mar\u00eda Elisa Sandoval Argueta<\/p>\n<\/td>\n<\/tr>\n<tr style=\"height: 86px;\">\n<td style=\"height: 86px;\" width=\"22%\">\n<p>09<\/p>\n<\/td>\n<td style=\"height: 86px;\" width=\"77%\">\n<p>Marlon Arnoldo L\u00f3pez Najarro<\/p>\n<\/td>\n<\/tr>\n<tr style=\"height: 86px;\">\n<td style=\"height: 86px;\" width=\"22%\">\n<p>13<\/p>\n<\/td>\n<td style=\"height: 86px;\" width=\"77%\">\n<p>Carlos Arsenio P\u00e9rez Cheguen<\/p>\n<\/td>\n<\/tr>\n<tr style=\"height: 86px;\">\n<td style=\"height: 86px;\" width=\"22%\">\n<p>15<\/p>\n<\/td>\n<td style=\"height: 86px;\" width=\"77%\">\n<p>Carlos Abraham Calder\u00f3n Paz<\/p>\n<\/td>\n<\/tr>\n<tr style=\"height: 86px;\">\n<td style=\"height: 86px;\" width=\"22%\">\n<p>16<\/p>\n<\/td>\n<td style=\"height: 86px;\" width=\"77%\">\n<p>Roberto Estuardo Morales G\u00f3mez<\/p>\n<\/td>\n<\/tr>\n<tr style=\"height: 86px;\">\n<td style=\"height: 86px;\" width=\"22%\">\n<p>17<\/p>\n<\/td>\n<td style=\"height: 86px;\" width=\"77%\">\n<p>Jose Mynor Par Usen<\/p>\n<\/td>\n<\/tr>\n<tr style=\"height: 86px;\">\n<td style=\"height: 86px;\" width=\"22%\">\n<p>18<\/p>\n<\/td>\n<td style=\"height: 86px;\" width=\"77%\">\n<p>Erwin Rolando Rueda Masaya<\/p>\n<\/td>\n<\/tr>\n<\/tbody>\n<\/table>\n<p><strong>\u00a0<\/strong><\/p>\n<p style=\"text-align: center;\"><strong>\u201cID Y ENSE\u00d1AD A TODOS\u201d<\/strong><\/p>\n<p style=\"text-align: center;\"><strong>Ingeniera Marcia Iv\u00f3nne V\u00e9liz Vargas<\/strong><\/p>\n<p style=\"text-align: center;\"><strong>SECRETARIA GENERAL<\/strong><\/p>\n<p>\u00a0<\/p>\n<p style=\"text-align: right;\"><strong>Guatemala, febrero de 2021<\/strong><\/p>\n<p><strong>\u00a0<\/strong><\/p>\n<p>\u00a0<\/p>\n","protected":false},"excerpt":{"rendered":"<p>En total se recibieron 19 expedientes, de los cuales se seleccionaron 7 para participar en la designaci\u00f3n de los cargos.<\/p>\n","protected":false},"author":1,"featured_media":13109,"comment_status":"closed","ping_status":"open","sticky":false,"template":"","format":"standard","meta":{"_exactmetrics_skip_tracking":false,"_exactmetrics_sitenote_active":false,"_exactmetrics_sitenote_note":"","_exactmetrics_sitenote_category":0,"_jetpack_memberships_contains_paid_content":false,"footnotes":""},"categories":[29],"tags":[317,642,548,661],"class_list":["post-13133","post","type-post","status-publish","format-standard","has-post-thumbnail","hentry","category-noticias","tag-consejo-superior-universitario","tag-corte-de-constitucionalidad","tag-csu","tag-designacion-de-magistrado-titular-y-suplente-a-la-corte-de-constitucionalidad"],"aioseo_notices":[],"jetpack_featured_media_url":"https:\/\/soy.usac.edu.gt\/wp-content\/uploads\/2021\/02\/WhatsApp-Image-2021-02-09-at-9.33.10-PM-2.jpeg","views":"","jetpack-related-posts":[{"id":14042,"url":"https:\/\/soy.usac.edu.gt\/?p=14042","url_meta":{"origin":13133,"position":0},"title":"En relaci\u00f3n al Proceso de Designaci\u00f3n de Magistrados  Titular y Suplente por el CSU ante la CC","author":"Divisi\u00f3n de Publicidad","date":"26 febrero, 2021","format":false,"excerpt":"En relaci\u00f3n al Proceso de Designaci\u00f3n de Magistrados (as) Titular y Suplente por el Consejo Superior Universitario de la Universidad de San Carlos de Guatemala ante la Corte de Constitucionalidad, per\u00edodo 2021-2026,","rel":"","context":"En \u00abNoticias\u00bb","block_context":{"text":"Noticias","link":"https:\/\/soy.usac.edu.gt\/?cat=29"},"img":{"alt_text":"","src":"https:\/\/i0.wp.com\/soy.usac.edu.gt\/wp-content\/uploads\/2021\/02\/COMUNICADO-IMAGEN-WEB.jpeg?resize=350%2C200&ssl=1","width":350,"height":200,"srcset":"https:\/\/i0.wp.com\/soy.usac.edu.gt\/wp-content\/uploads\/2021\/02\/COMUNICADO-IMAGEN-WEB.jpeg?resize=350%2C200&ssl=1 1x, https:\/\/i0.wp.com\/soy.usac.edu.gt\/wp-content\/uploads\/2021\/02\/COMUNICADO-IMAGEN-WEB.jpeg?resize=525%2C300&ssl=1 1.5x, https:\/\/i0.wp.com\/soy.usac.edu.gt\/wp-content\/uploads\/2021\/02\/COMUNICADO-IMAGEN-WEB.jpeg?resize=700%2C400&ssl=1 2x"},"classes":[]},{"id":13020,"url":"https:\/\/soy.usac.edu.gt\/?p=13020","url_meta":{"origin":13133,"position":1},"title":"Convocatoria para designaci\u00f3n de Magistrado titular y suplente por el CSU ante la Corte de Constitucionalidad","author":"Divisi\u00f3n de Publicidad","date":"29 enero, 2021","format":false,"excerpt":"El Consejo Superior Universitario, en cumplimiento de lo que establecen los art\u00edculos 269 y 270 de la Constituci\u00f3n Pol\u00edtica de la Rep\u00fablica de Guatemala","rel":"","context":"En \u00abBecas y Convocatorias\u00bb","block_context":{"text":"Becas y Convocatorias","link":"https:\/\/soy.usac.edu.gt\/?cat=127"},"img":{"alt_text":"","src":"https:\/\/i0.wp.com\/soy.usac.edu.gt\/wp-content\/uploads\/2021\/01\/convocatoria_Mesa-de-trabajo-1.jpg?resize=350%2C200&ssl=1","width":350,"height":200,"srcset":"https:\/\/i0.wp.com\/soy.usac.edu.gt\/wp-content\/uploads\/2021\/01\/convocatoria_Mesa-de-trabajo-1.jpg?resize=350%2C200&ssl=1 1x, https:\/\/i0.wp.com\/soy.usac.edu.gt\/wp-content\/uploads\/2021\/01\/convocatoria_Mesa-de-trabajo-1.jpg?resize=525%2C300&ssl=1 1.5x, https:\/\/i0.wp.com\/soy.usac.edu.gt\/wp-content\/uploads\/2021\/01\/convocatoria_Mesa-de-trabajo-1.jpg?resize=700%2C400&ssl=1 2x, https:\/\/i0.wp.com\/soy.usac.edu.gt\/wp-content\/uploads\/2021\/01\/convocatoria_Mesa-de-trabajo-1.jpg?resize=1050%2C600&ssl=1 3x, https:\/\/i0.wp.com\/soy.usac.edu.gt\/wp-content\/uploads\/2021\/01\/convocatoria_Mesa-de-trabajo-1.jpg?resize=1400%2C800&ssl=1 4x"},"classes":[]},{"id":13277,"url":"https:\/\/soy.usac.edu.gt\/?p=13277","url_meta":{"origin":13133,"position":2},"title":"Ampliaci\u00f3n de convocatoria para designaci\u00f3n de Magistrado  Titular y Suplente por el CSU ante la CC","author":"Divisi\u00f3n de Publicidad","date":"1 marzo, 2021","format":false,"excerpt":"Integrar a los siguientes profesionales al listado de postulantes admitidos en el proceso de designaci\u00f3n de Magistrado (a) Titular y Suplente por el Consejo Superior Universitario ante la Corte de Constitucionalidad, per\u00edodo 2021-2026:","rel":"","context":"En \u00abBecas y convocatorias\u00bb","block_context":{"text":"Becas y convocatorias","link":"https:\/\/soy.usac.edu.gt\/?cat=233"},"img":{"alt_text":"","src":"https:\/\/i0.wp.com\/soy.usac.edu.gt\/wp-content\/uploads\/2021\/01\/convocatoria_Mesa-de-trabajo-1.jpg?resize=350%2C200&ssl=1","width":350,"height":200,"srcset":"https:\/\/i0.wp.com\/soy.usac.edu.gt\/wp-content\/uploads\/2021\/01\/convocatoria_Mesa-de-trabajo-1.jpg?resize=350%2C200&ssl=1 1x, https:\/\/i0.wp.com\/soy.usac.edu.gt\/wp-content\/uploads\/2021\/01\/convocatoria_Mesa-de-trabajo-1.jpg?resize=525%2C300&ssl=1 1.5x, https:\/\/i0.wp.com\/soy.usac.edu.gt\/wp-content\/uploads\/2021\/01\/convocatoria_Mesa-de-trabajo-1.jpg?resize=700%2C400&ssl=1 2x, https:\/\/i0.wp.com\/soy.usac.edu.gt\/wp-content\/uploads\/2021\/01\/convocatoria_Mesa-de-trabajo-1.jpg?resize=1050%2C600&ssl=1 3x, https:\/\/i0.wp.com\/soy.usac.edu.gt\/wp-content\/uploads\/2021\/01\/convocatoria_Mesa-de-trabajo-1.jpg?resize=1400%2C800&ssl=1 4x"},"classes":[]},{"id":13988,"url":"https:\/\/soy.usac.edu.gt\/?p=13988","url_meta":{"origin":13133,"position":3},"title":"Comunicado del CSU a la poblaci\u00f3n en general","author":"Divisi\u00f3n de Publicidad","date":"26 abril, 2021","format":false,"excerpt":"El Consejo Superior Universitario y \u00a0El Rector en funciones, Dr. Jorge Fernando Orellana Oliva, de la\u00a0Universidad de San Carlos de Guatemala Ante la resoluci\u00f3n de fecha 12 de abril de 2021, de la Sala Primera de lo Contencioso Administrativo, constituida en tribunal de amparo, dentro del Amparo 01011-2021-00083 que otorg\u00f3\u2026","rel":"","context":"En \u00abSin categor\u00eda\u00bb","block_context":{"text":"Sin categor\u00eda","link":"https:\/\/soy.usac.edu.gt\/?cat=1"},"img":{"alt_text":"","src":"https:\/\/i0.wp.com\/soy.usac.edu.gt\/wp-content\/uploads\/2021\/02\/COMUNICADO-IMAGEN-WEB.jpeg?resize=350%2C200&ssl=1","width":350,"height":200,"srcset":"https:\/\/i0.wp.com\/soy.usac.edu.gt\/wp-content\/uploads\/2021\/02\/COMUNICADO-IMAGEN-WEB.jpeg?resize=350%2C200&ssl=1 1x, https:\/\/i0.wp.com\/soy.usac.edu.gt\/wp-content\/uploads\/2021\/02\/COMUNICADO-IMAGEN-WEB.jpeg?resize=525%2C300&ssl=1 1.5x, https:\/\/i0.wp.com\/soy.usac.edu.gt\/wp-content\/uploads\/2021\/02\/COMUNICADO-IMAGEN-WEB.jpeg?resize=700%2C400&ssl=1 2x"},"classes":[]},{"id":13151,"url":"https:\/\/soy.usac.edu.gt\/?p=13151","url_meta":{"origin":13133,"position":4},"title":"CSU conoce objeciones y desvanecimientos de postulantes ante la CC","author":"Divisi\u00f3n de Publicidad","date":"19 febrero, 2021","format":false,"excerpt":"Durante una reuni\u00f3n extraordinaria, el Consejo Superior Universitario (CSU) conoci\u00f3 cada una de las objeciones contra los postulantes a la CC. Hoy se llev\u00f3 a cabo en el sal\u00f3n Tikal, del Gran Hotel Tikal Futura, la sesi\u00f3n extraordinaria del CSU. Durante la primera parte de la jornada, en un proceso\u2026","rel":"","context":"En \u00abNoticias\u00bb","block_context":{"text":"Noticias","link":"https:\/\/soy.usac.edu.gt\/?cat=29"},"img":{"alt_text":"","src":"https:\/\/i0.wp.com\/soy.usac.edu.gt\/wp-content\/uploads\/2021\/02\/WhatsApp-Image-2021-02-19-at-9.26.51-PM.jpeg?resize=350%2C200&ssl=1","width":350,"height":200,"srcset":"https:\/\/i0.wp.com\/soy.usac.edu.gt\/wp-content\/uploads\/2021\/02\/WhatsApp-Image-2021-02-19-at-9.26.51-PM.jpeg?resize=350%2C200&ssl=1 1x, https:\/\/i0.wp.com\/soy.usac.edu.gt\/wp-content\/uploads\/2021\/02\/WhatsApp-Image-2021-02-19-at-9.26.51-PM.jpeg?resize=525%2C300&ssl=1 1.5x, https:\/\/i0.wp.com\/soy.usac.edu.gt\/wp-content\/uploads\/2021\/02\/WhatsApp-Image-2021-02-19-at-9.26.51-PM.jpeg?resize=700%2C400&ssl=1 2x, https:\/\/i0.wp.com\/soy.usac.edu.gt\/wp-content\/uploads\/2021\/02\/WhatsApp-Image-2021-02-19-at-9.26.51-PM.jpeg?resize=1050%2C600&ssl=1 3x"},"classes":[]},{"id":13057,"url":"https:\/\/soy.usac.edu.gt\/?p=13057","url_meta":{"origin":13133,"position":5},"title":"USAC est\u00e1 lista para recibir expedientes para elegir magistrado titular y suplente ante la CC","author":"Divisi\u00f3n de Publicidad","date":"1 febrero, 2021","format":false,"excerpt":"Esta ma\u00f1ana trabajadores de la USAC empezaron la preparaci\u00f3n para recibir expedientes de abogados para iniciar el proceso de selecci\u00f3n de magistrado titular y suplente","rel":"","context":"En \u00abNoticias\u00bb","block_context":{"text":"Noticias","link":"https:\/\/soy.usac.edu.gt\/?cat=29"},"img":{"alt_text":"","src":"https:\/\/i0.wp.com\/soy.usac.edu.gt\/wp-content\/uploads\/2021\/02\/WhatsApp-Image-2021-02-01-at-9.50.12-AM.jpeg?resize=350%2C200&ssl=1","width":350,"height":200,"srcset":"https:\/\/i0.wp.com\/soy.usac.edu.gt\/wp-content\/uploads\/2021\/02\/WhatsApp-Image-2021-02-01-at-9.50.12-AM.jpeg?resize=350%2C200&ssl=1 1x, https:\/\/i0.wp.com\/soy.usac.edu.gt\/wp-content\/uploads\/2021\/02\/WhatsApp-Image-2021-02-01-at-9.50.12-AM.jpeg?resize=525%2C300&ssl=1 1.5x, https:\/\/i0.wp.com\/soy.usac.edu.gt\/wp-content\/uploads\/2021\/02\/WhatsApp-Image-2021-02-01-at-9.50.12-AM.jpeg?resize=700%2C400&ssl=1 2x, https:\/\/i0.wp.com\/soy.usac.edu.gt\/wp-content\/uploads\/2021\/02\/WhatsApp-Image-2021-02-01-at-9.50.12-AM.jpeg?resize=1050%2C600&ssl=1 3x"},"classes":[]}],"jetpack_sharing_enabled":true,"_links":{"self":[{"href":"https:\/\/soy.usac.edu.gt\/index.php?rest_route=\/wp\/v2\/posts\/13133","targetHints":{"allow":["GET"]}}],"collection":[{"href":"https:\/\/soy.usac.edu.gt\/index.php?rest_route=\/wp\/v2\/posts"}],"about":[{"href":"https:\/\/soy.usac.edu.gt\/index.php?rest_route=\/wp\/v2\/types\/post"}],"author":[{"embeddable":true,"href":"https:\/\/soy.usac.edu.gt\/index.php?rest_route=\/wp\/v2\/users\/1"}],"replies":[{"embeddable":true,"href":"https:\/\/soy.usac.edu.gt\/index.php?rest_route=%2Fwp%2Fv2%2Fcomments&post=13133"}],"version-history":[{"count":10,"href":"https:\/\/soy.usac.edu.gt\/index.php?rest_route=\/wp\/v2\/posts\/13133\/revisions"}],"predecessor-version":[{"id":13149,"href":"https:\/\/soy.usac.edu.gt\/index.php?rest_route=\/wp\/v2\/posts\/13133\/revisions\/13149"}],"wp:featuredmedia":[{"embeddable":true,"href":"https:\/\/soy.usac.edu.gt\/index.php?rest_route=\/wp\/v2\/media\/13109"}],"wp:attachment":[{"href":"https:\/\/soy.usac.edu.gt\/index.php?rest_route=%2Fwp%2Fv2%2Fmedia&parent=13133"}],"wp:term":[{"taxonomy":"category","embeddable":true,"href":"https:\/\/soy.usac.edu.gt\/index.php?rest_route=%2Fwp%2Fv2%2Fcategories&post=13133"},{"taxonomy":"post_tag","embeddable":true,"href":"https:\/\/soy.usac.edu.gt\/index.php?rest_route=%2Fwp%2Fv2%2Ftags&post=13133"}],"curies":[{"name":"wp","href":"https:\/\/api.w.org\/{rel}","templated":true}]}}