{"id":13151,"date":"2021-02-19T21:35:33","date_gmt":"2021-02-20T03:35:33","guid":{"rendered":"https:\/\/soy.usac.edu.gt\/?p=13151"},"modified":"2021-02-19T21:35:34","modified_gmt":"2021-02-20T03:35:34","slug":"csu-conoce-objeciones-y-desvanecimientos-de-postulantes-ante-la-cc","status":"publish","type":"post","link":"https:\/\/soy.usac.edu.gt\/?p=13151","title":{"rendered":"CSU conoce objeciones y desvanecimientos de postulantes ante la CC"},"content":{"rendered":"\n<p style=\"text-align: justify;\"><em><strong>Durante una reuni\u00f3n extraordinaria, el Consejo Superior Universitario (CSU) conoci\u00f3 cada una de las objeciones contra los postulantes a la CC.<\/strong> <\/em><\/p>\n<p style=\"text-align: justify;\">Hoy se llev\u00f3 a cabo en el sal\u00f3n Tikal, del Gran Hotel Tikal Futura, la sesi\u00f3n extraordinaria del CSU. Durante la primera parte de la jornada, en un proceso que dur\u00f3 m\u00e1s de seis horas, se conocieron solicitudes de los postulantes que fueron excluidos del proceso por no cumplir con los requisitos establecidos; finalmente, el CSU decidi\u00f3 mantener firme la decisi\u00f3n de no incluirlos en el listado de designaci\u00f3n.<\/p>\n<p style=\"text-align: justify;\">Al final se excluyeron once personas de manera definitiva, solamente el Lic. Noe Ventura Loyo, con el expediente No. 6, present\u00f3 un recurso de reposici\u00f3n, dicha acci\u00f3n tendr\u00e1 que ser analizada por la v\u00eda administrativa.<\/p>\n<p style=\"text-align: justify;\">En la segunda parte de la agenda se conocieron las objeciones y desvanecimientos de cuatro postulantes en el proceso, cada consejero analizar\u00e1 individualmente cada una de las objeciones y desvanecimientos de los cuatro postulantes se\u00f1alados, con el fin de generar un voto m\u00e1s consciente para la designaci\u00f3n de los cargos.<\/p>\n<p style=\"text-align: justify;\">Dentro de la agenda, tambi\u00e9n se contempl\u00f3 la metodolog\u00eda de entrevista que se realizar\u00e1 a cada postulante, esta se llevar\u00e1 a cabo el lunes 22 de febrero. Consistir\u00e1 en un espacio que privilegiar\u00e1 la interacci\u00f3n con los participantes, cada uno tendr\u00e1 la oportunidad de dar a conocer su trayectoria y deber\u00e1n responder una serie de preguntas directas y abiertas en un tiempo estipulado de una hora por aspirante.<\/p>\n<p style=\"text-align: justify;\">\u00a0<\/p>\n\n\n\n<div id='gallery-1' class='gallery galleryid-13151 gallery-columns-3 gallery-size-thumbnail'><figure class='gallery-item'>\n\t\t\t<div class='gallery-icon landscape'>\n\t\t\t\t<a href='https:\/\/soy.usac.edu.gt\/?attachment_id=13160'><img loading=\"lazy\" decoding=\"async\" width=\"150\" height=\"150\" src=\"https:\/\/soy.usac.edu.gt\/wp-content\/uploads\/2021\/02\/WhatsApp-Image-2021-02-19-at-9.30.32-PM-150x150.jpeg\" class=\"attachment-thumbnail size-thumbnail\" alt=\"\" \/><\/a>\n\t\t\t<\/div><\/figure><figure class='gallery-item'>\n\t\t\t<div class='gallery-icon landscape'>\n\t\t\t\t<a href='https:\/\/soy.usac.edu.gt\/?attachment_id=13158'><img loading=\"lazy\" decoding=\"async\" width=\"150\" height=\"150\" src=\"https:\/\/soy.usac.edu.gt\/wp-content\/uploads\/2021\/02\/WhatsApp-Image-2021-02-19-at-9.29.27-PM-150x150.jpeg\" class=\"attachment-thumbnail size-thumbnail\" alt=\"\" \/><\/a>\n\t\t\t<\/div><\/figure><figure class='gallery-item'>\n\t\t\t<div class='gallery-icon landscape'>\n\t\t\t\t<a href='https:\/\/soy.usac.edu.gt\/?attachment_id=13157'><img loading=\"lazy\" decoding=\"async\" width=\"150\" height=\"150\" src=\"https:\/\/soy.usac.edu.gt\/wp-content\/uploads\/2021\/02\/WhatsApp-Image-2021-02-19-at-9.28.59-PM-150x150.jpeg\" class=\"attachment-thumbnail size-thumbnail\" alt=\"\" \/><\/a>\n\t\t\t<\/div><\/figure><figure class='gallery-item'>\n\t\t\t<div class='gallery-icon landscape'>\n\t\t\t\t<a href='https:\/\/soy.usac.edu.gt\/?attachment_id=13161'><img loading=\"lazy\" decoding=\"async\" width=\"150\" height=\"150\" src=\"https:\/\/soy.usac.edu.gt\/wp-content\/uploads\/2021\/02\/WhatsApp-Image-2021-02-19-at-9.30.58-PM-150x150.jpeg\" class=\"attachment-thumbnail size-thumbnail\" alt=\"\" \/><\/a>\n\t\t\t<\/div><\/figure><figure class='gallery-item'>\n\t\t\t<div class='gallery-icon landscape'>\n\t\t\t\t<a href='https:\/\/soy.usac.edu.gt\/?attachment_id=13159'><img loading=\"lazy\" decoding=\"async\" width=\"150\" height=\"150\" src=\"https:\/\/soy.usac.edu.gt\/wp-content\/uploads\/2021\/02\/WhatsApp-Image-2021-02-19-at-9.29.57-PM-150x150.jpeg\" class=\"attachment-thumbnail size-thumbnail\" alt=\"\" \/><\/a>\n\t\t\t<\/div><\/figure>\n\t\t<\/div>\n\n\n\n\n\n\n<h2 class=\"wp-block-heading\"><strong>Realizar\u00e1n foro<\/strong><\/h2>\n\n\n\n\n\n<p>\u00a0<\/p>\n<blockquote class=\"td_quote_box td_box_center\">\n<h5 style=\"text-align: justify;\">Como parte del proceso de transparencia, la universidad realizar\u00e1 un foro el pr\u00f3ximo mi\u00e9rcoles 24. El Rector Ing. Murphy Paiz declar\u00f3 que este ser\u00e1 un espacio abierto donde la poblaci\u00f3n civil podr\u00e1 participar y brindar su opini\u00f3n sobre el proceso de designaci\u00f3n de Magistrado Titular y Suplente por el CSU ante la CC, adem\u00e1s, ser\u00e1 ampliamente difundido a trav\u00e9s de las redes sociales.<\/h5>\n<\/blockquote>\n<p>\u00a0<\/p>\n\n\n\n<h2 class=\"wp-block-heading\"><strong>Solicitan audiencia<\/strong><\/h2>\n\n\n\n<p>Las agrupaciones sociales FUNDESA, Guatemala Visible, AEU y la Organizaci\u00f3n Internacional de Juristas tendr\u00e1n un espacio el pr\u00f3ximo lunes para exponer sus inquietudes sobre el proceso.<img loading=\"lazy\" decoding=\"async\" class=\"aligncenter size-full wp-image-7406\" src=\"https:\/\/soy.usac.edu.gt\/wp-content\/uploads\/2019\/07\/Cr\u00e9ditos-prensa-01-1.png\" alt=\"\" width=\"5079\" height=\"1960\" srcset=\"https:\/\/soy.usac.edu.gt\/wp-content\/uploads\/2019\/07\/Cr\u00e9ditos-prensa-01-1.png 5079w, https:\/\/soy.usac.edu.gt\/wp-content\/uploads\/2019\/07\/Cr\u00e9ditos-prensa-01-1-300x116.png 300w, https:\/\/soy.usac.edu.gt\/wp-content\/uploads\/2019\/07\/Cr\u00e9ditos-prensa-01-1-768x296.png 768w, https:\/\/soy.usac.edu.gt\/wp-content\/uploads\/2019\/07\/Cr\u00e9ditos-prensa-01-1-1024x395.png 1024w, https:\/\/soy.usac.edu.gt\/wp-content\/uploads\/2019\/07\/Cr\u00e9ditos-prensa-01-1-1088x420.png 1088w, https:\/\/soy.usac.edu.gt\/wp-content\/uploads\/2019\/07\/Cr\u00e9ditos-prensa-01-1-640x247.png 640w, https:\/\/soy.usac.edu.gt\/wp-content\/uploads\/2019\/07\/Cr\u00e9ditos-prensa-01-1-681x263.png 681w\" sizes=\"auto, (max-width: 5079px) 100vw, 5079px\" \/><\/p>\n<p>\u00a0<\/p>\n","protected":false},"excerpt":{"rendered":"<p>Realizar\u00e1n foro Solicitan audiencia<\/p>\n","protected":false},"author":1,"featured_media":13153,"comment_status":"closed","ping_status":"open","sticky":false,"template":"","format":"standard","meta":{"_exactmetrics_skip_tracking":false,"_exactmetrics_sitenote_active":false,"_exactmetrics_sitenote_note":"","_exactmetrics_sitenote_category":0,"_jetpack_memberships_contains_paid_content":false,"footnotes":""},"categories":[29],"tags":[317,642,661],"class_list":["post-13151","post","type-post","status-publish","format-standard","has-post-thumbnail","hentry","category-noticias","tag-consejo-superior-universitario","tag-corte-de-constitucionalidad","tag-designacion-de-magistrado-titular-y-suplente-a-la-corte-de-constitucionalidad"],"aioseo_notices":[],"jetpack_featured_media_url":"https:\/\/soy.usac.edu.gt\/wp-content\/uploads\/2021\/02\/WhatsApp-Image-2021-02-19-at-9.26.51-PM.jpeg","views":"","jetpack-related-posts":[{"id":13133,"url":"https:\/\/soy.usac.edu.gt\/?p=13133","url_meta":{"origin":13151,"position":0},"title":"Entre siete aspirantes, el Consejo Superior Universitario (CSU) elegir\u00e1 al Magistrado Titular y Suplente para la Corte de Constitucionalidad (CC).","author":"Divisi\u00f3n de Publicidad","date":"11 febrero, 2021","format":false,"excerpt":"En total se recibieron 19 expedientes, de los cuales se seleccionaron 7 para participar en la designaci\u00f3n de los cargos.","rel":"","context":"En \u00abNoticias\u00bb","block_context":{"text":"Noticias","link":"https:\/\/soy.usac.edu.gt\/?cat=29"},"img":{"alt_text":"","src":"https:\/\/i0.wp.com\/soy.usac.edu.gt\/wp-content\/uploads\/2021\/02\/WhatsApp-Image-2021-02-09-at-9.33.10-PM-2.jpeg?resize=350%2C200&ssl=1","width":350,"height":200,"srcset":"https:\/\/i0.wp.com\/soy.usac.edu.gt\/wp-content\/uploads\/2021\/02\/WhatsApp-Image-2021-02-09-at-9.33.10-PM-2.jpeg?resize=350%2C200&ssl=1 1x, https:\/\/i0.wp.com\/soy.usac.edu.gt\/wp-content\/uploads\/2021\/02\/WhatsApp-Image-2021-02-09-at-9.33.10-PM-2.jpeg?resize=525%2C300&ssl=1 1.5x, https:\/\/i0.wp.com\/soy.usac.edu.gt\/wp-content\/uploads\/2021\/02\/WhatsApp-Image-2021-02-09-at-9.33.10-PM-2.jpeg?resize=700%2C400&ssl=1 2x, https:\/\/i0.wp.com\/soy.usac.edu.gt\/wp-content\/uploads\/2021\/02\/WhatsApp-Image-2021-02-09-at-9.33.10-PM-2.jpeg?resize=1050%2C600&ssl=1 3x"},"classes":[]},{"id":13277,"url":"https:\/\/soy.usac.edu.gt\/?p=13277","url_meta":{"origin":13151,"position":1},"title":"Ampliaci\u00f3n de convocatoria para designaci\u00f3n de Magistrado  Titular y Suplente por el CSU ante la CC","author":"Divisi\u00f3n de Publicidad","date":"1 marzo, 2021","format":false,"excerpt":"Integrar a los siguientes profesionales al listado de postulantes admitidos en el proceso de designaci\u00f3n de Magistrado (a) Titular y Suplente por el Consejo Superior Universitario ante la Corte de Constitucionalidad, per\u00edodo 2021-2026:","rel":"","context":"En \u00abBecas y convocatorias\u00bb","block_context":{"text":"Becas y convocatorias","link":"https:\/\/soy.usac.edu.gt\/?cat=233"},"img":{"alt_text":"","src":"https:\/\/i0.wp.com\/soy.usac.edu.gt\/wp-content\/uploads\/2021\/01\/convocatoria_Mesa-de-trabajo-1.jpg?resize=350%2C200&ssl=1","width":350,"height":200,"srcset":"https:\/\/i0.wp.com\/soy.usac.edu.gt\/wp-content\/uploads\/2021\/01\/convocatoria_Mesa-de-trabajo-1.jpg?resize=350%2C200&ssl=1 1x, https:\/\/i0.wp.com\/soy.usac.edu.gt\/wp-content\/uploads\/2021\/01\/convocatoria_Mesa-de-trabajo-1.jpg?resize=525%2C300&ssl=1 1.5x, https:\/\/i0.wp.com\/soy.usac.edu.gt\/wp-content\/uploads\/2021\/01\/convocatoria_Mesa-de-trabajo-1.jpg?resize=700%2C400&ssl=1 2x, https:\/\/i0.wp.com\/soy.usac.edu.gt\/wp-content\/uploads\/2021\/01\/convocatoria_Mesa-de-trabajo-1.jpg?resize=1050%2C600&ssl=1 3x, https:\/\/i0.wp.com\/soy.usac.edu.gt\/wp-content\/uploads\/2021\/01\/convocatoria_Mesa-de-trabajo-1.jpg?resize=1400%2C800&ssl=1 4x"},"classes":[]},{"id":13263,"url":"https:\/\/soy.usac.edu.gt\/?p=13263","url_meta":{"origin":13151,"position":2},"title":"Lista de candidatos para elegir Magistrados Titular y Suplente por USAC sube a 10","author":"Divisi\u00f3n de Publicidad","date":"25 febrero, 2021","format":false,"excerpt":"Amparos interpuestos permiten que candidatos subsanen errores.","rel":"","context":"En \u00abNoticias\u00bb","block_context":{"text":"Noticias","link":"https:\/\/soy.usac.edu.gt\/?cat=29"},"img":{"alt_text":"","src":"https:\/\/i0.wp.com\/soy.usac.edu.gt\/wp-content\/uploads\/2021\/02\/WhatsApp-Image-2021-02-25-at-3.54.19-PM.jpeg?resize=350%2C200&ssl=1","width":350,"height":200,"srcset":"https:\/\/i0.wp.com\/soy.usac.edu.gt\/wp-content\/uploads\/2021\/02\/WhatsApp-Image-2021-02-25-at-3.54.19-PM.jpeg?resize=350%2C200&ssl=1 1x, https:\/\/i0.wp.com\/soy.usac.edu.gt\/wp-content\/uploads\/2021\/02\/WhatsApp-Image-2021-02-25-at-3.54.19-PM.jpeg?resize=525%2C300&ssl=1 1.5x, https:\/\/i0.wp.com\/soy.usac.edu.gt\/wp-content\/uploads\/2021\/02\/WhatsApp-Image-2021-02-25-at-3.54.19-PM.jpeg?resize=700%2C400&ssl=1 2x, https:\/\/i0.wp.com\/soy.usac.edu.gt\/wp-content\/uploads\/2021\/02\/WhatsApp-Image-2021-02-25-at-3.54.19-PM.jpeg?resize=1050%2C600&ssl=1 3x"},"classes":[]},{"id":14042,"url":"https:\/\/soy.usac.edu.gt\/?p=14042","url_meta":{"origin":13151,"position":3},"title":"En relaci\u00f3n al Proceso de Designaci\u00f3n de Magistrados  Titular y Suplente por el CSU ante la CC","author":"Divisi\u00f3n de Publicidad","date":"26 febrero, 2021","format":false,"excerpt":"En relaci\u00f3n al Proceso de Designaci\u00f3n de Magistrados (as) Titular y Suplente por el Consejo Superior Universitario de la Universidad de San Carlos de Guatemala ante la Corte de Constitucionalidad, per\u00edodo 2021-2026,","rel":"","context":"En \u00abNoticias\u00bb","block_context":{"text":"Noticias","link":"https:\/\/soy.usac.edu.gt\/?cat=29"},"img":{"alt_text":"","src":"https:\/\/i0.wp.com\/soy.usac.edu.gt\/wp-content\/uploads\/2021\/02\/COMUNICADO-IMAGEN-WEB.jpeg?resize=350%2C200&ssl=1","width":350,"height":200,"srcset":"https:\/\/i0.wp.com\/soy.usac.edu.gt\/wp-content\/uploads\/2021\/02\/COMUNICADO-IMAGEN-WEB.jpeg?resize=350%2C200&ssl=1 1x, https:\/\/i0.wp.com\/soy.usac.edu.gt\/wp-content\/uploads\/2021\/02\/COMUNICADO-IMAGEN-WEB.jpeg?resize=525%2C300&ssl=1 1.5x, https:\/\/i0.wp.com\/soy.usac.edu.gt\/wp-content\/uploads\/2021\/02\/COMUNICADO-IMAGEN-WEB.jpeg?resize=700%2C400&ssl=1 2x"},"classes":[]},{"id":13057,"url":"https:\/\/soy.usac.edu.gt\/?p=13057","url_meta":{"origin":13151,"position":4},"title":"USAC est\u00e1 lista para recibir expedientes para elegir magistrado titular y suplente ante la CC","author":"Divisi\u00f3n de Publicidad","date":"1 febrero, 2021","format":false,"excerpt":"Esta ma\u00f1ana trabajadores de la USAC empezaron la preparaci\u00f3n para recibir expedientes de abogados para iniciar el proceso de selecci\u00f3n de magistrado titular y suplente","rel":"","context":"En \u00abNoticias\u00bb","block_context":{"text":"Noticias","link":"https:\/\/soy.usac.edu.gt\/?cat=29"},"img":{"alt_text":"","src":"https:\/\/i0.wp.com\/soy.usac.edu.gt\/wp-content\/uploads\/2021\/02\/WhatsApp-Image-2021-02-01-at-9.50.12-AM.jpeg?resize=350%2C200&ssl=1","width":350,"height":200,"srcset":"https:\/\/i0.wp.com\/soy.usac.edu.gt\/wp-content\/uploads\/2021\/02\/WhatsApp-Image-2021-02-01-at-9.50.12-AM.jpeg?resize=350%2C200&ssl=1 1x, https:\/\/i0.wp.com\/soy.usac.edu.gt\/wp-content\/uploads\/2021\/02\/WhatsApp-Image-2021-02-01-at-9.50.12-AM.jpeg?resize=525%2C300&ssl=1 1.5x, https:\/\/i0.wp.com\/soy.usac.edu.gt\/wp-content\/uploads\/2021\/02\/WhatsApp-Image-2021-02-01-at-9.50.12-AM.jpeg?resize=700%2C400&ssl=1 2x, https:\/\/i0.wp.com\/soy.usac.edu.gt\/wp-content\/uploads\/2021\/02\/WhatsApp-Image-2021-02-01-at-9.50.12-AM.jpeg?resize=1050%2C600&ssl=1 3x"},"classes":[]},{"id":13167,"url":"https:\/\/soy.usac.edu.gt\/?p=13167","url_meta":{"origin":13151,"position":5},"title":"CSU escucha a organizaciones sociales antes de entrevistar a postulantes para la CC","author":"Divisi\u00f3n de Publicidad","date":"23 febrero, 2021","format":false,"excerpt":"Ayer, el Consejo Superior Universitario (CSU) entrevist\u00f3 a los siete postulantes a magistrados de la Corte de Constitucionalidad. Este mi\u00e9rcoles 24 de febrero se llevar\u00e1 a cabo un foro, donde los candidatos podr\u00e1n debatir entre s\u00ed, responder preguntas de los observadores y del CSU. Presentamos un resumen sobre las actividades\u2026","rel":"","context":"En \u00abNoticias\u00bb","block_context":{"text":"Noticias","link":"https:\/\/soy.usac.edu.gt\/?cat=29"},"img":{"alt_text":"","src":"https:\/\/i0.wp.com\/soy.usac.edu.gt\/wp-content\/uploads\/2021\/02\/organizaciones-tres.jpeg?resize=350%2C200&ssl=1","width":350,"height":200,"srcset":"https:\/\/i0.wp.com\/soy.usac.edu.gt\/wp-content\/uploads\/2021\/02\/organizaciones-tres.jpeg?resize=350%2C200&ssl=1 1x, https:\/\/i0.wp.com\/soy.usac.edu.gt\/wp-content\/uploads\/2021\/02\/organizaciones-tres.jpeg?resize=525%2C300&ssl=1 1.5x, https:\/\/i0.wp.com\/soy.usac.edu.gt\/wp-content\/uploads\/2021\/02\/organizaciones-tres.jpeg?resize=700%2C400&ssl=1 2x, https:\/\/i0.wp.com\/soy.usac.edu.gt\/wp-content\/uploads\/2021\/02\/organizaciones-tres.jpeg?resize=1050%2C600&ssl=1 3x"},"classes":[]}],"jetpack_sharing_enabled":true,"_links":{"self":[{"href":"https:\/\/soy.usac.edu.gt\/index.php?rest_route=\/wp\/v2\/posts\/13151","targetHints":{"allow":["GET"]}}],"collection":[{"href":"https:\/\/soy.usac.edu.gt\/index.php?rest_route=\/wp\/v2\/posts"}],"about":[{"href":"https:\/\/soy.usac.edu.gt\/index.php?rest_route=\/wp\/v2\/types\/post"}],"author":[{"embeddable":true,"href":"https:\/\/soy.usac.edu.gt\/index.php?rest_route=\/wp\/v2\/users\/1"}],"replies":[{"embeddable":true,"href":"https:\/\/soy.usac.edu.gt\/index.php?rest_route=%2Fwp%2Fv2%2Fcomments&post=13151"}],"version-history":[{"count":8,"href":"https:\/\/soy.usac.edu.gt\/index.php?rest_route=\/wp\/v2\/posts\/13151\/revisions"}],"predecessor-version":[{"id":13166,"href":"https:\/\/soy.usac.edu.gt\/index.php?rest_route=\/wp\/v2\/posts\/13151\/revisions\/13166"}],"wp:featuredmedia":[{"embeddable":true,"href":"https:\/\/soy.usac.edu.gt\/index.php?rest_route=\/wp\/v2\/media\/13153"}],"wp:attachment":[{"href":"https:\/\/soy.usac.edu.gt\/index.php?rest_route=%2Fwp%2Fv2%2Fmedia&parent=13151"}],"wp:term":[{"taxonomy":"category","embeddable":true,"href":"https:\/\/soy.usac.edu.gt\/index.php?rest_route=%2Fwp%2Fv2%2Fcategories&post=13151"},{"taxonomy":"post_tag","embeddable":true,"href":"https:\/\/soy.usac.edu.gt\/index.php?rest_route=%2Fwp%2Fv2%2Ftags&post=13151"}],"curies":[{"name":"wp","href":"https:\/\/api.w.org\/{rel}","templated":true}]}}